{"id":23759,"date":"2019-11-15T19:56:14","date_gmt":"2019-11-15T18:56:14","guid":{"rendered":"http:\/\/www.alqueria.es\/blogs\/alqueriarojaverde\/?p=23759"},"modified":"2019-11-15T19:58:24","modified_gmt":"2019-11-15T18:58:24","slug":"propuesta-los-alimentos","status":"publish","type":"post","link":"https:\/\/www.alqueria.es\/blogs\/alqueriarojaverde\/2019\/11\/15\/propuesta-los-alimentos\/","title":{"rendered":"PROPUESTA COLABORATIVA E INTERDISCIPLINAR \u00abLOS ALIMENTOS\u00bb"},"content":{"rendered":"<p><img data-recalc-dims=\"1\" decoding=\"async\" data-attachment-id=\"23781\" data-permalink=\"https:\/\/www.alqueria.es\/blogs\/alqueriarojaverde\/2019\/11\/15\/propuesta-los-alimentos\/fullmercagranada_-_logotipos_vertical-2\/\" data-orig-file=\"https:\/\/i0.wp.com\/cloud.alqueria.es\/wp-content\/uploads\/sites\/8\/2019\/11\/fullmercagranada_-_logotipos_vertical.jpg?fit=272%2C272&amp;ssl=1\" data-orig-size=\"272,272\" data-comments-opened=\"1\" data-image-meta=\"{&quot;aperture&quot;:&quot;0&quot;,&quot;credit&quot;:&quot;&quot;,&quot;camera&quot;:&quot;&quot;,&quot;caption&quot;:&quot;&quot;,&quot;created_timestamp&quot;:&quot;0&quot;,&quot;copyright&quot;:&quot;&quot;,&quot;focal_length&quot;:&quot;0&quot;,&quot;iso&quot;:&quot;0&quot;,&quot;shutter_speed&quot;:&quot;0&quot;,&quot;title&quot;:&quot;&quot;,&quot;orientation&quot;:&quot;0&quot;}\" data-image-title=\"fullmercagranada_-_logotipos_vertical\" data-image-description=\"\" data-image-caption=\"\" data-large-file=\"https:\/\/i0.wp.com\/cloud.alqueria.es\/wp-content\/uploads\/sites\/8\/2019\/11\/fullmercagranada_-_logotipos_vertical.jpg?fit=272%2C272&amp;ssl=1\" class=\"alignleft size-full wp-image-23781\" src=\"https:\/\/i0.wp.com\/cloud.alqueria.es\/wp-content\/uploads\/sites\/8\/2019\/11\/fullmercagranada_-_logotipos_vertical.jpg?resize=272%2C272&#038;ssl=1\" alt=\"\" width=\"272\" height=\"272\" srcset=\"https:\/\/cloud.alqueria.es\/wp-content\/uploads\/sites\/8\/2019\/11\/fullmercagranada_-_logotipos_vertical.jpg 272w, https:\/\/cloud.alqueria.es\/wp-content\/uploads\/sites\/8\/2019\/11\/fullmercagranada_-_logotipos_vertical.jpg 150w\" sizes=\"(max-width: 272px) 100vw, 272px\" \/>El pr\u00f3ximo <em><strong><span style=\"color: #00ff00\">d\u00eda 20,<\/span><\/strong><\/em> tendr\u00e1 lugar nuestra <em><strong><span style=\"color: #00ff00\">salida trimestral<\/span><\/strong><\/em>. Hemos escogido <span style=\"color: #008000\"><em><strong>Mercagranada<\/strong><\/em> <\/span>como lugar a visitar y en esta ocasi\u00f3n lo haremos junto al grupo de 4\u00ba de Primaria.<\/p>\n<p>En clase ya llevamos alg\u00fan tiempo contabilizando<span style=\"color: #008000\"> cu\u00e1ntos d\u00edas nos quedan<\/span> para el d\u00eda en cuesti\u00f3n y hemos hablado de <span style=\"color: #008000\">c\u00f3mo es el lugar que visitaremos<\/span>, <span style=\"color: #008000\">qu\u00e9 nos vamos a encontrar all\u00ed <span style=\"color: #333333\">y<\/span> qu\u00e9 aspectos vamos a trabajar junto a nuestros compa\u00f1eros mayores.<\/span><\/p>\n<p>En nuestras asambleas hemos ido poniendo en com\u00fan las <span style=\"color: #008000\">ideas previas<\/span> (expuestas por el alumnado, con alguna intervenci\u00f3n puntual por mi parte) que tenemos en torno a:<\/p>\n<ul>\n<li>Origen de los distintos alimentos (vegetal, animal&#8230;).<\/li>\n<li>Diferenciaci\u00f3n b\u00e1sica entre frutas y hortalizas.<\/li>\n<li>Materias primas y derivados.<\/li>\n<li>Propiedades beneficiosas de algunos de ellos.<\/li>\n<li>Recetas de las que forman parte.<\/li>\n<li>Lugares en los que podemos adquirirlos (comprarlos).<\/li>\n<\/ul>\n<p>Nos ha visitado una<em><strong><span style=\"color: #008000\"> representaci\u00f3n del grupo de mayores<\/span><\/strong><\/em> (todav\u00eda quedan algunas intervenciones m\u00e1s) que <span style=\"color: #008000\">nos ha expuesto su trabajo individual acerca de los \u00e1rboles frutales que se encuentran en nuestro parque-jard\u00edn. <span style=\"color: #333333\">Hasta ahora hemos tenido oportunidad de aprender acerca del almez, el moral, el granado, el membrillo, el olivo, el serbal, el peral, el caqui y el n\u00edspero.<\/span><\/span><\/p>\n<p class=\"jetpack-slideshow-noscript robots-nocontent\">El pase de diapositivas requiere JavaScript.<\/p><div id=\"gallery-23759-1-slideshow\" class=\"jetpack-slideshow-window jetpack-slideshow jetpack-slideshow-black\" data-trans=\"fade\" data-autostart=\"1\" data-gallery=\"[{&quot;src&quot;:&quot;https:\\\/\\\/i0.wp.com\\\/cloud.alqueria.es\\\/wp-content\\\/uploads\\\/sites\\\/8\\\/2019\\\/11\\\/DSC_1843.jpg?fit=1024%2C578\\u0026ssl=1&quot;,&quot;id&quot;:&quot;23797&quot;,&quot;title&quot;:&quot;DSC_1843&quot;,&quot;alt&quot;:&quot;&quot;,&quot;caption&quot;:&quot;\\u00a1Nos encanta que vengan los mayores!&quot;,&quot;itemprop&quot;:&quot;image&quot;},{&quot;src&quot;:&quot;https:\\\/\\\/i0.wp.com\\\/cloud.alqueria.es\\\/wp-content\\\/uploads\\\/sites\\\/8\\\/2019\\\/11\\\/DSC_1846.jpg?fit=1024%2C577\\u0026ssl=1&quot;,&quot;id&quot;:&quot;23791&quot;,&quot;title&quot;:&quot;DSC_1846&quot;,&quot;alt&quot;:&quot;&quot;,&quot;caption&quot;:&quot;M\\u00f3nica. El olivo&quot;,&quot;itemprop&quot;:&quot;image&quot;},{&quot;src&quot;:&quot;https:\\\/\\\/i0.wp.com\\\/cloud.alqueria.es\\\/wp-content\\\/uploads\\\/sites\\\/8\\\/2019\\\/11\\\/DSC_1847.jpg?fit=578%2C1024\\u0026ssl=1&quot;,&quot;id&quot;:&quot;23792&quot;,&quot;title&quot;:&quot;DSC_1847&quot;,&quot;alt&quot;:&quot;&quot;,&quot;caption&quot;:&quot;Candela P. El serbal&quot;,&quot;itemprop&quot;:&quot;image&quot;},{&quot;src&quot;:&quot;https:\\\/\\\/i0.wp.com\\\/cloud.alqueria.es\\\/wp-content\\\/uploads\\\/sites\\\/8\\\/2019\\\/11\\\/DSC_18481.jpg?fit=1024%2C577\\u0026ssl=1&quot;,&quot;id&quot;:&quot;23793&quot;,&quot;title&quot;:&quot;DSC_1848&quot;,&quot;alt&quot;:&quot;&quot;,&quot;caption&quot;:&quot;Elisabeth. El granado&quot;,&quot;itemprop&quot;:&quot;image&quot;},{&quot;src&quot;:&quot;https:\\\/\\\/i0.wp.com\\\/cloud.alqueria.es\\\/wp-content\\\/uploads\\\/sites\\\/8\\\/2019\\\/11\\\/DSC_18542.jpg?fit=1024%2C577\\u0026ssl=1&quot;,&quot;id&quot;:&quot;23794&quot;,&quot;title&quot;:&quot;DSC_1854&quot;,&quot;alt&quot;:&quot;&quot;,&quot;caption&quot;:&quot;Candela R. El moral&quot;,&quot;itemprop&quot;:&quot;image&quot;},{&quot;src&quot;:&quot;https:\\\/\\\/i0.wp.com\\\/cloud.alqueria.es\\\/wp-content\\\/uploads\\\/sites\\\/8\\\/2019\\\/11\\\/DSC_1842.jpg?fit=1024%2C578\\u0026ssl=1&quot;,&quot;id&quot;:&quot;23795&quot;,&quot;title&quot;:&quot;DSC_1842&quot;,&quot;alt&quot;:&quot;&quot;,&quot;caption&quot;:&quot;Guillermo. El almez&quot;,&quot;itemprop&quot;:&quot;image&quot;},{&quot;src&quot;:&quot;https:\\\/\\\/i0.wp.com\\\/cloud.alqueria.es\\\/wp-content\\\/uploads\\\/sites\\\/8\\\/2019\\\/11\\\/DSC_1843-2.jpg?fit=1024%2C577\\u0026ssl=1&quot;,&quot;id&quot;:&quot;23796&quot;,&quot;title&quot;:&quot;DSC_1843 (2)&quot;,&quot;alt&quot;:&quot;&quot;,&quot;caption&quot;:&quot;Carlos Antonio. El n\\u00edspero&quot;,&quot;itemprop&quot;:&quot;image&quot;},{&quot;src&quot;:&quot;https:\\\/\\\/i0.wp.com\\\/cloud.alqueria.es\\\/wp-content\\\/uploads\\\/sites\\\/8\\\/2019\\\/11\\\/DSC_1844.jpg?fit=1024%2C577\\u0026ssl=1&quot;,&quot;id&quot;:&quot;23798&quot;,&quot;title&quot;:&quot;DSC_1844&quot;,&quot;alt&quot;:&quot;&quot;,&quot;caption&quot;:&quot;\\u00c1lvaro. El membrillo&quot;,&quot;itemprop&quot;:&quot;image&quot;},{&quot;src&quot;:&quot;https:\\\/\\\/i0.wp.com\\\/cloud.alqueria.es\\\/wp-content\\\/uploads\\\/sites\\\/8\\\/2019\\\/11\\\/IMG-20191113-WA0006.jpg?fit=1024%2C576\\u0026ssl=1&quot;,&quot;id&quot;:&quot;23803&quot;,&quot;title&quot;:&quot;IMG-20191113-WA0006&quot;,&quot;alt&quot;:&quot;&quot;,&quot;caption&quot;:&quot;Dar\\u00edo. El caqui&quot;,&quot;itemprop&quot;:&quot;image&quot;},{&quot;src&quot;:&quot;https:\\\/\\\/i0.wp.com\\\/cloud.alqueria.es\\\/wp-content\\\/uploads\\\/sites\\\/8\\\/2019\\\/11\\\/IMG-20191113-WA0007.jpg?fit=1024%2C576\\u0026ssl=1&quot;,&quot;id&quot;:&quot;23804&quot;,&quot;title&quot;:&quot;IMG-20191113-WA0007&quot;,&quot;alt&quot;:&quot;&quot;,&quot;caption&quot;:&quot;\\u00c1lvaro R. El peral&quot;,&quot;itemprop&quot;:&quot;image&quot;}]\" itemscope itemtype=\"https:\/\/schema.org\/ImageGallery\"><\/div>\n<p>Entre otras cosas hemos podido conocer el lugar del que son originarios (Asia, Am\u00e9rica, Mediterr\u00e1neo&#8230;), algunas de sus propiedades beneficiosas, la \u00e9poca del a\u00f1o en que se recolectan, sus cualidades f\u00edsicas, etc. Tambi\u00e9n nos han mostrado en qu\u00e9 lugar de nuestro colegio podemos encontrar dicho \u00e1rbol o planta.<\/p>\n<p>Aprovechamos una de las visitas para recoger membrillos y esta semana hemos probado un <strong><span style=\"color: #993366\">dulce de membrillo sin az\u00facar<\/span><\/strong>, s\u00f3lo endulzado con d\u00e1tiles y espesado con agar-agar. \u00a1A la mayor\u00eda les gust\u00f3 mucho, sobre todo mezclado con nuestro yogur natural del almuerzo!<\/p>\n<div class=\"tiled-gallery type-square tiled-gallery-unresized\" data-original-width=\"474\" data-carousel-extra='{&quot;blog_id&quot;:8,&quot;permalink&quot;:&quot;https:\\\/\\\/www.alqueria.es\\\/blogs\\\/alqueriarojaverde\\\/2019\\\/11\\\/15\\\/propuesta-los-alimentos\\\/&quot;,&quot;likes_blog_id&quot;:64268569}' itemscope itemtype=\"http:\/\/schema.org\/ImageGallery\" > <div class=\"gallery-row\" style=\"width: 474px; height: 158px;\" data-original-width=\"474\" data-original-height=\"158\" > <div class=\"gallery-group\" style=\"width: 158px; height: 158px;\" data-original-width=\"158\" data-original-height=\"158\" > <div class=\"tiled-gallery-item \" itemprop=\"associatedMedia\" itemscope itemtype=\"http:\/\/schema.org\/ImageObject\"> <a href=\"https:\/\/www.alqueria.es\/blogs\/alqueriarojaverde\/2019\/11\/15\/propuesta-los-alimentos\/dsc_1845\/\" border=\"0\" itemprop=\"url\"> <meta itemprop=\"width\" content=\"154\"> <meta itemprop=\"height\" content=\"154\"> <img decoding=\"async\" class=\"\" data-attachment-id=\"23799\" data-orig-file=\"https:\/\/cloud.alqueria.es\/wp-content\/uploads\/sites\/8\/2019\/11\/DSC_1845.jpg\" data-orig-size=\"1024,577\" data-comments-opened=\"1\" data-image-meta=\"{&quot;aperture&quot;:&quot;2&quot;,&quot;credit&quot;:&quot;&quot;,&quot;camera&quot;:&quot;G3121&quot;,&quot;caption&quot;:&quot;&quot;,&quot;created_timestamp&quot;:&quot;1573472109&quot;,&quot;copyright&quot;:&quot;&quot;,&quot;focal_length&quot;:&quot;4.22&quot;,&quot;iso&quot;:&quot;50&quot;,&quot;shutter_speed&quot;:&quot;0.0022050001621324&quot;,&quot;title&quot;:&quot;&quot;,&quot;orientation&quot;:&quot;1&quot;}\" data-image-title=\"DSC_1845\" data-image-description=\"\" data-medium-file=\"https:\/\/i0.wp.com\/cloud.alqueria.es\/wp-content\/uploads\/sites\/8\/2019\/11\/DSC_1845.jpg?fit=300%2C169&#038;ssl=1\" data-large-file=\"https:\/\/i0.wp.com\/cloud.alqueria.es\/wp-content\/uploads\/sites\/8\/2019\/11\/DSC_1845.jpg?fit=474%2C267&#038;ssl=1\" src=\"https:\/\/i0.wp.com\/cloud.alqueria.es\/wp-content\/uploads\/sites\/8\/2019\/11\/DSC_1845.jpg?w=154&#038;h=154&#038;crop=1&#038;ssl=1\" srcset=\"https:\/\/cloud.alqueria.es\/wp-content\/uploads\/sites\/8\/2019\/11\/DSC_1845.jpg 150w, https:\/\/cloud.alqueria.es\/wp-content\/uploads\/sites\/8\/2019\/11\/DSC_1845.jpg 308w, https:\/\/cloud.alqueria.es\/wp-content\/uploads\/sites\/8\/2019\/11\/DSC_1845.jpg 462w\" width=\"154\" height=\"154\" loading=\"lazy\" data-original-width=\"154\" data-original-height=\"154\" itemprop=\"http:\/\/schema.org\/image\" title=\"DSC_1845\" alt=\"DSC_1845\" style=\"width: 154px; height: 154px;\" \/> <\/a> <\/div> <\/div> <div class=\"gallery-group\" style=\"width: 158px; height: 158px;\" data-original-width=\"158\" data-original-height=\"158\" > <div class=\"tiled-gallery-item \" itemprop=\"associatedMedia\" itemscope itemtype=\"http:\/\/schema.org\/ImageObject\"> <a href=\"https:\/\/www.alqueria.es\/blogs\/alqueriarojaverde\/2019\/11\/15\/propuesta-los-alimentos\/dsc_1846-3\/\" border=\"0\" itemprop=\"url\"> <meta itemprop=\"width\" content=\"154\"> <meta itemprop=\"height\" content=\"154\"> <img decoding=\"async\" class=\"\" data-attachment-id=\"23800\" data-orig-file=\"https:\/\/cloud.alqueria.es\/wp-content\/uploads\/sites\/8\/2019\/11\/DSC_1846-3.jpg\" data-orig-size=\"1024,577\" data-comments-opened=\"1\" data-image-meta=\"{&quot;aperture&quot;:&quot;2&quot;,&quot;credit&quot;:&quot;&quot;,&quot;camera&quot;:&quot;G3121&quot;,&quot;caption&quot;:&quot;&quot;,&quot;created_timestamp&quot;:&quot;1573472127&quot;,&quot;copyright&quot;:&quot;&quot;,&quot;focal_length&quot;:&quot;4.22&quot;,&quot;iso&quot;:&quot;50&quot;,&quot;shutter_speed&quot;:&quot;0.0033479999666035&quot;,&quot;title&quot;:&quot;&quot;,&quot;orientation&quot;:&quot;1&quot;}\" data-image-title=\"DSC_1846 (3)\" data-image-description=\"\" data-medium-file=\"https:\/\/i0.wp.com\/cloud.alqueria.es\/wp-content\/uploads\/sites\/8\/2019\/11\/DSC_1846-3.jpg?fit=300%2C169&#038;ssl=1\" data-large-file=\"https:\/\/i0.wp.com\/cloud.alqueria.es\/wp-content\/uploads\/sites\/8\/2019\/11\/DSC_1846-3.jpg?fit=474%2C267&#038;ssl=1\" src=\"https:\/\/i0.wp.com\/cloud.alqueria.es\/wp-content\/uploads\/sites\/8\/2019\/11\/DSC_1846-3.jpg?w=154&#038;h=154&#038;crop=1&#038;ssl=1\" srcset=\"https:\/\/cloud.alqueria.es\/wp-content\/uploads\/sites\/8\/2019\/11\/DSC_1846-3.jpg 150w, https:\/\/cloud.alqueria.es\/wp-content\/uploads\/sites\/8\/2019\/11\/DSC_1846-3.jpg 308w, https:\/\/cloud.alqueria.es\/wp-content\/uploads\/sites\/8\/2019\/11\/DSC_1846-3.jpg 462w\" width=\"154\" height=\"154\" loading=\"lazy\" data-original-width=\"154\" data-original-height=\"154\" itemprop=\"http:\/\/schema.org\/image\" title=\"DSC_1846 (3)\" alt=\"DSC_1846 (3)\" style=\"width: 154px; height: 154px;\" \/> <\/a> <\/div> <\/div> <div class=\"gallery-group\" style=\"width: 158px; height: 158px;\" data-original-width=\"158\" data-original-height=\"158\" > <div class=\"tiled-gallery-item \" itemprop=\"associatedMedia\" itemscope itemtype=\"http:\/\/schema.org\/ImageObject\"> <a href=\"https:\/\/www.alqueria.es\/blogs\/alqueriarojaverde\/2019\/11\/15\/propuesta-los-alimentos\/dsc_1867-2\/\" border=\"0\" itemprop=\"url\"> <meta itemprop=\"width\" content=\"154\"> <meta itemprop=\"height\" content=\"154\"> <img decoding=\"async\" class=\"\" data-attachment-id=\"23801\" data-orig-file=\"https:\/\/cloud.alqueria.es\/wp-content\/uploads\/sites\/8\/2019\/11\/DSC_18671.jpg\" data-orig-size=\"1024,577\" data-comments-opened=\"1\" data-image-meta=\"{&quot;aperture&quot;:&quot;2&quot;,&quot;credit&quot;:&quot;&quot;,&quot;camera&quot;:&quot;G3121&quot;,&quot;caption&quot;:&quot;&quot;,&quot;created_timestamp&quot;:&quot;1573553964&quot;,&quot;copyright&quot;:&quot;&quot;,&quot;focal_length&quot;:&quot;4.22&quot;,&quot;iso&quot;:&quot;250&quot;,&quot;shutter_speed&quot;:&quot;0.03000600120024&quot;,&quot;title&quot;:&quot;&quot;,&quot;orientation&quot;:&quot;1&quot;}\" data-image-title=\"DSC_1867\" data-image-description=\"\" data-medium-file=\"https:\/\/i0.wp.com\/cloud.alqueria.es\/wp-content\/uploads\/sites\/8\/2019\/11\/DSC_18671.jpg?fit=300%2C169&#038;ssl=1\" data-large-file=\"https:\/\/i0.wp.com\/cloud.alqueria.es\/wp-content\/uploads\/sites\/8\/2019\/11\/DSC_18671.jpg?fit=474%2C267&#038;ssl=1\" src=\"https:\/\/i0.wp.com\/cloud.alqueria.es\/wp-content\/uploads\/sites\/8\/2019\/11\/DSC_18671.jpg?w=154&#038;h=154&#038;crop=1&#038;ssl=1\" srcset=\"https:\/\/cloud.alqueria.es\/wp-content\/uploads\/sites\/8\/2019\/11\/DSC_18671.jpg 150w, https:\/\/cloud.alqueria.es\/wp-content\/uploads\/sites\/8\/2019\/11\/DSC_18671.jpg 308w, https:\/\/cloud.alqueria.es\/wp-content\/uploads\/sites\/8\/2019\/11\/DSC_18671.jpg 462w\" width=\"154\" height=\"154\" loading=\"lazy\" data-original-width=\"154\" data-original-height=\"154\" itemprop=\"http:\/\/schema.org\/image\" title=\"DSC_1867\" alt=\"DSC_1867\" style=\"width: 154px; height: 154px;\" \/> <\/a> <\/div> <\/div> <\/div> <\/div>\n<p><em><strong><span style=\"color: #00ff00\">Como proyecto en com\u00fan, vamos a llevar a cabo la curaci\u00f3n y el ali\u00f1o de las aceitunas<\/span><\/strong><\/em>. Para ello el grupo de mayores realiz\u00f3 la recolecci\u00f3n manual de las aceitunas de nuestro olivo y entre ambas clases hemos hecho el proceso de lavado, selecci\u00f3n (desechando las que no estaban en buen estado y clasificando por grado de madurez) y rajado.<\/p>\n<p>Para este \u00faltimo paso utilizamos un utensilio ancestral que muy gustosamente Juanjo nos ha prestado y que utilizamos con sumo cuidado.<\/p>\n<p>Una vez est\u00e9n partidas las echamos en salmuera (una mezcla de agua y sal) para que pierdan el amargor. Alrededor de unos veinte d\u00edas deberemos esperar para que las aceitunas est\u00e9n \u00abdulces\u00bb, entonces vendr\u00e1 la fase de ali\u00f1o.<\/p>\n<p class=\"jetpack-slideshow-noscript robots-nocontent\">El pase de diapositivas requiere JavaScript.<\/p><div id=\"gallery-23759-2-slideshow\" class=\"jetpack-slideshow-window jetpack-slideshow jetpack-slideshow-black\" data-trans=\"fade\" data-autostart=\"1\" data-gallery=\"[{&quot;src&quot;:&quot;https:\\\/\\\/i0.wp.com\\\/cloud.alqueria.es\\\/wp-content\\\/uploads\\\/sites\\\/8\\\/2019\\\/11\\\/DSC_1794.jpg?fit=1024%2C577\\u0026ssl=1&quot;,&quot;id&quot;:&quot;23788&quot;,&quot;title&quot;:&quot;DSC_1794&quot;,&quot;alt&quot;:&quot;&quot;,&quot;caption&quot;:&quot;&quot;,&quot;itemprop&quot;:&quot;image&quot;},{&quot;src&quot;:&quot;https:\\\/\\\/i0.wp.com\\\/cloud.alqueria.es\\\/wp-content\\\/uploads\\\/sites\\\/8\\\/2019\\\/11\\\/DSC_1792.jpg?fit=1024%2C577\\u0026ssl=1&quot;,&quot;id&quot;:&quot;23790&quot;,&quot;title&quot;:&quot;DSC_1792&quot;,&quot;alt&quot;:&quot;&quot;,&quot;caption&quot;:&quot;&quot;,&quot;itemprop&quot;:&quot;image&quot;},{&quot;src&quot;:&quot;https:\\\/\\\/i0.wp.com\\\/cloud.alqueria.es\\\/wp-content\\\/uploads\\\/sites\\\/8\\\/2019\\\/11\\\/DSC_1808.jpg?fit=1024%2C577\\u0026ssl=1&quot;,&quot;id&quot;:&quot;23789&quot;,&quot;title&quot;:&quot;DSC_1808&quot;,&quot;alt&quot;:&quot;&quot;,&quot;caption&quot;:&quot;&quot;,&quot;itemprop&quot;:&quot;image&quot;},{&quot;src&quot;:&quot;https:\\\/\\\/i0.wp.com\\\/cloud.alqueria.es\\\/wp-content\\\/uploads\\\/sites\\\/8\\\/2019\\\/11\\\/DSC_1868.jpg?fit=1024%2C578\\u0026ssl=1&quot;,&quot;id&quot;:&quot;23802&quot;,&quot;title&quot;:&quot;DSC_1868&quot;,&quot;alt&quot;:&quot;&quot;,&quot;caption&quot;:&quot;&quot;,&quot;itemprop&quot;:&quot;image&quot;}]\" itemscope itemtype=\"https:\/\/schema.org\/ImageGallery\"><\/div>\n<p>En el grupo de 4\u00ba EPO cada uno va a realizar el ali\u00f1o seg\u00fan la receta que aporte, en <span style=\"color: #339966\">e<\/span><span style=\"color: #008000\">l grupo verde escogeremos la receta de ali\u00f1o<\/span>, <em><strong><span style=\"color: #000000\">de entre las que aport\u00e9is las familias<\/span><\/strong><\/em> (me las pod\u00e9is ir haciendo llegar ya, que s\u00f3lo tenemos dos). Previamente recolectaremos los ingredientes necesarios (a ser posible de nuestro entorno cercano y frescos) y los iremos secando en clase, a la par que conocemos m\u00e1s sobre ese alimento. El resultado final, esperamos que sea un peque\u00f1o bote de aceitunas para cada uno de los participantes.<\/p>\n<p style=\"text-align: center\"><em><strong><span style=\"color: #ff0000\">\u00a1A ver si nos salen buenas!<\/span><\/strong><\/em><\/p>\n<p>Estas son las que elaboramos en cursos pasados, as\u00ed que tenemos el list\u00f3n muy alto, je.<\/p>\n<p><img data-recalc-dims=\"1\" decoding=\"async\" data-attachment-id=\"20317\" data-permalink=\"https:\/\/www.alqueria.es\/blogs\/alqueriarojaverde\/2018\/12\/10\/aceitunas-alinadas-proyecto-los-alimentos-junto-a-4o-e-p-o\/dsc_04941\/\" data-orig-file=\"https:\/\/i0.wp.com\/cloud.alqueria.es\/wp-content\/uploads\/sites\/8\/2018\/12\/DSC_04941.jpg?fit=1024%2C578&amp;ssl=1\" data-orig-size=\"1024,578\" data-comments-opened=\"1\" data-image-meta=\"{&quot;aperture&quot;:&quot;0&quot;,&quot;credit&quot;:&quot;&quot;,&quot;camera&quot;:&quot;&quot;,&quot;caption&quot;:&quot;&quot;,&quot;created_timestamp&quot;:&quot;0&quot;,&quot;copyright&quot;:&quot;&quot;,&quot;focal_length&quot;:&quot;0&quot;,&quot;iso&quot;:&quot;0&quot;,&quot;shutter_speed&quot;:&quot;0&quot;,&quot;title&quot;:&quot;&quot;,&quot;orientation&quot;:&quot;0&quot;}\" data-image-title=\"DSC_04941\" data-image-description=\"\" data-image-caption=\"\" data-large-file=\"https:\/\/i0.wp.com\/cloud.alqueria.es\/wp-content\/uploads\/sites\/8\/2018\/12\/DSC_04941.jpg?fit=474%2C268&amp;ssl=1\" class=\"alignleft size-medium wp-image-20317\" src=\"https:\/\/i0.wp.com\/cloud.alqueria.es\/wp-content\/uploads\/sites\/8\/2018\/12\/DSC_04941.jpg?resize=300%2C169&#038;ssl=1\" alt=\"\" width=\"300\" height=\"169\" srcset=\"https:\/\/cloud.alqueria.es\/wp-content\/uploads\/sites\/8\/2018\/12\/DSC_04941.jpg 1024w, https:\/\/cloud.alqueria.es\/wp-content\/uploads\/sites\/8\/2018\/12\/DSC_04941.jpg 300w, https:\/\/cloud.alqueria.es\/wp-content\/uploads\/sites\/8\/2018\/12\/DSC_04941.jpg 768w, https:\/\/cloud.alqueria.es\/wp-content\/uploads\/sites\/8\/2018\/12\/DSC_04941.jpg 948w\" sizes=\"(max-width: 300px) 100vw, 300px\" \/> <img data-recalc-dims=\"1\" decoding=\"async\" data-attachment-id=\"20316\" data-permalink=\"https:\/\/www.alqueria.es\/blogs\/alqueriarojaverde\/2018\/12\/10\/aceitunas-alinadas-proyecto-los-alimentos-junto-a-4o-e-p-o\/dsc_0574-2\/\" data-orig-file=\"https:\/\/i0.wp.com\/cloud.alqueria.es\/wp-content\/uploads\/sites\/8\/2018\/12\/DSC_0574.jpg?fit=1024%2C578&amp;ssl=1\" data-orig-size=\"1024,578\" data-comments-opened=\"1\" data-image-meta=\"{&quot;aperture&quot;:&quot;0&quot;,&quot;credit&quot;:&quot;&quot;,&quot;camera&quot;:&quot;&quot;,&quot;caption&quot;:&quot;&quot;,&quot;created_timestamp&quot;:&quot;0&quot;,&quot;copyright&quot;:&quot;&quot;,&quot;focal_length&quot;:&quot;0&quot;,&quot;iso&quot;:&quot;0&quot;,&quot;shutter_speed&quot;:&quot;0&quot;,&quot;title&quot;:&quot;&quot;,&quot;orientation&quot;:&quot;0&quot;}\" data-image-title=\"DSC_0574\" data-image-description=\"\" data-image-caption=\"\" data-large-file=\"https:\/\/i0.wp.com\/cloud.alqueria.es\/wp-content\/uploads\/sites\/8\/2018\/12\/DSC_0574.jpg?fit=474%2C268&amp;ssl=1\" class=\"alignleft size-medium wp-image-20316\" src=\"https:\/\/i0.wp.com\/cloud.alqueria.es\/wp-content\/uploads\/sites\/8\/2018\/12\/DSC_0574.jpg?resize=300%2C169&#038;ssl=1\" alt=\"\" width=\"300\" height=\"169\" srcset=\"https:\/\/cloud.alqueria.es\/wp-content\/uploads\/sites\/8\/2018\/12\/DSC_0574.jpg 1024w, https:\/\/cloud.alqueria.es\/wp-content\/uploads\/sites\/8\/2018\/12\/DSC_0574.jpg 300w, https:\/\/cloud.alqueria.es\/wp-content\/uploads\/sites\/8\/2018\/12\/DSC_0574.jpg 768w, https:\/\/cloud.alqueria.es\/wp-content\/uploads\/sites\/8\/2018\/12\/DSC_0574.jpg 948w\" sizes=\"(max-width: 300px) 100vw, 300px\" \/><\/p>\n<p><strong>Trabajar de forma conjunta con nuestros compa\u00f1eros de 4\u00ba de primaria en el <span style=\"color: #ff00ff\">proyecto \u00ablos alimentos\u00bb<\/span>, nos tiene entusiasmados. <\/strong><\/p>\n<p>Tras sus visita, de la semana pasada y esta, en las que aprendimos un mont\u00f3n de cosas nuevas acerca de los \u00e1rboles frutales citados anteriormente, nos quedamos con \u00a0ganas de m\u00e1s.<\/p>\n<p><span style=\"color: #333333\">Para orientar un poco el juego en el aula y que est\u00e9 en relaci\u00f3n con el trabajo en torno a nuestra salida trimestral, surgieron las propuestas de <strong><span style=\"color: #ff6600\">\u00abLAS TIENDAS DE ALIMENTOS\u00bb\u00a0 <\/span><\/strong>y<strong><span style=\"color: #ff6600\"> <span style=\"color: #808000\">\u00abEL RESTAURANTE\u00bb<\/span><\/span><\/strong><span style=\"color: #808000\">.<\/span> Acordamos dedicar unos d\u00edas a la primera y otros tantos a la segunda. <\/span><\/p>\n<p>As\u00ed que estos d\u00edas (tal y como os he ido relatando en las anteriores entradas del blog) hemos jugado mucho en clase al mercado, separamos frutas de hortalizas, confeccionamos carteles que las identifican, ponemos precios, aprendemos a sumar\/restar cantidades e incluso llevamos al plano de lo simb\u00f3lico el transporte de mercanc\u00edas, desde el lugar de origen hasta el peque\u00f1o comercio pero &#8230;.<\/p>\n<p><img data-recalc-dims=\"1\" decoding=\"async\" data-attachment-id=\"15729\" data-permalink=\"https:\/\/www.alqueria.es\/blogs\/alqueriarojaverde\/2017\/11\/25\/salida-a-mercagranada-y-preparando-nuestro-teatro\/galletas-de-parmesano\/\" data-orig-file=\"https:\/\/i0.wp.com\/cloud.alqueria.es\/wp-content\/uploads\/sites\/8\/2017\/11\/galletas-de-parmesano.jpg?fit=1024%2C768&amp;ssl=1\" data-orig-size=\"1024,768\" data-comments-opened=\"1\" data-image-meta=\"{&quot;aperture&quot;:&quot;0&quot;,&quot;credit&quot;:&quot;&quot;,&quot;camera&quot;:&quot;&quot;,&quot;caption&quot;:&quot;&quot;,&quot;created_timestamp&quot;:&quot;0&quot;,&quot;copyright&quot;:&quot;&quot;,&quot;focal_length&quot;:&quot;0&quot;,&quot;iso&quot;:&quot;0&quot;,&quot;shutter_speed&quot;:&quot;0&quot;,&quot;title&quot;:&quot;&quot;,&quot;orientation&quot;:&quot;0&quot;}\" data-image-title=\"galletas-de-parmesano\" data-image-description=\"\" data-image-caption=\"\" data-large-file=\"https:\/\/i0.wp.com\/cloud.alqueria.es\/wp-content\/uploads\/sites\/8\/2017\/11\/galletas-de-parmesano.jpg?fit=474%2C356&amp;ssl=1\" class=\"alignleft size-medium wp-image-15729\" src=\"https:\/\/i0.wp.com\/cloud.alqueria.es\/wp-content\/uploads\/sites\/8\/2017\/11\/galletas-de-parmesano.jpg?resize=300%2C225&#038;ssl=1\" alt=\"\" width=\"300\" height=\"225\" srcset=\"https:\/\/cloud.alqueria.es\/wp-content\/uploads\/sites\/8\/2017\/11\/galletas-de-parmesano.jpg 1024w, https:\/\/cloud.alqueria.es\/wp-content\/uploads\/sites\/8\/2017\/11\/galletas-de-parmesano.jpg 300w, https:\/\/cloud.alqueria.es\/wp-content\/uploads\/sites\/8\/2017\/11\/galletas-de-parmesano.jpg 768w, https:\/\/cloud.alqueria.es\/wp-content\/uploads\/sites\/8\/2017\/11\/galletas-de-parmesano.jpg 948w\" sizes=\"(max-width: 300px) 100vw, 300px\" \/>A\u00fan no estamos satisfechos, queremos contar a los mayores todo lo que nosotros hemos aprendido acerca del origen y la transformaci\u00f3n de los alimentos, las propiedades de algunos de ellos, las materias primas y sus derivados, y la alimentaci\u00f3n saludable. As\u00ed que <strong>conjuntamente con Juanjo (tutor del grupo de 4\u00ba) acordamos llevar a cabo un <span style=\"color: #993366\">taller de cocina<\/span> en el que poner en pr\u00e1ctica todos esos conocimientos y poder as\u00ed intercambiar experiencias e impresiones.\u00a0<\/strong>El taller elegido ha sido<strong><span style=\"color: #993366\"> \u00abGalletitas saladas de hierbas arom\u00e1ticas y queso\u00bb <\/span><\/strong><span style=\"color: #333333\">y ayer<\/span> fue el d\u00eda elegido para ponernos el delantal y convertirnos en cocineros\/as.<\/p>\n<p>En primer lugar y previo paso por el ba\u00f1o, para lavar correctamente nuestras manos y ponernos el delantal, presentamos los ingredientes necesarios para nuestra receta:<\/p>\n<ul>\n<li>AOVE<\/li>\n<li>Tomillo<\/li>\n<li>Albahaca<\/li>\n<li>Queso<\/li>\n<li>Harina<\/li>\n<li>Sal<\/li>\n<li>Mantequilla<\/li>\n<li>Huevos<\/li>\n<\/ul>\n<p>Una vez que tenemos todo bien medido, mezclamos bien todos los ingredientes, obteniendo una masa que dejamos reposar un tiempo en el frigor\u00edfico.<\/p>\n<p>Mientras esperamos a que est\u00e9 lista, \u00a0preparamos un variado acompa\u00f1amiento, que da como resultado un delicioso <em><strong><span style=\"color: #99cc00\">DESAYUNO SALUDABLE.<\/span><\/strong><\/em><\/p>\n<p>Cortamos tomates, algunas manzanas y unas lonchas de jam\u00f3n serrano. De forma paralela se van presentando los alimentos, animando al alumnado a verbalizar qu\u00e9 conoce de cada uno de ellos. El grupo verde aporta su granito de arena nombrando el origen y posibles derivados, \u00a0los mayores nos hablan de beneficios para el sistema digestivo, circulatorio, nos nombran los s\u00e9palos (hojitas del tomate), el pistilo (el fruto madurado), grasas saludables y un sinf\u00edn de cosas nuevas, que aunque no recordemos sus nombres, nos ha encantado escuchar.<\/p>\n<p>Una vez tenemos la masa lista, cortamos y horneamos nuestras galletas, que en tan s\u00f3lo 15 minutos hemos tenido listas para comer.<\/p>\n<p>Aqu\u00ed os dejamos el estupendo \u00abBrunch\u00bb que han preparado vuestros peques y que les ha encantado. \u00a1Pod\u00e9is probar en casa este fin de semana! igual os sacan de un apuro, je.<div class=\"embed-vimeo\" style=\"text-align: center;\"><div class=\"a25-CTUOC-hidding-box\" data-original-content=\"&lt;iframe loading=&quot;lazy&quot; src=&quot;https:\/\/player.vimeo.com\/video\/373457325&quot; width=&quot;640&quot; height=&quot;360&quot; frameborder=&quot;0&quot; webkitallowfullscreen mozallowfullscreen allowfullscreen&gt;&lt;\/iframe&gt;\">Esta p\u00e1gina incluye contenido multimedia que requiere aceptar todas las cookies. Pulse aqu\u00ed para abrir la configuraci\u00f3n de cookies.<\/div><\/div><br \/>\n<em><strong>Esta actividad inter-etapas (educaci\u00f3n infantil y primaria) nos ha proporcionado una experiencia valios\u00edsima, en cuanto a intercambio de vivencias, emociones y conocimientos. \u00a0<\/strong><\/em><\/p>\n<p><em><strong>Gestionar de forma aut\u00f3noma las distintas tareas, de forma cooperativa (con edades tan distantes), es un clar\u00edsimo ejemplo de que el aprendizaje colaborativo funciona. El alumnado ha tenido oportunidad de desarrollar sus competencias y capacidades, de ser protagonista de su aprendizaje, de fomentar\/reforzar sus relaciones interpersonales y de alcanzar un verdadero aprendizaje significativo. <\/strong><\/em><\/p>\n<p><em><strong>En la actualidad las din\u00e1micas de equipo, los grupos de trabajo y las estructuras organizativas horizontales (frente a las jer\u00e1rquicas) est\u00e1n a la orden del d\u00eda, de modo que \u00a1prepar\u00e9mosles para la vida!.<\/strong><\/em><\/p>\n<p>Espero que la experiencia os satisfaga tanto como a nosotros, que la hemos disfrutado como ni\u00f1os.<\/p>\n<p><em><strong><span style=\"color: #ffcc00\">El pr\u00f3ximo mi\u00e9rcoles, d\u00eda 20, otorgaremos cierre a este proyecto de \u00ablos alimentos\u00bb con nuestra salida conjunta a Mercagranada,<\/span><\/strong><\/em> no dej\u00e9is de leer su correspondiente entrada en el blog. La visita a las distintas naves de sus instalaciones, el conocimiento de c\u00f3mo funciona un mercado, la profundizaci\u00f3n en algunos contenidos trabajados, la alimentaci\u00f3n saludable y la experimentaci\u00f3n, a trav\u00e9s de un taller sensorial, ser\u00e1n los componentes principales de la misma.<\/p>\n<p>Juanjo Fuentes y Esther Justicia.<\/p>\n","protected":false},"excerpt":{"rendered":"<p>El pr\u00f3ximo d\u00eda 20, tendr\u00e1 lugar nuestra salida trimestral. Hemos escogido Mercagranada como lugar a visitar y en esta ocasi\u00f3n lo haremos junto al grupo de 4\u00ba de Primaria. En clase ya llevamos alg\u00fan tiempo contabilizando cu\u00e1ntos d\u00edas nos quedan para el d\u00eda en cuesti\u00f3n y hemos hablado de c\u00f3mo es el lugar que visitaremos, &hellip; <a href=\"https:\/\/www.alqueria.es\/blogs\/alqueriarojaverde\/2019\/11\/15\/propuesta-los-alimentos\/\" class=\"more-link\">Seguir leyendo <span class=\"screen-reader-text\">PROPUESTA COLABORATIVA E INTERDISCIPLINAR \u00abLOS ALIMENTOS\u00bb<\/span> <span class=\"meta-nav\">&rarr;<\/span><\/a><\/p>\n","protected":false},"author":19,"featured_media":0,"comment_status":"open","ping_status":"open","sticky":false,"template":"","format":"standard","meta":{"jetpack_post_was_ever_published":false,"_jetpack_newsletter_access":"","_jetpack_dont_email_post_to_subs":false,"_jetpack_newsletter_tier_id":0,"_jetpack_memberships_contains_paywalled_content":false,"_jetpack_memberships_contains_paid_content":false,"footnotes":"","jetpack_publicize_message":"","jetpack_publicize_feature_enabled":true,"jetpack_social_post_already_shared":true,"jetpack_social_options":{"image_generator_settings":{"template":"highway","default_image_id":0,"font":"","enabled":false},"version":2}},"categories":[23,7,13],"tags":[690,691,688,689],"class_list":["post-23759","post","type-post","status-publish","format-standard","hentry","category-actividades-especiales-y-salidas-clase-verde","category-clase-verde-5-6-anos","category-inicio","tag-aceitunas-caseras","tag-dulce-de-membrillo-sin-azucar","tag-proyecto-inter-etapas-los-alimentos","tag-trabajo-colaborativo-entre-infantil-y-primaria"],"jetpack_publicize_connections":[],"jetpack_featured_media_url":"","jetpack_sharing_enabled":true,"jetpack_shortlink":"https:\/\/wp.me\/p4lFbP-6bd","_links":{"self":[{"href":"https:\/\/www.alqueria.es\/blogs\/alqueriarojaverde\/wp-json\/wp\/v2\/posts\/23759","targetHints":{"allow":["GET"]}}],"collection":[{"href":"https:\/\/www.alqueria.es\/blogs\/alqueriarojaverde\/wp-json\/wp\/v2\/posts"}],"about":[{"href":"https:\/\/www.alqueria.es\/blogs\/alqueriarojaverde\/wp-json\/wp\/v2\/types\/post"}],"author":[{"embeddable":true,"href":"https:\/\/www.alqueria.es\/blogs\/alqueriarojaverde\/wp-json\/wp\/v2\/users\/19"}],"replies":[{"embeddable":true,"href":"https:\/\/www.alqueria.es\/blogs\/alqueriarojaverde\/wp-json\/wp\/v2\/comments?post=23759"}],"version-history":[{"count":11,"href":"https:\/\/www.alqueria.es\/blogs\/alqueriarojaverde\/wp-json\/wp\/v2\/posts\/23759\/revisions"}],"predecessor-version":[{"id":23808,"href":"https:\/\/www.alqueria.es\/blogs\/alqueriarojaverde\/wp-json\/wp\/v2\/posts\/23759\/revisions\/23808"}],"wp:attachment":[{"href":"https:\/\/www.alqueria.es\/blogs\/alqueriarojaverde\/wp-json\/wp\/v2\/media?parent=23759"}],"wp:term":[{"taxonomy":"category","embeddable":true,"href":"https:\/\/www.alqueria.es\/blogs\/alqueriarojaverde\/wp-json\/wp\/v2\/categories?post=23759"},{"taxonomy":"post_tag","embeddable":true,"href":"https:\/\/www.alqueria.es\/blogs\/alqueriarojaverde\/wp-json\/wp\/v2\/tags?post=23759"}],"curies":[{"name":"wp","href":"https:\/\/api.w.org\/{rel}","templated":true}]}}