{"id":24154,"date":"2019-12-11T11:37:55","date_gmt":"2019-12-11T10:37:55","guid":{"rendered":"http:\/\/www.alqueria.es\/blogs\/alqueriarojaverde\/?p=24154"},"modified":"2019-12-11T11:47:53","modified_gmt":"2019-12-11T10:47:53","slug":"antonio-agricultor-de-aceitunas","status":"publish","type":"post","link":"https:\/\/www.alqueria.es\/blogs\/alqueriarojaverde\/2019\/12\/11\/antonio-agricultor-de-aceitunas\/","title":{"rendered":"ANTONIO: \u00abAGRICULTOR DE ACEITUNAS\u00bb"},"content":{"rendered":"<p>Buenas d\u00edas familias,<\/p>\n<p>De vuelta de estos cuatro d\u00edas sin cole, el grupo rojo viene con muchas ganas de trabajar sobre todo en la <span style=\"color: #800080\">construcci\u00f3n de sus juguetes<\/span>, est\u00e1n muy ilusionados.<\/p>\n<p><img data-recalc-dims=\"1\" decoding=\"async\" data-attachment-id=\"24158\" data-permalink=\"https:\/\/www.alqueria.es\/blogs\/alqueriarojaverde\/2019\/12\/11\/antonio-agricultor-de-aceitunas\/img_3767\/\" data-orig-file=\"https:\/\/i0.wp.com\/cloud.alqueria.es\/wp-content\/uploads\/sites\/8\/2019\/12\/IMG_3767.jpg?fit=640%2C480&amp;ssl=1\" data-orig-size=\"640,480\" data-comments-opened=\"1\" data-image-meta=\"{&quot;aperture&quot;:&quot;2.8&quot;,&quot;credit&quot;:&quot;&quot;,&quot;camera&quot;:&quot;Canon DIGITAL IXUS 80 IS&quot;,&quot;caption&quot;:&quot;&quot;,&quot;created_timestamp&quot;:&quot;1575970714&quot;,&quot;copyright&quot;:&quot;&quot;,&quot;focal_length&quot;:&quot;6.2&quot;,&quot;iso&quot;:&quot;500&quot;,&quot;shutter_speed&quot;:&quot;0.016666666666667&quot;,&quot;title&quot;:&quot;&quot;,&quot;orientation&quot;:&quot;1&quot;}\" data-image-title=\"IMG_3767\" data-image-description=\"\" data-image-caption=\"\" data-large-file=\"https:\/\/i0.wp.com\/cloud.alqueria.es\/wp-content\/uploads\/sites\/8\/2019\/12\/IMG_3767.jpg?fit=474%2C356&amp;ssl=1\" class=\"alignright size-medium wp-image-24158\" src=\"https:\/\/i0.wp.com\/cloud.alqueria.es\/wp-content\/uploads\/sites\/8\/2019\/12\/IMG_3767.jpg?resize=300%2C225&#038;ssl=1\" alt=\"\" width=\"300\" height=\"225\" srcset=\"https:\/\/cloud.alqueria.es\/wp-content\/uploads\/sites\/8\/2019\/12\/IMG_3767.jpg 640w, https:\/\/cloud.alqueria.es\/wp-content\/uploads\/sites\/8\/2019\/12\/IMG_3767.jpg 300w\" sizes=\"(max-width: 300px) 100vw, 300px\" \/>Comenzamos el martes con nuestra <span style=\"color: #800080\">Asamblea de bienvenida<\/span> en la que\u00a0 se fue llenando de bonitas decoraciones navide\u00f1as realizadas en casa con material reciclado.<\/p>\n<p>Seguidamente nos preparamos para recibir a <span style=\"color: #800080\">Antonio<\/span> (padre de M\u00e1ximo) que vino a contarnos en qu\u00e9 consiste el trabajo de <span style=\"color: #800080\">\u00abagricultor de aceitunas\u00bb<\/span> y nos explic\u00f3 a trav\u00e9s de diferentes v\u00eddeos en los que particip\u00f3 M\u00e1ximo, todo el proceso que se lleva a cabo para obtener el aceite, desde su recogida, transporte, machacado&#8230;.hasta llegar a tener el aceite como lo vemos en las botellas. Nos aclara que hay diferentes tipos de aceite seg\u00fan el tipo de aceituna: <span style=\"color: #800080\">picual, hojiblanco y arbequina<\/span>. Y qu\u00e9 mejor manera de terminar su exposici\u00f3n\u00a0 haciendo una degustaci\u00f3n de estos tipos de aceite con pan&#8230;.\u00a1\u00a1UN DESAYUNO SALUDABLE!!<\/p>\n<p class=\"jetpack-slideshow-noscript robots-nocontent\">El pase de diapositivas requiere JavaScript.<\/p><div id=\"gallery-24154-1-slideshow\" class=\"jetpack-slideshow-window jetpack-slideshow jetpack-slideshow-black\" data-trans=\"fade\" data-autostart=\"1\" data-gallery=\"[{&quot;src&quot;:&quot;https:\\\/\\\/i0.wp.com\\\/cloud.alqueria.es\\\/wp-content\\\/uploads\\\/sites\\\/8\\\/2019\\\/12\\\/IMG_3768.jpg?fit=640%2C480\\u0026ssl=1&quot;,&quot;id&quot;:&quot;24159&quot;,&quot;title&quot;:&quot;IMG_3768&quot;,&quot;alt&quot;:&quot;&quot;,&quot;caption&quot;:&quot;&quot;,&quot;itemprop&quot;:&quot;image&quot;},{&quot;src&quot;:&quot;https:\\\/\\\/i0.wp.com\\\/cloud.alqueria.es\\\/wp-content\\\/uploads\\\/sites\\\/8\\\/2019\\\/12\\\/IMG_3770.jpg?fit=640%2C480\\u0026ssl=1&quot;,&quot;id&quot;:&quot;24160&quot;,&quot;title&quot;:&quot;IMG_3770&quot;,&quot;alt&quot;:&quot;&quot;,&quot;caption&quot;:&quot;&quot;,&quot;itemprop&quot;:&quot;image&quot;},{&quot;src&quot;:&quot;https:\\\/\\\/i0.wp.com\\\/cloud.alqueria.es\\\/wp-content\\\/uploads\\\/sites\\\/8\\\/2019\\\/12\\\/IMG_3771.jpg?fit=640%2C480\\u0026ssl=1&quot;,&quot;id&quot;:&quot;24161&quot;,&quot;title&quot;:&quot;IMG_3771&quot;,&quot;alt&quot;:&quot;&quot;,&quot;caption&quot;:&quot;&quot;,&quot;itemprop&quot;:&quot;image&quot;},{&quot;src&quot;:&quot;https:\\\/\\\/i0.wp.com\\\/cloud.alqueria.es\\\/wp-content\\\/uploads\\\/sites\\\/8\\\/2019\\\/12\\\/IMG_3773.jpg?fit=640%2C480\\u0026ssl=1&quot;,&quot;id&quot;:&quot;24162&quot;,&quot;title&quot;:&quot;IMG_3773&quot;,&quot;alt&quot;:&quot;&quot;,&quot;caption&quot;:&quot;&quot;,&quot;itemprop&quot;:&quot;image&quot;},{&quot;src&quot;:&quot;https:\\\/\\\/i0.wp.com\\\/cloud.alqueria.es\\\/wp-content\\\/uploads\\\/sites\\\/8\\\/2019\\\/12\\\/IMG_3774.jpg?fit=640%2C480\\u0026ssl=1&quot;,&quot;id&quot;:&quot;24163&quot;,&quot;title&quot;:&quot;IMG_3774&quot;,&quot;alt&quot;:&quot;&quot;,&quot;caption&quot;:&quot;&quot;,&quot;itemprop&quot;:&quot;image&quot;},{&quot;src&quot;:&quot;https:\\\/\\\/i0.wp.com\\\/cloud.alqueria.es\\\/wp-content\\\/uploads\\\/sites\\\/8\\\/2019\\\/12\\\/IMG_3775.jpg?fit=640%2C480\\u0026ssl=1&quot;,&quot;id&quot;:&quot;24164&quot;,&quot;title&quot;:&quot;IMG_3775&quot;,&quot;alt&quot;:&quot;&quot;,&quot;caption&quot;:&quot;&quot;,&quot;itemprop&quot;:&quot;image&quot;},{&quot;src&quot;:&quot;https:\\\/\\\/i0.wp.com\\\/cloud.alqueria.es\\\/wp-content\\\/uploads\\\/sites\\\/8\\\/2019\\\/12\\\/IMG_3776.jpg?fit=640%2C480\\u0026ssl=1&quot;,&quot;id&quot;:&quot;24165&quot;,&quot;title&quot;:&quot;IMG_3776&quot;,&quot;alt&quot;:&quot;&quot;,&quot;caption&quot;:&quot;&quot;,&quot;itemprop&quot;:&quot;image&quot;},{&quot;src&quot;:&quot;https:\\\/\\\/i0.wp.com\\\/cloud.alqueria.es\\\/wp-content\\\/uploads\\\/sites\\\/8\\\/2019\\\/12\\\/IMG_3777.jpg?fit=640%2C480\\u0026ssl=1&quot;,&quot;id&quot;:&quot;24166&quot;,&quot;title&quot;:&quot;IMG_3777&quot;,&quot;alt&quot;:&quot;&quot;,&quot;caption&quot;:&quot;&quot;,&quot;itemprop&quot;:&quot;image&quot;},{&quot;src&quot;:&quot;https:\\\/\\\/i0.wp.com\\\/cloud.alqueria.es\\\/wp-content\\\/uploads\\\/sites\\\/8\\\/2019\\\/12\\\/IMG_3778.jpg?fit=640%2C480\\u0026ssl=1&quot;,&quot;id&quot;:&quot;24167&quot;,&quot;title&quot;:&quot;IMG_3778&quot;,&quot;alt&quot;:&quot;&quot;,&quot;caption&quot;:&quot;&quot;,&quot;itemprop&quot;:&quot;image&quot;}]\" itemscope itemtype=\"https:\/\/schema.org\/ImageGallery\"><\/div>\n<p style=\"text-align: center\">\u00a1\u00a1MUCHAS GRACIAS ANTONIO POR TU PARTICIPACI\u00d3N!!<\/p>\n<p><img data-recalc-dims=\"1\" decoding=\"async\" data-attachment-id=\"24157\" data-permalink=\"https:\/\/www.alqueria.es\/blogs\/alqueriarojaverde\/2019\/12\/11\/antonio-agricultor-de-aceitunas\/img_3763\/\" data-orig-file=\"https:\/\/i0.wp.com\/cloud.alqueria.es\/wp-content\/uploads\/sites\/8\/2019\/12\/IMG_3763.jpg?fit=640%2C480&amp;ssl=1\" data-orig-size=\"640,480\" data-comments-opened=\"1\" data-image-meta=\"{&quot;aperture&quot;:&quot;2.8&quot;,&quot;credit&quot;:&quot;&quot;,&quot;camera&quot;:&quot;Canon DIGITAL IXUS 80 IS&quot;,&quot;caption&quot;:&quot;&quot;,&quot;created_timestamp&quot;:&quot;1575544715&quot;,&quot;copyright&quot;:&quot;&quot;,&quot;focal_length&quot;:&quot;6.2&quot;,&quot;iso&quot;:&quot;400&quot;,&quot;shutter_speed&quot;:&quot;0.0125&quot;,&quot;title&quot;:&quot;&quot;,&quot;orientation&quot;:&quot;1&quot;}\" data-image-title=\"IMG_3763\" data-image-description=\"\" data-image-caption=\"\" data-large-file=\"https:\/\/i0.wp.com\/cloud.alqueria.es\/wp-content\/uploads\/sites\/8\/2019\/12\/IMG_3763.jpg?fit=474%2C356&amp;ssl=1\" class=\"alignleft size-thumbnail wp-image-24157\" src=\"https:\/\/i0.wp.com\/cloud.alqueria.es\/wp-content\/uploads\/sites\/8\/2019\/12\/IMG_3763.jpg?resize=150%2C150&#038;ssl=1\" alt=\"\" width=\"150\" height=\"150\" srcset=\"https:\/\/cloud.alqueria.es\/wp-content\/uploads\/sites\/8\/2019\/12\/IMG_3763.jpg 150w, https:\/\/cloud.alqueria.es\/wp-content\/uploads\/sites\/8\/2019\/12\/IMG_3763.jpg 300w, https:\/\/cloud.alqueria.es\/wp-content\/uploads\/sites\/8\/2019\/12\/IMG_3763.jpg 450w\" sizes=\"(max-width: 150px) 100vw, 150px\" \/>Adem\u00e1s del Taller de juguetes, de manera paralela estamos realizando la <span style=\"color: #800080\">felicitaci\u00f3n de navidad<\/span> y la <span style=\"color: #800080\">carta de los deseos<\/span> que echaremos en un buz\u00f3n muy especial que Charito est\u00e1 preparando.<\/p>\n<p>&nbsp;<\/p>\n<p>PRIMERA SESI\u00d3N DE LA FELICITACI\u00d3N: punteamos para recortar los pinos.<\/p>\n<div class=\"tiled-gallery type-rectangular tiled-gallery-unresized\" data-original-width=\"474\" data-carousel-extra='{&quot;blog_id&quot;:8,&quot;permalink&quot;:&quot;https:\\\/\\\/www.alqueria.es\\\/blogs\\\/alqueriarojaverde\\\/2019\\\/12\\\/11\\\/antonio-agricultor-de-aceitunas\\\/&quot;,&quot;likes_blog_id&quot;:64268569}' itemscope itemtype=\"http:\/\/schema.org\/ImageGallery\" > <div class=\"gallery-row\" style=\"width: 474px; height: 179px;\" data-original-width=\"474\" data-original-height=\"179\" > <div class=\"gallery-group images-1\" style=\"width: 237px; height: 179px;\" data-original-width=\"237\" data-original-height=\"179\" > <div class=\"tiled-gallery-item tiled-gallery-item-small\" itemprop=\"associatedMedia\" itemscope itemtype=\"http:\/\/schema.org\/ImageObject\"> <a href=\"https:\/\/www.alqueria.es\/blogs\/alqueriarojaverde\/2019\/12\/11\/antonio-agricultor-de-aceitunas\/img_3762\/\" border=\"0\" itemprop=\"url\"> <meta itemprop=\"width\" content=\"233\"> <meta itemprop=\"height\" content=\"175\"> <img decoding=\"async\" class=\"\" data-attachment-id=\"24156\" data-orig-file=\"https:\/\/cloud.alqueria.es\/wp-content\/uploads\/sites\/8\/2019\/12\/IMG_3762.jpg\" data-orig-size=\"640,480\" data-comments-opened=\"1\" data-image-meta=\"{&quot;aperture&quot;:&quot;2.8&quot;,&quot;credit&quot;:&quot;&quot;,&quot;camera&quot;:&quot;Canon DIGITAL IXUS 80 IS&quot;,&quot;caption&quot;:&quot;&quot;,&quot;created_timestamp&quot;:&quot;1575544493&quot;,&quot;copyright&quot;:&quot;&quot;,&quot;focal_length&quot;:&quot;6.2&quot;,&quot;iso&quot;:&quot;400&quot;,&quot;shutter_speed&quot;:&quot;0.004&quot;,&quot;title&quot;:&quot;&quot;,&quot;orientation&quot;:&quot;1&quot;}\" data-image-title=\"IMG_3762\" data-image-description=\"\" data-medium-file=\"https:\/\/i0.wp.com\/cloud.alqueria.es\/wp-content\/uploads\/sites\/8\/2019\/12\/IMG_3762.jpg?fit=300%2C225&#038;ssl=1\" data-large-file=\"https:\/\/i0.wp.com\/cloud.alqueria.es\/wp-content\/uploads\/sites\/8\/2019\/12\/IMG_3762.jpg?fit=474%2C356&#038;ssl=1\" src=\"https:\/\/i0.wp.com\/cloud.alqueria.es\/wp-content\/uploads\/sites\/8\/2019\/12\/IMG_3762.jpg?w=233&#038;h=175&#038;ssl=1\" srcset=\"https:\/\/cloud.alqueria.es\/wp-content\/uploads\/sites\/8\/2019\/12\/IMG_3762.jpg 640w, https:\/\/cloud.alqueria.es\/wp-content\/uploads\/sites\/8\/2019\/12\/IMG_3762.jpg 300w\" width=\"233\" height=\"175\" loading=\"lazy\" data-original-width=\"233\" data-original-height=\"175\" itemprop=\"http:\/\/schema.org\/image\" title=\"IMG_3762\" alt=\"IMG_3762\" style=\"width: 233px; height: 175px;\" \/> <\/a> <\/div> <\/div> <!-- close group --> <div class=\"gallery-group images-1\" style=\"width: 237px; height: 179px;\" data-original-width=\"237\" data-original-height=\"179\" > <div class=\"tiled-gallery-item tiled-gallery-item-small\" itemprop=\"associatedMedia\" itemscope itemtype=\"http:\/\/schema.org\/ImageObject\"> <a href=\"https:\/\/www.alqueria.es\/blogs\/alqueriarojaverde\/2019\/12\/11\/antonio-agricultor-de-aceitunas\/img_3759\/\" border=\"0\" itemprop=\"url\"> <meta itemprop=\"width\" content=\"233\"> <meta itemprop=\"height\" content=\"175\"> <img decoding=\"async\" class=\"\" data-attachment-id=\"24155\" data-orig-file=\"https:\/\/cloud.alqueria.es\/wp-content\/uploads\/sites\/8\/2019\/12\/IMG_3759.jpg\" data-orig-size=\"640,480\" data-comments-opened=\"1\" data-image-meta=\"{&quot;aperture&quot;:&quot;2.8&quot;,&quot;credit&quot;:&quot;&quot;,&quot;camera&quot;:&quot;Canon DIGITAL IXUS 80 IS&quot;,&quot;caption&quot;:&quot;&quot;,&quot;created_timestamp&quot;:&quot;1575544463&quot;,&quot;copyright&quot;:&quot;&quot;,&quot;focal_length&quot;:&quot;6.2&quot;,&quot;iso&quot;:&quot;400&quot;,&quot;shutter_speed&quot;:&quot;0.01&quot;,&quot;title&quot;:&quot;&quot;,&quot;orientation&quot;:&quot;1&quot;}\" data-image-title=\"IMG_3759\" data-image-description=\"\" data-medium-file=\"https:\/\/i0.wp.com\/cloud.alqueria.es\/wp-content\/uploads\/sites\/8\/2019\/12\/IMG_3759.jpg?fit=300%2C225&#038;ssl=1\" data-large-file=\"https:\/\/i0.wp.com\/cloud.alqueria.es\/wp-content\/uploads\/sites\/8\/2019\/12\/IMG_3759.jpg?fit=474%2C356&#038;ssl=1\" src=\"https:\/\/i0.wp.com\/cloud.alqueria.es\/wp-content\/uploads\/sites\/8\/2019\/12\/IMG_3759.jpg?w=233&#038;h=175&#038;ssl=1\" srcset=\"https:\/\/cloud.alqueria.es\/wp-content\/uploads\/sites\/8\/2019\/12\/IMG_3759.jpg 640w, https:\/\/cloud.alqueria.es\/wp-content\/uploads\/sites\/8\/2019\/12\/IMG_3759.jpg 300w\" width=\"233\" height=\"175\" loading=\"lazy\" data-original-width=\"233\" data-original-height=\"175\" itemprop=\"http:\/\/schema.org\/image\" title=\"IMG_3759\" alt=\"IMG_3759\" style=\"width: 233px; height: 175px;\" \/> <\/a> <\/div> <\/div> <!-- close group --> <\/div> <!-- close row --> <\/div>\n<p>Esta semana estamos llevando a cabo como todos los a\u00f1os, una <span style=\"color: #800080\">campa\u00f1a de recogida de alimentos<\/span> para familias necesitadas. Hemos colocado una caja para el ciclo 3-6 a\u00f1os junto al ascensor para que pod\u00e1is depositar los alimentos. Os recuerdo que tienen que ser productos no perecederos y que no vengan envasados en cristal.<\/p>\n<p>En estos d\u00edas tan pr\u00f3ximos a la navidad, estamos cantando villancicos como tradici\u00f3n cultural y pueden traer a clase panderetas y otros instrumentos propios de estas fechas.<\/p>\n<p><span style=\"color: #800080\">PD: para vuestra informaci\u00f3n se abre el plazo de inscripci\u00f3n para los d\u00edas opcionales de navidad (23, 24, 26 y 27 de diciembre) por si necesit\u00e1is de este servicio, que mejor sitio que <a href=\"https:\/\/www.alqueria.es\/es\/web\/campusnavidadcolegioalqueria.aspx\">Alquer\u00eda<\/a> para pasar unos d\u00edas divertidos JE, JE, JE.<\/span><\/p>\n<p>Un saludo<\/p>\n<p>Carmen<\/p>\n<p>&nbsp;<\/p>\n","protected":false},"excerpt":{"rendered":"<p>Buenas d\u00edas familias, De vuelta de estos cuatro d\u00edas sin cole, el grupo rojo viene con muchas ganas de trabajar sobre todo en la construcci\u00f3n de sus juguetes, est\u00e1n muy ilusionados. Comenzamos el martes con nuestra Asamblea de bienvenida en la que\u00a0 se fue llenando de bonitas decoraciones navide\u00f1as realizadas en casa con material reciclado. &hellip; <a href=\"https:\/\/www.alqueria.es\/blogs\/alqueriarojaverde\/2019\/12\/11\/antonio-agricultor-de-aceitunas\/\" class=\"more-link\">Seguir leyendo <span class=\"screen-reader-text\">ANTONIO: \u00abAGRICULTOR DE ACEITUNAS\u00bb<\/span> <span class=\"meta-nav\">&rarr;<\/span><\/a><\/p>\n","protected":false},"author":19,"featured_media":0,"comment_status":"open","ping_status":"open","sticky":false,"template":"","format":"standard","meta":{"jetpack_post_was_ever_published":false,"_jetpack_newsletter_access":"","_jetpack_dont_email_post_to_subs":false,"_jetpack_newsletter_tier_id":0,"_jetpack_memberships_contains_paywalled_content":false,"_jetpack_memberships_contains_paid_content":false,"footnotes":"","jetpack_publicize_message":"","jetpack_publicize_feature_enabled":true,"jetpack_social_post_already_shared":true,"jetpack_social_options":{"image_generator_settings":{"template":"highway","default_image_id":0,"font":"","enabled":false},"version":2}},"categories":[24,6,16,17],"tags":[130,122,307],"class_list":["post-24154","post","type-post","status-publish","format-standard","hentry","category-alfabetizacion-clase-roja","category-clase-roja-4-5-anos","category-profesiones-clase-roja","category-propuestas-clase-roja","tag-alfabetizacion","tag-profesiones","tag-taller-de-juguetes"],"jetpack_publicize_connections":[],"jetpack_featured_media_url":"","jetpack_sharing_enabled":true,"jetpack_shortlink":"https:\/\/wp.me\/p4lFbP-6hA","_links":{"self":[{"href":"https:\/\/www.alqueria.es\/blogs\/alqueriarojaverde\/wp-json\/wp\/v2\/posts\/24154","targetHints":{"allow":["GET"]}}],"collection":[{"href":"https:\/\/www.alqueria.es\/blogs\/alqueriarojaverde\/wp-json\/wp\/v2\/posts"}],"about":[{"href":"https:\/\/www.alqueria.es\/blogs\/alqueriarojaverde\/wp-json\/wp\/v2\/types\/post"}],"author":[{"embeddable":true,"href":"https:\/\/www.alqueria.es\/blogs\/alqueriarojaverde\/wp-json\/wp\/v2\/users\/19"}],"replies":[{"embeddable":true,"href":"https:\/\/www.alqueria.es\/blogs\/alqueriarojaverde\/wp-json\/wp\/v2\/comments?post=24154"}],"version-history":[{"count":6,"href":"https:\/\/www.alqueria.es\/blogs\/alqueriarojaverde\/wp-json\/wp\/v2\/posts\/24154\/revisions"}],"predecessor-version":[{"id":24174,"href":"https:\/\/www.alqueria.es\/blogs\/alqueriarojaverde\/wp-json\/wp\/v2\/posts\/24154\/revisions\/24174"}],"wp:attachment":[{"href":"https:\/\/www.alqueria.es\/blogs\/alqueriarojaverde\/wp-json\/wp\/v2\/media?parent=24154"}],"wp:term":[{"taxonomy":"category","embeddable":true,"href":"https:\/\/www.alqueria.es\/blogs\/alqueriarojaverde\/wp-json\/wp\/v2\/categories?post=24154"},{"taxonomy":"post_tag","embeddable":true,"href":"https:\/\/www.alqueria.es\/blogs\/alqueriarojaverde\/wp-json\/wp\/v2\/tags?post=24154"}],"curies":[{"name":"wp","href":"https:\/\/api.w.org\/{rel}","templated":true}]}}