{"id":24333,"date":"2020-01-13T20:28:40","date_gmt":"2020-01-13T19:28:40","guid":{"rendered":"http:\/\/www.alqueria.es\/blogs\/alqueriarojaverde\/?p=24333"},"modified":"2020-01-13T20:28:40","modified_gmt":"2020-01-13T19:28:40","slug":"tenemos-nueva-propuesta-de-juego","status":"publish","type":"post","link":"https:\/\/www.alqueria.es\/blogs\/alqueriarojaverde\/2020\/01\/13\/tenemos-nueva-propuesta-de-juego\/","title":{"rendered":"\u00a1TENEMOS NUEVA PROPUESTA DE JUEGO!"},"content":{"rendered":"<p><img data-recalc-dims=\"1\" decoding=\"async\" data-attachment-id=\"24360\" data-permalink=\"https:\/\/www.alqueria.es\/blogs\/alqueriarojaverde\/2020\/01\/13\/tenemos-nueva-propuesta-de-juego\/unknown1\/\" data-orig-file=\"https:\/\/i0.wp.com\/cloud.alqueria.es\/wp-content\/uploads\/sites\/8\/2020\/01\/Unknown1.jpg?fit=312%2C161&amp;ssl=1\" data-orig-size=\"312,161\" data-comments-opened=\"1\" data-image-meta=\"{&quot;aperture&quot;:&quot;0&quot;,&quot;credit&quot;:&quot;&quot;,&quot;camera&quot;:&quot;&quot;,&quot;caption&quot;:&quot;&quot;,&quot;created_timestamp&quot;:&quot;0&quot;,&quot;copyright&quot;:&quot;&quot;,&quot;focal_length&quot;:&quot;0&quot;,&quot;iso&quot;:&quot;0&quot;,&quot;shutter_speed&quot;:&quot;0&quot;,&quot;title&quot;:&quot;&quot;,&quot;orientation&quot;:&quot;0&quot;}\" data-image-title=\"Unknown1\" data-image-description=\"\" data-image-caption=\"\" data-large-file=\"https:\/\/i0.wp.com\/cloud.alqueria.es\/wp-content\/uploads\/sites\/8\/2020\/01\/Unknown1.jpg?fit=312%2C161&amp;ssl=1\" class=\"alignleft size-medium wp-image-24360\" src=\"https:\/\/i0.wp.com\/cloud.alqueria.es\/wp-content\/uploads\/sites\/8\/2020\/01\/Unknown1.jpg?resize=300%2C155&#038;ssl=1\" alt=\"\" width=\"300\" height=\"155\" srcset=\"https:\/\/cloud.alqueria.es\/wp-content\/uploads\/sites\/8\/2020\/01\/Unknown1.jpg 312w, https:\/\/cloud.alqueria.es\/wp-content\/uploads\/sites\/8\/2020\/01\/Unknown1.jpg 300w\" sizes=\"(max-width: 300px) 100vw, 300px\" \/>Desde que volvimos de las vacaciones navide\u00f1as algunos chicos de la clase se interesaban por saber acerca de <em><strong><span style=\"color: #008000\">los pa\u00edses, continentes, ciudades&#8230;<\/span><\/strong><\/em> En un principio \u00a0el inter\u00e9s derivaba de las cartas de f\u00fatbol que muchos de ellos coleccionan y con las que, aunque no os lo cre\u00e1is&#8230;, se aprende mucha geograf\u00eda y matem\u00e1ticas.<\/p>\n<p>Con sus conversaciones en el almuerzo, hora del juego en clase y patio fueron integrando en ese inter\u00e9s a otros compa\u00f1eros y compa\u00f1eras, que continuamente demandaban mi atenci\u00f3n para resolver cuestiones del tipo<em><strong> \u00ab\u00bfpero Espa\u00f1a est\u00e1 dentro de Europa o Europa dentro de Espa\u00f1a?\u00bb.<\/strong><\/em> El viernes durante el almuerzo hubo tantos interrogantes que les propuse la idea de que fuese nuestra <em><strong><span style=\"color: #008000\">nueva propuesta de juego\/aprendizaje.<\/span><\/strong><\/em> Todos estuvieron de acuerdo, as\u00ed que hoy en la asamblea hemos retomado el tema y lo hemos votado.<\/p>\n<p>Como fase previa al juego realizamos nuestra lluvia de ideas acerca del tema y hemos \u00abtocado\u00bb t\u00e9rminos como:<\/p>\n<ul>\n<li>Universo<\/li>\n<li>Galaxia (V\u00eda L\u00e1ctea)<\/li>\n<li>Planeta Tierra<\/li>\n<li>Continentes<\/li>\n<\/ul>\n<p>Acordamos no dar lectura al ejemplar aportado por Hern\u00e1n, para iniciar el juego sin condicionar y adem\u00e1s para dar oportunidad al resto de poder traer material relacionado con el tema en cuesti\u00f3n.<\/p>\n<p>Para el juego simb\u00f3lico les he orientado que antes de ponerse a organizar espacios y coger material deb\u00edan ponerse de acuerdo sobre qu\u00e9 jugar, para que la propuesta estuviese consensuada y no s\u00f3lo se basaran en compartir espacio.<\/p>\n<p>La clase ha quedado dividida en dos grandes grupos, con algunos que ha ido y venido de uno a otro. Por un lado ha estado el continente africano y por otro la Ant\u00e1rtida. Se han construido sendas viviendas, ataviado con las telas de los disfraces, seleccionado los animales que a su criterio pod\u00edan vivir en uno u otro lugar &#8230;<\/p>\n<p class=\"jetpack-slideshow-noscript robots-nocontent\">El pase de diapositivas requiere JavaScript.<\/p><div id=\"gallery-24333-1-slideshow\" class=\"jetpack-slideshow-window jetpack-slideshow jetpack-slideshow-black\" data-trans=\"fade\" data-autostart=\"1\" data-gallery=\"[{&quot;src&quot;:&quot;https:\\\/\\\/i0.wp.com\\\/cloud.alqueria.es\\\/wp-content\\\/uploads\\\/sites\\\/8\\\/2020\\\/01\\\/DSC_2022.jpg?fit=1024%2C577\\u0026ssl=1&quot;,&quot;id&quot;:&quot;24355&quot;,&quot;title&quot;:&quot;DSC_2022&quot;,&quot;alt&quot;:&quot;&quot;,&quot;caption&quot;:&quot;&quot;,&quot;itemprop&quot;:&quot;image&quot;},{&quot;src&quot;:&quot;https:\\\/\\\/i0.wp.com\\\/cloud.alqueria.es\\\/wp-content\\\/uploads\\\/sites\\\/8\\\/2020\\\/01\\\/DSC_2021.jpg?fit=1024%2C577\\u0026ssl=1&quot;,&quot;id&quot;:&quot;24354&quot;,&quot;title&quot;:&quot;DSC_2021&quot;,&quot;alt&quot;:&quot;&quot;,&quot;caption&quot;:&quot;&quot;,&quot;itemprop&quot;:&quot;image&quot;},{&quot;src&quot;:&quot;https:\\\/\\\/i0.wp.com\\\/cloud.alqueria.es\\\/wp-content\\\/uploads\\\/sites\\\/8\\\/2020\\\/01\\\/DSC_2019.jpg?fit=1024%2C577\\u0026ssl=1&quot;,&quot;id&quot;:&quot;24353&quot;,&quot;title&quot;:&quot;DSC_2019&quot;,&quot;alt&quot;:&quot;&quot;,&quot;caption&quot;:&quot;&quot;,&quot;itemprop&quot;:&quot;image&quot;},{&quot;src&quot;:&quot;https:\\\/\\\/i0.wp.com\\\/cloud.alqueria.es\\\/wp-content\\\/uploads\\\/sites\\\/8\\\/2020\\\/01\\\/DSC_2018.jpg?fit=1024%2C577\\u0026ssl=1&quot;,&quot;id&quot;:&quot;24352&quot;,&quot;title&quot;:&quot;DSC_2018&quot;,&quot;alt&quot;:&quot;&quot;,&quot;caption&quot;:&quot;&quot;,&quot;itemprop&quot;:&quot;image&quot;},{&quot;src&quot;:&quot;https:\\\/\\\/i0.wp.com\\\/cloud.alqueria.es\\\/wp-content\\\/uploads\\\/sites\\\/8\\\/2020\\\/01\\\/DSC_2026.jpg?fit=1024%2C577\\u0026ssl=1&quot;,&quot;id&quot;:&quot;24358&quot;,&quot;title&quot;:&quot;DSC_2026&quot;,&quot;alt&quot;:&quot;&quot;,&quot;caption&quot;:&quot;&quot;,&quot;itemprop&quot;:&quot;image&quot;},{&quot;src&quot;:&quot;https:\\\/\\\/i0.wp.com\\\/cloud.alqueria.es\\\/wp-content\\\/uploads\\\/sites\\\/8\\\/2020\\\/01\\\/DSC_2024.jpg?fit=1024%2C577\\u0026ssl=1&quot;,&quot;id&quot;:&quot;24357&quot;,&quot;title&quot;:&quot;DSC_2024&quot;,&quot;alt&quot;:&quot;&quot;,&quot;caption&quot;:&quot;&quot;,&quot;itemprop&quot;:&quot;image&quot;},{&quot;src&quot;:&quot;https:\\\/\\\/i0.wp.com\\\/cloud.alqueria.es\\\/wp-content\\\/uploads\\\/sites\\\/8\\\/2020\\\/01\\\/DSC_2023.jpg?fit=1024%2C577\\u0026ssl=1&quot;,&quot;id&quot;:&quot;24356&quot;,&quot;title&quot;:&quot;DSC_2023&quot;,&quot;alt&quot;:&quot;&quot;,&quot;caption&quot;:&quot;&quot;,&quot;itemprop&quot;:&quot;image&quot;}]\" itemscope itemtype=\"https:\/\/schema.org\/ImageGallery\"><\/div>\n<p>Los dibujos realizados tras la asamblea de comunicaci\u00f3n, en la que hemos hablado acerca del juego llevado a cabo, son bastante expl\u00edcitos. Tanto que no han necesitado del t\u00edtulo que los enmarca (que por cierto es que se me ha olvidado ponerlo, ups).<\/p>\n<p>Ma\u00f1ana tenemos sesi\u00f3n de experto, pero aprovecharemos la biblioteca y las asambleas para dar lectura a los ejemplares que lleguen y jugaremos un ratito, con intenci\u00f3n de que el inter\u00e9s permanezca latente.<\/p>\n<p><img data-recalc-dims=\"1\" decoding=\"async\" data-attachment-id=\"24359\" data-permalink=\"https:\/\/www.alqueria.es\/blogs\/alqueriarojaverde\/2020\/01\/13\/tenemos-nueva-propuesta-de-juego\/unknown-5\/\" data-orig-file=\"https:\/\/i0.wp.com\/cloud.alqueria.es\/wp-content\/uploads\/sites\/8\/2020\/01\/Unknown.jpg?fit=225%2C225&amp;ssl=1\" data-orig-size=\"225,225\" data-comments-opened=\"1\" data-image-meta=\"{&quot;aperture&quot;:&quot;0&quot;,&quot;credit&quot;:&quot;&quot;,&quot;camera&quot;:&quot;&quot;,&quot;caption&quot;:&quot;&quot;,&quot;created_timestamp&quot;:&quot;0&quot;,&quot;copyright&quot;:&quot;&quot;,&quot;focal_length&quot;:&quot;0&quot;,&quot;iso&quot;:&quot;0&quot;,&quot;shutter_speed&quot;:&quot;0&quot;,&quot;title&quot;:&quot;&quot;,&quot;orientation&quot;:&quot;0&quot;}\" data-image-title=\"Unknown\" data-image-description=\"\" data-image-caption=\"\" data-large-file=\"https:\/\/i0.wp.com\/cloud.alqueria.es\/wp-content\/uploads\/sites\/8\/2020\/01\/Unknown.jpg?fit=225%2C225&amp;ssl=1\" class=\"alignright size-full wp-image-24359\" src=\"https:\/\/i0.wp.com\/cloud.alqueria.es\/wp-content\/uploads\/sites\/8\/2020\/01\/Unknown.jpg?resize=225%2C225&#038;ssl=1\" alt=\"\" width=\"225\" height=\"225\" srcset=\"https:\/\/cloud.alqueria.es\/wp-content\/uploads\/sites\/8\/2020\/01\/Unknown.jpg 225w, https:\/\/cloud.alqueria.es\/wp-content\/uploads\/sites\/8\/2020\/01\/Unknown.jpg 150w\" sizes=\"(max-width: 225px) 100vw, 225px\" \/>En otro orden de cosas, comentaros que hoy hemos empezado nuestras<em><strong><span style=\"color: #0000ff\"> \u00abpr\u00e1cticas formales\u00bb de Mindfulness.<\/span><\/strong><\/em> Las llevaremos a cabo todas las ma\u00f1anas a las 9.15 horas con una duraci\u00f3n aproximada de 5-10 minutos, en funci\u00f3n de la tem\u00e1tica. Hoy hemos hecho un esc\u00e1ner corporal, poniendo especial atenci\u00f3n a la postura (sentados en una silla) y la respiraci\u00f3n. Os solicito un \u00abfavor\u00bb para que no juzgu\u00e9is el comportamiento de vuestros peques en esta actividad, que enmarcamos en nuestro proyecto educativo dentro de la educaci\u00f3n emocional. Es normal que la atenci\u00f3n se disperse e incluso \u00abque se vaya y vuelva\u00bb y tambi\u00e9n que no consigan estar quietos todo el tiempo, pero de momento <em><strong>TODO EST\u00c1 BIEN<\/strong><\/em>. El objetivo es introducir la pr\u00e1ctica del Mindfulness en el aula como una \u00a0herramienta cotidiana, para conseguir que su atenci\u00f3n est\u00e9 en <em><strong>EL AQU\u00cd Y EL AHORA,<\/strong><\/em> no pretendemos atenci\u00f3n sostenida, sino acortar los tiempos de \u00abdistracci\u00f3n\u00bb o \u00abmulti-atenci\u00f3n\u00bb.<\/p>\n<p>Para finalizar os dejo las fotograf\u00edas de nuestra <em><strong><span style=\"color: #ff6600\">salida a la vega del pasado jueves,<\/span><\/strong><\/em> en la que llegamos hasta la confluencia entre el r\u00edo Genil y el Beiro, observando el paisaje invernal que rodea nuestro entorno m\u00e1s cercano. Y tambi\u00e9n las de la <em><strong><span style=\"color: #ff00ff\">tarde cooperativa, en la que compartimos nuestros juguetes de Navidad<\/span><\/strong><\/em>, con todo el ciclo.<\/p>\n<p class=\"jetpack-slideshow-noscript robots-nocontent\">El pase de diapositivas requiere JavaScript.<\/p><div id=\"gallery-24333-2-slideshow\" class=\"jetpack-slideshow-window jetpack-slideshow jetpack-slideshow-black\" data-trans=\"fade\" data-autostart=\"1\" data-gallery=\"[{&quot;src&quot;:&quot;https:\\\/\\\/i0.wp.com\\\/cloud.alqueria.es\\\/wp-content\\\/uploads\\\/sites\\\/8\\\/2020\\\/01\\\/DSC_2003.jpg?fit=1024%2C577\\u0026ssl=1&quot;,&quot;id&quot;:&quot;24343&quot;,&quot;title&quot;:&quot;DSC_2003&quot;,&quot;alt&quot;:&quot;&quot;,&quot;caption&quot;:&quot;Los verdes encabezamo el tren de la excursi\\u00f3n&quot;,&quot;itemprop&quot;:&quot;image&quot;},{&quot;src&quot;:&quot;https:\\\/\\\/i0.wp.com\\\/cloud.alqueria.es\\\/wp-content\\\/uploads\\\/sites\\\/8\\\/2020\\\/01\\\/DSC_2004.jpg?fit=1024%2C577\\u0026ssl=1&quot;,&quot;id&quot;:&quot;24344&quot;,&quot;title&quot;:&quot;DSC_2004&quot;,&quot;alt&quot;:&quot;&quot;,&quot;caption&quot;:&quot;Esperamos al resto de compa\\u00f1eros&quot;,&quot;itemprop&quot;:&quot;image&quot;},{&quot;src&quot;:&quot;https:\\\/\\\/i0.wp.com\\\/cloud.alqueria.es\\\/wp-content\\\/uploads\\\/sites\\\/8\\\/2020\\\/01\\\/DSC_2006.jpg?fit=1024%2C577\\u0026ssl=1&quot;,&quot;id&quot;:&quot;24346&quot;,&quot;title&quot;:&quot;DSC_2006&quot;,&quot;alt&quot;:&quot;&quot;,&quot;caption&quot;:&quot;Bajamos \\u00abplaneando\\u00bb para cruzar el terreno&quot;,&quot;itemprop&quot;:&quot;image&quot;},{&quot;src&quot;:&quot;https:\\\/\\\/i0.wp.com\\\/cloud.alqueria.es\\\/wp-content\\\/uploads\\\/sites\\\/8\\\/2020\\\/01\\\/DSC_2005.jpg?fit=1024%2C577\\u0026ssl=1&quot;,&quot;id&quot;:&quot;24345&quot;,&quot;title&quot;:&quot;DSC_2005&quot;,&quot;alt&quot;:&quot;&quot;,&quot;caption&quot;:&quot;La \\u00abfila de dos\\u00bb es mucho m\\u00e1s operativa, je,&quot;,&quot;itemprop&quot;:&quot;image&quot;}]\" itemscope itemtype=\"https:\/\/schema.org\/ImageGallery\"><\/div>\n<p class=\"jetpack-slideshow-noscript robots-nocontent\">El pase de diapositivas requiere JavaScript.<\/p><div id=\"gallery-24333-3-slideshow\" class=\"jetpack-slideshow-window jetpack-slideshow jetpack-slideshow-black\" data-trans=\"fade\" data-autostart=\"1\" data-gallery=\"[{&quot;src&quot;:&quot;https:\\\/\\\/i0.wp.com\\\/cloud.alqueria.es\\\/wp-content\\\/uploads\\\/sites\\\/8\\\/2020\\\/01\\\/DSC_2009.jpg?fit=1024%2C577\\u0026ssl=1&quot;,&quot;id&quot;:&quot;24349&quot;,&quot;title&quot;:&quot;DSC_2009&quot;,&quot;alt&quot;:&quot;&quot;,&quot;caption&quot;:&quot;&quot;,&quot;itemprop&quot;:&quot;image&quot;},{&quot;src&quot;:&quot;https:\\\/\\\/i0.wp.com\\\/cloud.alqueria.es\\\/wp-content\\\/uploads\\\/sites\\\/8\\\/2020\\\/01\\\/DSC_2011.jpg?fit=1024%2C577\\u0026ssl=1&quot;,&quot;id&quot;:&quot;24350&quot;,&quot;title&quot;:&quot;DSC_2011&quot;,&quot;alt&quot;:&quot;&quot;,&quot;caption&quot;:&quot;&quot;,&quot;itemprop&quot;:&quot;image&quot;},{&quot;src&quot;:&quot;https:\\\/\\\/i0.wp.com\\\/cloud.alqueria.es\\\/wp-content\\\/uploads\\\/sites\\\/8\\\/2020\\\/01\\\/DSC_2012.jpg?fit=1024%2C577\\u0026ssl=1&quot;,&quot;id&quot;:&quot;24351&quot;,&quot;title&quot;:&quot;DSC_2012&quot;,&quot;alt&quot;:&quot;&quot;,&quot;caption&quot;:&quot;&quot;,&quot;itemprop&quot;:&quot;image&quot;},{&quot;src&quot;:&quot;https:\\\/\\\/i0.wp.com\\\/cloud.alqueria.es\\\/wp-content\\\/uploads\\\/sites\\\/8\\\/2020\\\/01\\\/DSC_2008.jpg?fit=1024%2C577\\u0026ssl=1&quot;,&quot;id&quot;:&quot;24348&quot;,&quot;title&quot;:&quot;DSC_2008&quot;,&quot;alt&quot;:&quot;&quot;,&quot;caption&quot;:&quot;&quot;,&quot;itemprop&quot;:&quot;image&quot;},{&quot;src&quot;:&quot;https:\\\/\\\/i0.wp.com\\\/cloud.alqueria.es\\\/wp-content\\\/uploads\\\/sites\\\/8\\\/2020\\\/01\\\/DSC_2007.jpg?fit=1024%2C577\\u0026ssl=1&quot;,&quot;id&quot;:&quot;24347&quot;,&quot;title&quot;:&quot;DSC_2007&quot;,&quot;alt&quot;:&quot;&quot;,&quot;caption&quot;:&quot;&quot;,&quot;itemprop&quot;:&quot;image&quot;}]\" itemscope itemtype=\"https:\/\/schema.org\/ImageGallery\"><\/div>\n<p><em><strong>\u00a1Ya echaba de menos esta v\u00eda de comunicaci\u00f3n!, ja, ja, ja. Aunque me deje mil experiencias inefables, que guardo para m\u00ed.\u00a0<\/strong><\/em><\/p>\n<p><strong>\u00a1Un abrazo !,<\/strong><\/p>\n<p>Esther Justicia.<\/p>\n","protected":false},"excerpt":{"rendered":"<p>Desde que volvimos de las vacaciones navide\u00f1as algunos chicos de la clase se interesaban por saber acerca de los pa\u00edses, continentes, ciudades&#8230; En un principio \u00a0el inter\u00e9s derivaba de las cartas de f\u00fatbol que muchos de ellos coleccionan y con las que, aunque no os lo cre\u00e1is&#8230;, se aprende mucha geograf\u00eda y matem\u00e1ticas. Con sus &hellip; <a href=\"https:\/\/www.alqueria.es\/blogs\/alqueriarojaverde\/2020\/01\/13\/tenemos-nueva-propuesta-de-juego\/\" class=\"more-link\">Seguir leyendo <span class=\"screen-reader-text\">\u00a1TENEMOS NUEVA PROPUESTA DE JUEGO!<\/span> <span class=\"meta-nav\">&rarr;<\/span><\/a><\/p>\n","protected":false},"author":19,"featured_media":0,"comment_status":"open","ping_status":"open","sticky":false,"template":"","format":"standard","meta":{"jetpack_post_was_ever_published":false,"_jetpack_newsletter_access":"","_jetpack_dont_email_post_to_subs":false,"_jetpack_newsletter_tier_id":0,"_jetpack_memberships_contains_paywalled_content":false,"_jetpack_memberships_contains_paid_content":false,"footnotes":"","jetpack_publicize_message":"","jetpack_publicize_feature_enabled":true,"jetpack_social_post_already_shared":true,"jetpack_social_options":{"image_generator_settings":{"template":"highway","default_image_id":0,"font":"","enabled":false},"version":2}},"categories":[7,13],"tags":[707,562,708],"class_list":["post-24333","post","type-post","status-publish","format-standard","hentry","category-clase-verde-5-6-anos","category-inicio","tag-el-planeta-tierra-en-infantil","tag-mindfulness-para-infantil","tag-paseos-por-la-vega-de-granada"],"jetpack_publicize_connections":[],"jetpack_featured_media_url":"","jetpack_sharing_enabled":true,"jetpack_shortlink":"https:\/\/wp.me\/p4lFbP-6kt","_links":{"self":[{"href":"https:\/\/www.alqueria.es\/blogs\/alqueriarojaverde\/wp-json\/wp\/v2\/posts\/24333","targetHints":{"allow":["GET"]}}],"collection":[{"href":"https:\/\/www.alqueria.es\/blogs\/alqueriarojaverde\/wp-json\/wp\/v2\/posts"}],"about":[{"href":"https:\/\/www.alqueria.es\/blogs\/alqueriarojaverde\/wp-json\/wp\/v2\/types\/post"}],"author":[{"embeddable":true,"href":"https:\/\/www.alqueria.es\/blogs\/alqueriarojaverde\/wp-json\/wp\/v2\/users\/19"}],"replies":[{"embeddable":true,"href":"https:\/\/www.alqueria.es\/blogs\/alqueriarojaverde\/wp-json\/wp\/v2\/comments?post=24333"}],"version-history":[{"count":1,"href":"https:\/\/www.alqueria.es\/blogs\/alqueriarojaverde\/wp-json\/wp\/v2\/posts\/24333\/revisions"}],"predecessor-version":[{"id":24361,"href":"https:\/\/www.alqueria.es\/blogs\/alqueriarojaverde\/wp-json\/wp\/v2\/posts\/24333\/revisions\/24361"}],"wp:attachment":[{"href":"https:\/\/www.alqueria.es\/blogs\/alqueriarojaverde\/wp-json\/wp\/v2\/media?parent=24333"}],"wp:term":[{"taxonomy":"category","embeddable":true,"href":"https:\/\/www.alqueria.es\/blogs\/alqueriarojaverde\/wp-json\/wp\/v2\/categories?post=24333"},{"taxonomy":"post_tag","embeddable":true,"href":"https:\/\/www.alqueria.es\/blogs\/alqueriarojaverde\/wp-json\/wp\/v2\/tags?post=24333"}],"curies":[{"name":"wp","href":"https:\/\/api.w.org\/{rel}","templated":true}]}}