{"id":24363,"date":"2020-01-17T10:07:29","date_gmt":"2020-01-17T09:07:29","guid":{"rendered":"http:\/\/www.alqueria.es\/blogs\/alqueriarojaverde\/?p=24363"},"modified":"2020-01-17T10:07:29","modified_gmt":"2020-01-17T09:07:29","slug":"carlos-experto-en-motos","status":"publish","type":"post","link":"https:\/\/www.alqueria.es\/blogs\/alqueriarojaverde\/2020\/01\/17\/carlos-experto-en-motos\/","title":{"rendered":"CARLOS, EXPERTO EN MOTOS"},"content":{"rendered":"<p><img data-recalc-dims=\"1\" decoding=\"async\" data-attachment-id=\"24379\" data-permalink=\"https:\/\/www.alqueria.es\/blogs\/alqueriarojaverde\/2020\/01\/17\/carlos-experto-en-motos\/moto\/\" data-orig-file=\"https:\/\/i0.wp.com\/cloud.alqueria.es\/wp-content\/uploads\/sites\/8\/2020\/01\/MOTO.jpg?fit=300%2C168&amp;ssl=1\" data-orig-size=\"300,168\" data-comments-opened=\"1\" data-image-meta=\"{&quot;aperture&quot;:&quot;0&quot;,&quot;credit&quot;:&quot;&quot;,&quot;camera&quot;:&quot;&quot;,&quot;caption&quot;:&quot;&quot;,&quot;created_timestamp&quot;:&quot;0&quot;,&quot;copyright&quot;:&quot;&quot;,&quot;focal_length&quot;:&quot;0&quot;,&quot;iso&quot;:&quot;0&quot;,&quot;shutter_speed&quot;:&quot;0&quot;,&quot;title&quot;:&quot;&quot;,&quot;orientation&quot;:&quot;0&quot;}\" data-image-title=\"MOTO\" data-image-description=\"\" data-image-caption=\"\" data-large-file=\"https:\/\/i0.wp.com\/cloud.alqueria.es\/wp-content\/uploads\/sites\/8\/2020\/01\/MOTO.jpg?fit=300%2C168&amp;ssl=1\" class=\"alignleft size-medium wp-image-24379\" src=\"https:\/\/i0.wp.com\/cloud.alqueria.es\/wp-content\/uploads\/sites\/8\/2020\/01\/MOTO.jpg?resize=300%2C168&#038;ssl=1\" alt=\"\" width=\"300\" height=\"168\" \/>Primera conferencia-experto de este trimestre a cargo de <em><strong><span style=\"color: #008000\">Carlos,<\/span><\/strong><\/em> que ha elegido como tema para exponer: <em><strong><span style=\"color: #008000\">LAS MOTOS.<\/span><\/strong><\/em><\/p>\n<p>&nbsp;<\/p>\n<p><img data-recalc-dims=\"1\" decoding=\"async\" data-attachment-id=\"24378\" data-permalink=\"https:\/\/www.alqueria.es\/blogs\/alqueriarojaverde\/2020\/01\/17\/carlos-experto-en-motos\/dsc_2037\/\" data-orig-file=\"https:\/\/i0.wp.com\/cloud.alqueria.es\/wp-content\/uploads\/sites\/8\/2020\/01\/DSC_2037.jpg?fit=1024%2C761&amp;ssl=1\" data-orig-size=\"1024,761\" data-comments-opened=\"1\" data-image-meta=\"{&quot;aperture&quot;:&quot;2&quot;,&quot;credit&quot;:&quot;&quot;,&quot;camera&quot;:&quot;G3121&quot;,&quot;caption&quot;:&quot;&quot;,&quot;created_timestamp&quot;:&quot;1578996480&quot;,&quot;copyright&quot;:&quot;&quot;,&quot;focal_length&quot;:&quot;4.22&quot;,&quot;iso&quot;:&quot;50&quot;,&quot;shutter_speed&quot;:&quot;0.020005001250313&quot;,&quot;title&quot;:&quot;&quot;,&quot;orientation&quot;:&quot;1&quot;}\" data-image-title=\"DSC_2037\" data-image-description=\"\" data-image-caption=\"\" data-large-file=\"https:\/\/i0.wp.com\/cloud.alqueria.es\/wp-content\/uploads\/sites\/8\/2020\/01\/DSC_2037.jpg?fit=474%2C352&amp;ssl=1\" class=\"alignright size-medium wp-image-24378\" src=\"https:\/\/i0.wp.com\/cloud.alqueria.es\/wp-content\/uploads\/sites\/8\/2020\/01\/DSC_2037.jpg?resize=300%2C223&#038;ssl=1\" alt=\"\" width=\"300\" height=\"223\" srcset=\"https:\/\/cloud.alqueria.es\/wp-content\/uploads\/sites\/8\/2020\/01\/DSC_2037.jpg 1024w, https:\/\/cloud.alqueria.es\/wp-content\/uploads\/sites\/8\/2020\/01\/DSC_2037.jpg 300w, https:\/\/cloud.alqueria.es\/wp-content\/uploads\/sites\/8\/2020\/01\/DSC_2037.jpg 768w, https:\/\/cloud.alqueria.es\/wp-content\/uploads\/sites\/8\/2020\/01\/DSC_2037.jpg 948w\" sizes=\"(max-width: 300px) 100vw, 300px\" \/><strong>Primera cartulina:<\/strong><\/p>\n<ul>\n<li>Nos informa que la primera moto se invent\u00f3 en el a\u00f1o 1818 y que era tan lenta como un caracol.<\/li>\n<li>Funcionaba con un motor de vapor, al que le ten\u00edan que echar carb\u00f3n, como a los trenes.<\/li>\n<li>Era muy pesada, muy dif\u00edcil de manejar y adem\u00e1s se estropeaba mucho.<\/li>\n<li>\u00abCuanto pasaron unos a\u00f1os se inventaron la misma moto, con un motor de gasolina\u00bb, en 1885.<\/li>\n<li>La \u00faltima moto que nos muestra es una actual, que puede alcanzar la velocidad de 380 kil\u00f3metros por hora.<\/li>\n<li>El final de la cartulina es las partes de una moto: manillar, faro, ruedas, motor, tubo de escape, matr\u00edcula, asientos y espejos .<\/li>\n<\/ul>\n<p><strong><img data-recalc-dims=\"1\" decoding=\"async\" data-attachment-id=\"24372\" data-permalink=\"https:\/\/www.alqueria.es\/blogs\/alqueriarojaverde\/2020\/01\/17\/carlos-experto-en-motos\/dsc_2038-2\/\" data-orig-file=\"https:\/\/i0.wp.com\/cloud.alqueria.es\/wp-content\/uploads\/sites\/8\/2020\/01\/DSC_2038.jpg?fit=1024%2C822&amp;ssl=1\" data-orig-size=\"1024,822\" data-comments-opened=\"1\" data-image-meta=\"{&quot;aperture&quot;:&quot;2&quot;,&quot;credit&quot;:&quot;&quot;,&quot;camera&quot;:&quot;G3121&quot;,&quot;caption&quot;:&quot;&quot;,&quot;created_timestamp&quot;:&quot;1578996489&quot;,&quot;copyright&quot;:&quot;&quot;,&quot;focal_length&quot;:&quot;4.22&quot;,&quot;iso&quot;:&quot;50&quot;,&quot;shutter_speed&quot;:&quot;0.020005001250313&quot;,&quot;title&quot;:&quot;&quot;,&quot;orientation&quot;:&quot;1&quot;}\" data-image-title=\"DSC_2038\" data-image-description=\"\" data-image-caption=\"\" data-large-file=\"https:\/\/i0.wp.com\/cloud.alqueria.es\/wp-content\/uploads\/sites\/8\/2020\/01\/DSC_2038.jpg?fit=474%2C380&amp;ssl=1\" class=\"alignleft size-medium wp-image-24372\" src=\"https:\/\/i0.wp.com\/cloud.alqueria.es\/wp-content\/uploads\/sites\/8\/2020\/01\/DSC_2038.jpg?resize=300%2C241&#038;ssl=1\" alt=\"\" width=\"300\" height=\"241\" srcset=\"https:\/\/cloud.alqueria.es\/wp-content\/uploads\/sites\/8\/2020\/01\/DSC_2038.jpg 1024w, https:\/\/cloud.alqueria.es\/wp-content\/uploads\/sites\/8\/2020\/01\/DSC_2038.jpg 300w, https:\/\/cloud.alqueria.es\/wp-content\/uploads\/sites\/8\/2020\/01\/DSC_2038.jpg 768w, https:\/\/cloud.alqueria.es\/wp-content\/uploads\/sites\/8\/2020\/01\/DSC_2038.jpg 948w\" sizes=\"(max-width: 300px) 100vw, 300px\" \/>Segunda cartulina:<\/strong><\/p>\n<p>Dedicada a algunos tipos de motos y sus caracter\u00edsticas diferenciadoras.<\/p>\n<p><strong>Scooter:<\/strong>\u00a0son para ir por la ciudad y son muy c\u00f3modas.<\/p>\n<p><strong>Cross:<\/strong> son para el campo y tienen unas ruedas muy altas para ir por las monta\u00f1as.<br \/>\n<strong>Trial:<\/strong> pueden pasar por sitios muy dif\u00edcil y se hacen competiciones.<br \/>\n<strong>Trail: <\/strong>sirven para la carretera y tambi\u00e9n para el campo.<br \/>\n<strong>Naked:<\/strong> a \u00e9stas se les ve el motor y son m\u00e1s raras.<br \/>\n<strong>Custom:<\/strong> son motos muy bonitas.<br \/>\n<strong>Superdeportivas:<\/strong> son para los circuitos, corren much\u00edsimo.<br \/>\n<strong>Turismo:<\/strong> sirven para viajes largos.<br \/>\n<strong>Quad:<\/strong> tienen cuatro ruedas y sirven para el campo.<\/p>\n<p><strong><img data-recalc-dims=\"1\" decoding=\"async\" data-attachment-id=\"24373\" data-permalink=\"https:\/\/www.alqueria.es\/blogs\/alqueriarojaverde\/2020\/01\/17\/carlos-experto-en-motos\/dsc_2039-2\/\" data-orig-file=\"https:\/\/i0.wp.com\/cloud.alqueria.es\/wp-content\/uploads\/sites\/8\/2020\/01\/DSC_2039.jpg?fit=1024%2C784&amp;ssl=1\" data-orig-size=\"1024,784\" data-comments-opened=\"1\" data-image-meta=\"{&quot;aperture&quot;:&quot;2&quot;,&quot;credit&quot;:&quot;&quot;,&quot;camera&quot;:&quot;G3121&quot;,&quot;caption&quot;:&quot;&quot;,&quot;created_timestamp&quot;:&quot;1578996494&quot;,&quot;copyright&quot;:&quot;&quot;,&quot;focal_length&quot;:&quot;4.22&quot;,&quot;iso&quot;:&quot;50&quot;,&quot;shutter_speed&quot;:&quot;0.020005001250313&quot;,&quot;title&quot;:&quot;&quot;,&quot;orientation&quot;:&quot;1&quot;}\" data-image-title=\"DSC_2039\" data-image-description=\"\" data-image-caption=\"\" data-large-file=\"https:\/\/i0.wp.com\/cloud.alqueria.es\/wp-content\/uploads\/sites\/8\/2020\/01\/DSC_2039.jpg?fit=474%2C363&amp;ssl=1\" class=\"alignright size-medium wp-image-24373\" src=\"https:\/\/i0.wp.com\/cloud.alqueria.es\/wp-content\/uploads\/sites\/8\/2020\/01\/DSC_2039.jpg?resize=300%2C230&#038;ssl=1\" alt=\"\" width=\"300\" height=\"230\" srcset=\"https:\/\/cloud.alqueria.es\/wp-content\/uploads\/sites\/8\/2020\/01\/DSC_2039.jpg 1024w, https:\/\/cloud.alqueria.es\/wp-content\/uploads\/sites\/8\/2020\/01\/DSC_2039.jpg 300w, https:\/\/cloud.alqueria.es\/wp-content\/uploads\/sites\/8\/2020\/01\/DSC_2039.jpg 768w, https:\/\/cloud.alqueria.es\/wp-content\/uploads\/sites\/8\/2020\/01\/DSC_2039.jpg 948w\" sizes=\"(max-width: 300px) 100vw, 300px\" \/>Tercera cartulina:<\/strong><\/p>\n<p>En esta \u00faltima nos ense\u00f1a todas las protecciones que se deben llevar para ir en moto, aunque nos aclara que \u00abla \u00fanica que es obligatoria de verdad es el casco\u00bb.<\/p>\n<p>Todas las se\u00f1ales de tr\u00e1fico que hay tambi\u00e9n son para las motos y las tienen que respetar.<\/p>\n<p>Para saber muchas cosas de motos, existe el Museo de la Moto de Barcelona.<\/p>\n<p>El circuito de carreras m\u00e1s importante de Espa\u00f1a es el Circuito de Jerez.<\/p>\n<p>Sus compa\u00f1eros y compa\u00f1eras (tambi\u00e9n de la clase roja) le aplauden y cantan \u00aboz\u00fa qu\u00e9 bien\u00bb.<\/p>\n<p><img data-recalc-dims=\"1\" decoding=\"async\" data-attachment-id=\"24368\" data-permalink=\"https:\/\/www.alqueria.es\/blogs\/alqueriarojaverde\/2020\/01\/17\/carlos-experto-en-motos\/dsc_2043\/\" data-orig-file=\"https:\/\/i0.wp.com\/cloud.alqueria.es\/wp-content\/uploads\/sites\/8\/2020\/01\/DSC_2043.jpg?fit=1024%2C741&amp;ssl=1\" data-orig-size=\"1024,741\" data-comments-opened=\"1\" data-image-meta=\"{&quot;aperture&quot;:&quot;2&quot;,&quot;credit&quot;:&quot;&quot;,&quot;camera&quot;:&quot;G3121&quot;,&quot;caption&quot;:&quot;&quot;,&quot;created_timestamp&quot;:&quot;1578999675&quot;,&quot;copyright&quot;:&quot;&quot;,&quot;focal_length&quot;:&quot;4.22&quot;,&quot;iso&quot;:&quot;50&quot;,&quot;shutter_speed&quot;:&quot;0.03000600120024&quot;,&quot;title&quot;:&quot;&quot;,&quot;orientation&quot;:&quot;1&quot;}\" data-image-title=\"DSC_2043\" data-image-description=\"\" data-image-caption=\"\" data-large-file=\"https:\/\/i0.wp.com\/cloud.alqueria.es\/wp-content\/uploads\/sites\/8\/2020\/01\/DSC_2043.jpg?fit=474%2C343&amp;ssl=1\" class=\"aligncenter size-full wp-image-24368\" src=\"https:\/\/i0.wp.com\/cloud.alqueria.es\/wp-content\/uploads\/sites\/8\/2020\/01\/DSC_2043.jpg?resize=474%2C343&#038;ssl=1\" alt=\"\" width=\"474\" height=\"343\" srcset=\"https:\/\/cloud.alqueria.es\/wp-content\/uploads\/sites\/8\/2020\/01\/DSC_2043.jpg 1024w, https:\/\/cloud.alqueria.es\/wp-content\/uploads\/sites\/8\/2020\/01\/DSC_2043.jpg 300w, https:\/\/cloud.alqueria.es\/wp-content\/uploads\/sites\/8\/2020\/01\/DSC_2043.jpg 768w, https:\/\/cloud.alqueria.es\/wp-content\/uploads\/sites\/8\/2020\/01\/DSC_2043.jpg 948w\" sizes=\"(max-width: 474px) 100vw, 474px\" \/><\/p>\n<p>Como cierre nos cont\u00f3 este simp\u00e1tico chiste: \u00ab\u00bfsab\u00e9is en que se parece una moto a un v\u00e1ter? En que en la moto nos sentamos para correr y que al v\u00e1ter corremos para sentarnos.\u00bb Ja, ja, ja.<\/p>\n<p class=\"jetpack-slideshow-noscript robots-nocontent\">El pase de diapositivas requiere JavaScript.<\/p><div id=\"gallery-24363-1-slideshow\" class=\"jetpack-slideshow-window jetpack-slideshow jetpack-slideshow-black\" data-trans=\"fade\" data-autostart=\"1\" data-gallery=\"[{&quot;src&quot;:&quot;https:\\\/\\\/i0.wp.com\\\/cloud.alqueria.es\\\/wp-content\\\/uploads\\\/sites\\\/8\\\/2020\\\/01\\\/DSC_2032.jpg?fit=1024%2C577\\u0026ssl=1&quot;,&quot;id&quot;:&quot;24366&quot;,&quot;title&quot;:&quot;DSC_2032&quot;,&quot;alt&quot;:&quot;&quot;,&quot;caption&quot;:&quot;&quot;,&quot;itemprop&quot;:&quot;image&quot;},{&quot;src&quot;:&quot;https:\\\/\\\/i0.wp.com\\\/cloud.alqueria.es\\\/wp-content\\\/uploads\\\/sites\\\/8\\\/2020\\\/01\\\/DSC_2030.jpg?fit=1024%2C577\\u0026ssl=1&quot;,&quot;id&quot;:&quot;24364&quot;,&quot;title&quot;:&quot;DSC_2030&quot;,&quot;alt&quot;:&quot;&quot;,&quot;caption&quot;:&quot;&quot;,&quot;itemprop&quot;:&quot;image&quot;},{&quot;src&quot;:&quot;https:\\\/\\\/i0.wp.com\\\/cloud.alqueria.es\\\/wp-content\\\/uploads\\\/sites\\\/8\\\/2020\\\/01\\\/DSC_2033.jpg?fit=1024%2C577\\u0026ssl=1&quot;,&quot;id&quot;:&quot;24369&quot;,&quot;title&quot;:&quot;DSC_2033&quot;,&quot;alt&quot;:&quot;&quot;,&quot;caption&quot;:&quot;&quot;,&quot;itemprop&quot;:&quot;image&quot;},{&quot;src&quot;:&quot;https:\\\/\\\/i0.wp.com\\\/cloud.alqueria.es\\\/wp-content\\\/uploads\\\/sites\\\/8\\\/2020\\\/01\\\/DSC_2031.jpg?fit=1024%2C577\\u0026ssl=1&quot;,&quot;id&quot;:&quot;24365&quot;,&quot;title&quot;:&quot;DSC_2031&quot;,&quot;alt&quot;:&quot;&quot;,&quot;caption&quot;:&quot;&quot;,&quot;itemprop&quot;:&quot;image&quot;},{&quot;src&quot;:&quot;https:\\\/\\\/i0.wp.com\\\/cloud.alqueria.es\\\/wp-content\\\/uploads\\\/sites\\\/8\\\/2020\\\/01\\\/DSC_2036.jpg?fit=1024%2C577\\u0026ssl=1&quot;,&quot;id&quot;:&quot;24371&quot;,&quot;title&quot;:&quot;DSC_2036&quot;,&quot;alt&quot;:&quot;&quot;,&quot;caption&quot;:&quot;&quot;,&quot;itemprop&quot;:&quot;image&quot;},{&quot;src&quot;:&quot;https:\\\/\\\/i0.wp.com\\\/cloud.alqueria.es\\\/wp-content\\\/uploads\\\/sites\\\/8\\\/2020\\\/01\\\/DSC_2034.jpg?fit=1024%2C577\\u0026ssl=1&quot;,&quot;id&quot;:&quot;24370&quot;,&quot;title&quot;:&quot;DSC_2034&quot;,&quot;alt&quot;:&quot;&quot;,&quot;caption&quot;:&quot;&quot;,&quot;itemprop&quot;:&quot;image&quot;}]\" itemscope itemtype=\"https:\/\/schema.org\/ImageGallery\"><\/div>\n<p>Tras el turno de preguntas, en el que le formularon cuestiones relativas a las velocidades, las ruedas de alg\u00fan que otro tipo y el combustible, el juego aglutin\u00f3 a toda la clase. Unos se decantaron por la utilizaci\u00f3n de la alfombra que cubre nuestro aula diariamente y que proporcion\u00f3 una ciudad en toda regla, otros prefirieron el parking y algunos fueron pasando por la mesa para intentar componer un par de puzzles caseros, aportados por Carlos y unos complicados laberintos relacionados con la tem\u00e1tica. En el dibujo final, ya incluimos el texto sin copia.<\/p>\n<p class=\"jetpack-slideshow-noscript robots-nocontent\">El pase de diapositivas requiere JavaScript.<\/p><div id=\"gallery-24363-2-slideshow\" class=\"jetpack-slideshow-window jetpack-slideshow jetpack-slideshow-black\" data-trans=\"fade\" data-autostart=\"1\" data-gallery=\"[{&quot;src&quot;:&quot;https:\\\/\\\/i0.wp.com\\\/cloud.alqueria.es\\\/wp-content\\\/uploads\\\/sites\\\/8\\\/2020\\\/01\\\/DSC_2042.jpg?fit=474%2C436\\u0026ssl=1&quot;,&quot;id&quot;:&quot;24376&quot;,&quot;title&quot;:&quot;DSC_2042&quot;,&quot;alt&quot;:&quot;&quot;,&quot;caption&quot;:&quot;&quot;,&quot;itemprop&quot;:&quot;image&quot;},{&quot;src&quot;:&quot;https:\\\/\\\/i0.wp.com\\\/cloud.alqueria.es\\\/wp-content\\\/uploads\\\/sites\\\/8\\\/2020\\\/01\\\/DSC_2040.jpg?fit=474%2C267\\u0026ssl=1&quot;,&quot;id&quot;:&quot;24374&quot;,&quot;title&quot;:&quot;DSC_2040&quot;,&quot;alt&quot;:&quot;&quot;,&quot;caption&quot;:&quot;&quot;,&quot;itemprop&quot;:&quot;image&quot;},{&quot;src&quot;:&quot;https:\\\/\\\/i0.wp.com\\\/cloud.alqueria.es\\\/wp-content\\\/uploads\\\/sites\\\/8\\\/2020\\\/01\\\/DSC_2041.jpg?fit=474%2C267\\u0026ssl=1&quot;,&quot;id&quot;:&quot;24375&quot;,&quot;title&quot;:&quot;DSC_2041&quot;,&quot;alt&quot;:&quot;&quot;,&quot;caption&quot;:&quot;&quot;,&quot;itemprop&quot;:&quot;image&quot;}]\" itemscope itemtype=\"https:\/\/schema.org\/ImageGallery\"><\/div>\n<p><strong>\u00a1Enhorabuena Carlos, por tu trabajo previo y la exposici\u00f3n!.<\/strong><\/p>\n<p>Un abrazo,<\/p>\n<p>P.D: En breve enlazar\u00e9 la entrada-resumen de la semana, aunque ya la gran mayor\u00eda sab\u00e9is que estamos trabajando el continente africano.<strong><span style=\"color: #ff0000\">\u00a0<\/span><\/strong><\/p>\n<p><strong><span style=\"color: #ff0000\">IMPORTANTE:<\/span><\/strong> \u00a1NOS HAN CAMBIADO LA FECHA DE LA <span style=\"color: #ff0000\">SALIDA TRIMESTRAL<\/span> (causas ajenas al centro) Y NOS VAMOS EL PR\u00d3XIMO <span style=\"color: #ff0000\">LUNES 20<\/span>. EL LUGAR ELEGIDO ES EL MUSEO DE LA CASA DE LOS TIROS. OS RUEGO PUNTUALIDAD Y OS DAR\u00c9 M\u00c1S INFORMACI\u00d3N A LA VUELTA.<\/p>\n<p>Esther Justicia.<\/p>\n","protected":false},"excerpt":{"rendered":"<p>Primera conferencia-experto de este trimestre a cargo de Carlos, que ha elegido como tema para exponer: LAS MOTOS. &nbsp; Primera cartulina: Nos informa que la primera moto se invent\u00f3 en el a\u00f1o 1818 y que era tan lenta como un caracol. Funcionaba con un motor de vapor, al que le ten\u00edan que echar carb\u00f3n, como &hellip; <a href=\"https:\/\/www.alqueria.es\/blogs\/alqueriarojaverde\/2020\/01\/17\/carlos-experto-en-motos\/\" class=\"more-link\">Seguir leyendo <span class=\"screen-reader-text\">CARLOS, EXPERTO EN MOTOS<\/span> <span class=\"meta-nav\">&rarr;<\/span><\/a><\/p>\n","protected":false},"author":19,"featured_media":0,"comment_status":"open","ping_status":"open","sticky":false,"template":"","format":"standard","meta":{"jetpack_post_was_ever_published":false,"_jetpack_newsletter_access":"","_jetpack_dont_email_post_to_subs":false,"_jetpack_newsletter_tier_id":0,"_jetpack_memberships_contains_paywalled_content":false,"_jetpack_memberships_contains_paid_content":false,"footnotes":"","jetpack_publicize_message":"","jetpack_publicize_feature_enabled":true,"jetpack_social_post_already_shared":true,"jetpack_social_options":{"image_generator_settings":{"template":"highway","default_image_id":0,"font":"","enabled":false},"version":2}},"categories":[7,11,13],"tags":[709],"class_list":["post-24363","post","type-post","status-publish","format-standard","hentry","category-clase-verde-5-6-anos","category-expertosas-clase-verde","category-inicio","tag-conferencia-experto-en-motos"],"jetpack_publicize_connections":[],"jetpack_featured_media_url":"","jetpack_sharing_enabled":true,"jetpack_shortlink":"https:\/\/wp.me\/p4lFbP-6kX","_links":{"self":[{"href":"https:\/\/www.alqueria.es\/blogs\/alqueriarojaverde\/wp-json\/wp\/v2\/posts\/24363","targetHints":{"allow":["GET"]}}],"collection":[{"href":"https:\/\/www.alqueria.es\/blogs\/alqueriarojaverde\/wp-json\/wp\/v2\/posts"}],"about":[{"href":"https:\/\/www.alqueria.es\/blogs\/alqueriarojaverde\/wp-json\/wp\/v2\/types\/post"}],"author":[{"embeddable":true,"href":"https:\/\/www.alqueria.es\/blogs\/alqueriarojaverde\/wp-json\/wp\/v2\/users\/19"}],"replies":[{"embeddable":true,"href":"https:\/\/www.alqueria.es\/blogs\/alqueriarojaverde\/wp-json\/wp\/v2\/comments?post=24363"}],"version-history":[{"count":3,"href":"https:\/\/www.alqueria.es\/blogs\/alqueriarojaverde\/wp-json\/wp\/v2\/posts\/24363\/revisions"}],"predecessor-version":[{"id":24408,"href":"https:\/\/www.alqueria.es\/blogs\/alqueriarojaverde\/wp-json\/wp\/v2\/posts\/24363\/revisions\/24408"}],"wp:attachment":[{"href":"https:\/\/www.alqueria.es\/blogs\/alqueriarojaverde\/wp-json\/wp\/v2\/media?parent=24363"}],"wp:term":[{"taxonomy":"category","embeddable":true,"href":"https:\/\/www.alqueria.es\/blogs\/alqueriarojaverde\/wp-json\/wp\/v2\/categories?post=24363"},{"taxonomy":"post_tag","embeddable":true,"href":"https:\/\/www.alqueria.es\/blogs\/alqueriarojaverde\/wp-json\/wp\/v2\/tags?post=24363"}],"curies":[{"name":"wp","href":"https:\/\/api.w.org\/{rel}","templated":true}]}}