{"id":24381,"date":"2020-01-17T19:10:38","date_gmt":"2020-01-17T18:10:38","guid":{"rendered":"http:\/\/www.alqueria.es\/blogs\/alqueriarojaverde\/?p=24381"},"modified":"2020-01-27T21:25:58","modified_gmt":"2020-01-27T20:25:58","slug":"el-continente-africano","status":"publish","type":"post","link":"https:\/\/www.alqueria.es\/blogs\/alqueriarojaverde\/2020\/01\/17\/el-continente-africano\/","title":{"rendered":"EL CONTINENTE AFRICANO"},"content":{"rendered":"<p><img data-recalc-dims=\"1\" decoding=\"async\" data-attachment-id=\"24398\" data-permalink=\"https:\/\/www.alqueria.es\/blogs\/alqueriarojaverde\/2020\/01\/17\/el-continente-africano\/africano\/\" data-orig-file=\"https:\/\/i0.wp.com\/cloud.alqueria.es\/wp-content\/uploads\/sites\/8\/2020\/01\/africano.jpg?fit=225%2C225&amp;ssl=1\" data-orig-size=\"225,225\" data-comments-opened=\"1\" data-image-meta=\"{&quot;aperture&quot;:&quot;0&quot;,&quot;credit&quot;:&quot;&quot;,&quot;camera&quot;:&quot;&quot;,&quot;caption&quot;:&quot;&quot;,&quot;created_timestamp&quot;:&quot;0&quot;,&quot;copyright&quot;:&quot;&quot;,&quot;focal_length&quot;:&quot;0&quot;,&quot;iso&quot;:&quot;0&quot;,&quot;shutter_speed&quot;:&quot;0&quot;,&quot;title&quot;:&quot;&quot;,&quot;orientation&quot;:&quot;0&quot;}\" data-image-title=\"africano\" data-image-description=\"\" data-image-caption=\"\" data-large-file=\"https:\/\/i0.wp.com\/cloud.alqueria.es\/wp-content\/uploads\/sites\/8\/2020\/01\/africano.jpg?fit=225%2C225&amp;ssl=1\" class=\"alignleft size-full wp-image-24398\" src=\"https:\/\/i0.wp.com\/cloud.alqueria.es\/wp-content\/uploads\/sites\/8\/2020\/01\/africano.jpg?resize=225%2C225&#038;ssl=1\" alt=\"\" width=\"225\" height=\"225\" srcset=\"https:\/\/cloud.alqueria.es\/wp-content\/uploads\/sites\/8\/2020\/01\/africano.jpg 225w, https:\/\/cloud.alqueria.es\/wp-content\/uploads\/sites\/8\/2020\/01\/africano.jpg 150w\" sizes=\"(max-width: 225px) 100vw, 225px\" \/>El pasado martes, en el <strong><span style=\"color: #ff6600\">taller de biblioteca<\/span><\/strong>, retomamos el pr\u00e9stamo de ejemplares para casa y Charito nos ley\u00f3 el cuento <span style=\"color: #ff6600\">\u00abLa peque\u00f1a Masai\u00bb<\/span>. En esta ocasi\u00f3n la narraci\u00f3n no estuvo apoyada por im\u00e1genes, as\u00ed que cada uno ide\u00f3 las ilustraciones que pod\u00edan acompa\u00f1ar al texto.<\/p>\n<p>Aprovechamos para contar a Charito nuestra nueva propuesta de juego y decidimos que es m\u00e1s significativo y f\u00e1cil que juguemos y trabajemos los continentes de uno en uno. As\u00ed que empezar\u00edamos por el africano.<\/p>\n<p><img data-recalc-dims=\"1\" decoding=\"async\" data-attachment-id=\"24382\" data-permalink=\"https:\/\/www.alqueria.es\/blogs\/alqueriarojaverde\/2020\/01\/17\/el-continente-africano\/dsc_2044\/\" data-orig-file=\"https:\/\/i0.wp.com\/cloud.alqueria.es\/wp-content\/uploads\/sites\/8\/2020\/01\/DSC_2044.jpg?fit=1024%2C577&amp;ssl=1\" data-orig-size=\"1024,577\" data-comments-opened=\"1\" data-image-meta=\"{&quot;aperture&quot;:&quot;2&quot;,&quot;credit&quot;:&quot;&quot;,&quot;camera&quot;:&quot;G3121&quot;,&quot;caption&quot;:&quot;&quot;,&quot;created_timestamp&quot;:&quot;1579015146&quot;,&quot;copyright&quot;:&quot;&quot;,&quot;focal_length&quot;:&quot;4.22&quot;,&quot;iso&quot;:&quot;200&quot;,&quot;shutter_speed&quot;:&quot;0.03000600120024&quot;,&quot;title&quot;:&quot;&quot;,&quot;orientation&quot;:&quot;1&quot;}\" data-image-title=\"DSC_2044\" data-image-description=\"\" data-image-caption=\"\" data-large-file=\"https:\/\/i0.wp.com\/cloud.alqueria.es\/wp-content\/uploads\/sites\/8\/2020\/01\/DSC_2044.jpg?fit=474%2C267&amp;ssl=1\" class=\"aligncenter size-large wp-image-24382\" src=\"https:\/\/i0.wp.com\/cloud.alqueria.es\/wp-content\/uploads\/sites\/8\/2020\/01\/DSC_2044.jpg?resize=474%2C267&#038;ssl=1\" alt=\"\" width=\"474\" height=\"267\" srcset=\"https:\/\/cloud.alqueria.es\/wp-content\/uploads\/sites\/8\/2020\/01\/DSC_2044.jpg 1024w, https:\/\/cloud.alqueria.es\/wp-content\/uploads\/sites\/8\/2020\/01\/DSC_2044.jpg 300w, https:\/\/cloud.alqueria.es\/wp-content\/uploads\/sites\/8\/2020\/01\/DSC_2044.jpg 768w, https:\/\/cloud.alqueria.es\/wp-content\/uploads\/sites\/8\/2020\/01\/DSC_2044.jpg 948w\" sizes=\"(max-width: 474px) 100vw, 474px\" \/><\/p>\n<p>Durante toda la semana hemos ido dando lectura a algunos de los ejemplares que est\u00e1is aportando de casa (que han sido muy numerosos y no damos a basto a leer, je). Seleccionamos para ello s\u00f3lo la parte que tiene que ver con el continente africano, as\u00ed que permanecer\u00e1n en el aula algunas semanas m\u00e1s, intuyo. Ya que creo que el inter\u00e9s va a estar presente durante m\u00e1s tiempo.<\/p>\n<p>El mi\u00e9rcoles, nuestra profe de m\u00fasica no se encontraba muy bien, as\u00ed que decid\u00ed ense\u00f1arles una <strong><span style=\"color: #ff0000\">canci\u00f3n africana<\/span><\/strong>, que a estas alturas ya controlamos hasta la percusi\u00f3n que la acompa\u00f1a. \u00a1Pedidles que os la canten, est\u00e1n gracios\u00edsimos!<\/p>\n<p><span class=\"embed-youtube\" style=\"text-align:center; display: block;\"><div class=\"a25-CTUOC-hidding-box\" data-original-content=\"&lt;iframe loading=&quot;lazy&quot; class=&quot;youtube-player&quot; width=&quot;474&quot; height=&quot;267&quot; src=&quot;https:\/\/www.youtube.com\/embed\/IJ7-ZCXbtMs?version=3&amp;#038;rel=1&amp;#038;showsearch=0&amp;#038;showinfo=1&amp;#038;iv_load_policy=1&amp;#038;fs=1&amp;#038;hl=es-ES&amp;#038;autohide=2&amp;#038;wmode=transparent&quot; allowfullscreen=&quot;true&quot; style=&quot;border:0;&quot; sandbox=&quot;allow-scripts allow-same-origin allow-popups allow-presentation allow-popups-to-escape-sandbox&quot;&gt;&lt;\/iframe&gt;\">Esta p\u00e1gina incluye contenido multimedia que requiere aceptar todas las cookies. Pulse aqu\u00ed para abrir la configuraci\u00f3n de cookies.<\/div><\/span><\/p>\n<p>Los libros de consulta los expondr\u00e9 en el tabl\u00f3n de fuera del aula, para que pod\u00e1is echarles un vistazo.<\/p>\n<p>El <span style=\"color: #ff9900\"><strong>taller creativo<\/strong><\/span>, claro est\u00e1, tambi\u00e9n ha girado en torno a este continente. Trabajamos los colores c\u00e1lidos y fr\u00edos y damos un fondo con acuarelas, en el que realizamos una gradaci\u00f3n de arriba a abajo de menos c\u00e1lido a m\u00e1s c\u00e1lido entre el color amarillo, naranja y rojo. Despu\u00e9s pegaron unas figuras previamente recortadas por nosotras, con las que crearon un paisaje en el que intentaron respetar el tama\u00f1o de un objeto cuando est\u00e1 m\u00e1s cerca o cuando se encuentra m\u00e1s lejos. Por \u00faltimo introdujimos con t\u00e9mpera s\u00f3lida negra, una silueta de baobab, representando su particular copa horizontal (que aporta mayor extensi\u00f3n de sombra en lugares en los que hace mucho sol).<\/p>\n<p class=\"jetpack-slideshow-noscript robots-nocontent\">El pase de diapositivas requiere JavaScript.<\/p><div id=\"gallery-24381-1-slideshow\" class=\"jetpack-slideshow-window jetpack-slideshow jetpack-slideshow-black\" data-trans=\"fade\" data-autostart=\"1\" data-gallery=\"[{&quot;src&quot;:&quot;https:\\\/\\\/i0.wp.com\\\/cloud.alqueria.es\\\/wp-content\\\/uploads\\\/sites\\\/8\\\/2020\\\/01\\\/DSC_2069.jpg?fit=1024%2C627\\u0026ssl=1&quot;,&quot;id&quot;:&quot;24396&quot;,&quot;title&quot;:&quot;DSC_2069&quot;,&quot;alt&quot;:&quot;&quot;,&quot;caption&quot;:&quot;&quot;,&quot;itemprop&quot;:&quot;image&quot;},{&quot;src&quot;:&quot;https:\\\/\\\/i0.wp.com\\\/cloud.alqueria.es\\\/wp-content\\\/uploads\\\/sites\\\/8\\\/2020\\\/01\\\/DSC_2068.jpg?fit=1024%2C577\\u0026ssl=1&quot;,&quot;id&quot;:&quot;24395&quot;,&quot;title&quot;:&quot;DSC_2068&quot;,&quot;alt&quot;:&quot;&quot;,&quot;caption&quot;:&quot;&quot;,&quot;itemprop&quot;:&quot;image&quot;},{&quot;src&quot;:&quot;https:\\\/\\\/i0.wp.com\\\/cloud.alqueria.es\\\/wp-content\\\/uploads\\\/sites\\\/8\\\/2020\\\/01\\\/DSC_2138.jpg?fit=888%2C1024\\u0026ssl=1&quot;,&quot;id&quot;:&quot;24544&quot;,&quot;title&quot;:&quot;DSC_2138&quot;,&quot;alt&quot;:&quot;&quot;,&quot;caption&quot;:&quot;&quot;,&quot;itemprop&quot;:&quot;image&quot;}]\" itemscope itemtype=\"https:\/\/schema.org\/ImageGallery\"><\/div>\n<p>En \u00faltimo lugar comentaros que cambiamos el <strong><span style=\"color: #0000ff\">taller de cocina<\/span> <\/strong>previsto para la semana pr\u00f3xima, al coincidir con la salida trimestral (fechada para el d\u00eda 23 y que finalmente se realiza el 20). La <strong><span style=\"color: #0000ff\">mam\u00e1 de Eva (Mar\u00eda)<\/span><\/strong> nos visit\u00f3 para ense\u00f1arnos a cocinar Quiche.<\/p>\n<p>Nos explic\u00f3 que es un plato que normalmente se toma en invierno, dadas las calor\u00edas que aporta y que aunque originariamente se hace con baicon nosotros lo \u00edbamos a adaptar para echarle jam\u00f3n serrano. Situamos este plato como tradicional en Francia, sobre todo en regiones monta\u00f1osas y por tanto en el continente Europeo.<\/p>\n<p><img data-recalc-dims=\"1\" decoding=\"async\" data-attachment-id=\"24384\" data-permalink=\"https:\/\/www.alqueria.es\/blogs\/alqueriarojaverde\/2020\/01\/17\/el-continente-africano\/dsc_2054\/\" data-orig-file=\"https:\/\/i0.wp.com\/cloud.alqueria.es\/wp-content\/uploads\/sites\/8\/2020\/01\/DSC_2054.jpg?fit=1024%2C577&amp;ssl=1\" data-orig-size=\"1024,577\" data-comments-opened=\"1\" data-image-meta=\"{&quot;aperture&quot;:&quot;2&quot;,&quot;credit&quot;:&quot;&quot;,&quot;camera&quot;:&quot;G3121&quot;,&quot;caption&quot;:&quot;&quot;,&quot;created_timestamp&quot;:&quot;1579168638&quot;,&quot;copyright&quot;:&quot;&quot;,&quot;focal_length&quot;:&quot;4.22&quot;,&quot;iso&quot;:&quot;50&quot;,&quot;shutter_speed&quot;:&quot;0.03000600120024&quot;,&quot;title&quot;:&quot;&quot;,&quot;orientation&quot;:&quot;1&quot;}\" data-image-title=\"DSC_2054\" data-image-description=\"\" data-image-caption=\"\" data-large-file=\"https:\/\/i0.wp.com\/cloud.alqueria.es\/wp-content\/uploads\/sites\/8\/2020\/01\/DSC_2054.jpg?fit=474%2C267&amp;ssl=1\" class=\"aligncenter size-large wp-image-24384\" src=\"https:\/\/i0.wp.com\/cloud.alqueria.es\/wp-content\/uploads\/sites\/8\/2020\/01\/DSC_2054.jpg?resize=474%2C267&#038;ssl=1\" alt=\"\" width=\"474\" height=\"267\" srcset=\"https:\/\/cloud.alqueria.es\/wp-content\/uploads\/sites\/8\/2020\/01\/DSC_2054.jpg 1024w, https:\/\/cloud.alqueria.es\/wp-content\/uploads\/sites\/8\/2020\/01\/DSC_2054.jpg 300w, https:\/\/cloud.alqueria.es\/wp-content\/uploads\/sites\/8\/2020\/01\/DSC_2054.jpg 768w, https:\/\/cloud.alqueria.es\/wp-content\/uploads\/sites\/8\/2020\/01\/DSC_2054.jpg 948w\" sizes=\"(max-width: 474px) 100vw, 474px\" \/><\/p>\n<p>Lo llevamos a cabo en clase, participamos en todos los pasos de la elaboraci\u00f3n y lo tomamos en el almuerzo como segundo plato ( en sustituci\u00f3n de las empanadillas caseras con pisto).<\/p>\n<p class=\"jetpack-slideshow-noscript robots-nocontent\">El pase de diapositivas requiere JavaScript.<\/p><div id=\"gallery-24381-2-slideshow\" class=\"jetpack-slideshow-window jetpack-slideshow jetpack-slideshow-black\" data-trans=\"fade\" data-autostart=\"1\" data-gallery=\"[{&quot;src&quot;:&quot;https:\\\/\\\/i0.wp.com\\\/cloud.alqueria.es\\\/wp-content\\\/uploads\\\/sites\\\/8\\\/2020\\\/01\\\/DSC_2055.jpg?fit=1024%2C577\\u0026ssl=1&quot;,&quot;id&quot;:&quot;24385&quot;,&quot;title&quot;:&quot;DSC_2055&quot;,&quot;alt&quot;:&quot;&quot;,&quot;caption&quot;:&quot;Pinchamos la masa para el primer horneado corto&quot;,&quot;itemprop&quot;:&quot;image&quot;},{&quot;src&quot;:&quot;https:\\\/\\\/i0.wp.com\\\/cloud.alqueria.es\\\/wp-content\\\/uploads\\\/sites\\\/8\\\/2020\\\/01\\\/DSC_2056.jpg?fit=1024%2C577\\u0026ssl=1&quot;,&quot;id&quot;:&quot;24386&quot;,&quot;title&quot;:&quot;DSC_2056&quot;,&quot;alt&quot;:&quot;&quot;,&quot;caption&quot;:&quot;Cortamos puerro&quot;,&quot;itemprop&quot;:&quot;image&quot;},{&quot;src&quot;:&quot;https:\\\/\\\/i0.wp.com\\\/cloud.alqueria.es\\\/wp-content\\\/uploads\\\/sites\\\/8\\\/2020\\\/01\\\/DSC_2057.jpg?fit=1024%2C577\\u0026ssl=1&quot;,&quot;id&quot;:&quot;24387&quot;,&quot;title&quot;:&quot;DSC_2057&quot;,&quot;alt&quot;:&quot;&quot;,&quot;caption&quot;:&quot;Picamos jam\\u00f3n serrano&quot;,&quot;itemprop&quot;:&quot;image&quot;},{&quot;src&quot;:&quot;https:\\\/\\\/i0.wp.com\\\/cloud.alqueria.es\\\/wp-content\\\/uploads\\\/sites\\\/8\\\/2020\\\/01\\\/DSC_2058.jpg?fit=1024%2C577\\u0026ssl=1&quot;,&quot;id&quot;:&quot;24388&quot;,&quot;title&quot;:&quot;DSC_2058&quot;,&quot;alt&quot;:&quot;&quot;,&quot;caption&quot;:&quot;Son tijeras reservadas para talleres de cocina&quot;,&quot;itemprop&quot;:&quot;image&quot;},{&quot;src&quot;:&quot;https:\\\/\\\/i0.wp.com\\\/cloud.alqueria.es\\\/wp-content\\\/uploads\\\/sites\\\/8\\\/2020\\\/01\\\/DSC_2059.jpg?fit=1024%2C577\\u0026ssl=1&quot;,&quot;id&quot;:&quot;24389&quot;,&quot;title&quot;:&quot;DSC_2059&quot;,&quot;alt&quot;:&quot;&quot;,&quot;caption&quot;:&quot;Agregamos el jam\\u00f3n y el queso&quot;,&quot;itemprop&quot;:&quot;image&quot;},{&quot;src&quot;:&quot;https:\\\/\\\/i0.wp.com\\\/cloud.alqueria.es\\\/wp-content\\\/uploads\\\/sites\\\/8\\\/2020\\\/01\\\/DSC_2063.jpg?fit=1024%2C577\\u0026ssl=1&quot;,&quot;id&quot;:&quot;24390&quot;,&quot;title&quot;:&quot;DSC_2063&quot;,&quot;alt&quot;:&quot;&quot;,&quot;caption&quot;:&quot;Batimos los huevos&quot;,&quot;itemprop&quot;:&quot;image&quot;},{&quot;src&quot;:&quot;https:\\\/\\\/i0.wp.com\\\/cloud.alqueria.es\\\/wp-content\\\/uploads\\\/sites\\\/8\\\/2020\\\/01\\\/DSC_2064.jpg?fit=1024%2C577\\u0026ssl=1&quot;,&quot;id&quot;:&quot;24391&quot;,&quot;title&quot;:&quot;DSC_2064&quot;,&quot;alt&quot;:&quot;&quot;,&quot;caption&quot;:&quot;Agregamos nata&quot;,&quot;itemprop&quot;:&quot;image&quot;},{&quot;src&quot;:&quot;https:\\\/\\\/i0.wp.com\\\/cloud.alqueria.es\\\/wp-content\\\/uploads\\\/sites\\\/8\\\/2020\\\/01\\\/DSC_2065.jpg?fit=578%2C1024\\u0026ssl=1&quot;,&quot;id&quot;:&quot;24392&quot;,&quot;title&quot;:&quot;DSC_2065&quot;,&quot;alt&quot;:&quot;&quot;,&quot;caption&quot;:&quot;Mezclamos bien&quot;,&quot;itemprop&quot;:&quot;image&quot;},{&quot;src&quot;:&quot;https:\\\/\\\/i0.wp.com\\\/cloud.alqueria.es\\\/wp-content\\\/uploads\\\/sites\\\/8\\\/2020\\\/01\\\/DSC_2066.jpg?fit=1024%2C577\\u0026ssl=1&quot;,&quot;id&quot;:&quot;24393&quot;,&quot;title&quot;:&quot;DSC_2066&quot;,&quot;alt&quot;:&quot;&quot;,&quot;caption&quot;:&quot;Vertemos por encima y\\u0026#8230;&quot;,&quot;itemprop&quot;:&quot;image&quot;},{&quot;src&quot;:&quot;https:\\\/\\\/i0.wp.com\\\/cloud.alqueria.es\\\/wp-content\\\/uploads\\\/sites\\\/8\\\/2020\\\/01\\\/DSC_2067.jpg?fit=1024%2C577\\u0026ssl=1&quot;,&quot;id&quot;:&quot;24394&quot;,&quot;title&quot;:&quot;DSC_2067&quot;,&quot;alt&quot;:&quot;&quot;,&quot;caption&quot;:&quot;Voil\\u00e0!&quot;,&quot;itemprop&quot;:&quot;image&quot;},{&quot;src&quot;:&quot;https:\\\/\\\/i0.wp.com\\\/cloud.alqueria.es\\\/wp-content\\\/uploads\\\/sites\\\/8\\\/2020\\\/01\\\/DSC_2070.jpg?fit=1024%2C577\\u0026ssl=1&quot;,&quot;id&quot;:&quot;24397&quot;,&quot;title&quot;:&quot;DSC_2070&quot;,&quot;alt&quot;:&quot;&quot;,&quot;caption&quot;:&quot;Ummmm, qu\\u00e9 rica estaba.&quot;,&quot;itemprop&quot;:&quot;image&quot;}]\" itemscope itemtype=\"https:\/\/schema.org\/ImageGallery\"><\/div>\n<p>\u00a1A LA GRAN MAYOR\u00cdA LE ENCANT\u00d3!, otros&#8230; notaron mucho el sabor a puerro. Est\u00e1 bien probar cosas nuevas para acostumbrar y educar el paladar.<\/p>\n<p style=\"text-align: center\"><strong>\u00a1Muchas gracias Mar\u00eda, por esta colaboraci\u00f3n tan especial!<\/strong><\/p>\n<p><img data-recalc-dims=\"1\" decoding=\"async\" data-attachment-id=\"24418\" data-permalink=\"https:\/\/www.alqueria.es\/blogs\/alqueriarojaverde\/2020\/01\/17\/el-continente-africano\/tarta-6\/\" data-orig-file=\"https:\/\/i0.wp.com\/cloud.alqueria.es\/wp-content\/uploads\/sites\/8\/2020\/01\/tarta-6.jpg?fit=282%2C179&amp;ssl=1\" data-orig-size=\"282,179\" data-comments-opened=\"1\" data-image-meta=\"{&quot;aperture&quot;:&quot;0&quot;,&quot;credit&quot;:&quot;&quot;,&quot;camera&quot;:&quot;&quot;,&quot;caption&quot;:&quot;&quot;,&quot;created_timestamp&quot;:&quot;0&quot;,&quot;copyright&quot;:&quot;&quot;,&quot;focal_length&quot;:&quot;0&quot;,&quot;iso&quot;:&quot;0&quot;,&quot;shutter_speed&quot;:&quot;0&quot;,&quot;title&quot;:&quot;&quot;,&quot;orientation&quot;:&quot;0&quot;}\" data-image-title=\"tarta 6\" data-image-description=\"\" data-image-caption=\"\" data-large-file=\"https:\/\/i0.wp.com\/cloud.alqueria.es\/wp-content\/uploads\/sites\/8\/2020\/01\/tarta-6.jpg?fit=282%2C179&amp;ssl=1\" class=\"alignleft size-thumbnail wp-image-24418\" src=\"https:\/\/i0.wp.com\/cloud.alqueria.es\/wp-content\/uploads\/sites\/8\/2020\/01\/tarta-6.jpg?resize=150%2C150&#038;ssl=1\" alt=\"\" width=\"150\" height=\"150\" \/>Entre tantas actividades a\u00fan sacamos tiempo para la celebraci\u00f3n del <strong><span style=\"color: #ff0000\">cumplea\u00f1os de Pablo<\/span><\/strong>, que es el mayor de la clase. Le hicimos unos dibujos muy coloridos y nos comimos el rico bizcocho al que nos invit\u00f3.<\/p>\n<p>&nbsp;<\/p>\n<p>Hoy para cerrar semana se me ha ocurrido llevar cusc\u00fas como comida t\u00edpica africana. Hemos comentado la controversia que existe en cuanto a su origen (egipcio, liban\u00e9s o sirio) pero hemos decidido que en Marruecos se come de manera habitual como algo t\u00edpico as\u00ed que \u00a1nos quedamos con eso, je!.<\/p>\n<p>Aprovechando el intenso olor que desprenden las especias con que se cocina, ponemos en pr\u00e1ctica la atenci\u00f3n con el olfato en la sesi\u00f3n de Mindfulness. Para ello hemos puesto en funcionamiento nuestro gong y mientras realizaban sus respiraciones con los ojos cerrados he dejado el recipiente (por cierto t\u00edpico del continente) en el centro para que durante 1 minuto se centraran en oler, tras las tres respiraciones que cierran sesi\u00f3n y antes de abrir los ojos comentamos si hemos olido algo distinto e intentamos averiguar qu\u00e9. Hern\u00e1n se ha acercado bastante diciendo que era como la comida hind\u00fa. Al abrir los ojos&#8230;<\/p>\n<p class=\"jetpack-slideshow-noscript robots-nocontent\">El pase de diapositivas requiere JavaScript.<\/p><div id=\"gallery-24381-3-slideshow\" class=\"jetpack-slideshow-window jetpack-slideshow jetpack-slideshow-black\" data-trans=\"fade\" data-autostart=\"1\" data-gallery=\"[{&quot;src&quot;:&quot;https:\\\/\\\/i0.wp.com\\\/cloud.alqueria.es\\\/wp-content\\\/uploads\\\/sites\\\/8\\\/2020\\\/01\\\/DSC_2072.jpg?fit=1024%2C577\\u0026ssl=1&quot;,&quot;id&quot;:&quot;24413&quot;,&quot;title&quot;:&quot;DSC_2072&quot;,&quot;alt&quot;:&quot;&quot;,&quot;caption&quot;:&quot;Permanecemos atentos a nuestro olfato&quot;,&quot;itemprop&quot;:&quot;image&quot;},{&quot;src&quot;:&quot;https:\\\/\\\/i0.wp.com\\\/cloud.alqueria.es\\\/wp-content\\\/uploads\\\/sites\\\/8\\\/2020\\\/01\\\/DSC_2073.jpg?fit=1024%2C577\\u0026ssl=1&quot;,&quot;id&quot;:&quot;24414&quot;,&quot;title&quot;:&quot;DSC_2073&quot;,&quot;alt&quot;:&quot;&quot;,&quot;caption&quot;:&quot;Descubrimos el olor que embriagaba el aula&quot;,&quot;itemprop&quot;:&quot;image&quot;}]\" itemscope itemtype=\"https:\/\/schema.org\/ImageGallery\"><\/div>\n<p>Por supuesto lo hemos probado, y como no pod\u00eda ser de otra forma, con las manos.<\/p>\n<p class=\"jetpack-slideshow-noscript robots-nocontent\">El pase de diapositivas requiere JavaScript.<\/p><div id=\"gallery-24381-4-slideshow\" class=\"jetpack-slideshow-window jetpack-slideshow jetpack-slideshow-black\" data-trans=\"fade\" data-autostart=\"1\" data-gallery=\"[{&quot;src&quot;:&quot;https:\\\/\\\/i0.wp.com\\\/cloud.alqueria.es\\\/wp-content\\\/uploads\\\/sites\\\/8\\\/2020\\\/01\\\/DSC_2075.jpg?fit=1024%2C577\\u0026ssl=1&quot;,&quot;id&quot;:&quot;24415&quot;,&quot;title&quot;:&quot;DSC_2075&quot;,&quot;alt&quot;:&quot;&quot;,&quot;caption&quot;:&quot;Para dar ejemplo, pruebo la primera.&quot;,&quot;itemprop&quot;:&quot;image&quot;},{&quot;src&quot;:&quot;https:\\\/\\\/i0.wp.com\\\/cloud.alqueria.es\\\/wp-content\\\/uploads\\\/sites\\\/8\\\/2020\\\/01\\\/DSC_2076.jpg?fit=578%2C1024\\u0026ssl=1&quot;,&quot;id&quot;:&quot;24416&quot;,&quot;title&quot;:&quot;DSC_2076&quot;,&quot;alt&quot;:&quot;&quot;,&quot;caption&quot;:&quot;Todos se han animado a probar&quot;,&quot;itemprop&quot;:&quot;image&quot;},{&quot;src&quot;:&quot;https:\\\/\\\/i0.wp.com\\\/cloud.alqueria.es\\\/wp-content\\\/uploads\\\/sites\\\/8\\\/2020\\\/01\\\/DSC_2079.jpg?fit=1024%2C577\\u0026ssl=1&quot;,&quot;id&quot;:&quot;24417&quot;,&quot;title&quot;:&quot;DSC_2079&quot;,&quot;alt&quot;:&quot;&quot;,&quot;caption&quot;:&quot;Algunos hasta han repetido.&quot;,&quot;itemprop&quot;:&quot;image&quot;}]\" itemscope itemtype=\"https:\/\/schema.org\/ImageGallery\"><\/div>\n<p>En la tarde cooperativo una representaci\u00f3n del grupo de 1\u00ba EPO nos cuenta un poquito acerca de la salida trimestral del pr\u00f3ximo lunes, ya que ellos ya han estado.<\/p>\n<p>Damos lectura a un libro muy curioso que nos ha tra\u00eddo Nacho acerca de superpoderes como la paciencia, la atenci\u00f3n, la flexibilidad, el humor&#8230; dejando claro que todas las personas poseemos uno, debemos buscar cu\u00e1l.<\/p>\n<p>\u00a1Buen fin de semana! y espero vuestros comentarios que no s\u00e9 si me le\u00e9is&#8230;.ja, ja, ja.<\/p>\n<p>Un abrazo,<\/p>\n<p>Esther Justicia.<\/p>\n<p>&nbsp;<\/p>\n<p>&nbsp;<\/p>\n<p>&nbsp;<\/p>\n","protected":false},"excerpt":{"rendered":"<p>El pasado martes, en el taller de biblioteca, retomamos el pr\u00e9stamo de ejemplares para casa y Charito nos ley\u00f3 el cuento \u00abLa peque\u00f1a Masai\u00bb. En esta ocasi\u00f3n la narraci\u00f3n no estuvo apoyada por im\u00e1genes, as\u00ed que cada uno ide\u00f3 las ilustraciones que pod\u00edan acompa\u00f1ar al texto. Aprovechamos para contar a Charito nuestra nueva propuesta de &hellip; <a href=\"https:\/\/www.alqueria.es\/blogs\/alqueriarojaverde\/2020\/01\/17\/el-continente-africano\/\" class=\"more-link\">Seguir leyendo <span class=\"screen-reader-text\">EL CONTINENTE AFRICANO<\/span> <span class=\"meta-nav\">&rarr;<\/span><\/a><\/p>\n","protected":false},"author":19,"featured_media":0,"comment_status":"open","ping_status":"open","sticky":false,"template":"","format":"standard","meta":{"jetpack_post_was_ever_published":false,"_jetpack_newsletter_access":"","_jetpack_dont_email_post_to_subs":false,"_jetpack_newsletter_tier_id":0,"_jetpack_memberships_contains_paywalled_content":false,"_jetpack_memberships_contains_paid_content":false,"footnotes":"","jetpack_publicize_message":"","jetpack_publicize_feature_enabled":true,"jetpack_social_post_already_shared":true,"jetpack_social_options":{"image_generator_settings":{"template":"highway","default_image_id":0,"font":"","enabled":false},"version":2}},"categories":[7,13],"tags":[714,713,715],"class_list":["post-24381","post","type-post","status-publish","format-standard","hentry","category-clase-verde-5-6-anos","category-inicio","tag-cocinamos-cuscus","tag-continente-africano-para-ninos","tag-cuadro-africano"],"jetpack_publicize_connections":[],"jetpack_featured_media_url":"","jetpack_sharing_enabled":true,"jetpack_shortlink":"https:\/\/wp.me\/p4lFbP-6lf","_links":{"self":[{"href":"https:\/\/www.alqueria.es\/blogs\/alqueriarojaverde\/wp-json\/wp\/v2\/posts\/24381","targetHints":{"allow":["GET"]}}],"collection":[{"href":"https:\/\/www.alqueria.es\/blogs\/alqueriarojaverde\/wp-json\/wp\/v2\/posts"}],"about":[{"href":"https:\/\/www.alqueria.es\/blogs\/alqueriarojaverde\/wp-json\/wp\/v2\/types\/post"}],"author":[{"embeddable":true,"href":"https:\/\/www.alqueria.es\/blogs\/alqueriarojaverde\/wp-json\/wp\/v2\/users\/19"}],"replies":[{"embeddable":true,"href":"https:\/\/www.alqueria.es\/blogs\/alqueriarojaverde\/wp-json\/wp\/v2\/comments?post=24381"}],"version-history":[{"count":4,"href":"https:\/\/www.alqueria.es\/blogs\/alqueriarojaverde\/wp-json\/wp\/v2\/posts\/24381\/revisions"}],"predecessor-version":[{"id":24561,"href":"https:\/\/www.alqueria.es\/blogs\/alqueriarojaverde\/wp-json\/wp\/v2\/posts\/24381\/revisions\/24561"}],"wp:attachment":[{"href":"https:\/\/www.alqueria.es\/blogs\/alqueriarojaverde\/wp-json\/wp\/v2\/media?parent=24381"}],"wp:term":[{"taxonomy":"category","embeddable":true,"href":"https:\/\/www.alqueria.es\/blogs\/alqueriarojaverde\/wp-json\/wp\/v2\/categories?post=24381"},{"taxonomy":"post_tag","embeddable":true,"href":"https:\/\/www.alqueria.es\/blogs\/alqueriarojaverde\/wp-json\/wp\/v2\/tags?post=24381"}],"curies":[{"name":"wp","href":"https:\/\/api.w.org\/{rel}","templated":true}]}}