{"id":24590,"date":"2020-01-31T18:24:34","date_gmt":"2020-01-31T17:24:34","guid":{"rendered":"http:\/\/www.alqueria.es\/blogs\/alqueriarojaverde\/?p=24590"},"modified":"2020-01-31T18:24:34","modified_gmt":"2020-01-31T17:24:34","slug":"dana-experta-en-bailarinas","status":"publish","type":"post","link":"https:\/\/www.alqueria.es\/blogs\/alqueriarojaverde\/2020\/01\/31\/dana-experta-en-bailarinas\/","title":{"rendered":"DANA, EXPERTA EN BAILARINAS"},"content":{"rendered":"<p><img data-recalc-dims=\"1\" decoding=\"async\" data-attachment-id=\"24617\" data-permalink=\"https:\/\/www.alqueria.es\/blogs\/alqueriarojaverde\/2020\/01\/31\/dana-experta-en-bailarinas\/img_astrid_20190520-110357_imagenes_lv_terceros_balletm-kgk-u462349881806pyg-992x558lavanguardia-web\/\" data-orig-file=\"https:\/\/i0.wp.com\/cloud.alqueria.es\/wp-content\/uploads\/sites\/8\/2020\/01\/img_astrid_20190520-110357_imagenes_lv_terceros_balletm-kGk-U462349881806PyG-992x558%40LaVanguardia-Web.jpg?fit=992%2C558&amp;ssl=1\" data-orig-size=\"992,558\" data-comments-opened=\"1\" data-image-meta=\"{&quot;aperture&quot;:&quot;0&quot;,&quot;credit&quot;:&quot;&quot;,&quot;camera&quot;:&quot;&quot;,&quot;caption&quot;:&quot;&quot;,&quot;created_timestamp&quot;:&quot;0&quot;,&quot;copyright&quot;:&quot;&quot;,&quot;focal_length&quot;:&quot;0&quot;,&quot;iso&quot;:&quot;0&quot;,&quot;shutter_speed&quot;:&quot;0&quot;,&quot;title&quot;:&quot;&quot;,&quot;orientation&quot;:&quot;0&quot;}\" data-image-title=\"img_astrid_20190520-110357_imagenes_lv_terceros_balletm-kGk-U462349881806PyG-992&amp;#215;558@LaVanguardia-Web\" data-image-description=\"\" data-image-caption=\"\" data-large-file=\"https:\/\/i0.wp.com\/cloud.alqueria.es\/wp-content\/uploads\/sites\/8\/2020\/01\/img_astrid_20190520-110357_imagenes_lv_terceros_balletm-kGk-U462349881806PyG-992x558%40LaVanguardia-Web.jpg?fit=474%2C267&amp;ssl=1\" class=\"alignleft size-medium wp-image-24617\" src=\"https:\/\/i0.wp.com\/cloud.alqueria.es\/wp-content\/uploads\/sites\/8\/2020\/01\/img_astrid_20190520-110357_imagenes_lv_terceros_balletm-kGk-U462349881806PyG-992x558%40LaVanguardia-Web.jpg?resize=300%2C169&#038;ssl=1\" alt=\"\" width=\"300\" height=\"169\" srcset=\"https:\/\/cloud.alqueria.es\/wp-content\/uploads\/sites\/8\/2020\/01\/img_astrid_20190520-110357_imagenes_lv_terceros_balletm-kGk-U462349881806PyG-992x558%40LaVanguardia-Web.jpg 992w, https:\/\/cloud.alqueria.es\/wp-content\/uploads\/sites\/8\/2020\/01\/img_astrid_20190520-110357_imagenes_lv_terceros_balletm-kGk-U462349881806PyG-992x558%40LaVanguardia-Web.jpg 300w, https:\/\/cloud.alqueria.es\/wp-content\/uploads\/sites\/8\/2020\/01\/img_astrid_20190520-110357_imagenes_lv_terceros_balletm-kGk-U462349881806PyG-992x558%40LaVanguardia-Web.jpg 768w\" sizes=\"(max-width: 300px) 100vw, 300px\" \/>Con la conferencia-experto que <strong><span style=\"color: #0000ff\">Dana<\/span><\/strong> nos ofreci\u00f3 el pasado martes, ya ha vivido esta experiencia dos tercios del grupo. El tema que ha elegido para investigar, estructurar y aprender ha sido una de sus pasiones, <span style=\"color: #0000ff\">la danza.<\/span> Aunque ella ha preferido llamarlo <em><strong>\u00abEXPERTO EN BAILARINAS\u00bb.<\/strong><\/em><\/p>\n<p>Emple\u00f3 un tono de voz algo bajito, pero se enfrent\u00f3 al auditorio con mucha seguridad y disfrutando en todo momento de lo que estaba diciendo. No hay m\u00e1s que ver su cara, lo dice todo.<\/p>\n<p><img data-recalc-dims=\"1\" decoding=\"async\" data-attachment-id=\"24613\" data-permalink=\"https:\/\/www.alqueria.es\/blogs\/alqueriarojaverde\/2020\/01\/31\/dana-experta-en-bailarinas\/dsc_2163\/\" data-orig-file=\"https:\/\/i0.wp.com\/cloud.alqueria.es\/wp-content\/uploads\/sites\/8\/2020\/01\/DSC_2163.jpg?fit=1024%2C780&amp;ssl=1\" data-orig-size=\"1024,780\" data-comments-opened=\"1\" data-image-meta=\"{&quot;aperture&quot;:&quot;2&quot;,&quot;credit&quot;:&quot;&quot;,&quot;camera&quot;:&quot;G3121&quot;,&quot;caption&quot;:&quot;&quot;,&quot;created_timestamp&quot;:&quot;1580477861&quot;,&quot;copyright&quot;:&quot;&quot;,&quot;focal_length&quot;:&quot;4.22&quot;,&quot;iso&quot;:&quot;50&quot;,&quot;shutter_speed&quot;:&quot;0.020005&quot;,&quot;title&quot;:&quot;&quot;,&quot;orientation&quot;:&quot;1&quot;}\" data-image-title=\"DSC_2163\" data-image-description=\"\" data-image-caption=\"\" data-large-file=\"https:\/\/i0.wp.com\/cloud.alqueria.es\/wp-content\/uploads\/sites\/8\/2020\/01\/DSC_2163.jpg?fit=474%2C361&amp;ssl=1\" class=\"alignright size-medium wp-image-24613\" src=\"https:\/\/i0.wp.com\/cloud.alqueria.es\/wp-content\/uploads\/sites\/8\/2020\/01\/DSC_2163.jpg?resize=300%2C229&#038;ssl=1\" alt=\"\" width=\"300\" height=\"229\" srcset=\"https:\/\/cloud.alqueria.es\/wp-content\/uploads\/sites\/8\/2020\/01\/DSC_2163.jpg 1024w, https:\/\/cloud.alqueria.es\/wp-content\/uploads\/sites\/8\/2020\/01\/DSC_2163.jpg 300w, https:\/\/cloud.alqueria.es\/wp-content\/uploads\/sites\/8\/2020\/01\/DSC_2163.jpg 768w, https:\/\/cloud.alqueria.es\/wp-content\/uploads\/sites\/8\/2020\/01\/DSC_2163.jpg 948w\" sizes=\"(max-width: 300px) 100vw, 300px\" \/>Comienza d\u00e1ndonos a conocer que ya en la Prehistoria exist\u00eda gente que bailaba, \u00abas\u00ed que esto es muy antiguo\u00bb.<\/p>\n<p>Nos explica que el baile es el movimiento que hace el cuerpo y que sirve para contar historias y cuentos, \u00abah y tambi\u00e9n sentimientos\u00bb.<\/p>\n<p>El ballet lo bailan los ni\u00f1os y las ni\u00f1as \u00abesto es un pel\u00edcula que se llama Billy Elliot y es de un ni\u00f1o que quer\u00eda bailar y es muy corta\u00bb.<\/p>\n<p><img data-recalc-dims=\"1\" decoding=\"async\" data-attachment-id=\"24614\" data-permalink=\"https:\/\/www.alqueria.es\/blogs\/alqueriarojaverde\/2020\/01\/31\/dana-experta-en-bailarinas\/dsc_2164\/\" data-orig-file=\"https:\/\/i0.wp.com\/cloud.alqueria.es\/wp-content\/uploads\/sites\/8\/2020\/01\/DSC_2164.jpg?fit=1024%2C789&amp;ssl=1\" data-orig-size=\"1024,789\" data-comments-opened=\"1\" data-image-meta=\"{&quot;aperture&quot;:&quot;2&quot;,&quot;credit&quot;:&quot;&quot;,&quot;camera&quot;:&quot;G3121&quot;,&quot;caption&quot;:&quot;&quot;,&quot;created_timestamp&quot;:&quot;1580477871&quot;,&quot;copyright&quot;:&quot;&quot;,&quot;focal_length&quot;:&quot;4.22&quot;,&quot;iso&quot;:&quot;50&quot;,&quot;shutter_speed&quot;:&quot;0.020005&quot;,&quot;title&quot;:&quot;&quot;,&quot;orientation&quot;:&quot;1&quot;}\" data-image-title=\"DSC_2164\" data-image-description=\"\" data-image-caption=\"\" data-large-file=\"https:\/\/i0.wp.com\/cloud.alqueria.es\/wp-content\/uploads\/sites\/8\/2020\/01\/DSC_2164.jpg?fit=474%2C365&amp;ssl=1\" class=\"alignleft size-medium wp-image-24614\" src=\"https:\/\/i0.wp.com\/cloud.alqueria.es\/wp-content\/uploads\/sites\/8\/2020\/01\/DSC_2164.jpg?resize=300%2C231&#038;ssl=1\" alt=\"\" width=\"300\" height=\"231\" srcset=\"https:\/\/cloud.alqueria.es\/wp-content\/uploads\/sites\/8\/2020\/01\/DSC_2164.jpg 1024w, https:\/\/cloud.alqueria.es\/wp-content\/uploads\/sites\/8\/2020\/01\/DSC_2164.jpg 300w, https:\/\/cloud.alqueria.es\/wp-content\/uploads\/sites\/8\/2020\/01\/DSC_2164.jpg 768w, https:\/\/cloud.alqueria.es\/wp-content\/uploads\/sites\/8\/2020\/01\/DSC_2164.jpg 948w\" sizes=\"(max-width: 300px) 100vw, 300px\" \/>En esta parte nos mostr\u00f3 unas fotos suyas realizando cinco posiciones de ballet (que al terminar nos represent\u00f3 perfectamente).<\/p>\n<p>Aprendemos que los ejercicios en la barra se hacen al principio y que sirven para el equilibrio \u00abse cogen a la barra para no caerse\u00bb.<\/p>\n<p>Por \u00faltimo nos muestra las zapatillas tan caracter\u00edsticas que se utilizan en este tipo de baile y que se llaman \u00abpuntas\u00bb.<\/p>\n<p><img data-recalc-dims=\"1\" decoding=\"async\" data-attachment-id=\"24603\" data-permalink=\"https:\/\/www.alqueria.es\/blogs\/alqueriarojaverde\/2020\/01\/31\/dana-experta-en-bailarinas\/dsc_2165\/\" data-orig-file=\"https:\/\/i0.wp.com\/cloud.alqueria.es\/wp-content\/uploads\/sites\/8\/2020\/01\/DSC_2165.jpg?fit=1024%2C781&amp;ssl=1\" data-orig-size=\"1024,781\" data-comments-opened=\"1\" data-image-meta=\"{&quot;aperture&quot;:&quot;2&quot;,&quot;credit&quot;:&quot;&quot;,&quot;camera&quot;:&quot;G3121&quot;,&quot;caption&quot;:&quot;&quot;,&quot;created_timestamp&quot;:&quot;1580477879&quot;,&quot;copyright&quot;:&quot;&quot;,&quot;focal_length&quot;:&quot;4.22&quot;,&quot;iso&quot;:&quot;50&quot;,&quot;shutter_speed&quot;:&quot;0.020005&quot;,&quot;title&quot;:&quot;&quot;,&quot;orientation&quot;:&quot;1&quot;}\" data-image-title=\"DSC_2165\" data-image-description=\"\" data-image-caption=\"\" data-large-file=\"https:\/\/i0.wp.com\/cloud.alqueria.es\/wp-content\/uploads\/sites\/8\/2020\/01\/DSC_2165.jpg?fit=474%2C362&amp;ssl=1\" class=\"alignright size-medium wp-image-24603\" src=\"https:\/\/i0.wp.com\/cloud.alqueria.es\/wp-content\/uploads\/sites\/8\/2020\/01\/DSC_2165.jpg?resize=300%2C229&#038;ssl=1\" alt=\"\" width=\"300\" height=\"229\" srcset=\"https:\/\/cloud.alqueria.es\/wp-content\/uploads\/sites\/8\/2020\/01\/DSC_2165.jpg 1024w, https:\/\/cloud.alqueria.es\/wp-content\/uploads\/sites\/8\/2020\/01\/DSC_2165.jpg 300w, https:\/\/cloud.alqueria.es\/wp-content\/uploads\/sites\/8\/2020\/01\/DSC_2165.jpg 768w, https:\/\/cloud.alqueria.es\/wp-content\/uploads\/sites\/8\/2020\/01\/DSC_2165.jpg 948w\" sizes=\"(max-width: 300px) 100vw, 300px\" \/>Como\u00a0 cierre nos habla de las distintas escuelas de Ballet, aport\u00e1ndonos como dato que la primera fue la rusa, luego la de Par\u00eds y luego la de Nueva York.<\/p>\n<p>En las im\u00e1genes nos se\u00f1ala tres obras o representaciones de ballet inventadas por Tchaikovsky (m\u00fasico ruso, nos aclara): el Lago de los Cisnes, el Cascanueces (\u00abque se hace en la Navidad\u00bb) y la Bella Durmiente con el Vals de la Flores, que nos sorprende diciendo que lo bail\u00f3 junto a su amiga In\u00e9s.<\/p>\n<p class=\"jetpack-slideshow-noscript robots-nocontent\">El pase de diapositivas requiere JavaScript.<\/p><div id=\"gallery-24590-1-slideshow\" class=\"jetpack-slideshow-window jetpack-slideshow jetpack-slideshow-black\" data-trans=\"fade\" data-autostart=\"1\" data-gallery=\"[{&quot;src&quot;:&quot;https:\\\/\\\/i0.wp.com\\\/cloud.alqueria.es\\\/wp-content\\\/uploads\\\/sites\\\/8\\\/2020\\\/01\\\/DSC_21521.jpg?fit=1024%2C578\\u0026ssl=1&quot;,&quot;id&quot;:&quot;24604&quot;,&quot;title&quot;:&quot;DSC_2152&quot;,&quot;alt&quot;:&quot;&quot;,&quot;caption&quot;:&quot;&quot;,&quot;itemprop&quot;:&quot;image&quot;},{&quot;src&quot;:&quot;https:\\\/\\\/i0.wp.com\\\/cloud.alqueria.es\\\/wp-content\\\/uploads\\\/sites\\\/8\\\/2020\\\/01\\\/DSC_2153.jpg?fit=1024%2C578\\u0026ssl=1&quot;,&quot;id&quot;:&quot;24605&quot;,&quot;title&quot;:&quot;DSC_2153&quot;,&quot;alt&quot;:&quot;&quot;,&quot;caption&quot;:&quot;&quot;,&quot;itemprop&quot;:&quot;image&quot;},{&quot;src&quot;:&quot;https:\\\/\\\/i0.wp.com\\\/cloud.alqueria.es\\\/wp-content\\\/uploads\\\/sites\\\/8\\\/2020\\\/01\\\/DSC_21541.jpg?fit=1024%2C578\\u0026ssl=1&quot;,&quot;id&quot;:&quot;24606&quot;,&quot;title&quot;:&quot;DSC_2154&quot;,&quot;alt&quot;:&quot;&quot;,&quot;caption&quot;:&quot;&quot;,&quot;itemprop&quot;:&quot;image&quot;},{&quot;src&quot;:&quot;https:\\\/\\\/i0.wp.com\\\/cloud.alqueria.es\\\/wp-content\\\/uploads\\\/sites\\\/8\\\/2020\\\/01\\\/DSC_21551.jpg?fit=1024%2C578\\u0026ssl=1&quot;,&quot;id&quot;:&quot;24607&quot;,&quot;title&quot;:&quot;DSC_2155&quot;,&quot;alt&quot;:&quot;&quot;,&quot;caption&quot;:&quot;&quot;,&quot;itemprop&quot;:&quot;image&quot;},{&quot;src&quot;:&quot;https:\\\/\\\/i0.wp.com\\\/cloud.alqueria.es\\\/wp-content\\\/uploads\\\/sites\\\/8\\\/2020\\\/01\\\/DSC_21561.jpg?fit=1024%2C578\\u0026ssl=1&quot;,&quot;id&quot;:&quot;24608&quot;,&quot;title&quot;:&quot;DSC_2156&quot;,&quot;alt&quot;:&quot;&quot;,&quot;caption&quot;:&quot;&quot;,&quot;itemprop&quot;:&quot;image&quot;},{&quot;src&quot;:&quot;https:\\\/\\\/i0.wp.com\\\/cloud.alqueria.es\\\/wp-content\\\/uploads\\\/sites\\\/8\\\/2020\\\/01\\\/DSC_2159.jpg?fit=1024%2C578\\u0026ssl=1&quot;,&quot;id&quot;:&quot;24609&quot;,&quot;title&quot;:&quot;DSC_2159&quot;,&quot;alt&quot;:&quot;&quot;,&quot;caption&quot;:&quot;&quot;,&quot;itemprop&quot;:&quot;image&quot;}]\" itemscope itemtype=\"https:\/\/schema.org\/ImageGallery\"><\/div>\n<p>Antes del turno de preguntas nos hizo una demostraci\u00f3n de cada una de las posturas, para que intent\u00e1semos averiguar de cu\u00e1l se trataba y nos ense\u00f1\u00f3 el material con el que hab\u00eda preparado el experto. La pel\u00edcula no la pudimos ver, dada su extensi\u00f3n, pero para el juego posterior s\u00ed que lo ambientamos con el ballet original del Lago de los Cisnes.<\/p>\n<p>Realizamos un calentamiento, un breve ensayo de posturas, algunos bailes conjuntos y para finalizar una espont\u00e1nea representaci\u00f3n, con Dana al frente de la coreograf\u00eda y dirigida musicalmente por Pablo, ja, ja, ja.<\/p>\n<p class=\"jetpack-slideshow-noscript robots-nocontent\">El pase de diapositivas requiere JavaScript.<\/p><div id=\"gallery-24590-2-slideshow\" class=\"jetpack-slideshow-window jetpack-slideshow jetpack-slideshow-black\" data-trans=\"fade\" data-autostart=\"1\" data-gallery=\"[{&quot;src&quot;:&quot;https:\\\/\\\/i0.wp.com\\\/cloud.alqueria.es\\\/wp-content\\\/uploads\\\/sites\\\/8\\\/2020\\\/01\\\/DSC_2160.jpg?fit=1024%2C578\\u0026ssl=1&quot;,&quot;id&quot;:&quot;24610&quot;,&quot;title&quot;:&quot;DSC_2160&quot;,&quot;alt&quot;:&quot;&quot;,&quot;caption&quot;:&quot;Hay que estirar bien\\u0026#8230;&quot;,&quot;itemprop&quot;:&quot;image&quot;},{&quot;src&quot;:&quot;https:\\\/\\\/i0.wp.com\\\/cloud.alqueria.es\\\/wp-content\\\/uploads\\\/sites\\\/8\\\/2020\\\/01\\\/DSC_21611.jpg?fit=1024%2C578\\u0026ssl=1&quot;,&quot;id&quot;:&quot;24611&quot;,&quot;title&quot;:&quot;DSC_2161&quot;,&quot;alt&quot;:&quot;&quot;,&quot;caption&quot;:&quot;Ensayamos posturas\\u0026#8230;&quot;,&quot;itemprop&quot;:&quot;image&quot;},{&quot;src&quot;:&quot;https:\\\/\\\/i0.wp.com\\\/cloud.alqueria.es\\\/wp-content\\\/uploads\\\/sites\\\/8\\\/2020\\\/01\\\/DSC_21651.jpg?fit=1024%2C578\\u0026ssl=1&quot;,&quot;id&quot;:&quot;24615&quot;,&quot;title&quot;:&quot;DSC_2165&quot;,&quot;alt&quot;:&quot;&quot;,&quot;caption&quot;:&quot;Pasos de la coreograf\\u00eda\\u0026#8230;&quot;,&quot;itemprop&quot;:&quot;image&quot;},{&quot;src&quot;:&quot;https:\\\/\\\/i0.wp.com\\\/cloud.alqueria.es\\\/wp-content\\\/uploads\\\/sites\\\/8\\\/2020\\\/01\\\/DSC_2162.jpg?fit=1024%2C578\\u0026ssl=1&quot;,&quot;id&quot;:&quot;24612&quot;,&quot;title&quot;:&quot;DSC_2162&quot;,&quot;alt&quot;:&quot;&quot;,&quot;caption&quot;:&quot;Baile libre y\\u0026#8230;&quot;,&quot;itemprop&quot;:&quot;image&quot;},{&quot;src&quot;:&quot;https:\\\/\\\/i0.wp.com\\\/cloud.alqueria.es\\\/wp-content\\\/uploads\\\/sites\\\/8\\\/2020\\\/01\\\/DSC_2166.jpg?fit=1024%2C578\\u0026ssl=1&quot;,&quot;id&quot;:&quot;24616&quot;,&quot;title&quot;:&quot;DSC_2166&quot;,&quot;alt&quot;:&quot;&quot;,&quot;caption&quot;:&quot;Representaci\\u00f3n final.&quot;,&quot;itemprop&quot;:&quot;image&quot;}]\" itemscope itemtype=\"https:\/\/schema.org\/ImageGallery\"><\/div>\n<p>Felicidades Dana por tu esfuerzo, un experto sin duda que recordar\u00e1n durante mucho tiempo.<\/p>\n<p>\u00a1Buen fin de semana familias!<\/p>\n<p>P.D: Seguimos con los continentes, de momento estamos en la Ant\u00e1rtida a ver hasta donde viajamos la semana pr\u00f3xima.<\/p>\n<p>Esther Justicia.<\/p>\n<p>&nbsp;<\/p>\n","protected":false},"excerpt":{"rendered":"<p>Con la conferencia-experto que Dana nos ofreci\u00f3 el pasado martes, ya ha vivido esta experiencia dos tercios del grupo. El tema que ha elegido para investigar, estructurar y aprender ha sido una de sus pasiones, la danza. Aunque ella ha preferido llamarlo \u00abEXPERTO EN BAILARINAS\u00bb. Emple\u00f3 un tono de voz algo bajito, pero se enfrent\u00f3 &hellip; <a href=\"https:\/\/www.alqueria.es\/blogs\/alqueriarojaverde\/2020\/01\/31\/dana-experta-en-bailarinas\/\" class=\"more-link\">Seguir leyendo <span class=\"screen-reader-text\">DANA, EXPERTA EN BAILARINAS<\/span> <span class=\"meta-nav\">&rarr;<\/span><\/a><\/p>\n","protected":false},"author":19,"featured_media":0,"comment_status":"open","ping_status":"open","sticky":false,"template":"","format":"standard","meta":{"jetpack_post_was_ever_published":false,"_jetpack_newsletter_access":"","_jetpack_dont_email_post_to_subs":false,"_jetpack_newsletter_tier_id":0,"_jetpack_memberships_contains_paywalled_content":false,"_jetpack_memberships_contains_paid_content":false,"footnotes":"","jetpack_publicize_message":"","jetpack_publicize_feature_enabled":true,"jetpack_social_post_already_shared":true,"jetpack_social_options":{"image_generator_settings":{"template":"highway","default_image_id":0,"font":"","enabled":false},"version":2}},"categories":[7,11,13],"tags":[731],"class_list":["post-24590","post","type-post","status-publish","format-standard","hentry","category-clase-verde-5-6-anos","category-expertosas-clase-verde","category-inicio","tag-conferencia-experto-en-bailarinas"],"jetpack_publicize_connections":[],"jetpack_featured_media_url":"","jetpack_sharing_enabled":true,"jetpack_shortlink":"https:\/\/wp.me\/p4lFbP-6oC","_links":{"self":[{"href":"https:\/\/www.alqueria.es\/blogs\/alqueriarojaverde\/wp-json\/wp\/v2\/posts\/24590","targetHints":{"allow":["GET"]}}],"collection":[{"href":"https:\/\/www.alqueria.es\/blogs\/alqueriarojaverde\/wp-json\/wp\/v2\/posts"}],"about":[{"href":"https:\/\/www.alqueria.es\/blogs\/alqueriarojaverde\/wp-json\/wp\/v2\/types\/post"}],"author":[{"embeddable":true,"href":"https:\/\/www.alqueria.es\/blogs\/alqueriarojaverde\/wp-json\/wp\/v2\/users\/19"}],"replies":[{"embeddable":true,"href":"https:\/\/www.alqueria.es\/blogs\/alqueriarojaverde\/wp-json\/wp\/v2\/comments?post=24590"}],"version-history":[{"count":2,"href":"https:\/\/www.alqueria.es\/blogs\/alqueriarojaverde\/wp-json\/wp\/v2\/posts\/24590\/revisions"}],"predecessor-version":[{"id":24618,"href":"https:\/\/www.alqueria.es\/blogs\/alqueriarojaverde\/wp-json\/wp\/v2\/posts\/24590\/revisions\/24618"}],"wp:attachment":[{"href":"https:\/\/www.alqueria.es\/blogs\/alqueriarojaverde\/wp-json\/wp\/v2\/media?parent=24590"}],"wp:term":[{"taxonomy":"category","embeddable":true,"href":"https:\/\/www.alqueria.es\/blogs\/alqueriarojaverde\/wp-json\/wp\/v2\/categories?post=24590"},{"taxonomy":"post_tag","embeddable":true,"href":"https:\/\/www.alqueria.es\/blogs\/alqueriarojaverde\/wp-json\/wp\/v2\/tags?post=24590"}],"curies":[{"name":"wp","href":"https:\/\/api.w.org\/{rel}","templated":true}]}}