{"id":24592,"date":"2020-01-31T10:37:04","date_gmt":"2020-01-31T09:37:04","guid":{"rendered":"http:\/\/www.alqueria.es\/blogs\/alqueriarojaverde\/?p=24592"},"modified":"2020-01-31T10:37:04","modified_gmt":"2020-01-31T09:37:04","slug":"la-paz-comienza-con-una-sonrisa","status":"publish","type":"post","link":"https:\/\/www.alqueria.es\/blogs\/alqueriarojaverde\/2020\/01\/31\/la-paz-comienza-con-una-sonrisa\/","title":{"rendered":"\u00abLA PAZ COMIENZA CON UNA SONRISA\u00bb"},"content":{"rendered":"<p><em><strong>\u00abLa paz comienza con una sonrisa\u00bb<\/strong> (madre Teresa de Calcuta)<\/em>, una cita \u00a0que abre la puerta hacia una reflexi\u00f3n m\u00e1s profunda de c\u00f3mo alcanzar una convivencia en paz y armon\u00eda con los que nos rodean.<\/p>\n<p>Como cada a\u00f1o, \u00a0la celebraci\u00f3n del d\u00eda de la Paz y la no violencia escolar, es celebrado en nuestro centro con una significaci\u00f3n muy especial. Realizamos una actividad que engloba a todo el alumnado de 3 a 12 a\u00f1os y que se lleva a cabo mediante la estructuraci\u00f3n de los participantes en grupos heterog\u00e9neos de edad, de forma que las relaciones interpersonales se enriquezcan y complementen.<\/p>\n<p>En esta ocasi\u00f3n hemos visto conveniente y necesario abordar el tema desde la necesidad imperante de comenzar por nuestra paz interior, como forma de promover la paz con el resto de las personas.<\/p>\n<p>Dentro del trabajo en torno a la educaci\u00f3n emocional de nuestro alumnado utilizamos numerosos recursos, experiencias y actividades que posibilitan un mayor conocimiento de las emociones: nomenclatura, identificaci\u00f3n, gesti\u00f3n y regulaci\u00f3n. Una de las muchas herramientas que en los \u00faltimos cursos hemos implementado es la pr\u00e1ctica sistem\u00e1tica de Mindfulness como forma de entrenamiento para que la atenci\u00f3n individual se centre en el AQU\u00cd \u00a0Y EL AHORA (con todo lo que ella implica).<\/p>\n<p>En numerosas ocasiones la vor\u00e1gine en la que nos vemos envueltos (adultos y ni\u00f1os) nos hace mantenernos en un constante \u00abpiloto autom\u00e1tico\u00bb que coarta las posibilidades de disfrutar de todas las cosas maravillosas que suceden a nuestro alrededor en el d\u00eda a d\u00eda. Pararnos en situaciones cotidianas que son dignas de agradecimiento, como una sonrisa, un compa\u00f1ero que solicita mi ayuda, alguien que reconoce nuestro trabajo, un abrazo, una mirada c\u00f3mplice, el juego compartido, la ayuda mutua, el privilegio de estar en contacto con la naturaleza cada d\u00eda, una familia que nos quiere y acompa\u00f1a, etc. , deber\u00eda formar parte de nuestra conciencia emocional y para ello podr\u00edamos instaurar la \u00abdin\u00e1mica de la gratitud\u00bb, con la que cada d\u00eda recordemos algo por lo que sentirnos agradecidos, que disipe aquellas emociones con connotaci\u00f3n m\u00e1s negativa que suelen fijarse con m\u00e1s fuerza en nosotros.<\/p>\n<p>Como principales agentes educadores que somos (familia y colegio) de \u00abnuestros peques\u00bb debemos ser conscientes que son reflejo de lo que ven y viven, as\u00ed que trabajemos nuestra emoci\u00f3n para poder acompa\u00f1arles a ellos.<\/p>\n<p>Os dejo el enlace del video sobre el cual realizamos ayer la reflexi\u00f3n con el alumnado y os propongo volver a verlo en familia. Ser\u00e1n ellos mismos quienes os aporten la cantidad de aspectos que se analizaron, descubrieron y aprendieron.<\/p>\n<p><span class=\"embed-youtube\" style=\"text-align:center; display: block;\"><div class=\"a25-CTUOC-hidding-box\" data-original-content=\"&lt;iframe loading=&quot;lazy&quot; class=&quot;youtube-player&quot; width=&quot;474&quot; height=&quot;267&quot; src=&quot;https:\/\/www.youtube.com\/embed\/LD6Zox0xshI?version=3&amp;#038;rel=1&amp;#038;showsearch=0&amp;#038;showinfo=1&amp;#038;iv_load_policy=1&amp;#038;fs=1&amp;#038;hl=es-ES&amp;#038;autohide=2&amp;#038;wmode=transparent&quot; allowfullscreen=&quot;true&quot; style=&quot;border:0;&quot; sandbox=&quot;allow-scripts allow-same-origin allow-popups allow-presentation allow-popups-to-escape-sandbox&quot;&gt;&lt;\/iframe&gt;\">Esta p\u00e1gina incluye contenido multimedia que requiere aceptar todas las cookies. Pulse aqu\u00ed para abrir la configuraci\u00f3n de cookies.<\/div><\/span><\/p>\n<p>Ya que la pr\u00e1ctica formal de Mindfulness con edades tan dispares no es demasiado significativa, recurrimos a los <em><strong><span style=\"color: #3366ff\">mandalas<\/span> <\/strong><\/em>como herramienta que favorece la relajaci\u00f3n y concentraci\u00f3n, si se realiza de la forma adecuada. Les dieron color por parejas y comenzaron de fuera hacia adentro, que es la forma de conseguir la concentraci\u00f3n. El resultado est\u00e1 expuesto en los distintos tablones expositores de la planta de primaria e infantil.<\/p>\n<p class=\"jetpack-slideshow-noscript robots-nocontent\">El pase de diapositivas requiere JavaScript.<\/p><div id=\"gallery-24592-1-slideshow\" class=\"jetpack-slideshow-window jetpack-slideshow jetpack-slideshow-black\" data-trans=\"fade\" data-autostart=\"1\" data-gallery=\"[{&quot;src&quot;:&quot;https:\\\/\\\/i0.wp.com\\\/cloud.alqueria.es\\\/wp-content\\\/uploads\\\/sites\\\/8\\\/2020\\\/01\\\/DSC_2154.jpg?fit=1024%2C577\\u0026ssl=1&quot;,&quot;id&quot;:&quot;24594&quot;,&quot;title&quot;:&quot;DSC_2154&quot;,&quot;alt&quot;:&quot;&quot;,&quot;caption&quot;:&quot;&quot;,&quot;itemprop&quot;:&quot;image&quot;},{&quot;src&quot;:&quot;https:\\\/\\\/i0.wp.com\\\/cloud.alqueria.es\\\/wp-content\\\/uploads\\\/sites\\\/8\\\/2020\\\/01\\\/DSC_2155.jpg?fit=1024%2C577\\u0026ssl=1&quot;,&quot;id&quot;:&quot;24595&quot;,&quot;title&quot;:&quot;DSC_2155&quot;,&quot;alt&quot;:&quot;&quot;,&quot;caption&quot;:&quot;&quot;,&quot;itemprop&quot;:&quot;image&quot;},{&quot;src&quot;:&quot;https:\\\/\\\/i0.wp.com\\\/cloud.alqueria.es\\\/wp-content\\\/uploads\\\/sites\\\/8\\\/2020\\\/01\\\/DSC_2157.jpg?fit=1024%2C578\\u0026ssl=1&quot;,&quot;id&quot;:&quot;24597&quot;,&quot;title&quot;:&quot;DSC_2157&quot;,&quot;alt&quot;:&quot;&quot;,&quot;caption&quot;:&quot;&quot;,&quot;itemprop&quot;:&quot;image&quot;},{&quot;src&quot;:&quot;https:\\\/\\\/i0.wp.com\\\/cloud.alqueria.es\\\/wp-content\\\/uploads\\\/sites\\\/8\\\/2020\\\/01\\\/DSC_2156.jpg?fit=1024%2C577\\u0026ssl=1&quot;,&quot;id&quot;:&quot;24596&quot;,&quot;title&quot;:&quot;DSC_2156&quot;,&quot;alt&quot;:&quot;&quot;,&quot;caption&quot;:&quot;&quot;,&quot;itemprop&quot;:&quot;image&quot;},{&quot;src&quot;:&quot;https:\\\/\\\/i0.wp.com\\\/cloud.alqueria.es\\\/wp-content\\\/uploads\\\/sites\\\/8\\\/2020\\\/01\\\/DSC_2158.jpg?fit=1024%2C578\\u0026ssl=1&quot;,&quot;id&quot;:&quot;24598&quot;,&quot;title&quot;:&quot;DSC_2158&quot;,&quot;alt&quot;:&quot;&quot;,&quot;caption&quot;:&quot;&quot;,&quot;itemprop&quot;:&quot;image&quot;},{&quot;src&quot;:&quot;https:\\\/\\\/i0.wp.com\\\/cloud.alqueria.es\\\/wp-content\\\/uploads\\\/sites\\\/8\\\/2020\\\/01\\\/DSC_2161.jpg?fit=1024%2C577\\u0026ssl=1&quot;,&quot;id&quot;:&quot;24599&quot;,&quot;title&quot;:&quot;DSC_2161&quot;,&quot;alt&quot;:&quot;&quot;,&quot;caption&quot;:&quot;&quot;,&quot;itemprop&quot;:&quot;image&quot;}]\" itemscope itemtype=\"https:\/\/schema.org\/ImageGallery\"><\/div>\n<p><div class=\"a25-CTUOC-hidding-box\" data-original-content=\"&lt;iframe loading=&quot;lazy&quot; title=&quot;D\u00eda de la paz 2020. Colegio Alquer\u00eda (Granada)&quot; src=&quot;https:\/\/player.vimeo.com\/video\/388426084?dnt=1&amp;amp;app_id=122963&quot; width=&quot;474&quot; height=&quot;267&quot; frameborder=&quot;0&quot; allow=&quot;autoplay; fullscreen; picture-in-picture; clipboard-write&quot;&gt;&lt;\/iframe&gt;\">Esta p\u00e1gina incluye contenido multimedia que requiere aceptar todas las cookies. Pulse aqu\u00ed para abrir la configuraci\u00f3n de cookies.<\/div><\/p>\n<p>Para finalizar nos reunimos todos e hicimos una asamblea en la que compartimos las reflexiones obtenidas en cada uno de los grupos y nos felicitamos conjuntamente el D\u00cdA DE LA PAZ.<\/p>\n<p><img data-recalc-dims=\"1\" decoding=\"async\" data-attachment-id=\"24600\" data-permalink=\"https:\/\/www.alqueria.es\/blogs\/alqueriarojaverde\/2020\/01\/31\/la-paz-comienza-con-una-sonrisa\/img-20200130-wa0002\/\" data-orig-file=\"https:\/\/i0.wp.com\/cloud.alqueria.es\/wp-content\/uploads\/sites\/8\/2020\/01\/IMG-20200130-WA0002.jpg?fit=1024%2C768&amp;ssl=1\" data-orig-size=\"1024,768\" data-comments-opened=\"1\" data-image-meta=\"{&quot;aperture&quot;:&quot;0&quot;,&quot;credit&quot;:&quot;&quot;,&quot;camera&quot;:&quot;&quot;,&quot;caption&quot;:&quot;&quot;,&quot;created_timestamp&quot;:&quot;0&quot;,&quot;copyright&quot;:&quot;&quot;,&quot;focal_length&quot;:&quot;0&quot;,&quot;iso&quot;:&quot;0&quot;,&quot;shutter_speed&quot;:&quot;0&quot;,&quot;title&quot;:&quot;&quot;,&quot;orientation&quot;:&quot;0&quot;}\" data-image-title=\"IMG-20200130-WA0002\" data-image-description=\"\" data-image-caption=\"\" data-large-file=\"https:\/\/i0.wp.com\/cloud.alqueria.es\/wp-content\/uploads\/sites\/8\/2020\/01\/IMG-20200130-WA0002.jpg?fit=474%2C356&amp;ssl=1\" class=\"aligncenter size-full wp-image-24600\" src=\"https:\/\/i0.wp.com\/cloud.alqueria.es\/wp-content\/uploads\/sites\/8\/2020\/01\/IMG-20200130-WA0002.jpg?resize=474%2C356&#038;ssl=1\" alt=\"\" width=\"474\" height=\"356\" srcset=\"https:\/\/cloud.alqueria.es\/wp-content\/uploads\/sites\/8\/2020\/01\/IMG-20200130-WA0002.jpg 1024w, https:\/\/cloud.alqueria.es\/wp-content\/uploads\/sites\/8\/2020\/01\/IMG-20200130-WA0002.jpg 300w, https:\/\/cloud.alqueria.es\/wp-content\/uploads\/sites\/8\/2020\/01\/IMG-20200130-WA0002.jpg 768w, https:\/\/cloud.alqueria.es\/wp-content\/uploads\/sites\/8\/2020\/01\/IMG-20200130-WA0002.jpg 948w\" sizes=\"(max-width: 474px) 100vw, 474px\" \/><\/p>\n<p>\u00a1Un abrazo!,<\/p>\n<p>Esther Justicia.<\/p>\n<p>&nbsp;<\/p>\n","protected":false},"excerpt":{"rendered":"<p>\u00abLa paz comienza con una sonrisa\u00bb (madre Teresa de Calcuta), una cita \u00a0que abre la puerta hacia una reflexi\u00f3n m\u00e1s profunda de c\u00f3mo alcanzar una convivencia en paz y armon\u00eda con los que nos rodean. Como cada a\u00f1o, \u00a0la celebraci\u00f3n del d\u00eda de la Paz y la no violencia escolar, es celebrado en nuestro centro &hellip; <a href=\"https:\/\/www.alqueria.es\/blogs\/alqueriarojaverde\/2020\/01\/31\/la-paz-comienza-con-una-sonrisa\/\" class=\"more-link\">Seguir leyendo <span class=\"screen-reader-text\">\u00abLA PAZ COMIENZA CON UNA SONRISA\u00bb<\/span> <span class=\"meta-nav\">&rarr;<\/span><\/a><\/p>\n","protected":false},"author":19,"featured_media":0,"comment_status":"open","ping_status":"open","sticky":false,"template":"","format":"standard","meta":{"jetpack_post_was_ever_published":false,"_jetpack_newsletter_access":"","_jetpack_dont_email_post_to_subs":false,"_jetpack_newsletter_tier_id":0,"_jetpack_memberships_contains_paywalled_content":false,"_jetpack_memberships_contains_paid_content":false,"footnotes":"","jetpack_publicize_message":"","jetpack_publicize_feature_enabled":true,"jetpack_social_post_already_shared":true,"jetpack_social_options":{"image_generator_settings":{"template":"highway","default_image_id":0,"font":"","enabled":false},"version":2}},"categories":[23,7],"tags":[193],"class_list":["post-24592","post","type-post","status-publish","format-standard","hentry","category-actividades-especiales-y-salidas-clase-verde","category-clase-verde-5-6-anos","tag-dia-de-la-paz-y-la-no-violencia"],"jetpack_publicize_connections":[],"jetpack_featured_media_url":"","jetpack_sharing_enabled":true,"jetpack_shortlink":"https:\/\/wp.me\/p4lFbP-6oE","_links":{"self":[{"href":"https:\/\/www.alqueria.es\/blogs\/alqueriarojaverde\/wp-json\/wp\/v2\/posts\/24592","targetHints":{"allow":["GET"]}}],"collection":[{"href":"https:\/\/www.alqueria.es\/blogs\/alqueriarojaverde\/wp-json\/wp\/v2\/posts"}],"about":[{"href":"https:\/\/www.alqueria.es\/blogs\/alqueriarojaverde\/wp-json\/wp\/v2\/types\/post"}],"author":[{"embeddable":true,"href":"https:\/\/www.alqueria.es\/blogs\/alqueriarojaverde\/wp-json\/wp\/v2\/users\/19"}],"replies":[{"embeddable":true,"href":"https:\/\/www.alqueria.es\/blogs\/alqueriarojaverde\/wp-json\/wp\/v2\/comments?post=24592"}],"version-history":[{"count":2,"href":"https:\/\/www.alqueria.es\/blogs\/alqueriarojaverde\/wp-json\/wp\/v2\/posts\/24592\/revisions"}],"predecessor-version":[{"id":24602,"href":"https:\/\/www.alqueria.es\/blogs\/alqueriarojaverde\/wp-json\/wp\/v2\/posts\/24592\/revisions\/24602"}],"wp:attachment":[{"href":"https:\/\/www.alqueria.es\/blogs\/alqueriarojaverde\/wp-json\/wp\/v2\/media?parent=24592"}],"wp:term":[{"taxonomy":"category","embeddable":true,"href":"https:\/\/www.alqueria.es\/blogs\/alqueriarojaverde\/wp-json\/wp\/v2\/categories?post=24592"},{"taxonomy":"post_tag","embeddable":true,"href":"https:\/\/www.alqueria.es\/blogs\/alqueriarojaverde\/wp-json\/wp\/v2\/tags?post=24592"}],"curies":[{"name":"wp","href":"https:\/\/api.w.org\/{rel}","templated":true}]}}