{"id":24700,"date":"2020-02-07T16:33:14","date_gmt":"2020-02-07T15:33:14","guid":{"rendered":"http:\/\/www.alqueria.es\/blogs\/alqueriarojaverde\/?p=24700"},"modified":"2020-02-07T10:41:53","modified_gmt":"2020-02-07T09:41:53","slug":"salida-a-la-vega-del-ciclo-3-6-anos","status":"publish","type":"post","link":"https:\/\/www.alqueria.es\/blogs\/alqueriarojaverde\/2020\/02\/07\/salida-a-la-vega-del-ciclo-3-6-anos\/","title":{"rendered":"SALIDA A LA VEGA DEL CICLO 3-6 A\u00d1OS"},"content":{"rendered":"<p>Ayer disfrutamos de la salida mensual por nuestro entorno m\u00e1s cercano: LA VEGA DE GRANADA.\u00a0 Fu\u00e9 un agradable paseo, en el que por sorpresa, nos encontramos a un grupo que montaban a caballo y nos quedamos embobados. Llegamos hasta la \u00abcasa de la bruja\u00bb y sus alrededores. Los <strong><span style=\"color: #003300\">Verdes<\/span><\/strong>, como mayores del ciclo, van los primeros y nos van avisando de posibles peligros de manera que no pisemos barro o excrementos de animales. Los <strong><span style=\"color: #ff0000\">rojitos<\/span><\/strong> que somos los medianos vamos los \u00faltimos y vigilamos a los <strong><span style=\"color: #ff6600\">naranjitas<\/span> <\/strong>que van delante. Para ellos estas salidas son muy significativas y van muy pendientes de las cosas que hay sembradas, de los p\u00e1jaros que se ven revoloteando, de c\u00f3mo est\u00e1n los \u00e1rboles ahora en invierno&#8230;.Nos paramos un momento a observar desde lejos nuestro cole y les da mucha alegr\u00eda.<\/p>\n<p>Aqu\u00ed os dejo algunas fotos del momento:<\/p>\n<p class=\"jetpack-slideshow-noscript robots-nocontent\">El pase de diapositivas requiere JavaScript.<\/p><div id=\"gallery-24700-1-slideshow\" class=\"jetpack-slideshow-window jetpack-slideshow jetpack-slideshow-black\" data-trans=\"fade\" data-autostart=\"1\" data-gallery=\"[{&quot;src&quot;:&quot;https:\\\/\\\/i0.wp.com\\\/cloud.alqueria.es\\\/wp-content\\\/uploads\\\/sites\\\/8\\\/2020\\\/02\\\/IMG-20200206-WA0011.jpg?fit=576%2C1024\\u0026ssl=1&quot;,&quot;id&quot;:&quot;24701&quot;,&quot;title&quot;:&quot;IMG-20200206-WA0011&quot;,&quot;alt&quot;:&quot;&quot;,&quot;caption&quot;:&quot;&quot;,&quot;itemprop&quot;:&quot;image&quot;},{&quot;src&quot;:&quot;https:\\\/\\\/i0.wp.com\\\/cloud.alqueria.es\\\/wp-content\\\/uploads\\\/sites\\\/8\\\/2020\\\/02\\\/IMG-20200206-WA0003.jpg?fit=768%2C1024\\u0026ssl=1&quot;,&quot;id&quot;:&quot;24707&quot;,&quot;title&quot;:&quot;IMG-20200206-WA0003&quot;,&quot;alt&quot;:&quot;&quot;,&quot;caption&quot;:&quot;&quot;,&quot;itemprop&quot;:&quot;image&quot;},{&quot;src&quot;:&quot;https:\\\/\\\/i0.wp.com\\\/cloud.alqueria.es\\\/wp-content\\\/uploads\\\/sites\\\/8\\\/2020\\\/02\\\/IMG-20200206-WA0008.jpg?fit=1024%2C576\\u0026ssl=1&quot;,&quot;id&quot;:&quot;24704&quot;,&quot;title&quot;:&quot;IMG-20200206-WA0008&quot;,&quot;alt&quot;:&quot;&quot;,&quot;caption&quot;:&quot;&quot;,&quot;itemprop&quot;:&quot;image&quot;},{&quot;src&quot;:&quot;https:\\\/\\\/i0.wp.com\\\/cloud.alqueria.es\\\/wp-content\\\/uploads\\\/sites\\\/8\\\/2020\\\/02\\\/IMG-20200206-WA0010.jpg?fit=1024%2C576\\u0026ssl=1&quot;,&quot;id&quot;:&quot;24702&quot;,&quot;title&quot;:&quot;IMG-20200206-WA0010&quot;,&quot;alt&quot;:&quot;&quot;,&quot;caption&quot;:&quot;&quot;,&quot;itemprop&quot;:&quot;image&quot;},{&quot;src&quot;:&quot;https:\\\/\\\/i0.wp.com\\\/cloud.alqueria.es\\\/wp-content\\\/uploads\\\/sites\\\/8\\\/2020\\\/02\\\/IMG-20200206-WA0000.jpg?fit=1024%2C768\\u0026ssl=1&quot;,&quot;id&quot;:&quot;24706&quot;,&quot;title&quot;:&quot;IMG-20200206-WA0000&quot;,&quot;alt&quot;:&quot;&quot;,&quot;caption&quot;:&quot;&quot;,&quot;itemprop&quot;:&quot;image&quot;},{&quot;src&quot;:&quot;https:\\\/\\\/i0.wp.com\\\/cloud.alqueria.es\\\/wp-content\\\/uploads\\\/sites\\\/8\\\/2020\\\/02\\\/IMG-20200206-WA0009.jpg?fit=1024%2C576\\u0026ssl=1&quot;,&quot;id&quot;:&quot;24703&quot;,&quot;title&quot;:&quot;IMG-20200206-WA0009&quot;,&quot;alt&quot;:&quot;&quot;,&quot;caption&quot;:&quot;&quot;,&quot;itemprop&quot;:&quot;image&quot;}]\" itemscope itemtype=\"https:\/\/schema.org\/ImageGallery\"><\/div>\n<p>Por la tarde, realizamos un dibujo creativo sobre nuestra salida. En esta ocasi\u00f3n utilizamos una t\u00e9cnica que les gusta mucho ACUARELAS.<\/p>\n<p><img data-recalc-dims=\"1\" decoding=\"async\" data-attachment-id=\"24711\" data-permalink=\"https:\/\/www.alqueria.es\/blogs\/alqueriarojaverde\/2020\/02\/07\/salida-a-la-vega-del-ciclo-3-6-anos\/img-20200207-wa0001\/\" data-orig-file=\"https:\/\/i0.wp.com\/cloud.alqueria.es\/wp-content\/uploads\/sites\/8\/2020\/02\/IMG-20200207-WA0001.jpg?fit=576%2C1024&amp;ssl=1\" data-orig-size=\"576,1024\" data-comments-opened=\"1\" data-image-meta=\"{&quot;aperture&quot;:&quot;0&quot;,&quot;credit&quot;:&quot;&quot;,&quot;camera&quot;:&quot;&quot;,&quot;caption&quot;:&quot;&quot;,&quot;created_timestamp&quot;:&quot;0&quot;,&quot;copyright&quot;:&quot;&quot;,&quot;focal_length&quot;:&quot;0&quot;,&quot;iso&quot;:&quot;0&quot;,&quot;shutter_speed&quot;:&quot;0&quot;,&quot;title&quot;:&quot;&quot;,&quot;orientation&quot;:&quot;0&quot;}\" data-image-title=\"IMG-20200207-WA0001\" data-image-description=\"\" data-image-caption=\"\" data-large-file=\"https:\/\/i0.wp.com\/cloud.alqueria.es\/wp-content\/uploads\/sites\/8\/2020\/02\/IMG-20200207-WA0001.jpg?fit=474%2C843&amp;ssl=1\" class=\"alignleft size-medium wp-image-24711\" src=\"https:\/\/i0.wp.com\/cloud.alqueria.es\/wp-content\/uploads\/sites\/8\/2020\/02\/IMG-20200207-WA0001.jpg?resize=169%2C300&#038;ssl=1\" alt=\"\" width=\"169\" height=\"300\" srcset=\"https:\/\/cloud.alqueria.es\/wp-content\/uploads\/sites\/8\/2020\/02\/IMG-20200207-WA0001.jpg 576w, https:\/\/cloud.alqueria.es\/wp-content\/uploads\/sites\/8\/2020\/02\/IMG-20200207-WA0001.jpg 169w\" sizes=\"(max-width: 169px) 100vw, 169px\" \/>Esta semana adem\u00e1s de las sesiones con los diferentes especialistas, trabajo de l\u00f3gica-matem\u00e1tica (asambleas), m\u00e9todo de propuestas&#8230;.., comenzamos con los preparativos de Carnaval que es el d\u00eda 21 de febrero. Entre las tareas a realizar: preparamos la letra de nuestra chirigota (que es un secreto shhhhhhh) y comenzamos a hacer las m\u00e1scaras con vendas de escayola ( est\u00e1n ansiosos de que les toque el turno).<\/p>\n<p>&nbsp;<\/p>\n<p>Y para finalizar la semana, <strong><span style=\"color: #ff0000\">Tarde Cooperativa<\/span><\/strong>, donde tenemos juegos en el Jard\u00edn y merienda s\u00faper rica.<\/p>\n<p><em>PD: Los alumnos de quinto y sexto de Primaria y nosotros como profesores, hemos recibido una charla informativa\u00a0 para concienciar a nuestro alumnado en la utilizaci\u00f3n de las tecnolog\u00edas, huella digital, la imagen digital que se proyecta sobre uno mismo y el tipo de informaci\u00f3n que se deja en la red. Os dejo el enlace al <a href=\"https:\/\/www.alqueria.es\/blogs\/colegioalqueriatercerciclo\/\">blog del tercer ciclo\u00a0<\/a> porque es muy interesante que como familias tambi\u00e9n est\u00e9is informados.<\/em><\/p>\n<p><em>M\u00e1s deberes para el fin de semana, os enlazo el <a href=\"https:\/\/www.alqueria.es\/blogs\/alqueriaenglish38\/\">blog de ingl\u00e9s (RED CLASS)<\/a> para que est\u00e9is informados de lo que hacen vuestro peques en este \u00e1rea.<\/em><\/p>\n<p>BUEN FIN DE SEMANA A TODOS.<\/p>\n<p>Carmen<\/p>\n","protected":false},"excerpt":{"rendered":"<p>Ayer disfrutamos de la salida mensual por nuestro entorno m\u00e1s cercano: LA VEGA DE GRANADA.\u00a0 Fu\u00e9 un agradable paseo, en el que por sorpresa, nos encontramos a un grupo que montaban a caballo y nos quedamos embobados. Llegamos hasta la \u00abcasa de la bruja\u00bb y sus alrededores. Los Verdes, como mayores del ciclo, van los &hellip; <a href=\"https:\/\/www.alqueria.es\/blogs\/alqueriarojaverde\/2020\/02\/07\/salida-a-la-vega-del-ciclo-3-6-anos\/\" class=\"more-link\">Seguir leyendo <span class=\"screen-reader-text\">SALIDA A LA VEGA DEL CICLO 3-6 A\u00d1OS<\/span> <span class=\"meta-nav\">&rarr;<\/span><\/a><\/p>\n","protected":false},"author":19,"featured_media":0,"comment_status":"open","ping_status":"open","sticky":false,"template":"","format":"standard","meta":{"jetpack_post_was_ever_published":false,"_jetpack_newsletter_access":"","_jetpack_dont_email_post_to_subs":false,"_jetpack_newsletter_tier_id":0,"_jetpack_memberships_contains_paywalled_content":false,"_jetpack_memberships_contains_paid_content":false,"footnotes":"","jetpack_publicize_message":"","jetpack_publicize_feature_enabled":true,"jetpack_social_post_already_shared":true,"jetpack_social_options":{"image_generator_settings":{"template":"highway","default_image_id":0,"font":"","enabled":false},"version":2}},"categories":[22,6],"tags":[137,737],"class_list":["post-24700","post","type-post","status-publish","format-standard","hentry","category-actividades-especiales-y-salidas-clase-roja","category-clase-roja-4-5-anos","tag-carnaval-infantil","tag-salidas-a-la-vega"],"jetpack_publicize_connections":[],"jetpack_featured_media_url":"","jetpack_sharing_enabled":true,"jetpack_shortlink":"https:\/\/wp.me\/p4lFbP-6qo","_links":{"self":[{"href":"https:\/\/www.alqueria.es\/blogs\/alqueriarojaverde\/wp-json\/wp\/v2\/posts\/24700","targetHints":{"allow":["GET"]}}],"collection":[{"href":"https:\/\/www.alqueria.es\/blogs\/alqueriarojaverde\/wp-json\/wp\/v2\/posts"}],"about":[{"href":"https:\/\/www.alqueria.es\/blogs\/alqueriarojaverde\/wp-json\/wp\/v2\/types\/post"}],"author":[{"embeddable":true,"href":"https:\/\/www.alqueria.es\/blogs\/alqueriarojaverde\/wp-json\/wp\/v2\/users\/19"}],"replies":[{"embeddable":true,"href":"https:\/\/www.alqueria.es\/blogs\/alqueriarojaverde\/wp-json\/wp\/v2\/comments?post=24700"}],"version-history":[{"count":6,"href":"https:\/\/www.alqueria.es\/blogs\/alqueriarojaverde\/wp-json\/wp\/v2\/posts\/24700\/revisions"}],"predecessor-version":[{"id":24731,"href":"https:\/\/www.alqueria.es\/blogs\/alqueriarojaverde\/wp-json\/wp\/v2\/posts\/24700\/revisions\/24731"}],"wp:attachment":[{"href":"https:\/\/www.alqueria.es\/blogs\/alqueriarojaverde\/wp-json\/wp\/v2\/media?parent=24700"}],"wp:term":[{"taxonomy":"category","embeddable":true,"href":"https:\/\/www.alqueria.es\/blogs\/alqueriarojaverde\/wp-json\/wp\/v2\/categories?post=24700"},{"taxonomy":"post_tag","embeddable":true,"href":"https:\/\/www.alqueria.es\/blogs\/alqueriarojaverde\/wp-json\/wp\/v2\/tags?post=24700"}],"curies":[{"name":"wp","href":"https:\/\/api.w.org\/{rel}","templated":true}]}}