{"id":24713,"date":"2020-02-10T10:44:40","date_gmt":"2020-02-10T09:44:40","guid":{"rendered":"http:\/\/www.alqueria.es\/blogs\/alqueriarojaverde\/?p=24713"},"modified":"2020-02-10T10:44:40","modified_gmt":"2020-02-10T09:44:40","slug":"comienza-el-proyecto-del-vivero-y-salimos-a-la-vega","status":"publish","type":"post","link":"https:\/\/www.alqueria.es\/blogs\/alqueriarojaverde\/2020\/02\/10\/comienza-el-proyecto-del-vivero-y-salimos-a-la-vega\/","title":{"rendered":"\u00a1COMIENZA EL PROYECTO DEL VIVERO! Y \u00a1SALIMOS A LA VEGA!"},"content":{"rendered":"<p><img data-recalc-dims=\"1\" decoding=\"async\" data-attachment-id=\"24734\" data-permalink=\"https:\/\/www.alqueria.es\/blogs\/alqueriarojaverde\/2020\/02\/10\/comienza-el-proyecto-del-vivero-y-salimos-a-la-vega\/espantapajaros\/\" data-orig-file=\"https:\/\/i0.wp.com\/cloud.alqueria.es\/wp-content\/uploads\/sites\/8\/2020\/02\/espantap%C3%A1jaros.jpg?fit=490%2C451&amp;ssl=1\" data-orig-size=\"490,451\" data-comments-opened=\"1\" data-image-meta=\"{&quot;aperture&quot;:&quot;0&quot;,&quot;credit&quot;:&quot;&quot;,&quot;camera&quot;:&quot;&quot;,&quot;caption&quot;:&quot;&quot;,&quot;created_timestamp&quot;:&quot;0&quot;,&quot;copyright&quot;:&quot;&quot;,&quot;focal_length&quot;:&quot;0&quot;,&quot;iso&quot;:&quot;0&quot;,&quot;shutter_speed&quot;:&quot;0&quot;,&quot;title&quot;:&quot;&quot;,&quot;orientation&quot;:&quot;1&quot;}\" data-image-title=\"espantap\u00e1jaros\" data-image-description=\"\" data-image-caption=\"\" data-large-file=\"https:\/\/i0.wp.com\/cloud.alqueria.es\/wp-content\/uploads\/sites\/8\/2020\/02\/espantap%C3%A1jaros.jpg?fit=474%2C436&amp;ssl=1\" class=\"alignleft size-medium wp-image-24734\" src=\"https:\/\/i0.wp.com\/cloud.alqueria.es\/wp-content\/uploads\/sites\/8\/2020\/02\/espantap%C3%A1jaros.jpg?resize=300%2C276&#038;ssl=1\" alt=\"\" width=\"300\" height=\"276\" srcset=\"https:\/\/cloud.alqueria.es\/wp-content\/uploads\/sites\/8\/2020\/02\/espantap%C3%A1jaros.jpg 490w, https:\/\/cloud.alqueria.es\/wp-content\/uploads\/sites\/8\/2020\/02\/espantap%C3%A1jaros.jpg 300w\" sizes=\"(max-width: 300px) 100vw, 300px\" \/>Buenas familias, como ya habr\u00e9is podido leer en alguna de las entradas del grupo rojo, hemos dado comienzo al proyecto <span style=\"color: #ff6600\">\u00abEL VIVERO\u00bb.<\/span> Un proyecto que venimos realizando desde hace m\u00e1s de una d\u00e9cada, en la que participa todo el ciclo 3-6 a\u00f1os de forma colaborativa y cooperativa.<\/p>\n<p>A trav\u00e9s de \u00e9l trabajamos contenidos de todas las \u00e1reas de conocimiento, de forma transversal y conocemos un sinf\u00edn de curiosidades acerca de las plantas, sus cuidados, sus funciones, sus partes, etc.<\/p>\n<p>Aunque el cierre del proyecto es el puesto para la venta de plantas, que cada clase hace para sus familias y con cuya recaudaci\u00f3n se adquieren ejemplares para dotar la biblioteca del centro, todo el proceso que va desde ahora hasta finales de abril es lo verdaderamente enriquecedor y significativo.<\/p>\n<p><img data-recalc-dims=\"1\" decoding=\"async\" data-attachment-id=\"24740\" data-permalink=\"https:\/\/www.alqueria.es\/blogs\/alqueriarojaverde\/2020\/02\/10\/comienza-el-proyecto-del-vivero-y-salimos-a-la-vega\/maceta-con-tetrabrik\/\" data-orig-file=\"https:\/\/i0.wp.com\/cloud.alqueria.es\/wp-content\/uploads\/sites\/8\/2020\/02\/maceta-con-tetrabrik.jpg?fit=760%2C536&amp;ssl=1\" data-orig-size=\"760,536\" data-comments-opened=\"1\" data-image-meta=\"{&quot;aperture&quot;:&quot;0&quot;,&quot;credit&quot;:&quot;&quot;,&quot;camera&quot;:&quot;&quot;,&quot;caption&quot;:&quot;&quot;,&quot;created_timestamp&quot;:&quot;0&quot;,&quot;copyright&quot;:&quot;&quot;,&quot;focal_length&quot;:&quot;0&quot;,&quot;iso&quot;:&quot;0&quot;,&quot;shutter_speed&quot;:&quot;0&quot;,&quot;title&quot;:&quot;&quot;,&quot;orientation&quot;:&quot;0&quot;}\" data-image-title=\"maceta-con-tetrabrik\" data-image-description=\"\" data-image-caption=\"\" data-large-file=\"https:\/\/i0.wp.com\/cloud.alqueria.es\/wp-content\/uploads\/sites\/8\/2020\/02\/maceta-con-tetrabrik.jpg?fit=474%2C334&amp;ssl=1\" class=\"alignleft size-medium wp-image-24740\" src=\"https:\/\/i0.wp.com\/cloud.alqueria.es\/wp-content\/uploads\/sites\/8\/2020\/02\/maceta-con-tetrabrik.jpg?resize=300%2C212&#038;ssl=1\" alt=\"\" width=\"300\" height=\"212\" srcset=\"https:\/\/cloud.alqueria.es\/wp-content\/uploads\/sites\/8\/2020\/02\/maceta-con-tetrabrik.jpg 760w, https:\/\/cloud.alqueria.es\/wp-content\/uploads\/sites\/8\/2020\/02\/maceta-con-tetrabrik.jpg 300w\" sizes=\"(max-width: 300px) 100vw, 300px\" \/>Comenzamos recogiendo tetrabricks o cualquier otro envase que pens\u00e9is que pueda servir a modo de macetero, de esta forma reciclamos y reutilizamos para colaborar en el cuidado del Medioambiente. Es important\u00edsima vuestra colaboraci\u00f3n, con la aportaci\u00f3n de estos envases (que deben venir limpios y cortados).<\/p>\n<p>Para la obtenci\u00f3n de las plantas recurrimos principalmente a nuestro estupendo jard\u00edn y parque de juegos, en los que recogemos esquejes para reproducir plantas mediante fragmentaci\u00f3n. Tambi\u00e9n se lleva a cabo la siembra de cal\u00e9ndulas y otras plantas ornamentales. En esta fase tambi\u00e9n es importante, que en la medida de lo posible, aport\u00e9is plantas del tipo: potos, cintas, hierbabuena, romero, tomillo, menta, geranios, rosales, etc. \u00a1Cuanto antes lleguen antes podremos ponernos manos a la obra!, que luego tardan en enraizar.<\/p>\n<p>De momento hemos realizado un para de sesiones en las que hemos sembrado cal\u00e9ndulas y plantado romero y plantas crasas.<\/p>\n<p class=\"jetpack-slideshow-noscript robots-nocontent\">El pase de diapositivas requiere JavaScript.<\/p><div id=\"gallery-24713-1-slideshow\" class=\"jetpack-slideshow-window jetpack-slideshow jetpack-slideshow-black\" data-trans=\"fade\" data-autostart=\"1\" data-gallery=\"[{&quot;src&quot;:&quot;https:\\\/\\\/i0.wp.com\\\/cloud.alqueria.es\\\/wp-content\\\/uploads\\\/sites\\\/8\\\/2020\\\/02\\\/DSC_21961.jpg?fit=1024%2C578\\u0026ssl=1&quot;,&quot;id&quot;:&quot;24726&quot;,&quot;title&quot;:&quot;DSC_2196&quot;,&quot;alt&quot;:&quot;&quot;,&quot;caption&quot;:&quot;&quot;,&quot;itemprop&quot;:&quot;image&quot;},{&quot;src&quot;:&quot;https:\\\/\\\/i0.wp.com\\\/cloud.alqueria.es\\\/wp-content\\\/uploads\\\/sites\\\/8\\\/2020\\\/02\\\/DSC_2197.jpg?fit=1024%2C578\\u0026ssl=1&quot;,&quot;id&quot;:&quot;24727&quot;,&quot;title&quot;:&quot;DSC_2197&quot;,&quot;alt&quot;:&quot;&quot;,&quot;caption&quot;:&quot;&quot;,&quot;itemprop&quot;:&quot;image&quot;},{&quot;src&quot;:&quot;https:\\\/\\\/i0.wp.com\\\/cloud.alqueria.es\\\/wp-content\\\/uploads\\\/sites\\\/8\\\/2020\\\/02\\\/DSC_21981.jpg?fit=1024%2C578\\u0026ssl=1&quot;,&quot;id&quot;:&quot;24728&quot;,&quot;title&quot;:&quot;DSC_2198&quot;,&quot;alt&quot;:&quot;&quot;,&quot;caption&quot;:&quot;&quot;,&quot;itemprop&quot;:&quot;image&quot;}]\" itemscope itemtype=\"https:\/\/schema.org\/ImageGallery\"><\/div>\n<p><img data-recalc-dims=\"1\" decoding=\"async\" data-attachment-id=\"24735\" data-permalink=\"https:\/\/www.alqueria.es\/blogs\/alqueriarojaverde\/2020\/02\/10\/comienza-el-proyecto-del-vivero-y-salimos-a-la-vega\/ninos-excursion-escolar_18591-51145\/\" data-orig-file=\"https:\/\/i0.wp.com\/cloud.alqueria.es\/wp-content\/uploads\/sites\/8\/2020\/02\/ninos-excursion-escolar_18591-51145.jpg?fit=626%2C626&amp;ssl=1\" data-orig-size=\"626,626\" data-comments-opened=\"1\" data-image-meta=\"{&quot;aperture&quot;:&quot;0&quot;,&quot;credit&quot;:&quot;&quot;,&quot;camera&quot;:&quot;&quot;,&quot;caption&quot;:&quot;&quot;,&quot;created_timestamp&quot;:&quot;0&quot;,&quot;copyright&quot;:&quot;&quot;,&quot;focal_length&quot;:&quot;0&quot;,&quot;iso&quot;:&quot;0&quot;,&quot;shutter_speed&quot;:&quot;0&quot;,&quot;title&quot;:&quot;&quot;,&quot;orientation&quot;:&quot;0&quot;}\" data-image-title=\"ninos-excursion-escolar_18591-51145\" data-image-description=\"\" data-image-caption=\"\" data-large-file=\"https:\/\/i0.wp.com\/cloud.alqueria.es\/wp-content\/uploads\/sites\/8\/2020\/02\/ninos-excursion-escolar_18591-51145.jpg?fit=474%2C474&amp;ssl=1\" class=\"alignright size-medium wp-image-24735\" src=\"https:\/\/i0.wp.com\/cloud.alqueria.es\/wp-content\/uploads\/sites\/8\/2020\/02\/ninos-excursion-escolar_18591-51145.jpg?resize=300%2C300&#038;ssl=1\" alt=\"\" width=\"300\" height=\"300\" srcset=\"https:\/\/cloud.alqueria.es\/wp-content\/uploads\/sites\/8\/2020\/02\/ninos-excursion-escolar_18591-51145.jpg 626w, https:\/\/cloud.alqueria.es\/wp-content\/uploads\/sites\/8\/2020\/02\/ninos-excursion-escolar_18591-51145.jpg 150w, https:\/\/cloud.alqueria.es\/wp-content\/uploads\/sites\/8\/2020\/02\/ninos-excursion-escolar_18591-51145.jpg 300w\" sizes=\"(max-width: 300px) 100vw, 300px\" \/>En nuestra <strong><span style=\"color: #339966\">excursi\u00f3n a la vega,<\/span><\/strong> tuvimos la oportunidad de contemplar los cambios en el entorno m\u00e1s cercano que rodea nuestro centro. Nos detenemos en ejemplares que ya no tienen ni una sola hoja y que por tanto nos dan ejemplo de la estaci\u00f3n en la que estamos, pero tambi\u00e9n en que ya han nacido algunas flores silvestres, debido a las altas temperaturas de las \u00faltimas semanas.<\/p>\n<p>En el tiempo de juego, compartimos experiencias con nuestros compa\u00f1eros m\u00e1s peque\u00f1os y les ense\u00f1amos a jugar a \u00abla zapatilla por detr\u00e1s\u00bb. Aunque algunos prefirieron utilizar el suelo a modo de pizarra o hacer fuego como aunt\u00e9nticos primitivos, je.<\/p>\n<p class=\"jetpack-slideshow-noscript robots-nocontent\">El pase de diapositivas requiere JavaScript.<\/p><div id=\"gallery-24713-2-slideshow\" class=\"jetpack-slideshow-window jetpack-slideshow jetpack-slideshow-black\" data-trans=\"fade\" data-autostart=\"1\" data-gallery=\"[{&quot;src&quot;:&quot;https:\\\/\\\/i0.wp.com\\\/cloud.alqueria.es\\\/wp-content\\\/uploads\\\/sites\\\/8\\\/2020\\\/02\\\/DSC_22001.jpg?fit=1024%2C578\\u0026ssl=1&quot;,&quot;id&quot;:&quot;24720&quot;,&quot;title&quot;:&quot;DSC_2200&quot;,&quot;alt&quot;:&quot;&quot;,&quot;caption&quot;:&quot;&quot;,&quot;itemprop&quot;:&quot;image&quot;},{&quot;src&quot;:&quot;https:\\\/\\\/i0.wp.com\\\/cloud.alqueria.es\\\/wp-content\\\/uploads\\\/sites\\\/8\\\/2020\\\/02\\\/DSC_22022-e1581326410196.jpg?fit=580%2C1024\\u0026ssl=1&quot;,&quot;id&quot;:&quot;24721&quot;,&quot;title&quot;:&quot;DSC_2202&quot;,&quot;alt&quot;:&quot;&quot;,&quot;caption&quot;:&quot;&quot;,&quot;itemprop&quot;:&quot;image&quot;},{&quot;src&quot;:&quot;https:\\\/\\\/i0.wp.com\\\/cloud.alqueria.es\\\/wp-content\\\/uploads\\\/sites\\\/8\\\/2020\\\/02\\\/DSC_22031.jpg?fit=1024%2C578\\u0026ssl=1&quot;,&quot;id&quot;:&quot;24716&quot;,&quot;title&quot;:&quot;DSC_2203&quot;,&quot;alt&quot;:&quot;&quot;,&quot;caption&quot;:&quot;&quot;,&quot;itemprop&quot;:&quot;image&quot;},{&quot;src&quot;:&quot;https:\\\/\\\/i0.wp.com\\\/cloud.alqueria.es\\\/wp-content\\\/uploads\\\/sites\\\/8\\\/2020\\\/02\\\/DSC_2204.jpg?fit=1024%2C578\\u0026ssl=1&quot;,&quot;id&quot;:&quot;24717&quot;,&quot;title&quot;:&quot;DSC_2204&quot;,&quot;alt&quot;:&quot;&quot;,&quot;caption&quot;:&quot;&quot;,&quot;itemprop&quot;:&quot;image&quot;},{&quot;src&quot;:&quot;https:\\\/\\\/i0.wp.com\\\/cloud.alqueria.es\\\/wp-content\\\/uploads\\\/sites\\\/8\\\/2020\\\/02\\\/DSC_2207.jpg?fit=1024%2C578\\u0026ssl=1&quot;,&quot;id&quot;:&quot;24718&quot;,&quot;title&quot;:&quot;DSC_2207&quot;,&quot;alt&quot;:&quot;&quot;,&quot;caption&quot;:&quot;&quot;,&quot;itemprop&quot;:&quot;image&quot;},{&quot;src&quot;:&quot;https:\\\/\\\/i0.wp.com\\\/cloud.alqueria.es\\\/wp-content\\\/uploads\\\/sites\\\/8\\\/2020\\\/02\\\/DSC_2208.jpg?fit=1024%2C578\\u0026ssl=1&quot;,&quot;id&quot;:&quot;24719&quot;,&quot;title&quot;:&quot;DSC_2208&quot;,&quot;alt&quot;:&quot;&quot;,&quot;caption&quot;:&quot;&quot;,&quot;itemprop&quot;:&quot;image&quot;},{&quot;src&quot;:&quot;https:\\\/\\\/i0.wp.com\\\/cloud.alqueria.es\\\/wp-content\\\/uploads\\\/sites\\\/8\\\/2020\\\/02\\\/DSC_2206.jpg?fit=1024%2C578\\u0026ssl=1&quot;,&quot;id&quot;:&quot;24722&quot;,&quot;title&quot;:&quot;DSC_2206&quot;,&quot;alt&quot;:&quot;&quot;,&quot;caption&quot;:&quot;&quot;,&quot;itemprop&quot;:&quot;image&quot;},{&quot;src&quot;:&quot;https:\\\/\\\/i0.wp.com\\\/cloud.alqueria.es\\\/wp-content\\\/uploads\\\/sites\\\/8\\\/2020\\\/02\\\/DSC_2209.jpg?fit=867%2C489\\u0026ssl=1&quot;,&quot;id&quot;:&quot;24723&quot;,&quot;title&quot;:&quot;DSC_2209&quot;,&quot;alt&quot;:&quot;&quot;,&quot;caption&quot;:&quot;&quot;,&quot;itemprop&quot;:&quot;image&quot;}]\" itemscope itemtype=\"https:\/\/schema.org\/ImageGallery\"><\/div>\n<p>El cierre del trabajo sobre el polo Norte y Sur lleg\u00f3 con la culminaci\u00f3n de las maquetas que est\u00e1n fuera del aula.<\/p>\n<p><img data-recalc-dims=\"1\" decoding=\"async\" data-attachment-id=\"24729\" data-permalink=\"https:\/\/www.alqueria.es\/blogs\/alqueriarojaverde\/2020\/02\/10\/comienza-el-proyecto-del-vivero-y-salimos-a-la-vega\/dsc_2199-2\/\" data-orig-file=\"https:\/\/i0.wp.com\/cloud.alqueria.es\/wp-content\/uploads\/sites\/8\/2020\/02\/DSC_21991.jpg?fit=1024%2C578&amp;ssl=1\" data-orig-size=\"1024,578\" data-comments-opened=\"1\" data-image-meta=\"{&quot;aperture&quot;:&quot;2&quot;,&quot;credit&quot;:&quot;&quot;,&quot;camera&quot;:&quot;G3121&quot;,&quot;caption&quot;:&quot;&quot;,&quot;created_timestamp&quot;:&quot;1580916588&quot;,&quot;copyright&quot;:&quot;&quot;,&quot;focal_length&quot;:&quot;4.22&quot;,&quot;iso&quot;:&quot;50&quot;,&quot;shutter_speed&quot;:&quot;0.006254&quot;,&quot;title&quot;:&quot;&quot;,&quot;orientation&quot;:&quot;1&quot;}\" data-image-title=\"DSC_2199\" data-image-description=\"\" data-image-caption=\"\" data-large-file=\"https:\/\/i0.wp.com\/cloud.alqueria.es\/wp-content\/uploads\/sites\/8\/2020\/02\/DSC_21991.jpg?fit=474%2C268&amp;ssl=1\" class=\"aligncenter size-large wp-image-24729\" src=\"https:\/\/i0.wp.com\/cloud.alqueria.es\/wp-content\/uploads\/sites\/8\/2020\/02\/DSC_21991.jpg?resize=474%2C268&#038;ssl=1\" alt=\"\" width=\"474\" height=\"268\" srcset=\"https:\/\/cloud.alqueria.es\/wp-content\/uploads\/sites\/8\/2020\/02\/DSC_21991.jpg 1024w, https:\/\/cloud.alqueria.es\/wp-content\/uploads\/sites\/8\/2020\/02\/DSC_21991.jpg 300w, https:\/\/cloud.alqueria.es\/wp-content\/uploads\/sites\/8\/2020\/02\/DSC_21991.jpg 768w, https:\/\/cloud.alqueria.es\/wp-content\/uploads\/sites\/8\/2020\/02\/DSC_21991.jpg 948w\" sizes=\"(max-width: 474px) 100vw, 474px\" \/><\/p>\n<p>Independientemente de todas las lecturas relacionadas con \u00ablos continentes\u00bb hemos disfrutado de estos dos ejemplares (uno de ellos aportado por Pablo), que considero deb\u00e9is conocer por el mensaje que transmiten ambos.<\/p>\n<div data-carousel-extra='{&quot;blog_id&quot;:8,&quot;permalink&quot;:&quot;https:\/\/www.alqueria.es\/blogs\/alqueriarojaverde\/2020\/02\/10\/comienza-el-proyecto-del-vivero-y-salimos-a-la-vega\/&quot;}' id='gallery-3' class='gallery galleryid-24713 gallery-columns-3 gallery-size-large'><figure class='gallery-item'>\n\t\t\t<div class='gallery-icon landscape'>\n\t\t\t\t<a href='https:\/\/www.alqueria.es\/blogs\/alqueriarojaverde\/2020\/02\/10\/comienza-el-proyecto-del-vivero-y-salimos-a-la-vega\/mis-amigos-y-yo\/'><img data-recalc-dims=\"1\" decoding=\"async\" width=\"450\" height=\"450\" src=\"https:\/\/i0.wp.com\/cloud.alqueria.es\/wp-content\/uploads\/sites\/8\/2020\/02\/mis-amigos-y-yo.jpg?resize=450%2C450&#038;ssl=1\" class=\"attachment-large size-large\" alt=\"\" srcset=\"https:\/\/cloud.alqueria.es\/wp-content\/uploads\/sites\/8\/2020\/02\/mis-amigos-y-yo.jpg 450w, https:\/\/cloud.alqueria.es\/wp-content\/uploads\/sites\/8\/2020\/02\/mis-amigos-y-yo.jpg 150w, https:\/\/cloud.alqueria.es\/wp-content\/uploads\/sites\/8\/2020\/02\/mis-amigos-y-yo.jpg 300w\" sizes=\"(max-width: 450px) 100vw, 450px\" data-attachment-id=\"24737\" data-permalink=\"https:\/\/www.alqueria.es\/blogs\/alqueriarojaverde\/2020\/02\/10\/comienza-el-proyecto-del-vivero-y-salimos-a-la-vega\/mis-amigos-y-yo\/\" data-orig-file=\"https:\/\/i0.wp.com\/cloud.alqueria.es\/wp-content\/uploads\/sites\/8\/2020\/02\/mis-amigos-y-yo.jpg?fit=450%2C450&amp;ssl=1\" data-orig-size=\"450,450\" data-comments-opened=\"1\" data-image-meta=\"{&quot;aperture&quot;:&quot;0&quot;,&quot;credit&quot;:&quot;&quot;,&quot;camera&quot;:&quot;&quot;,&quot;caption&quot;:&quot;&quot;,&quot;created_timestamp&quot;:&quot;0&quot;,&quot;copyright&quot;:&quot;&quot;,&quot;focal_length&quot;:&quot;0&quot;,&quot;iso&quot;:&quot;0&quot;,&quot;shutter_speed&quot;:&quot;0&quot;,&quot;title&quot;:&quot;&quot;,&quot;orientation&quot;:&quot;0&quot;}\" data-image-title=\"mis-amigos-y-yo\" data-image-description=\"\" data-image-caption=\"\" data-large-file=\"https:\/\/i0.wp.com\/cloud.alqueria.es\/wp-content\/uploads\/sites\/8\/2020\/02\/mis-amigos-y-yo.jpg?fit=450%2C450&amp;ssl=1\" \/><\/a>\n\t\t\t<\/div><\/figure><figure class='gallery-item'>\n\t\t\t<div class='gallery-icon portrait'>\n\t\t\t\t<a href='https:\/\/www.alqueria.es\/blogs\/alqueriarojaverde\/2020\/02\/10\/comienza-el-proyecto-del-vivero-y-salimos-a-la-vega\/paste1\/'><img data-recalc-dims=\"1\" decoding=\"async\" width=\"474\" height=\"632\" src=\"https:\/\/i0.wp.com\/cloud.alqueria.es\/wp-content\/uploads\/sites\/8\/2020\/02\/paste1.jpg?resize=474%2C632&#038;ssl=1\" class=\"attachment-large size-large\" alt=\"\" srcset=\"https:\/\/cloud.alqueria.es\/wp-content\/uploads\/sites\/8\/2020\/02\/paste1.jpg 768w, https:\/\/cloud.alqueria.es\/wp-content\/uploads\/sites\/8\/2020\/02\/paste1.jpg 225w\" sizes=\"(max-width: 474px) 100vw, 474px\" data-attachment-id=\"24743\" data-permalink=\"https:\/\/www.alqueria.es\/blogs\/alqueriarojaverde\/2020\/02\/10\/comienza-el-proyecto-del-vivero-y-salimos-a-la-vega\/paste1\/\" data-orig-file=\"https:\/\/i0.wp.com\/cloud.alqueria.es\/wp-content\/uploads\/sites\/8\/2020\/02\/paste1.jpg?fit=768%2C1024&amp;ssl=1\" data-orig-size=\"768,1024\" data-comments-opened=\"1\" data-image-meta=\"{&quot;aperture&quot;:&quot;0&quot;,&quot;credit&quot;:&quot;&quot;,&quot;camera&quot;:&quot;&quot;,&quot;caption&quot;:&quot;&quot;,&quot;created_timestamp&quot;:&quot;0&quot;,&quot;copyright&quot;:&quot;&quot;,&quot;focal_length&quot;:&quot;0&quot;,&quot;iso&quot;:&quot;0&quot;,&quot;shutter_speed&quot;:&quot;0&quot;,&quot;title&quot;:&quot;&quot;,&quot;orientation&quot;:&quot;1&quot;}\" data-image-title=\"paste1\" data-image-description=\"\" data-image-caption=\"\" data-large-file=\"https:\/\/i0.wp.com\/cloud.alqueria.es\/wp-content\/uploads\/sites\/8\/2020\/02\/paste1.jpg?fit=474%2C632&amp;ssl=1\" \/><\/a>\n\t\t\t<\/div><\/figure>\n\t\t<\/div>\n\n<p><img data-recalc-dims=\"1\" decoding=\"async\" data-attachment-id=\"24736\" data-permalink=\"https:\/\/www.alqueria.es\/blogs\/alqueriarojaverde\/2020\/02\/10\/comienza-el-proyecto-del-vivero-y-salimos-a-la-vega\/blogdeimagenes-carnaval-10_thumb1\/\" data-orig-file=\"https:\/\/i0.wp.com\/cloud.alqueria.es\/wp-content\/uploads\/sites\/8\/2020\/02\/blogdeimagenes-carnaval-10_thumb1.gif?fit=304%2C291&amp;ssl=1\" data-orig-size=\"304,291\" data-comments-opened=\"1\" data-image-meta=\"{&quot;aperture&quot;:&quot;0&quot;,&quot;credit&quot;:&quot;&quot;,&quot;camera&quot;:&quot;&quot;,&quot;caption&quot;:&quot;&quot;,&quot;created_timestamp&quot;:&quot;0&quot;,&quot;copyright&quot;:&quot;&quot;,&quot;focal_length&quot;:&quot;0&quot;,&quot;iso&quot;:&quot;0&quot;,&quot;shutter_speed&quot;:&quot;0&quot;,&quot;title&quot;:&quot;&quot;,&quot;orientation&quot;:&quot;0&quot;}\" data-image-title=\"blogdeimagenes carnaval (10)_thumb[1]\" data-image-description=\"\" data-image-caption=\"\" data-large-file=\"https:\/\/i0.wp.com\/cloud.alqueria.es\/wp-content\/uploads\/sites\/8\/2020\/02\/blogdeimagenes-carnaval-10_thumb1.gif?fit=304%2C291&amp;ssl=1\" class=\"alignright size-medium wp-image-24736\" src=\"https:\/\/i0.wp.com\/cloud.alqueria.es\/wp-content\/uploads\/sites\/8\/2020\/02\/blogdeimagenes-carnaval-10_thumb1.gif?resize=300%2C287&#038;ssl=1\" alt=\"\" width=\"300\" height=\"287\" \/>Hoy hemos realizado el primer ensayo de nuestra <strong><span style=\"color: #0000ff\">chirigota<\/span><\/strong>. \u00a1Ay madre no s\u00e9 qu\u00e9 saldr\u00e1 de todo \u00e9sto!.<\/p>\n<p>He intentado respetar su elecci\u00f3n en cuanto a la m\u00fasica y otorgar cierta dosis de iron\u00eda en la letrilla. Aunque aviso que este a\u00f1o es muy light.<\/p>\n<p>En el juego deciden disfrazarse con todo cuanto encuentran en el aula y recrear diversas propuestas libres, que nada tienen que ver con el tema asi\u00e1tico. Dejaremos el conocimiento de este continente para los momentos de asamblea y diversos talleres creativos.<\/p>\n<p>P.D: Recuerdo que las familias pod\u00e9is colaborar en los talleres medioambientales, de cocina, lectura de cuentos y todo aquello que se os ocurra que pueda enriquecer al grupo. As\u00ed que os animo a participar, previa consulta conmigo.<\/p>\n<p>Un abrazo,<\/p>\n<p>Esther Justicia.<\/p>\n","protected":false},"excerpt":{"rendered":"<p>Buenas familias, como ya habr\u00e9is podido leer en alguna de las entradas del grupo rojo, hemos dado comienzo al proyecto \u00abEL VIVERO\u00bb. Un proyecto que venimos realizando desde hace m\u00e1s de una d\u00e9cada, en la que participa todo el ciclo 3-6 a\u00f1os de forma colaborativa y cooperativa. A trav\u00e9s de \u00e9l trabajamos contenidos de todas &hellip; <a href=\"https:\/\/www.alqueria.es\/blogs\/alqueriarojaverde\/2020\/02\/10\/comienza-el-proyecto-del-vivero-y-salimos-a-la-vega\/\" class=\"more-link\">Seguir leyendo <span class=\"screen-reader-text\">\u00a1COMIENZA EL PROYECTO DEL VIVERO! Y \u00a1SALIMOS A LA VEGA!<\/span> <span class=\"meta-nav\">&rarr;<\/span><\/a><\/p>\n","protected":false},"author":19,"featured_media":0,"comment_status":"open","ping_status":"open","sticky":false,"template":"","format":"standard","meta":{"jetpack_post_was_ever_published":false,"_jetpack_newsletter_access":"","_jetpack_dont_email_post_to_subs":false,"_jetpack_newsletter_tier_id":0,"_jetpack_memberships_contains_paywalled_content":false,"_jetpack_memberships_contains_paid_content":false,"footnotes":"","jetpack_publicize_message":"","jetpack_publicize_feature_enabled":true,"jetpack_social_post_already_shared":true,"jetpack_social_options":{"image_generator_settings":{"template":"highway","default_image_id":0,"font":"","enabled":false},"version":2}},"categories":[23,7,13],"tags":[618,137,369,738],"class_list":["post-24713","post","type-post","status-publish","format-standard","hentry","category-actividades-especiales-y-salidas-clase-verde","category-clase-verde-5-6-anos","category-inicio","tag-actividad-cooperativa-el-vivero","tag-carnaval-infantil","tag-colaboracion-familiar","tag-salida-a-la-vega-de-granada"],"jetpack_publicize_connections":[],"jetpack_featured_media_url":"","jetpack_sharing_enabled":true,"jetpack_shortlink":"https:\/\/wp.me\/p4lFbP-6qB","_links":{"self":[{"href":"https:\/\/www.alqueria.es\/blogs\/alqueriarojaverde\/wp-json\/wp\/v2\/posts\/24713","targetHints":{"allow":["GET"]}}],"collection":[{"href":"https:\/\/www.alqueria.es\/blogs\/alqueriarojaverde\/wp-json\/wp\/v2\/posts"}],"about":[{"href":"https:\/\/www.alqueria.es\/blogs\/alqueriarojaverde\/wp-json\/wp\/v2\/types\/post"}],"author":[{"embeddable":true,"href":"https:\/\/www.alqueria.es\/blogs\/alqueriarojaverde\/wp-json\/wp\/v2\/users\/19"}],"replies":[{"embeddable":true,"href":"https:\/\/www.alqueria.es\/blogs\/alqueriarojaverde\/wp-json\/wp\/v2\/comments?post=24713"}],"version-history":[{"count":4,"href":"https:\/\/www.alqueria.es\/blogs\/alqueriarojaverde\/wp-json\/wp\/v2\/posts\/24713\/revisions"}],"predecessor-version":[{"id":24744,"href":"https:\/\/www.alqueria.es\/blogs\/alqueriarojaverde\/wp-json\/wp\/v2\/posts\/24713\/revisions\/24744"}],"wp:attachment":[{"href":"https:\/\/www.alqueria.es\/blogs\/alqueriarojaverde\/wp-json\/wp\/v2\/media?parent=24713"}],"wp:term":[{"taxonomy":"category","embeddable":true,"href":"https:\/\/www.alqueria.es\/blogs\/alqueriarojaverde\/wp-json\/wp\/v2\/categories?post=24713"},{"taxonomy":"post_tag","embeddable":true,"href":"https:\/\/www.alqueria.es\/blogs\/alqueriarojaverde\/wp-json\/wp\/v2\/tags?post=24713"}],"curies":[{"name":"wp","href":"https:\/\/api.w.org\/{rel}","templated":true}]}}