{"id":25192,"date":"2020-03-23T10:51:07","date_gmt":"2020-03-23T09:51:07","guid":{"rendered":"http:\/\/www.alqueria.es\/blogs\/alqueriarojaverde\/?p=25192"},"modified":"2020-03-23T11:04:46","modified_gmt":"2020-03-23T10:04:46","slug":"nos-cuidamos-juntos","status":"publish","type":"post","link":"https:\/\/www.alqueria.es\/blogs\/alqueriarojaverde\/2020\/03\/23\/nos-cuidamos-juntos\/","title":{"rendered":"\u00bfNOS CUIDAMOS JUNTOS?"},"content":{"rendered":"<p style=\"text-align: left\"><img data-recalc-dims=\"1\" decoding=\"async\" data-attachment-id=\"23485\" data-permalink=\"https:\/\/www.alqueria.es\/blogs\/alqueriarojaverde\/2019\/10\/22\/vehiculos-de-emergencia\/dsc_1752-9\/\" data-orig-file=\"https:\/\/i0.wp.com\/cloud.alqueria.es\/wp-content\/uploads\/sites\/8\/2019\/10\/DSC_17526.jpg?fit=728%2C1024&amp;ssl=1\" data-orig-size=\"728,1024\" data-comments-opened=\"1\" data-image-meta=\"{&quot;aperture&quot;:&quot;2&quot;,&quot;credit&quot;:&quot;&quot;,&quot;camera&quot;:&quot;G3121&quot;,&quot;caption&quot;:&quot;&quot;,&quot;created_timestamp&quot;:&quot;1571675743&quot;,&quot;copyright&quot;:&quot;&quot;,&quot;focal_length&quot;:&quot;4.22&quot;,&quot;iso&quot;:&quot;100&quot;,&quot;shutter_speed&quot;:&quot;0.01000300090027&quot;,&quot;title&quot;:&quot;&quot;,&quot;orientation&quot;:&quot;1&quot;}\" data-image-title=\"DSC_1752\" data-image-description=\"\" data-image-caption=\"\" data-large-file=\"https:\/\/i0.wp.com\/cloud.alqueria.es\/wp-content\/uploads\/sites\/8\/2019\/10\/DSC_17526.jpg?fit=474%2C667&amp;ssl=1\" class=\"alignleft size-medium wp-image-23485\" src=\"https:\/\/i0.wp.com\/cloud.alqueria.es\/wp-content\/uploads\/sites\/8\/2019\/10\/DSC_17526.jpg?resize=213%2C300&#038;ssl=1\" alt=\"\" width=\"213\" height=\"300\" srcset=\"https:\/\/cloud.alqueria.es\/wp-content\/uploads\/sites\/8\/2019\/10\/DSC_17526.jpg 728w, https:\/\/cloud.alqueria.es\/wp-content\/uploads\/sites\/8\/2019\/10\/DSC_17526.jpg 213w\" sizes=\"(max-width: 213px) 100vw, 213px\" \/><span style=\"color: #ff00ff\"><strong>\u00a1Buenos d\u00edas a todos!, <\/strong><\/span><\/p>\n<p><em><strong>\u00bb Hola verdecitos, ya estoy de nuevo por aqu\u00ed con vosotros, como cada lunes al terminar el fin de semana. Aunque no podamos vernos en persona, os llevo en mi coraz\u00f3n cada momento del d\u00eda.\u00bb<\/strong><\/em><\/p>\n<p><strong><i>\u00abEstoy segur\u00edsima que est\u00e1is disfrutando mucho del tiempo con vuestra familia, que a veces debido al trabajo y cole no tenemos demasiado, y que hab\u00e9is inventado un mont\u00f3n de actividades, talleres y juegos para pasar el rato. Quiero que sep\u00e1is que eso es aprender tambi\u00e9n, aprender a convivir, aprender a compartir y aprender a cuidarse juntos. Y no me refiero a cuidarnos porque estemos malitos sino a saber escuchar a la otra persona cuando le pasa algo, tomar en cuenta su punto de vista, dejarle tranquilo un rato si necesita estar solo, respetar que no quiera hacer\u00a0alguna cosa que a nosotros s\u00ed nos apetece, en definitiva como os digo en clase <span style=\"color: #339966\">APRENDER A VIVIR CON EMOCI\u00d3N<\/span>.\u00bb<\/i><\/strong><\/p>\n<p><strong><i>\u00ab\u00bfOs\u00a0suena de algo la foto de arriba?, hace ya cinco meses que lo hicimos y ahora est\u00e1 mucho m\u00e1s completo, pero nos lo hemos dejado en clase as\u00ed que \u00bfporqu\u00e9 no fabric\u00e1is uno para casa con las cosas que teng\u00e1is y que vosotros pens\u00e9is que os hagan sentir\u00a0mejor en aquellos momentos en los que hay emociones que no os dejan pensar o actuar muy bien?. Podr\u00edais servir de ejemplo para vuestras familias y ayudadles a que se fabriquen uno tambi\u00e9n o a\u00fan mejor idea, hacer uno para todos. Como est\u00e1is en casa\u00a0pod\u00e9is incluir alg\u00fan aparato para escuchar m\u00fasica\u00a0tranquila (si es para relajaros) o movidita (si necesit\u00e1is animaros) , cuentos e incluso alg\u00fan alimento que os haga sentir sensaciones agradables. No teng\u00e1is prisa en completarlo, pod\u00e9is ir incluyendo los objetos que entre todos pens\u00e9is que vais a necesitar, \u00e1nimo con ese <span style=\"color: #339966\">BOTIQU\u00cdN DE LAS EMOCIONES<\/span>. Y recordad que no hay emociones buenas o malas, todas son necesarias y est\u00e1n ah\u00ed por algo.\u00bb<\/i><\/strong><\/p>\n<p><img data-recalc-dims=\"1\" decoding=\"async\" data-attachment-id=\"25194\" data-permalink=\"https:\/\/www.alqueria.es\/blogs\/alqueriarojaverde\/2020\/03\/23\/nos-cuidamos-juntos\/cartoon-children-meditation\/\" data-orig-file=\"https:\/\/i0.wp.com\/cloud.alqueria.es\/wp-content\/uploads\/sites\/8\/2020\/03\/Cartoon-Children-meditation.jpg?fit=472%2C332&amp;ssl=1\" data-orig-size=\"472,332\" data-comments-opened=\"1\" data-image-meta=\"{&quot;aperture&quot;:&quot;0&quot;,&quot;credit&quot;:&quot;&quot;,&quot;camera&quot;:&quot;&quot;,&quot;caption&quot;:&quot;&quot;,&quot;created_timestamp&quot;:&quot;0&quot;,&quot;copyright&quot;:&quot;&quot;,&quot;focal_length&quot;:&quot;0&quot;,&quot;iso&quot;:&quot;0&quot;,&quot;shutter_speed&quot;:&quot;0&quot;,&quot;title&quot;:&quot;&quot;,&quot;orientation&quot;:&quot;0&quot;}\" data-image-title=\"Cartoon-Children-meditation\" data-image-description=\"\" data-image-caption=\"\" data-large-file=\"https:\/\/i0.wp.com\/cloud.alqueria.es\/wp-content\/uploads\/sites\/8\/2020\/03\/Cartoon-Children-meditation.jpg?fit=472%2C332&amp;ssl=1\" class=\"aligncenter size-medium wp-image-25194\" src=\"https:\/\/i0.wp.com\/cloud.alqueria.es\/wp-content\/uploads\/sites\/8\/2020\/03\/Cartoon-Children-meditation.jpg?resize=300%2C211&#038;ssl=1\" alt=\"\" width=\"300\" height=\"211\" srcset=\"https:\/\/cloud.alqueria.es\/wp-content\/uploads\/sites\/8\/2020\/03\/Cartoon-Children-meditation.jpg 472w, https:\/\/cloud.alqueria.es\/wp-content\/uploads\/sites\/8\/2020\/03\/Cartoon-Children-meditation.jpg 300w\" sizes=\"(max-width: 300px) 100vw, 300px\" \/><\/p>\n<p><strong><i>\u00abPara esta\u00a0semana os propongo que el <span style=\"color: #339966\">Mindfulness<\/span> lo hag\u00e1is en el momento de tomar la fruta de media ma\u00f1ana, en el almuerzo o en la cena (disfrutando del momento en compa\u00f1\u00eda de los dem\u00e1s, de los sabores, del aroma de los alimentos, de su textura e intentando hablar poquito o al menos por turnos y sin elevar el tono).\u00bb<\/i><\/strong><\/p>\n<p><em><strong>\u00abEn nuestra \u00a0asamblea de hoy (despu\u00e9s del ratito de lectura silenciosa y nuestra sesi\u00f3n de Mindfulness) deber\u00edamos hablar acerca de nuestro <span style=\"color: #339966\">fin de semana<\/span> y todas aquellas cosas que hacemos en el tiempo que no nos vemos en el cole, as\u00ed que os invito a compartirlas por el blog, que esta semana estoy segura hab\u00e9is tenido tiempo de hacer much\u00edsimas.\u00bb<\/strong><\/em><\/p>\n<p><strong><i>Ahora os voy a dejar unos juegos para practicar un poquito los n\u00fameros y las letras, como dec\u00eds vosotros. Esto ya se lo explico a los mayores,\u00a0vosotros\u00a0solo disfrutadlos.<\/i><\/strong><\/p>\n<p>Familias, os dejo el enlace a una\u00a0<span style=\"color: #0000ff\">aplicaci\u00f3n multimedia<\/span>, relacionada con la <strong><span style=\"color: #0000ff\">alfabetizaci\u00f3n.<\/span><\/strong> Est\u00e1 muy pr\u00f3xima la celebraci\u00f3n del d\u00eda del libro y el grupo en general se encuentra muy motivado en este \u00e1rea, as\u00ed que\u00a0\u00a0me parece un momento apropiado para la introducci\u00f3n de la misma.<\/p>\n<p style=\"text-align: justify\">El objetivo no es conseguir que lean, tan s\u00f3lo facilitarles diferentes y variados\u00a0entornos, ambientes y herramientas de aprendizaje que favorezcan el desarrollo de este \u00e1rea, tomando siempre como referencia el punto de partida de cada uno\/a.<\/p>\n<p><span style=\"color: #0000ff\">A TENER EN CUENTA<\/span>:<\/p>\n<ol>\n<li>\n<div style=\"text-align: justify\">Est\u00e1 dise\u00f1ada para el apoyo a la lectura del primer ciclo de Educaci\u00f3n Primaria, pero puede ser un recurso motivador en la iniciaci\u00f3n a la lectura\u00a0al final del segundo ciclo de Educaci\u00f3n Infantil.<\/div>\n<\/li>\n<li>Permite su uso en may\u00fasculas.<\/li>\n<li>Se debe adaptar al nivel en el que nos encontramos, es decir \u00abAprendo a leer\u00bb. El siguiente nivel lo pueden practicar a modo de experiencia, pero no es significativo a\u00fan para la mayor\u00eda de ellos\/as.<\/li>\n<li>El ensayo-error es fundamental para el aprendizaje, no deb\u00e9is adelantar o facilitar la soluci\u00f3n correcta a vuestros \u00abpeques\u00bb.<\/li>\n<\/ol>\n<p><a href=\"http:\/\/ntic.educacion.es\/w3\/\/eos\/MaterialesEducativos\/mem2007\/cueva_tragapalabras\/\"><img data-recalc-dims=\"1\" decoding=\"async\" data-attachment-id=\"102\" data-permalink=\"https:\/\/www.alqueria.es\/blogs\/alqueriarojaverde\/cueva\/\" data-orig-file=\"https:\/\/i0.wp.com\/www.alqueria.es\/blogs\/alqueriarojaverde\/wp-content\/uploads\/sites\/8\/2012\/04\/cueva.jpg?fit=465%2C162&amp;ssl=1\" data-orig-size=\"465,162\" data-comments-opened=\"1\" data-image-meta=\"{&quot;aperture&quot;:&quot;0&quot;,&quot;credit&quot;:&quot;&quot;,&quot;camera&quot;:&quot;&quot;,&quot;caption&quot;:&quot;&quot;,&quot;created_timestamp&quot;:&quot;0&quot;,&quot;copyright&quot;:&quot;&quot;,&quot;focal_length&quot;:&quot;0&quot;,&quot;iso&quot;:&quot;0&quot;,&quot;shutter_speed&quot;:&quot;0&quot;,&quot;title&quot;:&quot;&quot;}\" data-image-title=\"cueva\" data-image-description=\"\" data-image-caption=\"\" data-large-file=\"https:\/\/i0.wp.com\/www.alqueria.es\/blogs\/alqueriarojaverde\/wp-content\/uploads\/sites\/8\/2012\/04\/cueva.jpg?fit=465%2C162&amp;ssl=1\" class=\"aligncenter size-medium wp-image-102\" title=\"cueva\" src=\"https:\/\/i0.wp.com\/cloud.alqueria.es\/wp-content\/uploads\/sites\/8\/2013\/11\/cueva.jpg?resize=300%2C104&#038;ssl=1\" alt=\"\" width=\"300\" height=\"104\" \/><\/a>Es muy divertida, espero que os guste.<\/p>\n<p>Para poner en pr\u00e1ctica algunos contenidos relacionados con el <strong><span style=\"color: #ff6600\">\u00e1rea l\u00f3gico-matem\u00e1tica<\/span><\/strong>, os enlazo a un blog en el que aparece el divertido cuento de\u00a0<strong>\u00abLA CASA DE LOS AMIGOS DEL 10\u00bb,<\/strong>\u00a0para que a trav\u00e9s de la rima vayamos conociendo aquellos pares de n\u00fameros que al sumarse dan como resultado 10. Dominar estas operaciones aritm\u00e9ticas sencillas es fundamental para seguir avanzando y adquirir cierta agilidad aritm\u00e9tica.<\/p>\n<p><a href=\"https:\/\/marquirell.blogspot.com\/2019\/09\/matematicas-abn-cuento-la-casa-de-los.html\"><img data-recalc-dims=\"1\" decoding=\"async\" data-attachment-id=\"25204\" data-permalink=\"https:\/\/www.alqueria.es\/blogs\/alqueriarojaverde\/2020\/03\/23\/nos-cuidamos-juntos\/casa-amigos-del-10\/\" data-orig-file=\"https:\/\/i0.wp.com\/cloud.alqueria.es\/wp-content\/uploads\/sites\/8\/2020\/03\/casa-amigos-del-10.jpg?fit=1024%2C742&amp;ssl=1\" data-orig-size=\"1024,742\" data-comments-opened=\"1\" data-image-meta=\"{&quot;aperture&quot;:&quot;0&quot;,&quot;credit&quot;:&quot;&quot;,&quot;camera&quot;:&quot;&quot;,&quot;caption&quot;:&quot;&quot;,&quot;created_timestamp&quot;:&quot;0&quot;,&quot;copyright&quot;:&quot;&quot;,&quot;focal_length&quot;:&quot;0&quot;,&quot;iso&quot;:&quot;0&quot;,&quot;shutter_speed&quot;:&quot;0&quot;,&quot;title&quot;:&quot;&quot;,&quot;orientation&quot;:&quot;0&quot;}\" data-image-title=\"casa amigos del 10\" data-image-description=\"\" data-image-caption=\"\" data-large-file=\"https:\/\/i0.wp.com\/cloud.alqueria.es\/wp-content\/uploads\/sites\/8\/2020\/03\/casa-amigos-del-10.jpg?fit=474%2C343&amp;ssl=1\" class=\"aligncenter wp-image-25204 size-medium\" src=\"https:\/\/i0.wp.com\/cloud.alqueria.es\/wp-content\/uploads\/sites\/8\/2020\/03\/casa-amigos-del-10.jpg?resize=300%2C217&#038;ssl=1\" alt=\"\" width=\"300\" height=\"217\" srcset=\"https:\/\/cloud.alqueria.es\/wp-content\/uploads\/sites\/8\/2020\/03\/casa-amigos-del-10.jpg 1024w, https:\/\/cloud.alqueria.es\/wp-content\/uploads\/sites\/8\/2020\/03\/casa-amigos-del-10.jpg 300w, https:\/\/cloud.alqueria.es\/wp-content\/uploads\/sites\/8\/2020\/03\/casa-amigos-del-10.jpg 768w, https:\/\/cloud.alqueria.es\/wp-content\/uploads\/sites\/8\/2020\/03\/casa-amigos-del-10.jpg 948w\" sizes=\"(max-width: 300px) 100vw, 300px\" \/><\/a><\/p>\n<p>Tambi\u00e9n os dejo algunos \u00a0recursos imprimibles para descargar o simplemente para daros ideas y poder confeccionarlos de forma casera y as\u00ed practicar manipulativamente.<\/p>\n<p><img data-recalc-dims=\"1\" decoding=\"async\" data-attachment-id=\"25205\" data-permalink=\"https:\/\/www.alqueria.es\/blogs\/alqueriarojaverde\/2020\/03\/23\/nos-cuidamos-juntos\/sumas-con-dedos\/\" data-orig-file=\"https:\/\/i0.wp.com\/cloud.alqueria.es\/wp-content\/uploads\/sites\/8\/2020\/03\/sumas-con-dedos.jpg?fit=480%2C639&amp;ssl=1\" data-orig-size=\"480,639\" data-comments-opened=\"1\" data-image-meta=\"{&quot;aperture&quot;:&quot;0&quot;,&quot;credit&quot;:&quot;&quot;,&quot;camera&quot;:&quot;&quot;,&quot;caption&quot;:&quot;&quot;,&quot;created_timestamp&quot;:&quot;0&quot;,&quot;copyright&quot;:&quot;&quot;,&quot;focal_length&quot;:&quot;0&quot;,&quot;iso&quot;:&quot;0&quot;,&quot;shutter_speed&quot;:&quot;0&quot;,&quot;title&quot;:&quot;&quot;,&quot;orientation&quot;:&quot;0&quot;}\" data-image-title=\"sumas con dedos\" data-image-description=\"\" data-image-caption=\"\" data-large-file=\"https:\/\/i0.wp.com\/cloud.alqueria.es\/wp-content\/uploads\/sites\/8\/2020\/03\/sumas-con-dedos.jpg?fit=474%2C631&amp;ssl=1\" class=\"aligncenter size-medium wp-image-25205\" src=\"https:\/\/i0.wp.com\/cloud.alqueria.es\/wp-content\/uploads\/sites\/8\/2020\/03\/sumas-con-dedos.jpg?resize=225%2C300&#038;ssl=1\" alt=\"\" width=\"225\" height=\"300\" srcset=\"https:\/\/cloud.alqueria.es\/wp-content\/uploads\/sites\/8\/2020\/03\/sumas-con-dedos.jpg 480w, https:\/\/cloud.alqueria.es\/wp-content\/uploads\/sites\/8\/2020\/03\/sumas-con-dedos.jpg 225w\" sizes=\"(max-width: 225px) 100vw, 225px\" \/><\/p>\n<ul>\n<li>L\u00e1mina que muestra los distintos n\u00fameros del 1 al 10, asociando graf\u00eda a cantidad tanto utilizando los dedos de las manos como con la simbolog\u00eda del dado.<\/li>\n<\/ul>\n<p style=\"text-align: center\"><a href=\"https:\/\/cloud.alqueria.es\/wp-content\/uploads\/sites\/8\/2020\/03\/N%C3%BAmero-cantidad-con-dedos-y-dados.pdf\">N\u00famero-cantidad con dedos y dados<\/a><\/p>\n<ul>\n<li>L\u00e1minas individuales en las que aparece algo muy similar a lo mostrado en la anterior, pero que incluye la direccionalidad en su escritura. Os aconsejo no utilizarlas a modo de \u00abcaligraf\u00eda\u00bb, pod\u00e9is hacerlo con el dedo o la parte posterior de un l\u00e1piz sobre una bandeja con harina, az\u00facar, arena &#8230; tan s\u00f3lo es una orientaci\u00f3n para fijarse por d\u00f3nde hay que comenzar a escribir cada uno y aprender a hacerlo correctamente.<\/li>\n<\/ul>\n<p style=\"text-align: center\"><a href=\"https:\/\/cloud.alqueria.es\/wp-content\/uploads\/sites\/8\/2020\/03\/N%C3%BAmeros-con-dedos-y-direccionalidad.pdf\">N\u00fameros con dedos y direccionalidad<\/a><\/p>\n<ul>\n<li>Divertidos recortables con la figura de un chico y una chica y distintas prendas de vestir, etiquetadas con un n\u00famero cada una. Deben buscar la combinaci\u00f3n de prendas que sumen 10.<\/li>\n<\/ul>\n<p style=\"text-align: center\"><a href=\"https:\/\/cloud.alqueria.es\/wp-content\/uploads\/sites\/8\/2020\/03\/V%C3%ADstete-con-los-amigos-del-10.pdf\">V\u00edstete con los amigos del 10<\/a><\/p>\n<p><strong>\u00abBueno chicos, nos leemos el pr\u00f3ximo mi\u00e9rcoles otra vez, \u00a1os quiero mucho!\u00bb<\/strong><\/p>\n<p><span style=\"color: #ff00ff\"><strong>\u00a1\u00c1nimo familias!. <span style=\"color: #333333\">Esto lo superaremos unidos.<\/span><\/strong><\/span> Espero vuestro feedback para saber que os tengo \u00abal otro lado\u00bb, que en esta situaci\u00f3n tan especial es algo importante. \u00a1Gracias!.<\/p>\n<p>Esther Justicia.<\/p>\n<p>&nbsp;<\/p>\n","protected":false},"excerpt":{"rendered":"<p>\u00a1Buenos d\u00edas a todos!, \u00bb Hola verdecitos, ya estoy de nuevo por aqu\u00ed con vosotros, como cada lunes al terminar el fin de semana. Aunque no podamos vernos en persona, os llevo en mi coraz\u00f3n cada momento del d\u00eda.\u00bb \u00abEstoy segur\u00edsima que est\u00e1is disfrutando mucho del tiempo con vuestra familia, que a veces debido al &hellip; <a href=\"https:\/\/www.alqueria.es\/blogs\/alqueriarojaverde\/2020\/03\/23\/nos-cuidamos-juntos\/\" class=\"more-link\">Seguir leyendo <span class=\"screen-reader-text\">\u00bfNOS CUIDAMOS JUNTOS?<\/span> <span class=\"meta-nav\">&rarr;<\/span><\/a><\/p>\n","protected":false},"author":19,"featured_media":0,"comment_status":"open","ping_status":"open","sticky":false,"template":"","format":"standard","meta":{"jetpack_post_was_ever_published":false,"_jetpack_newsletter_access":"","_jetpack_dont_email_post_to_subs":false,"_jetpack_newsletter_tier_id":0,"_jetpack_memberships_contains_paywalled_content":false,"_jetpack_memberships_contains_paid_content":false,"footnotes":"","jetpack_publicize_message":"","jetpack_publicize_feature_enabled":true,"jetpack_social_post_already_shared":true,"jetpack_social_options":{"image_generator_settings":{"template":"highway","default_image_id":0,"font":"","enabled":false},"version":2}},"categories":[7,13],"tags":[765,395,674,249,285,377],"class_list":["post-25192","post","type-post","status-publish","format-standard","hentry","category-clase-verde-5-6-anos","category-inicio","tag-abn-amigos-del-10","tag-alfabetizacion-en-infantil","tag-botiquin-de-las-emociones","tag-educacion-emocional","tag-logica-matematica","tag-mindfulness-para-ninos"],"jetpack_publicize_connections":[],"jetpack_featured_media_url":"","jetpack_sharing_enabled":true,"jetpack_shortlink":"https:\/\/wp.me\/p4lFbP-6yk","_links":{"self":[{"href":"https:\/\/www.alqueria.es\/blogs\/alqueriarojaverde\/wp-json\/wp\/v2\/posts\/25192","targetHints":{"allow":["GET"]}}],"collection":[{"href":"https:\/\/www.alqueria.es\/blogs\/alqueriarojaverde\/wp-json\/wp\/v2\/posts"}],"about":[{"href":"https:\/\/www.alqueria.es\/blogs\/alqueriarojaverde\/wp-json\/wp\/v2\/types\/post"}],"author":[{"embeddable":true,"href":"https:\/\/www.alqueria.es\/blogs\/alqueriarojaverde\/wp-json\/wp\/v2\/users\/19"}],"replies":[{"embeddable":true,"href":"https:\/\/www.alqueria.es\/blogs\/alqueriarojaverde\/wp-json\/wp\/v2\/comments?post=25192"}],"version-history":[{"count":11,"href":"https:\/\/www.alqueria.es\/blogs\/alqueriarojaverde\/wp-json\/wp\/v2\/posts\/25192\/revisions"}],"predecessor-version":[{"id":25210,"href":"https:\/\/www.alqueria.es\/blogs\/alqueriarojaverde\/wp-json\/wp\/v2\/posts\/25192\/revisions\/25210"}],"wp:attachment":[{"href":"https:\/\/www.alqueria.es\/blogs\/alqueriarojaverde\/wp-json\/wp\/v2\/media?parent=25192"}],"wp:term":[{"taxonomy":"category","embeddable":true,"href":"https:\/\/www.alqueria.es\/blogs\/alqueriarojaverde\/wp-json\/wp\/v2\/categories?post=25192"},{"taxonomy":"post_tag","embeddable":true,"href":"https:\/\/www.alqueria.es\/blogs\/alqueriarojaverde\/wp-json\/wp\/v2\/tags?post=25192"}],"curies":[{"name":"wp","href":"https:\/\/api.w.org\/{rel}","templated":true}]}}