{"id":25291,"date":"2020-04-01T10:08:20","date_gmt":"2020-04-01T08:08:20","guid":{"rendered":"http:\/\/www.alqueria.es\/blogs\/alqueriarojaverde\/?p=25291"},"modified":"2020-04-02T09:02:23","modified_gmt":"2020-04-02T07:02:23","slug":"verde-miercoles","status":"publish","type":"post","link":"https:\/\/www.alqueria.es\/blogs\/alqueriarojaverde\/2020\/04\/01\/verde-miercoles\/","title":{"rendered":"\u00a1FLORES MISTERIOSAS!"},"content":{"rendered":"<p style=\"text-align: left\"><strong><i><img data-recalc-dims=\"1\" decoding=\"async\" data-attachment-id=\"25324\" data-permalink=\"https:\/\/www.alqueria.es\/blogs\/alqueriarojaverde\/2020\/04\/01\/verde-miercoles\/yo-hablando\/\" data-orig-file=\"https:\/\/i0.wp.com\/cloud.alqueria.es\/wp-content\/uploads\/sites\/8\/2020\/03\/yo-hablando.png?fit=155%2C200&amp;ssl=1\" data-orig-size=\"155,200\" data-comments-opened=\"1\" data-image-meta=\"{&quot;aperture&quot;:&quot;0&quot;,&quot;credit&quot;:&quot;&quot;,&quot;camera&quot;:&quot;&quot;,&quot;caption&quot;:&quot;&quot;,&quot;created_timestamp&quot;:&quot;0&quot;,&quot;copyright&quot;:&quot;&quot;,&quot;focal_length&quot;:&quot;0&quot;,&quot;iso&quot;:&quot;0&quot;,&quot;shutter_speed&quot;:&quot;0&quot;,&quot;title&quot;:&quot;&quot;,&quot;orientation&quot;:&quot;0&quot;}\" data-image-title=\"yo hablando\" data-image-description=\"\" data-image-caption=\"\" data-large-file=\"https:\/\/i0.wp.com\/cloud.alqueria.es\/wp-content\/uploads\/sites\/8\/2020\/03\/yo-hablando.png?fit=155%2C200&amp;ssl=1\" class=\"alignleft size-full wp-image-25324\" src=\"https:\/\/i0.wp.com\/cloud.alqueria.es\/wp-content\/uploads\/sites\/8\/2020\/03\/yo-hablando.png?resize=155%2C200&#038;ssl=1\" alt=\"\" width=\"155\" height=\"200\" \/>\u00a1Cu\u00e1ntas cosas os estoy contando\u00a0\u00faltimamente chicos!.<\/i><\/strong><\/p>\n<p style=\"text-align: left\"><strong><i>Espero que los v\u00eddeos que os he dejado os hayan acercado un poquito m\u00e1s a m\u00ed y os hagan sentir que estamos \u00abcasi como en el cole\u00bb, aunque os confieso que <span style=\"color: #ff00ff\">tengo unas ganas tremendas de volver a\u00a0veros y abrazaros.<\/span><\/i><\/strong><\/p>\n<p style=\"text-align: left\"><strong><i> <img data-recalc-dims=\"1\" decoding=\"async\" data-attachment-id=\"25323\" data-permalink=\"https:\/\/www.alqueria.es\/blogs\/alqueriarojaverde\/2020\/04\/01\/verde-miercoles\/gif-abrazo\/\" data-orig-file=\"https:\/\/i0.wp.com\/cloud.alqueria.es\/wp-content\/uploads\/sites\/8\/2020\/03\/gif-abrazo.gif?fit=350%2C350&amp;ssl=1\" data-orig-size=\"350,350\" data-comments-opened=\"1\" data-image-meta=\"{&quot;aperture&quot;:&quot;0&quot;,&quot;credit&quot;:&quot;&quot;,&quot;camera&quot;:&quot;&quot;,&quot;caption&quot;:&quot;&quot;,&quot;created_timestamp&quot;:&quot;0&quot;,&quot;copyright&quot;:&quot;&quot;,&quot;focal_length&quot;:&quot;0&quot;,&quot;iso&quot;:&quot;0&quot;,&quot;shutter_speed&quot;:&quot;0&quot;,&quot;title&quot;:&quot;&quot;,&quot;orientation&quot;:&quot;0&quot;}\" data-image-title=\"gif abrazo\" data-image-description=\"\" data-image-caption=\"\" data-large-file=\"https:\/\/i0.wp.com\/cloud.alqueria.es\/wp-content\/uploads\/sites\/8\/2020\/03\/gif-abrazo.gif?fit=350%2C350&amp;ssl=1\" class=\"alignright size-thumbnail wp-image-25323\" src=\"https:\/\/i0.wp.com\/cloud.alqueria.es\/wp-content\/uploads\/sites\/8\/2020\/03\/gif-abrazo.gif?resize=150%2C150&#038;ssl=1\" alt=\"\" width=\"150\" height=\"150\" \/>Espero que pronto podamos disfrutar de nuestro jard\u00edn centenario, del solecito del parque, del huerto, de la pista deportiva, de las incre\u00edbles vistas a la vega y Sierra Nevada y c\u00f3mo no, de estar en compa\u00f1\u00eda de nuestros amigos y amigas.<\/i><\/strong><\/p>\n<p>&nbsp;<\/p>\n<p><strong><i><img data-recalc-dims=\"1\" decoding=\"async\" data-attachment-id=\"25322\" data-permalink=\"https:\/\/www.alqueria.es\/blogs\/alqueriarojaverde\/2020\/04\/01\/verde-miercoles\/blablabla\/\" data-orig-file=\"https:\/\/i0.wp.com\/cloud.alqueria.es\/wp-content\/uploads\/sites\/8\/2020\/03\/blablabla.gif?fit=220%2C166&amp;ssl=1\" data-orig-size=\"220,166\" data-comments-opened=\"1\" data-image-meta=\"{&quot;aperture&quot;:&quot;0&quot;,&quot;credit&quot;:&quot;&quot;,&quot;camera&quot;:&quot;&quot;,&quot;caption&quot;:&quot;&quot;,&quot;created_timestamp&quot;:&quot;0&quot;,&quot;copyright&quot;:&quot;&quot;,&quot;focal_length&quot;:&quot;0&quot;,&quot;iso&quot;:&quot;0&quot;,&quot;shutter_speed&quot;:&quot;0&quot;,&quot;title&quot;:&quot;&quot;,&quot;orientation&quot;:&quot;0&quot;}\" data-image-title=\"blablabla\" data-image-description=\"\" data-image-caption=\"\" data-large-file=\"https:\/\/i0.wp.com\/cloud.alqueria.es\/wp-content\/uploads\/sites\/8\/2020\/03\/blablabla.gif?fit=220%2C166&amp;ssl=1\" class=\"alignleft size-thumbnail wp-image-25322\" src=\"https:\/\/i0.wp.com\/cloud.alqueria.es\/wp-content\/uploads\/sites\/8\/2020\/03\/blablabla.gif?resize=150%2C150&#038;ssl=1\" alt=\"\" width=\"150\" height=\"150\" \/>Cuando leo lo que os escribo, me parece que estamos dentro de clase, en nuestras asambleas \u00abinterminables\u00bb en las que todos est\u00e1is deseando participar y con las que nos lo pasamos tan bien mientras aprendemos, aunque por aqu\u00ed la participaci\u00f3n es distinta. Cuando volvamos al cole, tendremos tantas\u00a0ganas de contarnos cosas que vamos a\u00a0tener que volver a\u00a0trabajar aquello de respetar los turnos, ja, ja, ja.<\/i><\/strong><\/p>\n<p>&nbsp;<\/p>\n<p><strong><i>Bueno, ya estamos en mitad de la semana y hoy os traigo algo que s\u00e9 que os encanta. Un nuevo taller creativo en el que\u00a0adem\u00e1s de poner todos vuestros recursos art\u00edsticos en marcha, tambi\u00e9n vais a realizar un experimento. All\u00e1 va:<\/i><\/strong><\/p>\n<blockquote>\n<h6>\u00a1Hola familias, hola verdecitos!.<\/h6>\n<h6>Me ha hecho mucha ilusi\u00f3n ver en vuestros comentarios que os gustan los talleres de art\u00edstica que os estoy proponiendo. Estoy segura que al igual que en el cole, lo hac\u00e9is estupendamente, tanto que vuestros padres se caen de \u2026 , pero sobre todo que os lo pas\u00e1is muy bien.<\/h6>\n<h6>En esta ocasi\u00f3n me sigo inspirando en esta reci\u00e9n entrada primavera, por lo que os propongo este taller-experimento ya que sois los mayores de infantil.<\/h6>\n<\/blockquote>\n<p style=\"text-align: center\"><em><strong><span style=\"color: #339966\">\u00abFLORES DE PAPEL QUE SE ABREN EN EL AGUA\u00bb<\/span><\/strong><\/em><\/p>\n<div class=\"tiled-gallery type-circle tiled-gallery-unresized\" data-original-width=\"474\" data-carousel-extra='{&quot;blog_id&quot;:8,&quot;permalink&quot;:&quot;https:\\\/\\\/www.alqueria.es\\\/blogs\\\/alqueriarojaverde\\\/2020\\\/04\\\/01\\\/verde-miercoles\\\/&quot;,&quot;likes_blog_id&quot;:64268569}' itemscope itemtype=\"http:\/\/schema.org\/ImageGallery\" > <div class=\"gallery-row\" style=\"width: 474px; height: 237px;\" data-original-width=\"474\" data-original-height=\"237\" > <div class=\"gallery-group\" style=\"width: 237px; height: 237px;\" data-original-width=\"237\" data-original-height=\"237\" > <div class=\"tiled-gallery-item \" itemprop=\"associatedMedia\" itemscope itemtype=\"http:\/\/schema.org\/ImageObject\"> <a href=\"https:\/\/www.alqueria.es\/blogs\/alqueriarojaverde\/2020\/04\/01\/verde-miercoles\/verdes-9\/\" border=\"0\" itemprop=\"url\"> <meta itemprop=\"width\" content=\"233\"> <meta itemprop=\"height\" content=\"233\"> <img decoding=\"async\" class=\"\" data-attachment-id=\"25293\" data-orig-file=\"https:\/\/cloud.alqueria.es\/wp-content\/uploads\/sites\/8\/2020\/03\/verdes-e1585566736807.jpg\" data-orig-size=\"752,564\" data-comments-opened=\"1\" data-image-meta=\"{&quot;aperture&quot;:&quot;0&quot;,&quot;credit&quot;:&quot;&quot;,&quot;camera&quot;:&quot;&quot;,&quot;caption&quot;:&quot;&quot;,&quot;created_timestamp&quot;:&quot;0&quot;,&quot;copyright&quot;:&quot;&quot;,&quot;focal_length&quot;:&quot;0&quot;,&quot;iso&quot;:&quot;0&quot;,&quot;shutter_speed&quot;:&quot;0&quot;,&quot;title&quot;:&quot;&quot;,&quot;orientation&quot;:&quot;0&quot;}\" data-image-title=\"verdes\" data-image-description=\"\" data-medium-file=\"https:\/\/i0.wp.com\/cloud.alqueria.es\/wp-content\/uploads\/sites\/8\/2020\/03\/verdes-e1585566736807.jpg?fit=300%2C225&#038;ssl=1\" data-large-file=\"https:\/\/i0.wp.com\/cloud.alqueria.es\/wp-content\/uploads\/sites\/8\/2020\/03\/verdes-e1585566736807.jpg?fit=474%2C356&#038;ssl=1\" src=\"https:\/\/i0.wp.com\/cloud.alqueria.es\/wp-content\/uploads\/sites\/8\/2020\/03\/verdes-e1585566736807.jpg?w=233&#038;h=233&#038;crop=1&#038;ssl=1\" srcset=\"https:\/\/cloud.alqueria.es\/wp-content\/uploads\/sites\/8\/2020\/03\/verdes-e1585566736807.jpg 150w, https:\/\/cloud.alqueria.es\/wp-content\/uploads\/sites\/8\/2020\/03\/verdes-e1585566736807.jpg 466w, https:\/\/cloud.alqueria.es\/wp-content\/uploads\/sites\/8\/2020\/03\/verdes-e1585566736807.jpg 699w\" width=\"233\" height=\"233\" loading=\"lazy\" data-original-width=\"233\" data-original-height=\"233\" itemprop=\"http:\/\/schema.org\/image\" title=\"verdes\" alt=\"verdes\" style=\"width: 233px; height: 233px;\" \/> <\/a> <\/div> <\/div> <div class=\"gallery-group\" style=\"width: 237px; height: 237px;\" data-original-width=\"237\" data-original-height=\"237\" > <div class=\"tiled-gallery-item \" itemprop=\"associatedMedia\" itemscope itemtype=\"http:\/\/schema.org\/ImageObject\"> <a href=\"https:\/\/www.alqueria.es\/blogs\/alqueriarojaverde\/2020\/04\/01\/verde-miercoles\/verdes-flores-que-se-abren\/\" border=\"0\" itemprop=\"url\"> <meta itemprop=\"width\" content=\"233\"> <meta itemprop=\"height\" content=\"233\"> <img decoding=\"async\" class=\"\" data-attachment-id=\"25292\" data-orig-file=\"https:\/\/cloud.alqueria.es\/wp-content\/uploads\/sites\/8\/2020\/03\/verdes-flores-que-se-abren.jpg\" data-orig-size=\"236,139\" data-comments-opened=\"1\" data-image-meta=\"{&quot;aperture&quot;:&quot;0&quot;,&quot;credit&quot;:&quot;&quot;,&quot;camera&quot;:&quot;&quot;,&quot;caption&quot;:&quot;&quot;,&quot;created_timestamp&quot;:&quot;0&quot;,&quot;copyright&quot;:&quot;&quot;,&quot;focal_length&quot;:&quot;0&quot;,&quot;iso&quot;:&quot;0&quot;,&quot;shutter_speed&quot;:&quot;0&quot;,&quot;title&quot;:&quot;&quot;,&quot;orientation&quot;:&quot;0&quot;}\" data-image-title=\"verdes flores que se abren\" data-image-description=\"\" data-medium-file=\"https:\/\/i0.wp.com\/cloud.alqueria.es\/wp-content\/uploads\/sites\/8\/2020\/03\/verdes-flores-que-se-abren.jpg?fit=236%2C139&#038;ssl=1\" data-large-file=\"https:\/\/i0.wp.com\/cloud.alqueria.es\/wp-content\/uploads\/sites\/8\/2020\/03\/verdes-flores-que-se-abren.jpg?fit=236%2C139&#038;ssl=1\" src=\"https:\/\/i0.wp.com\/cloud.alqueria.es\/wp-content\/uploads\/sites\/8\/2020\/03\/verdes-flores-que-se-abren.jpg?w=233&#038;h=233&#038;crop=1&#038;ssl=1\" width=\"233\" height=\"233\" loading=\"lazy\" data-original-width=\"233\" data-original-height=\"233\" itemprop=\"http:\/\/schema.org\/image\" title=\"verdes flores que se abren\" alt=\"verdes flores que se abren\" style=\"width: 233px; height: 233px;\" \/> <\/a> <\/div> <\/div> <\/div> <\/div>\n<blockquote>\n<h6>Hacer unas flores de papel y despu\u00e9s disfrutar del espect\u00e1culo de ver c\u00f3mo se abren cuando las pones en agua es una actividad s\u00faper divertida que combina el arte con la ciencia. \u00a1Qu\u00e9 experimento m\u00e1s completo, sencillo y emocionante!<\/h6>\n<h6>Materiales:<\/h6>\n<ul>\n<li>\n<h6>Un recipiente con agua (bol, plato hondo, ensaladera\u2026)<\/h6>\n<\/li>\n<li>\n<h6>L\u00e1pices de colores, rotuladores (marcadores o plumones).<\/h6>\n<\/li>\n<\/ul>\n<h6>Procedimiento:<\/h6>\n<ul>\n<li>\n<h6>En una hoja de papel dibuja y colorea una flor.<\/h6>\n<\/li>\n<\/ul>\n<\/blockquote>\n<blockquote>\n<ul>\n<li>\n<h6>Rec\u00f3rtala.\u00a0Si utilizaste rotuladores para decorar, espera a que la tinta est\u00e9 completamente seca antes de continuar con el siguiente paso.<\/h6>\n<\/li>\n<li>\n<h6>Dobla los p\u00e9talos hacia el centro de la flor.<\/h6>\n<\/li>\n<li>\n<h6>Coloca cuidadosamente la flor plegada en el recipiente con agua.<\/h6>\n<\/li>\n<li>\n<h6>Los p\u00e9talos se ir\u00e1n abriendo poco a poco (ten paciencia).<\/h6>\n<\/li>\n<\/ul>\n<h6>Realiza tantas como quieras, con puntas redondas o en pico, grandes o peque\u00f1as, de muchos colores y con diferentes l\u00e1pices o pinturas.<\/h6>\n<p style=\"text-align: center\"><span style=\"color: #000000\"><strong>\u00a1\u00a1\u00a1Espero que lo disfrut\u00e9is como siempre!!!<\/strong><\/span><\/p>\n<h6>Un abrazo muy fuerte para todos vosotros, os echo mucho de menos.<\/h6>\n<h6>Charito<\/h6>\n<\/blockquote>\n<div><img data-recalc-dims=\"1\" decoding=\"async\" data-attachment-id=\"25321\" data-permalink=\"https:\/\/www.alqueria.es\/blogs\/alqueriarojaverde\/2020\/04\/01\/verde-miercoles\/fomentar-un-equipo-creativo-1080x675\/\" data-orig-file=\"https:\/\/i0.wp.com\/cloud.alqueria.es\/wp-content\/uploads\/sites\/8\/2020\/03\/fomentar-un-equipo-creativo-1080x675.jpg?fit=1024%2C640&amp;ssl=1\" data-orig-size=\"1024,640\" data-comments-opened=\"1\" data-image-meta=\"{&quot;aperture&quot;:&quot;3.2&quot;,&quot;credit&quot;:&quot;&quot;,&quot;camera&quot;:&quot;Canon EOS 6D&quot;,&quot;caption&quot;:&quot;&quot;,&quot;created_timestamp&quot;:&quot;1445121304&quot;,&quot;copyright&quot;:&quot;&quot;,&quot;focal_length&quot;:&quot;35&quot;,&quot;iso&quot;:&quot;100&quot;,&quot;shutter_speed&quot;:&quot;0.033333333333333&quot;,&quot;title&quot;:&quot;&quot;,&quot;orientation&quot;:&quot;1&quot;}\" data-image-title=\"fomentar-un-equipo-creativo-1080&amp;#215;675\" data-image-description=\"\" data-image-caption=\"\" data-large-file=\"https:\/\/i0.wp.com\/cloud.alqueria.es\/wp-content\/uploads\/sites\/8\/2020\/03\/fomentar-un-equipo-creativo-1080x675.jpg?fit=474%2C296&amp;ssl=1\" class=\"alignleft size-medium wp-image-25321\" src=\"https:\/\/i0.wp.com\/cloud.alqueria.es\/wp-content\/uploads\/sites\/8\/2020\/03\/fomentar-un-equipo-creativo-1080x675.jpg?resize=300%2C188&#038;ssl=1\" alt=\"\" width=\"300\" height=\"188\" srcset=\"https:\/\/cloud.alqueria.es\/wp-content\/uploads\/sites\/8\/2020\/03\/fomentar-un-equipo-creativo-1080x675.jpg 1024w, https:\/\/cloud.alqueria.es\/wp-content\/uploads\/sites\/8\/2020\/03\/fomentar-un-equipo-creativo-1080x675.jpg 300w, https:\/\/cloud.alqueria.es\/wp-content\/uploads\/sites\/8\/2020\/03\/fomentar-un-equipo-creativo-1080x675.jpg 768w, https:\/\/cloud.alqueria.es\/wp-content\/uploads\/sites\/8\/2020\/03\/fomentar-un-equipo-creativo-1080x675.jpg 948w\" sizes=\"(max-width: 300px) 100vw, 300px\" \/><em><strong>Hace un tiempo le\u00ed una frase, de la que desconozco su autor, que me gust\u00f3 mucho y quer\u00eda compartir con vosotros<\/strong><\/em> <em><strong><span style=\"color: #ff00ff\">\u00abLA CREATIVIDAD ES LA INTELIGENCIA DIVIRTI\u00c9NDOSE\u00bb.<\/span><\/strong><\/em><\/div>\n<div><em><strong><span style=\"color: #333333\">As\u00ed que chicos ya sab\u00e9is, a poner en pr\u00e1ctica toda vuestra creatividad no s\u00f3lo en los talleres que os proponemos de art\u00edstica sino en la invenci\u00f3n de juegos, materiales para aprender, experiencias y todo cuanto se os ocurra. Estar\u00e9 muy contenta de recibir vuestros \u00abproyectos creativos\u00bb a trav\u00e9s de los comentarios o quiz\u00e1s en esa sesi\u00f3n de Zoom que hac\u00e9is de vez en cuando.<\/span><\/strong><\/em><\/div>\n<div><\/div>\n<div><em><strong>Para terminar os dejo estas <span style=\"color: #ff0000\">canciones en ingl\u00e9s<\/span>, para que sig\u00e1is practicando tambi\u00e9n en este \u00e1rea mientras lo pas\u00e1is en grande.<\/strong><\/em><\/div>\n<div><\/div>\n<div>\n<p><span class=\"embed-youtube\" style=\"text-align:center; display: block;\"><div class=\"a25-CTUOC-hidding-box\" data-original-content=\"&lt;iframe loading=&quot;lazy&quot; class=&quot;youtube-player&quot; width=&quot;474&quot; height=&quot;267&quot; src=&quot;https:\/\/www.youtube.com\/embed\/xNw1SSz18Gg?version=3&amp;#038;rel=1&amp;#038;showsearch=0&amp;#038;showinfo=1&amp;#038;iv_load_policy=1&amp;#038;fs=1&amp;#038;hl=es-ES&amp;#038;autohide=2&amp;#038;wmode=transparent&quot; allowfullscreen=&quot;true&quot; style=&quot;border:0;&quot; sandbox=&quot;allow-scripts allow-same-origin allow-popups allow-presentation allow-popups-to-escape-sandbox&quot;&gt;&lt;\/iframe&gt;\">Esta p\u00e1gina incluye contenido multimedia que requiere aceptar todas las cookies. Pulse aqu\u00ed para abrir la configuraci\u00f3n de cookies.<\/div><\/span><\/p>\n<p><span class=\"embed-youtube\" style=\"text-align:center; display: block;\"><div class=\"a25-CTUOC-hidding-box\" data-original-content=\"&lt;iframe loading=&quot;lazy&quot; class=&quot;youtube-player&quot; width=&quot;474&quot; height=&quot;267&quot; src=&quot;https:\/\/www.youtube.com\/embed\/a44NFSiIn54?version=3&amp;#038;rel=1&amp;#038;showsearch=0&amp;#038;showinfo=1&amp;#038;iv_load_policy=1&amp;#038;fs=1&amp;#038;hl=es-ES&amp;#038;autohide=2&amp;#038;wmode=transparent&quot; allowfullscreen=&quot;true&quot; style=&quot;border:0;&quot; sandbox=&quot;allow-scripts allow-same-origin allow-popups allow-presentation allow-popups-to-escape-sandbox&quot;&gt;&lt;\/iframe&gt;\">Esta p\u00e1gina incluye contenido multimedia que requiere aceptar todas las cookies. Pulse aqu\u00ed para abrir la configuraci\u00f3n de cookies.<\/div><\/span><\/p>\n<\/div>\n<div><\/div>\n<div><\/div>\n<div><strong>Un besito y \u00a1hasta ma\u00f1ana!,<\/strong><\/div>\n<div><\/div>\n<div>Esther Justicia.<\/div>\n","protected":false},"excerpt":{"rendered":"<p>\u00a1Cu\u00e1ntas cosas os estoy contando\u00a0\u00faltimamente chicos!. Espero que los v\u00eddeos que os he dejado os hayan acercado un poquito m\u00e1s a m\u00ed y os hagan sentir que estamos \u00abcasi como en el cole\u00bb, aunque os confieso que tengo unas ganas tremendas de volver a\u00a0veros y abrazaros. Espero que pronto podamos disfrutar de nuestro jard\u00edn centenario, &hellip; <a href=\"https:\/\/www.alqueria.es\/blogs\/alqueriarojaverde\/2020\/04\/01\/verde-miercoles\/\" class=\"more-link\">Seguir leyendo <span class=\"screen-reader-text\">\u00a1FLORES MISTERIOSAS!<\/span> <span class=\"meta-nav\">&rarr;<\/span><\/a><\/p>\n","protected":false},"author":19,"featured_media":0,"comment_status":"open","ping_status":"open","sticky":false,"template":"","format":"standard","meta":{"jetpack_post_was_ever_published":false,"_jetpack_newsletter_access":"","_jetpack_dont_email_post_to_subs":false,"_jetpack_newsletter_tier_id":0,"_jetpack_memberships_contains_paywalled_content":false,"_jetpack_memberships_contains_paid_content":false,"footnotes":"","jetpack_publicize_message":"","jetpack_publicize_feature_enabled":true,"jetpack_social_post_already_shared":true,"jetpack_social_options":{"image_generator_settings":{"template":"highway","default_image_id":0,"font":"","enabled":false},"version":2}},"categories":[7,13],"tags":[785,784],"class_list":["post-25291","post","type-post","status-publish","format-standard","hentry","category-clase-verde-5-6-anos","category-inicio","tag-ingles-para-infantil","tag-taller-creativo-experimental"],"jetpack_publicize_connections":[],"jetpack_featured_media_url":"","jetpack_sharing_enabled":true,"jetpack_shortlink":"https:\/\/wp.me\/p4lFbP-6zV","_links":{"self":[{"href":"https:\/\/www.alqueria.es\/blogs\/alqueriarojaverde\/wp-json\/wp\/v2\/posts\/25291","targetHints":{"allow":["GET"]}}],"collection":[{"href":"https:\/\/www.alqueria.es\/blogs\/alqueriarojaverde\/wp-json\/wp\/v2\/posts"}],"about":[{"href":"https:\/\/www.alqueria.es\/blogs\/alqueriarojaverde\/wp-json\/wp\/v2\/types\/post"}],"author":[{"embeddable":true,"href":"https:\/\/www.alqueria.es\/blogs\/alqueriarojaverde\/wp-json\/wp\/v2\/users\/19"}],"replies":[{"embeddable":true,"href":"https:\/\/www.alqueria.es\/blogs\/alqueriarojaverde\/wp-json\/wp\/v2\/comments?post=25291"}],"version-history":[{"count":15,"href":"https:\/\/www.alqueria.es\/blogs\/alqueriarojaverde\/wp-json\/wp\/v2\/posts\/25291\/revisions"}],"predecessor-version":[{"id":25360,"href":"https:\/\/www.alqueria.es\/blogs\/alqueriarojaverde\/wp-json\/wp\/v2\/posts\/25291\/revisions\/25360"}],"wp:attachment":[{"href":"https:\/\/www.alqueria.es\/blogs\/alqueriarojaverde\/wp-json\/wp\/v2\/media?parent=25291"}],"wp:term":[{"taxonomy":"category","embeddable":true,"href":"https:\/\/www.alqueria.es\/blogs\/alqueriarojaverde\/wp-json\/wp\/v2\/categories?post=25291"},{"taxonomy":"post_tag","embeddable":true,"href":"https:\/\/www.alqueria.es\/blogs\/alqueriarojaverde\/wp-json\/wp\/v2\/tags?post=25291"}],"curies":[{"name":"wp","href":"https:\/\/api.w.org\/{rel}","templated":true}]}}