{"id":25460,"date":"2020-04-13T09:26:09","date_gmt":"2020-04-13T07:26:09","guid":{"rendered":"http:\/\/www.alqueria.es\/blogs\/alqueriarojaverde\/?p=25460"},"modified":"2020-04-13T09:26:09","modified_gmt":"2020-04-13T07:26:09","slug":"el-comic-y-las-historietas","status":"publish","type":"post","link":"https:\/\/www.alqueria.es\/blogs\/alqueriarojaverde\/2020\/04\/13\/el-comic-y-las-historietas\/","title":{"rendered":"EL C\u00d3MIC Y LAS HISTORIETAS"},"content":{"rendered":"<p>Buenos d\u00edas familias,<\/p>\n<p>Espero que os encontr\u00e9is todos muy bien y que hay\u00e1is podido desconectar estos d\u00edas festivos sin trabajar. Por aqu\u00ed\u00a0 seguimos intentando acercaros de la mejor manera posible la programaci\u00f3n prevista para este mes de abril.<\/p>\n<p>El martes ten\u00edamos\u00a0 nuestro <strong><span style=\"color: #008000\">VIVERO<\/span><\/strong>, la venta de plantas que durante todo el curso hemos ido plantando y sembrando como <img data-recalc-dims=\"1\" decoding=\"async\" data-attachment-id=\"25467\" data-permalink=\"https:\/\/www.alqueria.es\/blogs\/alqueriarojaverde\/2020\/04\/13\/el-comic-y-las-historietas\/img-20190329-wa0013-2\/\" data-orig-file=\"https:\/\/i0.wp.com\/cloud.alqueria.es\/wp-content\/uploads\/sites\/8\/2020\/04\/IMG-20190329-WA0013.jpg?fit=768%2C1024&amp;ssl=1\" data-orig-size=\"768,1024\" data-comments-opened=\"1\" data-image-meta=\"{&quot;aperture&quot;:&quot;0&quot;,&quot;credit&quot;:&quot;&quot;,&quot;camera&quot;:&quot;&quot;,&quot;caption&quot;:&quot;&quot;,&quot;created_timestamp&quot;:&quot;0&quot;,&quot;copyright&quot;:&quot;&quot;,&quot;focal_length&quot;:&quot;0&quot;,&quot;iso&quot;:&quot;0&quot;,&quot;shutter_speed&quot;:&quot;0&quot;,&quot;title&quot;:&quot;&quot;,&quot;orientation&quot;:&quot;0&quot;}\" data-image-title=\"IMG-20190329-WA0013\" data-image-description=\"\" data-image-caption=\"\" data-large-file=\"https:\/\/i0.wp.com\/cloud.alqueria.es\/wp-content\/uploads\/sites\/8\/2020\/04\/IMG-20190329-WA0013.jpg?fit=474%2C632&amp;ssl=1\" class=\"alignright wp-image-25467 size-medium\" src=\"https:\/\/i0.wp.com\/cloud.alqueria.es\/wp-content\/uploads\/sites\/8\/2020\/04\/IMG-20190329-WA0013.jpg?resize=225%2C300&#038;ssl=1\" alt=\"\" width=\"225\" height=\"300\" srcset=\"https:\/\/cloud.alqueria.es\/wp-content\/uploads\/sites\/8\/2020\/04\/IMG-20190329-WA0013.jpg 768w, https:\/\/cloud.alqueria.es\/wp-content\/uploads\/sites\/8\/2020\/04\/IMG-20190329-WA0013.jpg 225w\" sizes=\"(max-width: 225px) 100vw, 225px\" \/>actividades cooperativas <strong><span style=\"color: #008000\">MEDIO AMBIENTALES<\/span> <\/strong>de todo el ciclo. Un proyecto muy bonito en el que se trabaja de manera globalizada un mont\u00f3n de aspectos relacionados con el reciclado y la reutilizaci\u00f3n de envases, la conciencia medio ambiental y el cuidado de las plantas, la importancia de las plantas para nuestro planeta, conocer\u00a0 distintos tipos de plantas y semillas,\u00a0 partes de las plantas&#8230;. As\u00ed como l\u00f3gica-matem\u00e1tica y alfabetizaci\u00f3n. Como no vamos a poder llevarla a cabo solo nos queda pensar en todo el proceso de aprendizaje significativo que a trav\u00e9s de la vivenciaci\u00f3n han adquirido nuestros ni\u00f1os y ni\u00f1as.<\/p>\n<p>Por otra parte, la semana de la lectura tambi\u00e9n se acerca y con ella el d\u00eda del libro. Para seguir con el trabajo programado os hago la siguiente propuesta y me dirijo a ellos:<\/p>\n<p><span style=\"color: #000000\"><span style=\"color: #000000\"><b>\u00a1\u00a1HOLA ROJITOS!! \u00bfQu\u00e9 tal est\u00e1is? Espero que lo est\u00e9is pasando muy bien y disfrut\u00e9is en casa de los momentos en familia. Por aqu\u00ed os echo mucho de menos y voy a intentar proponeros actividades divertidas para seguir aprendiendo. Esta semana vamos a hacer nuestro propio C\u00f3mic, pero primero tenemos que saber muchas cosas a cerca de este tipo de libros.<\/b><\/span><\/span><\/p>\n<p><span style=\"color: #000000\"><span style=\"color: #000000\"><b> Imaginaros que estamos en nuestra asamblea y yo os pregunto: \u00bfQui\u00e9n sabe lo que es un C\u00d3MIC? \u00bf C\u00f3mo son los c\u00f3mic? \u00bfEn qu\u00e9 se diferencia de un cuento? \u00bfTienen muchas letras? \u00bfQu\u00e9 es lo que m\u00e1s os llama la atenci\u00f3n de los c\u00f3mic? \u00bfHay c\u00f3mic s\u00f3lo con dibujos? \u00bf Se pueden leer solo las im\u00e1genes?\u00a0<\/b><\/span><\/span><\/p>\n<p><strong><span style=\"color: #000000\">Los c\u00f3mic se caracterizan por tener unas vi\u00f1etas y unos bocadillos donde se incluye el texto y onomatopeyas ( palabras que imitan un sonido) que dice cada personaje, como por ejemplo \u00a1OH!, \u00a1JA!, \u00a1BOOM!&#8230;.<\/span><\/strong><\/p>\n<p><img data-recalc-dims=\"1\" decoding=\"async\" data-attachment-id=\"25461\" data-permalink=\"https:\/\/www.alqueria.es\/blogs\/alqueriarojaverde\/2020\/04\/13\/el-comic-y-las-historietas\/61-2\/\" data-orig-file=\"https:\/\/i0.wp.com\/cloud.alqueria.es\/wp-content\/uploads\/sites\/8\/2020\/04\/61.png?fit=408%2C263&amp;ssl=1\" data-orig-size=\"408,263\" data-comments-opened=\"1\" data-image-meta=\"{&quot;aperture&quot;:&quot;0&quot;,&quot;credit&quot;:&quot;&quot;,&quot;camera&quot;:&quot;&quot;,&quot;caption&quot;:&quot;&quot;,&quot;created_timestamp&quot;:&quot;0&quot;,&quot;copyright&quot;:&quot;&quot;,&quot;focal_length&quot;:&quot;0&quot;,&quot;iso&quot;:&quot;0&quot;,&quot;shutter_speed&quot;:&quot;0&quot;,&quot;title&quot;:&quot;&quot;,&quot;orientation&quot;:&quot;0&quot;}\" data-image-title=\"61\" data-image-description=\"\" data-image-caption=\"\" data-large-file=\"https:\/\/i0.wp.com\/cloud.alqueria.es\/wp-content\/uploads\/sites\/8\/2020\/04\/61.png?fit=408%2C263&amp;ssl=1\" class=\"aligncenter wp-image-25461 size-full\" src=\"https:\/\/i0.wp.com\/cloud.alqueria.es\/wp-content\/uploads\/sites\/8\/2020\/04\/61.png?resize=408%2C263&#038;ssl=1\" alt=\"\" width=\"408\" height=\"263\" srcset=\"https:\/\/cloud.alqueria.es\/wp-content\/uploads\/sites\/8\/2020\/04\/61.png 408w, https:\/\/cloud.alqueria.es\/wp-content\/uploads\/sites\/8\/2020\/04\/61.png 300w\" sizes=\"(max-width: 408px) 100vw, 408px\" \/><\/p>\n<p><span style=\"color: #333333\">A partir de aqu\u00ed, os pido colaboraci\u00f3n a las familias para que si en casa ten\u00e9is c\u00f3mic,\u00a0 los pong\u00e1is en sus manos y puedan responder a algunos de los interrogantes que se les pueden plantear ya que quiz\u00e1 no hayan visto ninguno todav\u00eda. Aqu\u00ed os dejo una selecci\u00f3n de C\u00f3mic solo con im\u00e1genes apropiados para estas edades y que pod\u00e9is visualizar con ellos:<\/span><\/p>\n<div data-url=\"https:\/\/issuu.com\/stephane.corbinais\/docs\/barbosa_es\" style=\"width: 474px; height: 327px;\" class=\"issuuembed\"><\/div>\n<div class=\"a25-CTUOC-hidding-box\" data-original-content=\"&lt;script type=&quot;text\/javascript&quot; src=&quot;\/\/e.issuu.com\/embed.js&quot; async=&quot;true&quot;&gt;&lt;\/script&gt;\">Esta p\u00e1gina incluye contenido multimedia que requiere aceptar todas las cookies. Pulse aqu\u00ed para abrir la configuraci\u00f3n de cookies.<\/div>\n<p>&nbsp;<\/p>\n<p><span class=\"embed-youtube\" style=\"text-align:center; display: block;\"><div class=\"a25-CTUOC-hidding-box\" data-original-content=\"&lt;iframe loading=&quot;lazy&quot; class=&quot;youtube-player&quot; width=&quot;474&quot; height=&quot;267&quot; src=&quot;https:\/\/www.youtube.com\/embed\/YtJxeyZ8En8?version=3&amp;#038;rel=1&amp;#038;showsearch=0&amp;#038;showinfo=1&amp;#038;iv_load_policy=1&amp;#038;fs=1&amp;#038;hl=es-ES&amp;#038;autohide=2&amp;#038;wmode=transparent&quot; allowfullscreen=&quot;true&quot; style=&quot;border:0;&quot; sandbox=&quot;allow-scripts allow-same-origin allow-popups allow-presentation allow-popups-to-escape-sandbox&quot;&gt;&lt;\/iframe&gt;\">Esta p\u00e1gina incluye contenido multimedia que requiere aceptar todas las cookies. Pulse aqu\u00ed para abrir la configuraci\u00f3n de cookies.<\/div><\/span><\/p>\n<p>Los c\u00f3mics proporcionan muchos beneficios en el aprendizaje de la lectura:<\/p>\n<ul>\n<li>Es un soporte muy <strong><span style=\"color: #000000\">atractivo<\/span><\/strong> de dibujos con letras y lo primero que aprenden a leer nuestros ni\u00f1os son\u00a0 las im\u00e1genes y despu\u00e9s el texto.<\/li>\n<\/ul>\n<p><img data-recalc-dims=\"1\" decoding=\"async\" data-attachment-id=\"25463\" data-permalink=\"https:\/\/www.alqueria.es\/blogs\/alqueriarojaverde\/2020\/04\/13\/el-comic-y-las-historietas\/los-10-mejores-creadores-de-comics-en-latinoamerica\/\" data-orig-file=\"https:\/\/i0.wp.com\/cloud.alqueria.es\/wp-content\/uploads\/sites\/8\/2020\/04\/los-10-mejores-creadores-de-comics-en-latinoamerica.jpg?fit=743%2C433&amp;ssl=1\" data-orig-size=\"743,433\" data-comments-opened=\"1\" data-image-meta=\"{&quot;aperture&quot;:&quot;0&quot;,&quot;credit&quot;:&quot;&quot;,&quot;camera&quot;:&quot;&quot;,&quot;caption&quot;:&quot;&quot;,&quot;created_timestamp&quot;:&quot;0&quot;,&quot;copyright&quot;:&quot;&quot;,&quot;focal_length&quot;:&quot;0&quot;,&quot;iso&quot;:&quot;0&quot;,&quot;shutter_speed&quot;:&quot;0&quot;,&quot;title&quot;:&quot;&quot;,&quot;orientation&quot;:&quot;0&quot;}\" data-image-title=\"los-10-mejores-creadores-de-comics-en-latinoamerica\" data-image-description=\"\" data-image-caption=\"\" data-large-file=\"https:\/\/i0.wp.com\/cloud.alqueria.es\/wp-content\/uploads\/sites\/8\/2020\/04\/los-10-mejores-creadores-de-comics-en-latinoamerica.jpg?fit=474%2C276&amp;ssl=1\" class=\"aligncenter size-full wp-image-25463\" src=\"https:\/\/i0.wp.com\/cloud.alqueria.es\/wp-content\/uploads\/sites\/8\/2020\/04\/los-10-mejores-creadores-de-comics-en-latinoamerica.jpg?resize=474%2C276&#038;ssl=1\" alt=\"\" width=\"474\" height=\"276\" srcset=\"https:\/\/cloud.alqueria.es\/wp-content\/uploads\/sites\/8\/2020\/04\/los-10-mejores-creadores-de-comics-en-latinoamerica.jpg 743w, https:\/\/cloud.alqueria.es\/wp-content\/uploads\/sites\/8\/2020\/04\/los-10-mejores-creadores-de-comics-en-latinoamerica.jpg 300w\" sizes=\"(max-width: 474px) 100vw, 474px\" \/><\/p>\n<ul>\n<li>Es muy <strong><span style=\"color: #000000\">motivador<\/span><\/strong> por el formato que se utiliza a trav\u00e9s de vi\u00f1etas y bocadillos. Varios estudios realizados en ni\u00f1os con poco inter\u00e9s por la lectura, han utilizado los c\u00f3mics obteniendo resultados muy positivos.<\/li>\n<li>Los acerca al <strong><span style=\"color: #000000\">arte<\/span><\/strong>, ya que en ellos se mezcla la pintura y la literatura y se relaciona \u00edntimamente con el cine.<\/li>\n<li>Desarrollan la<strong><span style=\"color: #000000\"> imaginaci\u00f3n y fomentan la creatividad, <\/span><\/strong><span style=\"color: #000000\"><span style=\"color: #333333\">a trav\u00e9s de los c\u00f3mics los ni\u00f1os pueden crear universos nuevos as\u00ed como personajes inventados por ellos.\u00a0<\/span><\/span><\/li>\n<\/ul>\n<p style=\"text-align: center\">\u00abLEER C\u00d3MIC ES LEER\u00bb<\/p>\n<p>A partir de toda esta explicaci\u00f3n,\u00a0 <span style=\"color: #000000\"><strong>Rojitos ten\u00e9is que pensar en un personaje para vuestro c\u00f3mic e ir haciendo un boceto o dibujo de c\u00f3mo va a ser, puede ser un ni\u00f1o o ni\u00f1a, un animal, un s\u00faper h\u00e9roe o s\u00faper hero\u00edna&#8230;.\u00a0 Y los siguientes pasos os los ir\u00e9 poniendo en las pr\u00f3ximas entradas para ir poco a poco.<\/strong><\/span><\/p>\n<p>Como la entrada va de lectura de im\u00e1genes, otro formato que les gusta mucho y que es atractivo para el aprendizaje de la lectura son los Cuentos por Pictogramas. Aqu\u00ed os dejo un ejemplo:<\/p>\n<p><span class=\"embed-youtube\" style=\"text-align:center; display: block;\"><div class=\"a25-CTUOC-hidding-box\" data-original-content=\"&lt;iframe loading=&quot;lazy&quot; class=&quot;youtube-player&quot; width=&quot;474&quot; height=&quot;267&quot; src=&quot;https:\/\/www.youtube.com\/embed\/b2EahmI1x5M?version=3&amp;#038;rel=1&amp;#038;showsearch=0&amp;#038;showinfo=1&amp;#038;iv_load_policy=1&amp;#038;fs=1&amp;#038;hl=es-ES&amp;#038;autohide=2&amp;#038;wmode=transparent&quot; allowfullscreen=&quot;true&quot; style=&quot;border:0;&quot; sandbox=&quot;allow-scripts allow-same-origin allow-popups allow-presentation allow-popups-to-escape-sandbox&quot;&gt;&lt;\/iframe&gt;\">Esta p\u00e1gina incluye contenido multimedia que requiere aceptar todas las cookies. Pulse aqu\u00ed para abrir la configuraci\u00f3n de cookies.<\/div><\/span><\/p>\n<p>En este art\u00edculo pod\u00e9is conocer m\u00e1s sobre la importancia de leer a nuestros ni\u00f1os y ni\u00f1as:<br \/>\n<a href=\"https:\/\/www.conmishijos.com\/educacion\/lectura-escritura\/la-importancia-de-la-lectura-en-los-ninos\/\"><img data-recalc-dims=\"1\" decoding=\"async\" data-attachment-id=\"25469\" data-permalink=\"https:\/\/www.alqueria.es\/blogs\/alqueriarojaverde\/2020\/04\/13\/el-comic-y-las-historietas\/descarga-59\/\" data-orig-file=\"https:\/\/i0.wp.com\/cloud.alqueria.es\/wp-content\/uploads\/sites\/8\/2020\/04\/descarga3.jpg?fit=258%2C195&amp;ssl=1\" data-orig-size=\"258,195\" data-comments-opened=\"1\" data-image-meta=\"{&quot;aperture&quot;:&quot;0&quot;,&quot;credit&quot;:&quot;&quot;,&quot;camera&quot;:&quot;&quot;,&quot;caption&quot;:&quot;&quot;,&quot;created_timestamp&quot;:&quot;0&quot;,&quot;copyright&quot;:&quot;&quot;,&quot;focal_length&quot;:&quot;0&quot;,&quot;iso&quot;:&quot;0&quot;,&quot;shutter_speed&quot;:&quot;0&quot;,&quot;title&quot;:&quot;&quot;,&quot;orientation&quot;:&quot;0&quot;}\" data-image-title=\"descarga\" data-image-description=\"\" data-image-caption=\"\" data-large-file=\"https:\/\/i0.wp.com\/cloud.alqueria.es\/wp-content\/uploads\/sites\/8\/2020\/04\/descarga3.jpg?fit=258%2C195&amp;ssl=1\" class=\"size-thumbnail wp-image-25469 aligncenter\" src=\"https:\/\/i0.wp.com\/cloud.alqueria.es\/wp-content\/uploads\/sites\/8\/2020\/04\/descarga3.jpg?resize=150%2C150&#038;ssl=1\" alt=\"\" width=\"150\" height=\"150\" \/><\/a><\/p>\n<p>&nbsp;<\/p>\n<p><span style=\"color: #000000\"><span style=\"color: #000000\"><b>Y ahora sentaros tranquilitos que os dejo un v\u00eddeo con un cuento que os va a gustar mucho.\u00a0<\/b><span style=\"color: #333333\">Con este cuento se trabaja la apr\u00e1xia bucofacial para favorecer la articulaci\u00f3n ( boca y\u00a0 lengua) o la emisi\u00f3n de sonidos:<\/span><\/span><\/span><\/p>\n<p>&nbsp;<\/p>\n<p><div class=\"a25-CTUOC-hidding-box\" data-original-content=\"&lt;iframe loading=&quot;lazy&quot; title=&quot;&amp;quot;CUENTO DEL GUSANITO&amp;quot;&quot; src=&quot;https:\/\/player.vimeo.com\/video\/406934620?dnt=1&amp;amp;app_id=122963&quot; width=&quot;474&quot; height=&quot;356&quot; frameborder=&quot;0&quot; allow=&quot;autoplay; fullscreen; picture-in-picture; clipboard-write&quot;&gt;&lt;\/iframe&gt;\">Esta p\u00e1gina incluye contenido multimedia que requiere aceptar todas las cookies. Pulse aqu\u00ed para abrir la configuraci\u00f3n de cookies.<\/div><\/p>\n<h6>Ahora os dejo con una nueva propuesta creativa de Charito:<\/h6>\n<p><em>\u00a1Hola familias, hola chicos y chicas!<\/em><\/p>\n<p><em>Os \u00a0propongo una actividad com\u00fan para toda la etapa de infantil ( 0-6 a\u00f1os).<\/em><\/p>\n<p><em>Materiales:<\/em><\/p>\n<ul>\n<li><em>Tapadera de cart\u00f3n- pintura o papel para forrarla.<\/em><\/li>\n<li><em>Tijeras y pegamento.<\/em><\/li>\n<li><em>Recortes varios de papel, revista, peri\u00f3dico o de regalo<\/em><\/li>\n<li><em>Fotos vuestras de la familia o mascota.<\/em><\/li>\n<li><em>Trozos de cinta, botones, encaje etc.<\/em><\/li>\n<li><em>Peque\u00f1os juguetes vuestros.<\/em><\/li>\n<\/ul>\n<div id=\"gallery-2\" class=\"gallery galleryid-42272 gallery-columns-3 gallery-size-thumbnail\" data-carousel-extra=\"{&quot;blog_id&quot;:9,&quot;permalink&quot;:&quot;https:\\\/\\\/www.alqueria.es\\\/blogs\\\/alqueriaamarillanaranja\\\/2020\\\/04\\\/13\\\/vivero-naranjita-en-casa\\\/&quot;}\">\n<figure class=\"gallery-item\">\n<div class=\"gallery-icon landscape\"><a href=\"https:\/\/www.alqueria.es\/blogs\/alqueriaamarillanaranja\/2020\/04\/08\/cu-cu-quien-soy\/4_-0-6\/\"><img data-recalc-dims=\"1\" decoding=\"async\" class=\"attachment-thumbnail size-thumbnail lazyloaded\" src=\"https:\/\/i0.wp.com\/cloud.alqueria.es\/wp-content\/uploads\/sites\/9\/2020\/04\/4_-0-6-150x150.jpg?resize=150%2C150&#038;ssl=1\" alt=\"\" width=\"150\" height=\"150\" data-src=\"https:\/\/cloud.alqueria.es\/wp-content\/uploads\/sites\/9\/2020\/04\/4_-0-6-150x150.jpg\" data-srcset=\"https:\/\/cloud.alqueria.es\/wp-content\/uploads\/sites\/9\/2020\/04\/4_-0-6-150x150.jpg 150w, https:\/\/cloud.alqueria.es\/wp-content\/uploads\/sites\/9\/2020\/04\/4_-0-6-300x300.jpg 300w, https:\/\/cloud.alqueria.es\/wp-content\/uploads\/sites\/9\/2020\/04\/4_-0-6.jpg 600w\" data-sizes=\"(max-width: 150px) 100vw, 150px\" data-attachment-id=\"42253\" data-permalink=\"https:\/\/www.alqueria.es\/blogs\/alqueriaamarillanaranja\/2020\/04\/08\/cu-cu-quien-soy\/4_-0-6\/\" data-orig-file=\"https:\/\/cloud.alqueria.es\/wp-content\/uploads\/sites\/9\/2020\/04\/4_-0-6.jpg\" data-orig-size=\"600,600\" data-comments-opened=\"1\" data-image-meta=\"{&quot;aperture&quot;:&quot;2.8&quot;,&quot;credit&quot;:&quot;&quot;,&quot;camera&quot;:&quot;NIKON D3100&quot;,&quot;caption&quot;:&quot;&quot;,&quot;created_timestamp&quot;:&quot;1413143482&quot;,&quot;copyright&quot;:&quot;&quot;,&quot;focal_length&quot;:&quot;35&quot;,&quot;iso&quot;:&quot;800&quot;,&quot;shutter_speed&quot;:&quot;0.016666666666667&quot;,&quot;title&quot;:&quot;&quot;,&quot;orientation&quot;:&quot;1&quot;}\" data-image-title=\"4_-0-6\" data-image-description=\"\" data-medium-file=\"https:\/\/cloud.alqueria.es\/wp-content\/uploads\/sites\/9\/2020\/04\/4_-0-6-300x300.jpg\" data-large-file=\"https:\/\/cloud.alqueria.es\/wp-content\/uploads\/sites\/9\/2020\/04\/4_-0-6.jpg\" \/><\/a><\/div>\n<\/figure>\n<figure class=\"gallery-item\">\n<div class=\"gallery-icon landscape\"><a href=\"https:\/\/www.alqueria.es\/blogs\/alqueriaamarillanaranja\/2020\/04\/08\/cu-cu-quien-soy\/3_-0-6\/\"><img data-recalc-dims=\"1\" decoding=\"async\" class=\"attachment-thumbnail size-thumbnail lazyloaded\" src=\"https:\/\/i0.wp.com\/cloud.alqueria.es\/wp-content\/uploads\/sites\/9\/2020\/04\/3_-0-6-150x150.jpg?resize=150%2C150&#038;ssl=1\" alt=\"\" width=\"150\" height=\"150\" data-src=\"https:\/\/cloud.alqueria.es\/wp-content\/uploads\/sites\/9\/2020\/04\/3_-0-6-150x150.jpg\" data-srcset=\"https:\/\/cloud.alqueria.es\/wp-content\/uploads\/sites\/9\/2020\/04\/3_-0-6-150x150.jpg 150w, https:\/\/cloud.alqueria.es\/wp-content\/uploads\/sites\/9\/2020\/04\/3_-0-6-300x300.jpg 300w, https:\/\/cloud.alqueria.es\/wp-content\/uploads\/sites\/9\/2020\/04\/3_-0-6.jpg 600w\" data-sizes=\"(max-width: 150px) 100vw, 150px\" data-attachment-id=\"42252\" data-permalink=\"https:\/\/www.alqueria.es\/blogs\/alqueriaamarillanaranja\/2020\/04\/08\/cu-cu-quien-soy\/3_-0-6\/\" data-orig-file=\"https:\/\/cloud.alqueria.es\/wp-content\/uploads\/sites\/9\/2020\/04\/3_-0-6.jpg\" data-orig-size=\"600,600\" data-comments-opened=\"1\" data-image-meta=\"{&quot;aperture&quot;:&quot;0&quot;,&quot;credit&quot;:&quot;&quot;,&quot;camera&quot;:&quot;&quot;,&quot;caption&quot;:&quot;&quot;,&quot;created_timestamp&quot;:&quot;0&quot;,&quot;copyright&quot;:&quot;&quot;,&quot;focal_length&quot;:&quot;0&quot;,&quot;iso&quot;:&quot;0&quot;,&quot;shutter_speed&quot;:&quot;0&quot;,&quot;title&quot;:&quot;&quot;,&quot;orientation&quot;:&quot;0&quot;}\" data-image-title=\"3_-0-6\" data-image-description=\"\" data-medium-file=\"https:\/\/cloud.alqueria.es\/wp-content\/uploads\/sites\/9\/2020\/04\/3_-0-6-300x300.jpg\" data-large-file=\"https:\/\/cloud.alqueria.es\/wp-content\/uploads\/sites\/9\/2020\/04\/3_-0-6.jpg\" \/><\/a><\/div>\n<\/figure>\n<figure class=\"gallery-item\">\n<div class=\"gallery-icon portrait\"><a href=\"https:\/\/www.alqueria.es\/blogs\/alqueriaamarillanaranja\/2020\/04\/08\/cu-cu-quien-soy\/2_-0-6\/\"><img data-recalc-dims=\"1\" decoding=\"async\" class=\"attachment-thumbnail size-thumbnail lazyloaded\" src=\"https:\/\/i0.wp.com\/cloud.alqueria.es\/wp-content\/uploads\/sites\/9\/2020\/04\/2_-0-6-150x150.jpg?resize=150%2C150&#038;ssl=1\" alt=\"\" width=\"150\" height=\"150\" data-src=\"https:\/\/cloud.alqueria.es\/wp-content\/uploads\/sites\/9\/2020\/04\/2_-0-6-150x150.jpg\" data-attachment-id=\"42251\" data-permalink=\"https:\/\/www.alqueria.es\/blogs\/alqueriaamarillanaranja\/2020\/04\/08\/cu-cu-quien-soy\/2_-0-6\/\" data-orig-file=\"https:\/\/cloud.alqueria.es\/wp-content\/uploads\/sites\/9\/2020\/04\/2_-0-6.jpg\" data-orig-size=\"564,846\" data-comments-opened=\"1\" data-image-meta=\"{&quot;aperture&quot;:&quot;0&quot;,&quot;credit&quot;:&quot;&quot;,&quot;camera&quot;:&quot;&quot;,&quot;caption&quot;:&quot;&quot;,&quot;created_timestamp&quot;:&quot;0&quot;,&quot;copyright&quot;:&quot;&quot;,&quot;focal_length&quot;:&quot;0&quot;,&quot;iso&quot;:&quot;0&quot;,&quot;shutter_speed&quot;:&quot;0&quot;,&quot;title&quot;:&quot;&quot;,&quot;orientation&quot;:&quot;0&quot;}\" data-image-title=\"2_-0-6\" data-image-description=\"\" data-medium-file=\"https:\/\/cloud.alqueria.es\/wp-content\/uploads\/sites\/9\/2020\/04\/2_-0-6-200x300.jpg\" data-large-file=\"https:\/\/cloud.alqueria.es\/wp-content\/uploads\/sites\/9\/2020\/04\/2_-0-6.jpg\" \/><\/a><\/div>\n<\/figure>\n<\/div>\n<p><em>Este taller se llamar\u00e1 \u00a0\u201cUNA OBRA LLENA DE RECUERDOS\u201d\u00a0se trata de un collage.\u00a0 Es una propuesta donde os pod\u00e9is recrear durante varios d\u00edas, buscando los materiales, planificando y pintando la tapadera.<\/em><\/p>\n<p><em>Seguro que cada d\u00eda se os ocurre algo m\u00e1s que a\u00f1adir para que quede como un bonito recuerdo.\u00a0<\/em><\/p>\n<p><em>Los Mayores sobre todo (2\u00baciclo de infantil) que sois capaces, ir planificando vuestro trabajo (No pegar por pegar) Pensar por qu\u00e9 pon\u00e9is eso y no lo otro para que al final esa obra cuente por s\u00ed sola una breve historia personal.<\/em><\/p>\n<p><em>Como siempre os animo a que investigu\u00e9is por vuestra cuenta a encontrar aquellas peque\u00f1as cosas para que esta obra sea ENTRA\u00d1ABLE.<\/em><\/p>\n<p><em>Espero como siempre, que estas sencillas ideas os sirvan, gusten, entretengan y entre todos aprendamos cosas nuevas.\u00a0<\/em><\/p>\n<p><em>Un beso muy fuerte<\/em><\/p>\n<p><em>Charito<\/em><\/p>\n<p><span style=\"color: #000000\"><strong>Bueno rojitos y familias me despido hasta ma\u00f1ana.<\/strong><\/span><\/p>\n<p>Carmen<\/p>\n","protected":false},"excerpt":{"rendered":"<p>Buenos d\u00edas familias, Espero que os encontr\u00e9is todos muy bien y que hay\u00e1is podido desconectar estos d\u00edas festivos sin trabajar. Por aqu\u00ed\u00a0 seguimos intentando acercaros de la mejor manera posible la programaci\u00f3n prevista para este mes de abril. El martes ten\u00edamos\u00a0 nuestro VIVERO, la venta de plantas que durante todo el curso hemos ido plantando &hellip; <a href=\"https:\/\/www.alqueria.es\/blogs\/alqueriarojaverde\/2020\/04\/13\/el-comic-y-las-historietas\/\" class=\"more-link\">Seguir leyendo <span class=\"screen-reader-text\">EL C\u00d3MIC Y LAS HISTORIETAS<\/span> <span class=\"meta-nav\">&rarr;<\/span><\/a><\/p>\n","protected":false},"author":19,"featured_media":0,"comment_status":"open","ping_status":"open","sticky":false,"template":"","format":"standard","meta":{"jetpack_post_was_ever_published":false,"_jetpack_newsletter_access":"","_jetpack_dont_email_post_to_subs":false,"_jetpack_newsletter_tier_id":0,"_jetpack_memberships_contains_paywalled_content":false,"_jetpack_memberships_contains_paid_content":false,"footnotes":"","jetpack_publicize_message":"","jetpack_publicize_feature_enabled":true,"jetpack_social_post_already_shared":true,"jetpack_social_options":{"image_generator_settings":{"template":"highway","default_image_id":0,"font":"","enabled":false},"version":2}},"categories":[6,17],"tags":[51],"class_list":["post-25460","post","type-post","status-publish","format-standard","hentry","category-clase-roja-4-5-anos","category-propuestas-clase-roja","tag-el-comic"],"jetpack_publicize_connections":[],"jetpack_featured_media_url":"","jetpack_sharing_enabled":true,"jetpack_shortlink":"https:\/\/wp.me\/p4lFbP-6CE","_links":{"self":[{"href":"https:\/\/www.alqueria.es\/blogs\/alqueriarojaverde\/wp-json\/wp\/v2\/posts\/25460","targetHints":{"allow":["GET"]}}],"collection":[{"href":"https:\/\/www.alqueria.es\/blogs\/alqueriarojaverde\/wp-json\/wp\/v2\/posts"}],"about":[{"href":"https:\/\/www.alqueria.es\/blogs\/alqueriarojaverde\/wp-json\/wp\/v2\/types\/post"}],"author":[{"embeddable":true,"href":"https:\/\/www.alqueria.es\/blogs\/alqueriarojaverde\/wp-json\/wp\/v2\/users\/19"}],"replies":[{"embeddable":true,"href":"https:\/\/www.alqueria.es\/blogs\/alqueriarojaverde\/wp-json\/wp\/v2\/comments?post=25460"}],"version-history":[{"count":10,"href":"https:\/\/www.alqueria.es\/blogs\/alqueriarojaverde\/wp-json\/wp\/v2\/posts\/25460\/revisions"}],"predecessor-version":[{"id":25497,"href":"https:\/\/www.alqueria.es\/blogs\/alqueriarojaverde\/wp-json\/wp\/v2\/posts\/25460\/revisions\/25497"}],"wp:attachment":[{"href":"https:\/\/www.alqueria.es\/blogs\/alqueriarojaverde\/wp-json\/wp\/v2\/media?parent=25460"}],"wp:term":[{"taxonomy":"category","embeddable":true,"href":"https:\/\/www.alqueria.es\/blogs\/alqueriarojaverde\/wp-json\/wp\/v2\/categories?post=25460"},{"taxonomy":"post_tag","embeddable":true,"href":"https:\/\/www.alqueria.es\/blogs\/alqueriarojaverde\/wp-json\/wp\/v2\/tags?post=25460"}],"curies":[{"name":"wp","href":"https:\/\/api.w.org\/{rel}","templated":true}]}}