{"id":25472,"date":"2020-04-13T11:21:04","date_gmt":"2020-04-13T09:21:04","guid":{"rendered":"http:\/\/www.alqueria.es\/blogs\/alqueriarojaverde\/?p=25472"},"modified":"2020-04-14T10:08:07","modified_gmt":"2020-04-14T08:08:07","slug":"las-profesiones","status":"publish","type":"post","link":"https:\/\/www.alqueria.es\/blogs\/alqueriarojaverde\/2020\/04\/13\/las-profesiones\/","title":{"rendered":"LAS PROFESIONES"},"content":{"rendered":"<p><strong><span style=\"color: #000000\">Hola rojitos,<\/span><\/strong><\/p>\n<p><span style=\"color: #000000\"><span style=\"color: #000000\"><b><img data-recalc-dims=\"1\" decoding=\"async\" data-attachment-id=\"25523\" data-permalink=\"https:\/\/www.alqueria.es\/blogs\/alqueriarojaverde\/2020\/04\/13\/las-profesiones\/descarga-60\/\" data-orig-file=\"https:\/\/i0.wp.com\/cloud.alqueria.es\/wp-content\/uploads\/sites\/8\/2020\/04\/descarga4.jpg?fit=259%2C194&amp;ssl=1\" data-orig-size=\"259,194\" data-comments-opened=\"1\" data-image-meta=\"{&quot;aperture&quot;:&quot;0&quot;,&quot;credit&quot;:&quot;&quot;,&quot;camera&quot;:&quot;&quot;,&quot;caption&quot;:&quot;&quot;,&quot;created_timestamp&quot;:&quot;0&quot;,&quot;copyright&quot;:&quot;&quot;,&quot;focal_length&quot;:&quot;0&quot;,&quot;iso&quot;:&quot;0&quot;,&quot;shutter_speed&quot;:&quot;0&quot;,&quot;title&quot;:&quot;&quot;,&quot;orientation&quot;:&quot;0&quot;}\" data-image-title=\"descarga\" data-image-description=\"\" data-image-caption=\"\" data-large-file=\"https:\/\/i0.wp.com\/cloud.alqueria.es\/wp-content\/uploads\/sites\/8\/2020\/04\/descarga4.jpg?fit=259%2C194&amp;ssl=1\" class=\"alignleft size-full wp-image-25523\" src=\"https:\/\/i0.wp.com\/cloud.alqueria.es\/wp-content\/uploads\/sites\/8\/2020\/04\/descarga4.jpg?resize=259%2C194&#038;ssl=1\" alt=\"\" width=\"259\" height=\"194\" \/>\u00bfOs acord\u00e1is que en la clase roja tenemos un Proyecto de Aula que es el de las <\/b><\/span><span style=\"color: #800080\">Profesiones<\/span><span style=\"color: #000000\"><b>? Algunos martes las familias han participado en la clase cont\u00e1ndonos cual es su profesi\u00f3n y en qu\u00e9 consiste su trabajo. Pues bien, podemos recordar algunas profesiones de los padres y madres que nos han visitado hasta el momento: Enfermeros, Agricultor de aceitunas, Prevenci\u00f3n de riesgos laborales y Maestra de Educaci\u00f3n Especial.\u00a0<\/b><\/span><\/span><\/p>\n<p><strong><span style=\"color: #000000\">Os propongo un juego divertido donde vamos\u00a0 a Adivinar qui\u00e9n es:<\/span><\/strong><\/p>\n<p><span class=\"embed-youtube\" style=\"text-align:center; display: block;\"><div class=\"a25-CTUOC-hidding-box\" data-original-content=\"&lt;iframe loading=&quot;lazy&quot; class=&quot;youtube-player&quot; width=&quot;474&quot; height=&quot;267&quot; src=&quot;https:\/\/www.youtube.com\/embed\/L4QQJEmDHcE?version=3&amp;#038;rel=1&amp;#038;showsearch=0&amp;#038;showinfo=1&amp;#038;iv_load_policy=1&amp;#038;fs=1&amp;#038;hl=es-ES&amp;#038;autohide=2&amp;#038;wmode=transparent&quot; allowfullscreen=&quot;true&quot; style=&quot;border:0;&quot; sandbox=&quot;allow-scripts allow-same-origin allow-popups allow-presentation allow-popups-to-escape-sandbox&quot;&gt;&lt;\/iframe&gt;\">Esta p\u00e1gina incluye contenido multimedia que requiere aceptar todas las cookies. Pulse aqu\u00ed para abrir la configuraci\u00f3n de cookies.<\/div><\/span><\/p>\n<p>Familias como ya sab\u00e9is en nuestro cole nos basamos en <strong><span style=\"color: #000080\">el \u00a0juego<\/span><\/strong> , m\u00e1s concretamente en el <strong><span style=\"color: #000080\">M\u00e9todo de Propuestas<\/span><\/strong>, como pilar fundamental en el proceso de ense\u00f1anza-aprendizaje,\u00a0 de manera globalizada vamos trabajando las diferentes \u00e1reas de conocimiento: <strong>\u00abIdentidad y autonom\u00eda personal\u00bb, \u00abConocimiento del entorno\u00bb y \u00bb Comunicaci\u00f3n y representaci\u00f3n\u00bb<\/strong>. Pues tenemos que intentar seguir en casa esta misma l\u00ednea y que sea a trav\u00e9s del juego como los ni\u00f1os vayan conociendo el mundo que les rodea, aprendiendo normas de comportamiento, representando la realidad a trav\u00e9s de sus dibujos, escribiendo palabras significativas que enriquezcan las propuestas de juego, creando materiales y haciendo uso de las nociones l\u00f3gicas matem\u00e1ticas en el d\u00eda a d\u00eda.<\/p>\n<p>Para consolidar y reforzar muchos de estos aspectos os propongo algunos recursos sacados del blog\u00a0 \u00abLa clase de Miren\u00bb y que pod\u00e9is ir utilizando a ratitos con ellos para reforzar contenidos. Se trabaja la identificaci\u00f3n de letras y la conciencia fonol\u00f3gica pinchando en las im\u00e1genes:<\/p>\n<p><a href=\"http:\/\/www.chiscos.net\/xestor\/chs\/laclasedemiren\/dondeestanlasvocales1\/dondeestanlasvocales.html\"><img data-recalc-dims=\"1\" decoding=\"async\" data-attachment-id=\"25476\" data-permalink=\"https:\/\/www.alqueria.es\/blogs\/alqueriarojaverde\/2020\/04\/13\/las-profesiones\/2014-12-09_2142\/\" data-orig-file=\"https:\/\/i0.wp.com\/cloud.alqueria.es\/wp-content\/uploads\/sites\/8\/2020\/04\/2014-12-09_2142.png?fit=200%2C158&amp;ssl=1\" data-orig-size=\"200,158\" data-comments-opened=\"1\" data-image-meta=\"{&quot;aperture&quot;:&quot;0&quot;,&quot;credit&quot;:&quot;&quot;,&quot;camera&quot;:&quot;&quot;,&quot;caption&quot;:&quot;&quot;,&quot;created_timestamp&quot;:&quot;0&quot;,&quot;copyright&quot;:&quot;&quot;,&quot;focal_length&quot;:&quot;0&quot;,&quot;iso&quot;:&quot;0&quot;,&quot;shutter_speed&quot;:&quot;0&quot;,&quot;title&quot;:&quot;&quot;,&quot;orientation&quot;:&quot;0&quot;}\" data-image-title=\"2014-12-09_2142\" data-image-description=\"\" data-image-caption=\"\" data-large-file=\"https:\/\/i0.wp.com\/cloud.alqueria.es\/wp-content\/uploads\/sites\/8\/2020\/04\/2014-12-09_2142.png?fit=200%2C158&amp;ssl=1\" class=\"alignleft size-thumbnail wp-image-25476\" src=\"https:\/\/i0.wp.com\/cloud.alqueria.es\/wp-content\/uploads\/sites\/8\/2020\/04\/2014-12-09_2142.png?resize=150%2C150&#038;ssl=1\" alt=\"\" width=\"150\" height=\"150\" \/><img data-recalc-dims=\"1\" decoding=\"async\" data-attachment-id=\"25479\" data-permalink=\"https:\/\/www.alqueria.es\/blogs\/alqueriarojaverde\/2020\/04\/13\/las-profesiones\/ordena_el_abecedario\/\" data-orig-file=\"https:\/\/i0.wp.com\/cloud.alqueria.es\/wp-content\/uploads\/sites\/8\/2020\/04\/ORDENA_EL_ABECEDARIO.png?fit=200%2C173&amp;ssl=1\" data-orig-size=\"200,173\" data-comments-opened=\"1\" data-image-meta=\"{&quot;aperture&quot;:&quot;0&quot;,&quot;credit&quot;:&quot;&quot;,&quot;camera&quot;:&quot;&quot;,&quot;caption&quot;:&quot;&quot;,&quot;created_timestamp&quot;:&quot;0&quot;,&quot;copyright&quot;:&quot;&quot;,&quot;focal_length&quot;:&quot;0&quot;,&quot;iso&quot;:&quot;0&quot;,&quot;shutter_speed&quot;:&quot;0&quot;,&quot;title&quot;:&quot;&quot;,&quot;orientation&quot;:&quot;0&quot;}\" data-image-title=\"ORDENA_EL_ABECEDARIO\" data-image-description=\"\" data-image-caption=\"\" data-large-file=\"https:\/\/i0.wp.com\/cloud.alqueria.es\/wp-content\/uploads\/sites\/8\/2020\/04\/ORDENA_EL_ABECEDARIO.png?fit=200%2C173&amp;ssl=1\" class=\"alignleft size-thumbnail wp-image-25479\" src=\"https:\/\/i0.wp.com\/cloud.alqueria.es\/wp-content\/uploads\/sites\/8\/2020\/04\/ORDENA_EL_ABECEDARIO.png?resize=150%2C150&#038;ssl=1\" alt=\"\" width=\"150\" height=\"150\" \/><\/a><\/p>\n<p><a href=\"https:\/\/www.literacycenter.net\/play_learn\/letters_es\/letters_es_uc.php\"><img data-recalc-dims=\"1\" decoding=\"async\" data-attachment-id=\"25477\" data-permalink=\"https:\/\/www.alqueria.es\/blogs\/alqueriarojaverde\/2020\/04\/13\/las-profesiones\/2015-08-19_0118\/\" data-orig-file=\"https:\/\/i0.wp.com\/cloud.alqueria.es\/wp-content\/uploads\/sites\/8\/2020\/04\/2015-08-19_0118.png?fit=200%2C129&amp;ssl=1\" data-orig-size=\"200,129\" data-comments-opened=\"1\" data-image-meta=\"{&quot;aperture&quot;:&quot;0&quot;,&quot;credit&quot;:&quot;&quot;,&quot;camera&quot;:&quot;&quot;,&quot;caption&quot;:&quot;&quot;,&quot;created_timestamp&quot;:&quot;0&quot;,&quot;copyright&quot;:&quot;&quot;,&quot;focal_length&quot;:&quot;0&quot;,&quot;iso&quot;:&quot;0&quot;,&quot;shutter_speed&quot;:&quot;0&quot;,&quot;title&quot;:&quot;&quot;,&quot;orientation&quot;:&quot;0&quot;}\" data-image-title=\"2015-08-19_0118\" data-image-description=\"\" data-image-caption=\"\" data-large-file=\"https:\/\/i0.wp.com\/cloud.alqueria.es\/wp-content\/uploads\/sites\/8\/2020\/04\/2015-08-19_0118.png?fit=200%2C129&amp;ssl=1\" class=\"alignleft size-thumbnail wp-image-25477\" src=\"https:\/\/i0.wp.com\/cloud.alqueria.es\/wp-content\/uploads\/sites\/8\/2020\/04\/2015-08-19_0118.png?resize=150%2C129&#038;ssl=1\" alt=\"\" width=\"150\" height=\"129\" \/><\/a><\/p>\n<p><a href=\"http:\/\/www.cercifaf.org.pt\/mosaico.edu\/ca\/magnetes_letras.html\"><img data-recalc-dims=\"1\" decoding=\"async\" data-attachment-id=\"25478\" data-permalink=\"https:\/\/www.alqueria.es\/blogs\/alqueriarojaverde\/2020\/04\/13\/las-profesiones\/magneto-de-letras\/\" data-orig-file=\"https:\/\/i0.wp.com\/cloud.alqueria.es\/wp-content\/uploads\/sites\/8\/2020\/04\/magneto-de-letras.jpeg?fit=200%2C157&amp;ssl=1\" data-orig-size=\"200,157\" data-comments-opened=\"1\" data-image-meta=\"{&quot;aperture&quot;:&quot;0&quot;,&quot;credit&quot;:&quot;&quot;,&quot;camera&quot;:&quot;&quot;,&quot;caption&quot;:&quot;&quot;,&quot;created_timestamp&quot;:&quot;0&quot;,&quot;copyright&quot;:&quot;&quot;,&quot;focal_length&quot;:&quot;0&quot;,&quot;iso&quot;:&quot;0&quot;,&quot;shutter_speed&quot;:&quot;0&quot;,&quot;title&quot;:&quot;&quot;,&quot;orientation&quot;:&quot;0&quot;}\" data-image-title=\"magneto de letras\" data-image-description=\"\" data-image-caption=\"\" data-large-file=\"https:\/\/i0.wp.com\/cloud.alqueria.es\/wp-content\/uploads\/sites\/8\/2020\/04\/magneto-de-letras.jpeg?fit=200%2C157&amp;ssl=1\" class=\"alignleft wp-image-25478 size-thumbnail\" src=\"https:\/\/i0.wp.com\/cloud.alqueria.es\/wp-content\/uploads\/sites\/8\/2020\/04\/magneto-de-letras.jpeg?resize=150%2C150&#038;ssl=1\" alt=\"\" width=\"150\" height=\"150\" \/><\/a><\/p>\n<p>&nbsp;<\/p>\n<p>&nbsp;<\/p>\n<p>&nbsp;<\/p>\n<p>&nbsp;<\/p>\n<p>&nbsp;<\/p>\n<p>&nbsp;<\/p>\n<p>&nbsp;<\/p>\n<p>&nbsp;<\/p>\n<p><img data-recalc-dims=\"1\" decoding=\"async\" data-attachment-id=\"25513\" data-permalink=\"https:\/\/www.alqueria.es\/blogs\/alqueriarojaverde\/2020\/04\/13\/las-profesiones\/descarga-2-12\/\" data-orig-file=\"https:\/\/i0.wp.com\/cloud.alqueria.es\/wp-content\/uploads\/sites\/8\/2020\/04\/descarga-2.jpg?fit=225%2C225&amp;ssl=1\" data-orig-size=\"225,225\" data-comments-opened=\"1\" data-image-meta=\"{&quot;aperture&quot;:&quot;0&quot;,&quot;credit&quot;:&quot;&quot;,&quot;camera&quot;:&quot;&quot;,&quot;caption&quot;:&quot;&quot;,&quot;created_timestamp&quot;:&quot;0&quot;,&quot;copyright&quot;:&quot;&quot;,&quot;focal_length&quot;:&quot;0&quot;,&quot;iso&quot;:&quot;0&quot;,&quot;shutter_speed&quot;:&quot;0&quot;,&quot;title&quot;:&quot;&quot;,&quot;orientation&quot;:&quot;0&quot;}\" data-image-title=\"descarga (2)\" data-image-description=\"\" data-image-caption=\"\" data-large-file=\"https:\/\/i0.wp.com\/cloud.alqueria.es\/wp-content\/uploads\/sites\/8\/2020\/04\/descarga-2.jpg?fit=225%2C225&amp;ssl=1\" class=\"alignleft size-full wp-image-25513\" src=\"https:\/\/i0.wp.com\/cloud.alqueria.es\/wp-content\/uploads\/sites\/8\/2020\/04\/descarga-2.jpg?resize=225%2C225&#038;ssl=1\" alt=\"\" width=\"225\" height=\"225\" srcset=\"https:\/\/cloud.alqueria.es\/wp-content\/uploads\/sites\/8\/2020\/04\/descarga-2.jpg 225w, https:\/\/cloud.alqueria.es\/wp-content\/uploads\/sites\/8\/2020\/04\/descarga-2.jpg 150w\" sizes=\"(max-width: 225px) 100vw, 225px\" \/><\/p>\n<p><strong><span style=\"color: #000000\">Rojitos, siguiendo con la propuesta del <span style=\"color: #800080\">C\u00d3MIC<\/span>, una vez que ya ten\u00e9is creado vuestro personaje protagonista, ten\u00e9is que inventar un <span style=\"color: #800080\">T\u00edtulo<\/span> para vuestro c\u00f3mic que tenga relaci\u00f3n con la historieta que quer\u00e9is contar.<\/span><\/strong><\/p>\n<p><b style=\"color: #000000\">\u00bfC\u00f3mo pod\u00e9is escribir el t\u00edtulo? Aqu\u00ed os pueden ayudar mam\u00e1 y pap\u00e1 o alg\u00fan hermano mayor, el que tenga, escribiendo ellos en may\u00fascula el t\u00edtulo que les dig\u00e1is y vosotros lo copi\u00e1is. El que se atreva lo puede realizar escuchando e identificando las letras ( <\/b><span style=\"color: #333333\">conciencia\u00a0<\/span><span style=\"color: #333333\">fonol\u00f3gica<\/span><b style=\"color: #000000\">).<\/b><\/p>\n<p><b style=\"color: #000000\">\u00a0Cogemos un folio en posici\u00f3n horizontal y ponemos el t\u00edtulo ocupando gran parte del folio con l\u00e1piz. Despu\u00e9s como ya somos \u00abmuy mayores\u00bb lo podemos repasar con rotulador negro o cualquier color que vosotros elij\u00e1is\u00a0 para que se marque y se vea mejor.<\/b><\/p>\n<p><img data-recalc-dims=\"1\" decoding=\"async\" data-attachment-id=\"25512\" data-permalink=\"https:\/\/www.alqueria.es\/blogs\/alqueriarojaverde\/2020\/04\/13\/las-profesiones\/descarga-1-21\/\" data-orig-file=\"https:\/\/i0.wp.com\/cloud.alqueria.es\/wp-content\/uploads\/sites\/8\/2020\/04\/descarga-11.jpg?fit=300%2C168&amp;ssl=1\" data-orig-size=\"300,168\" data-comments-opened=\"1\" data-image-meta=\"{&quot;aperture&quot;:&quot;0&quot;,&quot;credit&quot;:&quot;&quot;,&quot;camera&quot;:&quot;&quot;,&quot;caption&quot;:&quot;&quot;,&quot;created_timestamp&quot;:&quot;0&quot;,&quot;copyright&quot;:&quot;&quot;,&quot;focal_length&quot;:&quot;0&quot;,&quot;iso&quot;:&quot;0&quot;,&quot;shutter_speed&quot;:&quot;0&quot;,&quot;title&quot;:&quot;&quot;,&quot;orientation&quot;:&quot;0&quot;}\" data-image-title=\"descarga (1)\" data-image-description=\"\" data-image-caption=\"\" data-large-file=\"https:\/\/i0.wp.com\/cloud.alqueria.es\/wp-content\/uploads\/sites\/8\/2020\/04\/descarga-11.jpg?fit=300%2C168&amp;ssl=1\" class=\"aligncenter size-full wp-image-25512\" src=\"https:\/\/i0.wp.com\/cloud.alqueria.es\/wp-content\/uploads\/sites\/8\/2020\/04\/descarga-11.jpg?resize=300%2C168&#038;ssl=1\" alt=\"\" width=\"300\" height=\"168\" \/><\/p>\n<p><strong><span style=\"color: #000000\">Si os apetece tambi\u00e9n le pod\u00e9is hacer alg\u00fan dibujo para decorarlo. <\/span><\/strong><\/p>\n<p><strong><span style=\"color: #000000\">Este va a ser la portada de vuestro C\u00f3mic. Os seguir\u00e9 dando m\u00e1s pasos en los pr\u00f3ximos d\u00edas. Por hoy ya ten\u00e9is tarea suficiente para trabajar sobre este tema.<\/span><\/strong><\/p>\n<p>Familias me pod\u00e9is mandar a trav\u00e9s del correo apoyofamilia-roja@alqueria.es\u00a0 foto con los trabajos que van realizando para poder llevar un seguimiento y poder compartirlo con todos a trav\u00e9s del blog.<\/p>\n<p><strong><span style=\"color: #000000\">\u00bfOs apetece un poquito de Ingl\u00e9s? Aqu\u00ed os dejo una canci\u00f3n sobre\u00a0 los huevos de Pascua.<\/span><\/strong><\/p>\n<p><span class=\"embed-youtube\" style=\"text-align:center; display: block;\"><div class=\"a25-CTUOC-hidding-box\" data-original-content=\"&lt;iframe loading=&quot;lazy&quot; class=&quot;youtube-player&quot; width=&quot;474&quot; height=&quot;267&quot; src=&quot;https:\/\/www.youtube.com\/embed\/P0qJF1FloTQ?version=3&amp;#038;rel=1&amp;#038;showsearch=0&amp;#038;showinfo=1&amp;#038;iv_load_policy=1&amp;#038;fs=1&amp;#038;hl=es-ES&amp;#038;autohide=2&amp;#038;wmode=transparent&quot; allowfullscreen=&quot;true&quot; style=&quot;border:0;&quot; sandbox=&quot;allow-scripts allow-same-origin allow-popups allow-presentation allow-popups-to-escape-sandbox&quot;&gt;&lt;\/iframe&gt;\">Esta p\u00e1gina incluye contenido multimedia que requiere aceptar todas las cookies. Pulse aqu\u00ed para abrir la configuraci\u00f3n de cookies.<\/div><\/span><\/p>\n<p><strong><span style=\"color: #000000\">Y este cuento que D\u00e9bora os contaba en\u00a0 clase que os va a traer buenos recuerdos del cole:<\/span><\/strong><\/p>\n<p><span class=\"embed-youtube\" style=\"text-align:center; display: block;\"><div class=\"a25-CTUOC-hidding-box\" data-original-content=\"&lt;iframe loading=&quot;lazy&quot; class=&quot;youtube-player&quot; width=&quot;474&quot; height=&quot;267&quot; src=&quot;https:\/\/www.youtube.com\/embed\/75NQK-Sm1YY?version=3&amp;#038;rel=1&amp;#038;showsearch=0&amp;#038;showinfo=1&amp;#038;iv_load_policy=1&amp;#038;fs=1&amp;#038;hl=es-ES&amp;#038;autohide=2&amp;#038;wmode=transparent&quot; allowfullscreen=&quot;true&quot; style=&quot;border:0;&quot; sandbox=&quot;allow-scripts allow-same-origin allow-popups allow-presentation allow-popups-to-escape-sandbox&quot;&gt;&lt;\/iframe&gt;\">Esta p\u00e1gina incluye contenido multimedia que requiere aceptar todas las cookies. Pulse aqu\u00ed para abrir la configuraci\u00f3n de cookies.<\/div><\/span><\/p>\n<p>Familias os dejo una entrevista muy interesante de <a href=\"https:\/\/www.educaixa.com\/es\/-\/entrevista-a-david-bueno-la-importancia-de-la-neuroeducacion?utm_source=fb&amp;amp;amp;utm_medium=cpe&amp;amp;amp;utm_campaign=plan%20editorial&amp;amp;amp;utm_content=coronavirus&amp;amp;amp;utm_term=424242&amp;amp;fbclid=IwAR133YWjw4XajxatnI6dHrkD0c6xsKIbakd9iX_Ih8UhNk4ayaByqs3dPMU\">David Bueno<\/a>, experto en neuroeducacion, que aboga por la educaci\u00f3n emocional dentro de\u00a0 las aulas y que est\u00e1 muy en consonancia con nuestro trabajo sobre las emociones:\u00a0 \u00ab<em>La educaci\u00f3n debe basarse en ayudar a formar personas que sean capaces, primero de analizarse a s\u00ed mismas, de comprenderse, y de comprender su entorno, de forma cr\u00edtica, reflexiva y din\u00e1mica, porque el entorno va cambiando constantemente\u00bb.<\/em><\/p>\n<p><span style=\"color: #000000\">Ma\u00f1ana m\u00e1s.<\/span><\/p>\n<p><span style=\"color: #000000\">Carmen.<\/span><\/p>\n<p>&nbsp;<\/p>\n<p>&nbsp;<\/p>\n","protected":false},"excerpt":{"rendered":"<p>Hola rojitos, \u00bfOs acord\u00e1is que en la clase roja tenemos un Proyecto de Aula que es el de las Profesiones? Algunos martes las familias han participado en la clase cont\u00e1ndonos cual es su profesi\u00f3n y en qu\u00e9 consiste su trabajo. Pues bien, podemos recordar algunas profesiones de los padres y madres que nos han visitado &hellip; <a href=\"https:\/\/www.alqueria.es\/blogs\/alqueriarojaverde\/2020\/04\/13\/las-profesiones\/\" class=\"more-link\">Seguir leyendo <span class=\"screen-reader-text\">LAS PROFESIONES<\/span> <span class=\"meta-nav\">&rarr;<\/span><\/a><\/p>\n","protected":false},"author":19,"featured_media":0,"comment_status":"open","ping_status":"open","sticky":false,"template":"","format":"standard","meta":{"jetpack_post_was_ever_published":false,"_jetpack_newsletter_access":"","_jetpack_dont_email_post_to_subs":false,"_jetpack_newsletter_tier_id":0,"_jetpack_memberships_contains_paywalled_content":false,"_jetpack_memberships_contains_paid_content":false,"footnotes":"","jetpack_publicize_message":"","jetpack_publicize_feature_enabled":true,"jetpack_social_post_already_shared":true,"jetpack_social_options":{"image_generator_settings":{"template":"highway","default_image_id":0,"font":"","enabled":false},"version":2}},"categories":[6],"tags":[143],"class_list":["post-25472","post","type-post","status-publish","format-standard","hentry","category-clase-roja-4-5-anos","tag-creacion-de-comics"],"jetpack_publicize_connections":[],"jetpack_featured_media_url":"","jetpack_sharing_enabled":true,"jetpack_shortlink":"https:\/\/wp.me\/p4lFbP-6CQ","_links":{"self":[{"href":"https:\/\/www.alqueria.es\/blogs\/alqueriarojaverde\/wp-json\/wp\/v2\/posts\/25472","targetHints":{"allow":["GET"]}}],"collection":[{"href":"https:\/\/www.alqueria.es\/blogs\/alqueriarojaverde\/wp-json\/wp\/v2\/posts"}],"about":[{"href":"https:\/\/www.alqueria.es\/blogs\/alqueriarojaverde\/wp-json\/wp\/v2\/types\/post"}],"author":[{"embeddable":true,"href":"https:\/\/www.alqueria.es\/blogs\/alqueriarojaverde\/wp-json\/wp\/v2\/users\/19"}],"replies":[{"embeddable":true,"href":"https:\/\/www.alqueria.es\/blogs\/alqueriarojaverde\/wp-json\/wp\/v2\/comments?post=25472"}],"version-history":[{"count":15,"href":"https:\/\/www.alqueria.es\/blogs\/alqueriarojaverde\/wp-json\/wp\/v2\/posts\/25472\/revisions"}],"predecessor-version":[{"id":25529,"href":"https:\/\/www.alqueria.es\/blogs\/alqueriarojaverde\/wp-json\/wp\/v2\/posts\/25472\/revisions\/25529"}],"wp:attachment":[{"href":"https:\/\/www.alqueria.es\/blogs\/alqueriarojaverde\/wp-json\/wp\/v2\/media?parent=25472"}],"wp:term":[{"taxonomy":"category","embeddable":true,"href":"https:\/\/www.alqueria.es\/blogs\/alqueriarojaverde\/wp-json\/wp\/v2\/categories?post=25472"},{"taxonomy":"post_tag","embeddable":true,"href":"https:\/\/www.alqueria.es\/blogs\/alqueriarojaverde\/wp-json\/wp\/v2\/tags?post=25472"}],"curies":[{"name":"wp","href":"https:\/\/api.w.org\/{rel}","templated":true}]}}