{"id":25486,"date":"2020-04-13T09:50:25","date_gmt":"2020-04-13T07:50:25","guid":{"rendered":"http:\/\/www.alqueria.es\/blogs\/alqueriarojaverde\/?p=25486"},"modified":"2020-04-13T10:27:18","modified_gmt":"2020-04-13T08:27:18","slug":"viajamos-al-mundo-de-la-creatividad-a-traves-de-la-poesia","status":"publish","type":"post","link":"https:\/\/www.alqueria.es\/blogs\/alqueriarojaverde\/2020\/04\/13\/viajamos-al-mundo-de-la-creatividad-a-traves-de-la-poesia\/","title":{"rendered":"VIAJAMOS AL MUNDO DE LA CREATIVIDAD A TRAV\u00c9S DE \u00abLA POES\u00cdA\u00bb"},"content":{"rendered":"<p><span style=\"color: #ff00ff\"><em><strong><img data-recalc-dims=\"1\" decoding=\"async\" data-attachment-id=\"25496\" data-permalink=\"https:\/\/www.alqueria.es\/blogs\/alqueriarojaverde\/2020\/04\/13\/viajamos-al-mundo-de-la-creatividad-a-traves-de-la-poesia\/curso\/\" data-orig-file=\"https:\/\/i0.wp.com\/cloud.alqueria.es\/wp-content\/uploads\/sites\/8\/2020\/04\/curso.jpg?fit=410%2C351&amp;ssl=1\" data-orig-size=\"410,351\" data-comments-opened=\"1\" data-image-meta=\"{&quot;aperture&quot;:&quot;0&quot;,&quot;credit&quot;:&quot;&quot;,&quot;camera&quot;:&quot;&quot;,&quot;caption&quot;:&quot;&quot;,&quot;created_timestamp&quot;:&quot;0&quot;,&quot;copyright&quot;:&quot;&quot;,&quot;focal_length&quot;:&quot;0&quot;,&quot;iso&quot;:&quot;0&quot;,&quot;shutter_speed&quot;:&quot;0&quot;,&quot;title&quot;:&quot;&quot;,&quot;orientation&quot;:&quot;0&quot;}\" data-image-title=\"curso\" data-image-description=\"\" data-image-caption=\"\" data-large-file=\"https:\/\/i0.wp.com\/cloud.alqueria.es\/wp-content\/uploads\/sites\/8\/2020\/04\/curso.jpg?fit=410%2C351&amp;ssl=1\" class=\"alignleft size-medium wp-image-25496\" src=\"https:\/\/i0.wp.com\/cloud.alqueria.es\/wp-content\/uploads\/sites\/8\/2020\/04\/curso.jpg?resize=300%2C257&#038;ssl=1\" alt=\"\" width=\"300\" height=\"257\" srcset=\"https:\/\/cloud.alqueria.es\/wp-content\/uploads\/sites\/8\/2020\/04\/curso.jpg 410w, https:\/\/cloud.alqueria.es\/wp-content\/uploads\/sites\/8\/2020\/04\/curso.jpg 300w\" sizes=\"(max-width: 300px) 100vw, 300px\" \/>Buenos d\u00edas familias<\/strong><\/em><\/span>, espero que estos d\u00edas \u00a0\u00abfestivos\u00bb os hayan proporcionado algo de desconexi\u00f3n y que adem\u00e1s sig\u00e1is gozando de buena salud, que es lo principal.<\/p>\n<p>Hoy damos comienzo al \u00faltimo trimestre del curso y aunque el proceso de ense\u00f1anza-aprendizaje va a ser bastante distinto al que est\u00e1is acostumbrados dentro de nuestro proyecto, vamos a seguir trabajando para ofreceros gran variedad de recursos, estrategias y orientaciones para que la colaboraci\u00f3n escuela-familia revierta en el bienestar \u00a0y desarrollo integral de vuestros hijos e hijas, que son nuestra prioridad.<\/p>\n<p><img data-recalc-dims=\"1\" decoding=\"async\" data-attachment-id=\"25488\" data-permalink=\"https:\/\/www.alqueria.es\/blogs\/alqueriarojaverde\/2020\/04\/13\/viajamos-al-mundo-de-la-creatividad-a-traves-de-la-poesia\/31908373-felices-los-ninos-de-dibujos-animados-de-actividades-de-primavera\/\" data-orig-file=\"https:\/\/i0.wp.com\/cloud.alqueria.es\/wp-content\/uploads\/sites\/8\/2020\/04\/31908373-felices-los-ni%C3%B1os-de-dibujos-animados-de-actividades-de-primavera.jpg?fit=1024%2C731&amp;ssl=1\" data-orig-size=\"1024,731\" data-comments-opened=\"1\" data-image-meta=\"{&quot;aperture&quot;:&quot;0&quot;,&quot;credit&quot;:&quot;&quot;,&quot;camera&quot;:&quot;&quot;,&quot;caption&quot;:&quot;&quot;,&quot;created_timestamp&quot;:&quot;0&quot;,&quot;copyright&quot;:&quot;&quot;,&quot;focal_length&quot;:&quot;0&quot;,&quot;iso&quot;:&quot;0&quot;,&quot;shutter_speed&quot;:&quot;0&quot;,&quot;title&quot;:&quot;&quot;,&quot;orientation&quot;:&quot;0&quot;}\" data-image-title=\"31908373-felices-los-ni\u00f1os-de-dibujos-animados-de-actividades-de-primavera\" data-image-description=\"\" data-image-caption=\"\" data-large-file=\"https:\/\/i0.wp.com\/cloud.alqueria.es\/wp-content\/uploads\/sites\/8\/2020\/04\/31908373-felices-los-ni%C3%B1os-de-dibujos-animados-de-actividades-de-primavera.jpg?fit=474%2C338&amp;ssl=1\" class=\"alignright size-medium wp-image-25488\" src=\"https:\/\/i0.wp.com\/cloud.alqueria.es\/wp-content\/uploads\/sites\/8\/2020\/04\/31908373-felices-los-ni%C3%B1os-de-dibujos-animados-de-actividades-de-primavera.jpg?resize=300%2C214&#038;ssl=1\" alt=\"\" width=\"300\" height=\"214\" srcset=\"https:\/\/cloud.alqueria.es\/wp-content\/uploads\/sites\/8\/2020\/04\/31908373-felices-los-ni%C3%B1os-de-dibujos-animados-de-actividades-de-primavera.jpg 1024w, https:\/\/cloud.alqueria.es\/wp-content\/uploads\/sites\/8\/2020\/04\/31908373-felices-los-ni%C3%B1os-de-dibujos-animados-de-actividades-de-primavera.jpg 300w, https:\/\/cloud.alqueria.es\/wp-content\/uploads\/sites\/8\/2020\/04\/31908373-felices-los-ni%C3%B1os-de-dibujos-animados-de-actividades-de-primavera.jpg 768w, https:\/\/cloud.alqueria.es\/wp-content\/uploads\/sites\/8\/2020\/04\/31908373-felices-los-ni%C3%B1os-de-dibujos-animados-de-actividades-de-primavera.jpg 948w\" sizes=\"(max-width: 300px) 100vw, 300px\" \/>A lo largo de varias entradas os he ido dejando diverso material (audiovisual), experiencias de juego, experimentos, talleres medioambientales, etc. en relaci\u00f3n al mundo vegetal, que es el \u00e1rea principal que trabajamos en la propuesta <em><strong><span style=\"color: #339966\">\u00abEL VIVERO\u00bb.<\/span> <\/strong><\/em>Si bien es cierto que este proyecto nos permite trabajar de forma interdisciplinar todas las \u00e1reas de aprendizaje y hemos puesto en pr\u00e1ctica tambi\u00e9n la creatividad, la alfabetizaci\u00f3n o la l\u00f3gica-matem\u00e1tica, entre otras.<\/p>\n<p>El acto de compra-venta que pone el broche final a la propuesta no se va a poder realizar, pero estamos ideando alguna forma de \u00abcompensar\u00bb ese hecho, cuando volvamos a las aulas.<\/p>\n<p>Espero que en mayor o menor medida hay\u00e1is ido realizando las orientaciones ofrecidas por este medio, disfrutando en todo momento del descubrimiento de cosas nuevas, para que los objetivos propuestos a nivel grupal e individual se hayan alcanzado.<\/p>\n<p><img data-recalc-dims=\"1\" decoding=\"async\" data-attachment-id=\"25487\" data-permalink=\"https:\/\/www.alqueria.es\/blogs\/alqueriarojaverde\/2020\/04\/13\/viajamos-al-mundo-de-la-creatividad-a-traves-de-la-poesia\/viaje-imaginacion\/\" data-orig-file=\"https:\/\/i0.wp.com\/cloud.alqueria.es\/wp-content\/uploads\/sites\/8\/2020\/04\/VIAJE-IMAGINACI%C3%93N.jpg?fit=236%2C253&amp;ssl=1\" data-orig-size=\"236,253\" data-comments-opened=\"1\" data-image-meta=\"{&quot;aperture&quot;:&quot;0&quot;,&quot;credit&quot;:&quot;&quot;,&quot;camera&quot;:&quot;&quot;,&quot;caption&quot;:&quot;&quot;,&quot;created_timestamp&quot;:&quot;0&quot;,&quot;copyright&quot;:&quot;&quot;,&quot;focal_length&quot;:&quot;0&quot;,&quot;iso&quot;:&quot;0&quot;,&quot;shutter_speed&quot;:&quot;0&quot;,&quot;title&quot;:&quot;&quot;,&quot;orientation&quot;:&quot;0&quot;}\" data-image-title=\"VIAJE IMAGINACI\u00d3N\" data-image-description=\"\" data-image-caption=\"\" data-large-file=\"https:\/\/i0.wp.com\/cloud.alqueria.es\/wp-content\/uploads\/sites\/8\/2020\/04\/VIAJE-IMAGINACI%C3%93N.jpg?fit=236%2C253&amp;ssl=1\" class=\"alignleft size-full wp-image-25487\" src=\"https:\/\/i0.wp.com\/cloud.alqueria.es\/wp-content\/uploads\/sites\/8\/2020\/04\/VIAJE-IMAGINACI%C3%93N.jpg?resize=236%2C253&#038;ssl=1\" alt=\"\" width=\"236\" height=\"253\" \/>La pr\u00f3xima semana se celebra el <span style=\"color: #0000ff\">d\u00eda del libro (23 de abril)<\/span> y alrededor de \u00e9l sab\u00e9is que nuestro centro desarrolla una semana muy especial,\u00a0<em><strong><span style=\"color: #000080\">\u00abLA SEMANA DE LA LECTURA\u00bb.\u00a0<\/span><\/strong><\/em><span style=\"color: #333333\">De momento nos vamos a centrar en el proyecto de aula que tendr\u00edamos que desarrollar para presentar al resto de la etapa, <em><strong><span style=\"color: #33cccc\">\u00abLIBRO DE POES\u00cdAS\u00bb.<\/span><\/strong><\/em><\/span><\/p>\n<p><span style=\"color: #333333\">La poes\u00eda es un g\u00e9nero literario que a priori no es escogido por los primeros lectores, por la complejidad que entra\u00f1a la comprensi\u00f3n del texto en s\u00ed. <\/span><\/p>\n<p><span style=\"color: #333333\">Sin embargo trabajar el lenguaje po\u00e9tico desde edades tempranas, potencia especialmente la <em><strong>creatividad ling\u00fc\u00edstica<\/strong><\/em> ya que contribuye al <em><strong>desarrollo de la imaginaci\u00f3n y la fantas\u00eda<\/strong><\/em>. \u00a0La poes\u00eda est\u00e1 presente en canciones, adivinanzas, refranes, trabalenguas, etc. y es un excelente medio para practicar y estimular la memoria, favorecer h\u00e1bitos de escucha y atenci\u00f3n, despertar el gusto por el lenguaje y hasta trabajar aspectos como pronunciaci\u00f3n, entonaci\u00f3n y respiraci\u00f3n al hablar (cuando se lee).<\/span><\/p>\n<p>Os propongo que recurr\u00e1is a textos cortos que ya conozc\u00e1is y que hayan sido relevantes en vuestra vida, para cultivar en vuestros hijos el gusto por este g\u00e9nero.<\/p>\n<p>Yo os dejo esta poes\u00eda cortita, que hace alusi\u00f3n al tema de las plantas y as\u00ed relacionamos ambas propuestas <em><strong>\u00a1qu\u00e9 f\u00e1cil es trabajar de forma globalizada y significativa!.<\/strong><\/em><\/p>\n<p><span class=\"embed-youtube\" style=\"text-align:center; display: block;\"><div class=\"a25-CTUOC-hidding-box\" data-original-content=\"&lt;iframe loading=&quot;lazy&quot; class=&quot;youtube-player&quot; width=&quot;474&quot; height=&quot;267&quot; src=&quot;https:\/\/www.youtube.com\/embed\/d-wqfQDMDzc?version=3&amp;#038;rel=1&amp;#038;showsearch=0&amp;#038;showinfo=1&amp;#038;iv_load_policy=1&amp;#038;fs=1&amp;#038;hl=es-ES&amp;#038;autohide=2&amp;#038;wmode=transparent&quot; allowfullscreen=&quot;true&quot; style=&quot;border:0;&quot; sandbox=&quot;allow-scripts allow-same-origin allow-popups allow-presentation allow-popups-to-escape-sandbox&quot;&gt;&lt;\/iframe&gt;\">Esta p\u00e1gina incluye contenido multimedia que requiere aceptar todas las cookies. Pulse aqu\u00ed para abrir la configuraci\u00f3n de cookies.<\/div><\/span><\/p>\n<p>En el <em><strong><span style=\"color: #ff00ff\">v\u00eddeo de hoy<\/span><\/strong><\/em> les hago referencia expresa a algunos de los aspectos que os he comentado y tambi\u00e9n les dejo algunas<em><strong> tareas<\/strong><\/em>:<\/p>\n<ol>\n<li>Escoger el tema sobre el que quieren escribir su poes\u00eda<\/li>\n<li>Investigar acerca de Gloria Fuertes y Federico Garc\u00eda Lorca.<\/li>\n<\/ol>\n<div class=\"embed-vimeo\" style=\"text-align: center;\"><div class=\"a25-CTUOC-hidding-box\" data-original-content=\"&lt;iframe loading=&quot;lazy&quot; src=&quot;https:\/\/player.vimeo.com\/video\/406904455&quot; width=&quot;640&quot; height=&quot;360&quot; frameborder=&quot;0&quot; webkitallowfullscreen mozallowfullscreen allowfullscreen&gt;&lt;\/iframe&gt;\">Esta p\u00e1gina incluye contenido multimedia que requiere aceptar todas las cookies. Pulse aqu\u00ed para abrir la configuraci\u00f3n de cookies.<\/div><\/div>\n<p>Os dejo algunos enlaces de inter\u00e9s para trabajar el tema en cuesti\u00f3n, el contenido de los dos \u00faltimos v\u00eddeos est\u00e1 enfocado a niveles educativos algo superiores, as\u00ed que no os centr\u00e9is en que aprendan la diferencia entre verso, estrofa &#8230; aunque s\u00ed proporciona una visi\u00f3n de conjunto de la forma tan particular que tiene esta composici\u00f3n escrita y tambi\u00e9n la utilizaci\u00f3n de la met\u00e1fora como figura ret\u00f3rica especialmente relevante (en el siguiente v\u00eddeo me centrar\u00e9 en esos aspectos de forma simplificada):<\/p>\n<p><span class=\"embed-youtube\" style=\"text-align:center; display: block;\"><div class=\"a25-CTUOC-hidding-box\" data-original-content=\"&lt;iframe loading=&quot;lazy&quot; class=&quot;youtube-player&quot; width=&quot;474&quot; height=&quot;267&quot; src=&quot;https:\/\/www.youtube.com\/embed\/GAC8af9CCUk?version=3&amp;#038;rel=1&amp;#038;showsearch=0&amp;#038;showinfo=1&amp;#038;iv_load_policy=1&amp;#038;fs=1&amp;#038;hl=es-ES&amp;#038;autohide=2&amp;#038;wmode=transparent&quot; allowfullscreen=&quot;true&quot; style=&quot;border:0;&quot; sandbox=&quot;allow-scripts allow-same-origin allow-popups allow-presentation allow-popups-to-escape-sandbox&quot;&gt;&lt;\/iframe&gt;\">Esta p\u00e1gina incluye contenido multimedia que requiere aceptar todas las cookies. Pulse aqu\u00ed para abrir la configuraci\u00f3n de cookies.<\/div><\/span><\/p>\n<p><span class=\"embed-youtube\" style=\"text-align:center; display: block;\"><div class=\"a25-CTUOC-hidding-box\" data-original-content=\"&lt;iframe loading=&quot;lazy&quot; class=&quot;youtube-player&quot; width=&quot;474&quot; height=&quot;267&quot; src=&quot;https:\/\/www.youtube.com\/embed\/SMDuyGg7ies?version=3&amp;#038;rel=1&amp;#038;showsearch=0&amp;#038;showinfo=1&amp;#038;iv_load_policy=1&amp;#038;fs=1&amp;#038;hl=es-ES&amp;#038;autohide=2&amp;#038;wmode=transparent&quot; allowfullscreen=&quot;true&quot; style=&quot;border:0;&quot; sandbox=&quot;allow-scripts allow-same-origin allow-popups allow-presentation allow-popups-to-escape-sandbox&quot;&gt;&lt;\/iframe&gt;\">Esta p\u00e1gina incluye contenido multimedia que requiere aceptar todas las cookies. Pulse aqu\u00ed para abrir la configuraci\u00f3n de cookies.<\/div><\/span><\/p>\n<p><span class=\"embed-youtube\" style=\"text-align:center; display: block;\"><div class=\"a25-CTUOC-hidding-box\" data-original-content=\"&lt;iframe loading=&quot;lazy&quot; class=&quot;youtube-player&quot; width=&quot;474&quot; height=&quot;267&quot; src=&quot;https:\/\/www.youtube.com\/embed\/qmY2ExFo5ZQ?version=3&amp;#038;rel=1&amp;#038;showsearch=0&amp;#038;showinfo=1&amp;#038;iv_load_policy=1&amp;#038;fs=1&amp;#038;hl=es-ES&amp;#038;autohide=2&amp;#038;wmode=transparent&quot; allowfullscreen=&quot;true&quot; style=&quot;border:0;&quot; sandbox=&quot;allow-scripts allow-same-origin allow-popups allow-presentation allow-popups-to-escape-sandbox&quot;&gt;&lt;\/iframe&gt;\">Esta p\u00e1gina incluye contenido multimedia que requiere aceptar todas las cookies. Pulse aqu\u00ed para abrir la configuraci\u00f3n de cookies.<\/div><\/span><\/p>\n<p>Para finalizar os dejo con esta simp\u00e1tica poes\u00eda, que puede servir como base para un improvisado taller creativo y sobre la que pod\u00e9is emplear uno de los muchos recursos existentes para trabajar la poes\u00eda: tomar como referencia un poema y sustituir unos sustantivos por otros, dar opci\u00f3n a completarlo de forma distinta o incluso inventar otro que lo tenga como base.<\/p>\n<p style=\"text-align: center\"><em><strong>\u00a0\u00a1A poner en marcha la imaginaci\u00f3n!<\/strong><\/em><\/p>\n<p style=\"text-align: center\"><em><strong><span style=\"color: #ff6600\">C\u00d3MO SE DIBUJA A UN NI\u00d1O (Gloria Fuertes)<\/span><\/strong><\/em><\/p>\n<p style=\"text-align: center\"><span style=\"color: #333333\"><em>PARA DIBUJAR UN NI\u00d1O HAY QUE HACERLO CON CARI\u00d1O.<\/em><\/span><\/p>\n<p style=\"text-align: center\">PINTARLE MUCHO FLEQUILLO,<\/p>\n<p style=\"text-align: center\">-QUE EST\u00c9 COMIENDO UN BARQUILLO;<\/p>\n<p style=\"text-align: center\">MUCHAS PECAS EN LA CARA QUE SE NOTE QUE ES UN PILLO;<\/p>\n<p style=\"text-align: center\">-PILLO RIMA CON FLEQUILLO Y QUIERE DECIR TRAVIESO-.<\/p>\n<p style=\"text-align: center\">CONTINUEMOS EL DIBUJO: REDONDA CARA DE QUESO.<\/p>\n<p style=\"text-align: center\">COMO ES UN NI\u00d1O DE MODA, BEBE JARABE CON SODA.<\/p>\n<p style=\"text-align: center\">LLEVA PANTAL\u00d3N VAQUERO CON UN HERMOSO AGUJERO;<\/p>\n<p style=\"text-align: center\">CAMISETA AMERICANA Y UNA GORRITA DE PANA.<\/p>\n<p style=\"text-align: center\">LAS BOTAS DE FUTBOLISTA -PORQUE CHUTANDO ES ARTISTA-.<\/p>\n<p style=\"text-align: center\">SE R\u00cdE CONTINUAMENTE, PORQUE ES MUY INTELIGENTE.<\/p>\n<p style=\"text-align: center\">DEBAJO DEL BRAZO UN CUENTO POR ESO EST\u00c1 TAN CONTENTO.<\/p>\n<p style=\"text-align: center\">PARA DIBUJAR UN NI\u00d1O HAY QUE HACERLO CON CARI\u00d1O.<\/p>\n<p><em><strong>\u00a1Un fuerte abrazo a todos!,<\/strong><\/em><\/p>\n<p>Esther Justicia.<\/p>\n","protected":false},"excerpt":{"rendered":"<p>Buenos d\u00edas familias, espero que estos d\u00edas \u00a0\u00abfestivos\u00bb os hayan proporcionado algo de desconexi\u00f3n y que adem\u00e1s sig\u00e1is gozando de buena salud, que es lo principal. Hoy damos comienzo al \u00faltimo trimestre del curso y aunque el proceso de ense\u00f1anza-aprendizaje va a ser bastante distinto al que est\u00e1is acostumbrados dentro de nuestro proyecto, vamos a &hellip; <a href=\"https:\/\/www.alqueria.es\/blogs\/alqueriarojaverde\/2020\/04\/13\/viajamos-al-mundo-de-la-creatividad-a-traves-de-la-poesia\/\" class=\"more-link\">Seguir leyendo <span class=\"screen-reader-text\">VIAJAMOS AL MUNDO DE LA CREATIVIDAD A TRAV\u00c9S DE \u00abLA POES\u00cdA\u00bb<\/span> <span class=\"meta-nav\">&rarr;<\/span><\/a><\/p>\n","protected":false},"author":19,"featured_media":0,"comment_status":"open","ping_status":"open","sticky":false,"template":"","format":"standard","meta":{"jetpack_post_was_ever_published":false,"_jetpack_newsletter_access":"","_jetpack_dont_email_post_to_subs":false,"_jetpack_newsletter_tier_id":0,"_jetpack_memberships_contains_paywalled_content":false,"_jetpack_memberships_contains_paid_content":false,"footnotes":"","jetpack_publicize_message":"","jetpack_publicize_feature_enabled":true,"jetpack_social_post_already_shared":true,"jetpack_social_options":{"image_generator_settings":{"template":"highway","default_image_id":0,"font":"","enabled":false},"version":2}},"categories":[7,13],"tags":[766,812],"class_list":["post-25486","post","type-post","status-publish","format-standard","hentry","category-clase-verde-5-6-anos","category-inicio","tag-poesia-de-gloria-fuertes","tag-poesia-para-ninos"],"jetpack_publicize_connections":[],"jetpack_featured_media_url":"","jetpack_sharing_enabled":true,"jetpack_shortlink":"https:\/\/wp.me\/p4lFbP-6D4","_links":{"self":[{"href":"https:\/\/www.alqueria.es\/blogs\/alqueriarojaverde\/wp-json\/wp\/v2\/posts\/25486","targetHints":{"allow":["GET"]}}],"collection":[{"href":"https:\/\/www.alqueria.es\/blogs\/alqueriarojaverde\/wp-json\/wp\/v2\/posts"}],"about":[{"href":"https:\/\/www.alqueria.es\/blogs\/alqueriarojaverde\/wp-json\/wp\/v2\/types\/post"}],"author":[{"embeddable":true,"href":"https:\/\/www.alqueria.es\/blogs\/alqueriarojaverde\/wp-json\/wp\/v2\/users\/19"}],"replies":[{"embeddable":true,"href":"https:\/\/www.alqueria.es\/blogs\/alqueriarojaverde\/wp-json\/wp\/v2\/comments?post=25486"}],"version-history":[{"count":7,"href":"https:\/\/www.alqueria.es\/blogs\/alqueriarojaverde\/wp-json\/wp\/v2\/posts\/25486\/revisions"}],"predecessor-version":[{"id":25502,"href":"https:\/\/www.alqueria.es\/blogs\/alqueriarojaverde\/wp-json\/wp\/v2\/posts\/25486\/revisions\/25502"}],"wp:attachment":[{"href":"https:\/\/www.alqueria.es\/blogs\/alqueriarojaverde\/wp-json\/wp\/v2\/media?parent=25486"}],"wp:term":[{"taxonomy":"category","embeddable":true,"href":"https:\/\/www.alqueria.es\/blogs\/alqueriarojaverde\/wp-json\/wp\/v2\/categories?post=25486"},{"taxonomy":"post_tag","embeddable":true,"href":"https:\/\/www.alqueria.es\/blogs\/alqueriarojaverde\/wp-json\/wp\/v2\/tags?post=25486"}],"curies":[{"name":"wp","href":"https:\/\/api.w.org\/{rel}","templated":true}]}}