{"id":25508,"date":"2020-04-16T05:00:26","date_gmt":"2020-04-16T03:00:26","guid":{"rendered":"http:\/\/www.alqueria.es\/blogs\/alqueriarojaverde\/?p=25508"},"modified":"2020-04-16T01:25:54","modified_gmt":"2020-04-15T23:25:54","slug":"recetas-saludables-en-cinco-minutos","status":"publish","type":"post","link":"https:\/\/www.alqueria.es\/blogs\/alqueriarojaverde\/2020\/04\/16\/recetas-saludables-en-cinco-minutos\/","title":{"rendered":"\u00a1RECETAS SALUDABLES EN CINCO MINUTOS\u00a1"},"content":{"rendered":"<p><img data-recalc-dims=\"1\" decoding=\"async\" data-attachment-id=\"25562\" data-permalink=\"https:\/\/www.alqueria.es\/blogs\/alqueriarojaverde\/2020\/04\/16\/recetas-saludables-en-cinco-minutos\/blogger-image-392804860\/\" data-orig-file=\"https:\/\/i0.wp.com\/cloud.alqueria.es\/wp-content\/uploads\/sites\/8\/2020\/04\/blogger-image-392804860.jpg?fit=640%2C480&amp;ssl=1\" data-orig-size=\"640,480\" data-comments-opened=\"1\" data-image-meta=\"{&quot;aperture&quot;:&quot;0&quot;,&quot;credit&quot;:&quot;&quot;,&quot;camera&quot;:&quot;&quot;,&quot;caption&quot;:&quot;&quot;,&quot;created_timestamp&quot;:&quot;0&quot;,&quot;copyright&quot;:&quot;&quot;,&quot;focal_length&quot;:&quot;0&quot;,&quot;iso&quot;:&quot;0&quot;,&quot;shutter_speed&quot;:&quot;0&quot;,&quot;title&quot;:&quot;&quot;,&quot;orientation&quot;:&quot;1&quot;}\" data-image-title=\"blogger-image-392804860\" data-image-description=\"\" data-image-caption=\"\" data-large-file=\"https:\/\/i0.wp.com\/cloud.alqueria.es\/wp-content\/uploads\/sites\/8\/2020\/04\/blogger-image-392804860.jpg?fit=474%2C356&amp;ssl=1\" class=\"alignleft size-medium wp-image-25562\" src=\"https:\/\/i0.wp.com\/cloud.alqueria.es\/wp-content\/uploads\/sites\/8\/2020\/04\/blogger-image-392804860.jpg?resize=300%2C225&#038;ssl=1\" alt=\"\" width=\"300\" height=\"225\" srcset=\"https:\/\/cloud.alqueria.es\/wp-content\/uploads\/sites\/8\/2020\/04\/blogger-image-392804860.jpg 640w, https:\/\/cloud.alqueria.es\/wp-content\/uploads\/sites\/8\/2020\/04\/blogger-image-392804860.jpg 300w\" sizes=\"(max-width: 300px) 100vw, 300px\" \/><em><strong><span style=\"color: #008000\"><span style=\"color: #333333\">\u00ab<\/span>\u00a1Hola verdes!<\/span><\/strong><\/em>, <em><strong>hoy tenemos de nuevo v\u00eddeo y s\u00e9 que os encanta verlo (que me lo ha contado un pajarito)<\/strong><\/em>.<\/p>\n<p><em><strong>Como os dije en el anterior, os voy a mostrar \u00a0unas riqu\u00edsimas y saludables <span style=\"color: #ff6600\">recetas de cocina,<\/span> que son tan f\u00e1ciles de hacer que tan s\u00f3lo se tarda cinco minutos (con ayuda de los mayores, claro&#8230;):<\/strong><\/em><\/p>\n<ul>\n<li><span style=\"color: #ff6600\">Ensalada de legumbres<\/span><\/li>\n<li><span style=\"color: #ff6600\">Humus de garbanzos<\/span><\/li>\n<li><span style=\"color: #ff6600\">Guacamole<\/span><\/li>\n<\/ul>\n<p><em><strong><img data-recalc-dims=\"1\" decoding=\"async\" data-attachment-id=\"25563\" data-permalink=\"https:\/\/www.alqueria.es\/blogs\/alqueriarojaverde\/2020\/04\/16\/recetas-saludables-en-cinco-minutos\/nutrichefsitos\/\" data-orig-file=\"https:\/\/i0.wp.com\/cloud.alqueria.es\/wp-content\/uploads\/sites\/8\/2020\/04\/nutrichefsitos.gif?fit=466%2C390&amp;ssl=1\" data-orig-size=\"466,390\" data-comments-opened=\"1\" data-image-meta=\"{&quot;aperture&quot;:&quot;0&quot;,&quot;credit&quot;:&quot;&quot;,&quot;camera&quot;:&quot;&quot;,&quot;caption&quot;:&quot;&quot;,&quot;created_timestamp&quot;:&quot;0&quot;,&quot;copyright&quot;:&quot;&quot;,&quot;focal_length&quot;:&quot;0&quot;,&quot;iso&quot;:&quot;0&quot;,&quot;shutter_speed&quot;:&quot;0&quot;,&quot;title&quot;:&quot;&quot;,&quot;orientation&quot;:&quot;0&quot;}\" data-image-title=\"nutrichefsitos\" data-image-description=\"\" data-image-caption=\"\" data-large-file=\"https:\/\/i0.wp.com\/cloud.alqueria.es\/wp-content\/uploads\/sites\/8\/2020\/04\/nutrichefsitos.gif?fit=466%2C390&amp;ssl=1\" class=\"alignright size-medium wp-image-25563\" src=\"https:\/\/i0.wp.com\/cloud.alqueria.es\/wp-content\/uploads\/sites\/8\/2020\/04\/nutrichefsitos.gif?resize=300%2C251&#038;ssl=1\" alt=\"\" width=\"300\" height=\"251\" \/>En clase est\u00e1is acostumbrados a que, casi con cada propuesta, yo lleve al aula alguna receta para degustar, ya que sab\u00e9is que la cocina me encanta y adem\u00e1s el fomento de la <a href=\"https:\/\/www.alqueria.es\/es\/web\/comedor.aspx\">alimentaci\u00f3n saludable<\/a> es un pilar de nuestro proyecto en Alquer\u00eda. Hasta ahora todo lo que os he animado a probar os ha gustado un mont\u00f3n, \u00a1ya me contar\u00e9is qu\u00e9 tal os parecen las de hoy! y recordad que es importante atreverse a probar alimentos nuevos o que al principio pens\u00e9is que no os van a gustar. A lo largo de todo el curso, algunos hab\u00e9is hecho un gran esfuerzo por educar a vuestro paladar y hab\u00e9is conseguido comer con agrado muchos alimentos que antes \u00abno os gustaban\u00bb. En la receta mensual que realizamos juntos hab\u00e9is demostrado ser unos excelentes cocineros y cocineras, as\u00ed que ya sab\u00e9is un buen lavado de manos con jab\u00f3n, un delantal y \u00a1a cocinar!.\u00bb<\/strong><\/em><\/p>\n<p><div class=\"a25-CTUOC-hidding-box\" data-original-content=\"&lt;iframe loading=&quot;lazy&quot; title=&quot;Recetas saludables en cinco minutos&quot; src=&quot;https:\/\/player.vimeo.com\/video\/407159976?dnt=1&amp;amp;app_id=122963&quot; width=&quot;474&quot; height=&quot;267&quot; frameborder=&quot;0&quot; allow=&quot;autoplay; fullscreen; picture-in-picture; clipboard-write&quot;&gt;&lt;\/iframe&gt;\">Esta p\u00e1gina incluye contenido multimedia que requiere aceptar todas las cookies. Pulse aqu\u00ed para abrir la configuraci\u00f3n de cookies.<\/div><\/p>\n<p><em><strong>Para aquellos que prefieren las recetas dulces, os dejo una facil\u00edsima que tan s\u00f3lo utiliza tres ingredientes (pl\u00e1tano, copos de avena y chips de chocolate negro) que adem\u00e1s de estar riqu\u00edsima, sigue siendo muy saludable y contiene un gran aporte de energ\u00e9tico y gran cantidad de fibra, ideal para el tentempi\u00e9 de media ma\u00f1ana o para la merienda.<\/strong><\/em><\/p>\n<p><span class=\"embed-youtube\" style=\"text-align:center; display: block;\"><div class=\"a25-CTUOC-hidding-box\" data-original-content=\"&lt;iframe loading=&quot;lazy&quot; class=&quot;youtube-player&quot; width=&quot;474&quot; height=&quot;267&quot; src=&quot;https:\/\/www.youtube.com\/embed\/C25AZfXHJd4?version=3&amp;#038;rel=1&amp;#038;showsearch=0&amp;#038;showinfo=1&amp;#038;iv_load_policy=1&amp;#038;fs=1&amp;#038;hl=es-ES&amp;#038;autohide=2&amp;#038;wmode=transparent&quot; allowfullscreen=&quot;true&quot; style=&quot;border:0;&quot; sandbox=&quot;allow-scripts allow-same-origin allow-popups allow-presentation allow-popups-to-escape-sandbox&quot;&gt;&lt;\/iframe&gt;\">Esta p\u00e1gina incluye contenido multimedia que requiere aceptar todas las cookies. Pulse aqu\u00ed para abrir la configuraci\u00f3n de cookies.<\/div><\/span><\/p>\n<p><em><strong><span style=\"color: #0000ff\">\u00bfC\u00f3mo va la creaci\u00f3n de historias?<\/span><\/strong><\/em><\/p>\n<p><em><strong>Estoy segura que hab\u00e9is sacado todas vuestras capacidades creativas y est\u00e1is elaborando unas historias dignas de publicaci\u00f3n, al menos en este blog, je.\u00a0<\/strong><\/em><\/p>\n<p><strong><i>Si os apetece pod\u00e9is hac\u00e9rmelas llegar a trav\u00e9s de mi correo electr\u00f3nico, no es necesario que las escrib\u00e1is vosotros ya que se trataba tan s\u00f3lo de \u00abjugar con las palabras\u00bb, os propongo que se la cont\u00e9is a pap\u00e1 o mam\u00e1 y ellos me la escriben.\u00a0As\u00ed puedo ponerlas en el blog para compartirlas con los dem\u00e1s compa\u00f1eros y compa\u00f1eras.<\/i><\/strong><\/p>\n<p><span style=\"color: #993366\"><em><strong>Para la poes\u00eda s\u00ed que os dejo algunas orientaciones:<\/strong><\/em><\/span><\/p>\n<ul>\n<li><em><strong>Leed diferentes textos<\/strong><\/em> (con ayuda de los adultos), como un prospecto medicinal, un relato, una receta de cocina, una noticia period\u00edstica o una poes\u00eda. Ver\u00e9is que la <em><strong>\u00absonoridad\u00bb<\/strong><\/em> que tiene la poes\u00eda os va a ayudar a distinguirlo m\u00e1s f\u00e1cilmente de aquellos textos que no son po\u00e9ticos.<\/li>\n<li>Vamos a pensar en dos aspectos muy sencillos para distinguir una poes\u00eda de algo \u00abque no lo es\u00bb, uno que la poes\u00eda se escribe con <em><strong>frases cortitas<\/strong><\/em> y que normalmente <em><strong>se utiliza para expresar algo con mucho sentimiento o emoci\u00f3n.<\/strong><\/em><\/li>\n<li><em><strong>Poes\u00eda o poema<\/strong><\/em> es lo mismo, son dos formas de llamarlo y se pueden utilizar ambas.<\/li>\n<li>A partir de ahora todos los textos que no sean \u00abpoes\u00eda\u00bb les vamos a llamar <em><strong>prosa<\/strong><\/em>, o al menos lo vamos a intentar.<\/li>\n<\/ul>\n<p>Como <em><strong><span style=\"color: #993300\">consejo para \u00a0las familias<\/span><\/strong><\/em>, os dir\u00e9 que no a todos les resulta m\u00e1s f\u00e1cil utilizar la <em><strong>rima consonante<\/strong><\/em>, como a priori podamos pensar, ya que la concienciaci\u00f3n fon\u00e9tica (y no fonol\u00f3gica en este caso) comienza por las vocales y es posible que utilicen en un amplio porcentaje de casos la <em><strong>asonante<\/strong><\/em>.<\/p>\n<p>S\u00ed durante la creaci\u00f3n de la poes\u00eda observ\u00e1is que \u00ables cuesta\u00bb un poquito encontrar las palabras adecuadas, pod\u00e9is ofrecerles una selecci\u00f3n de 4 o 5 para que elijan (el objetivo lo estaremos cubriendo igual, pero estaremos adaptando el trabajo a las necesidades individuales que cada uno presente), empezad siempre por ayudas m\u00e1s abiertas que pod\u00e9is plantear mediante preguntas, para ir ofreciendo algunas m\u00e1s concretas si las necesitasen. \u00a0Esto ocurrir\u00e1 no s\u00f3lo a la hora de establecer rimas sino de incluir algunos nexos que aporten una sintaxis algo m\u00e1s rica. \u00a0Cualquier duda, ya sab\u00e9is que me ten\u00e9is a vuestra disposici\u00f3n a trav\u00e9s de los comentarios del blog y del correo electr\u00f3nico.<\/p>\n<p>No pretendemos que el resultado sea espectacular ni que parezca hecho por un adulto, <em><strong><span style=\"color: #ff0000\">se trata de que disfruten del proceso de creaci\u00f3n, sientan que est\u00e1n acompa\u00f1ados en su aprendizaje y obtengan un poema con el que ellos se sientan satisfechos.<\/span><\/strong><\/em><\/p>\n<p><strong>El t\u00edtulo ser\u00e1 lo \u00faltimo a incluir<\/strong> y os recomiendo no corregir nada de momento ni pasarlo a limpio, que en otra entrada les orientar\u00e9 acerca de ello (a ellos y a vosotros). Poned en un folio en blanco <strong>BORRADOR\u00a0<\/strong>y dejadles escribir de manera aut\u00f3noma (no separar\u00e1n correctamente ni palabras, ni versos ni estrofas, es <strong>LO NORMAL<\/strong>) y vayamos poco a poco.<\/p>\n<p>Os dejo un par de v\u00eddeos, bastante graciosos y a la vez ilustrativos, relacionados con las rimas, que pueden seguir inspir\u00e1ndoos para poneros ya a crear la poes\u00eda.<\/p>\n<p><span class=\"embed-youtube\" style=\"text-align:center; display: block;\"><div class=\"a25-CTUOC-hidding-box\" data-original-content=\"&lt;iframe loading=&quot;lazy&quot; class=&quot;youtube-player&quot; width=&quot;474&quot; height=&quot;267&quot; src=&quot;https:\/\/www.youtube.com\/embed\/bUYjmTQsT5A?version=3&amp;#038;rel=1&amp;#038;showsearch=0&amp;#038;showinfo=1&amp;#038;iv_load_policy=1&amp;#038;fs=1&amp;#038;hl=es-ES&amp;#038;autohide=2&amp;#038;wmode=transparent&quot; allowfullscreen=&quot;true&quot; style=&quot;border:0;&quot; sandbox=&quot;allow-scripts allow-same-origin allow-popups allow-presentation allow-popups-to-escape-sandbox&quot;&gt;&lt;\/iframe&gt;\">Esta p\u00e1gina incluye contenido multimedia que requiere aceptar todas las cookies. Pulse aqu\u00ed para abrir la configuraci\u00f3n de cookies.<\/div><\/span><\/p>\n<p><span class=\"embed-youtube\" style=\"text-align:center; display: block;\"><div class=\"a25-CTUOC-hidding-box\" data-original-content=\"&lt;iframe loading=&quot;lazy&quot; class=&quot;youtube-player&quot; width=&quot;474&quot; height=&quot;267&quot; src=&quot;https:\/\/www.youtube.com\/embed\/VjBvz2aXuXg?version=3&amp;#038;rel=1&amp;#038;showsearch=0&amp;#038;showinfo=1&amp;#038;iv_load_policy=1&amp;#038;fs=1&amp;#038;hl=es-ES&amp;#038;autohide=2&amp;#038;wmode=transparent&quot; allowfullscreen=&quot;true&quot; style=&quot;border:0;&quot; sandbox=&quot;allow-scripts allow-same-origin allow-popups allow-presentation allow-popups-to-escape-sandbox&quot;&gt;&lt;\/iframe&gt;\">Esta p\u00e1gina incluye contenido multimedia que requiere aceptar todas las cookies. Pulse aqu\u00ed para abrir la configuraci\u00f3n de cookies.<\/div><\/span><\/p>\n<p>En la entrada del lunes os anim\u00e9 tambi\u00e9n a investigar un poco acerca de <em><strong><span style=\"color: #ff0000\">Gloria Fuertes<\/span> <\/strong><\/em>y <span style=\"color: #ff0000\"><em><strong>Federico Garc\u00eda Lorca. <\/strong><\/em><span style=\"color: #333333\">Y<\/span><\/span>o tengo \u00abguardadas\u00bb algunas curiosidades que ma\u00f1ana, si nadie ha puesto nada en el blog, os escribir\u00e9 para que las conozc\u00e1is.<\/p>\n<div class=\"tiled-gallery type-circle tiled-gallery-unresized\" data-original-width=\"474\" data-carousel-extra='{&quot;blog_id&quot;:8,&quot;permalink&quot;:&quot;https:\\\/\\\/www.alqueria.es\\\/blogs\\\/alqueriarojaverde\\\/2020\\\/04\\\/16\\\/recetas-saludables-en-cinco-minutos\\\/&quot;,&quot;likes_blog_id&quot;:64268569}' itemscope itemtype=\"http:\/\/schema.org\/ImageGallery\" > <div class=\"gallery-row\" style=\"width: 474px; height: 237px;\" data-original-width=\"474\" data-original-height=\"237\" > <div class=\"gallery-group\" style=\"width: 237px; height: 237px;\" data-original-width=\"237\" data-original-height=\"237\" > <div class=\"tiled-gallery-item \" itemprop=\"associatedMedia\" itemscope itemtype=\"http:\/\/schema.org\/ImageObject\"> <a href=\"https:\/\/www.alqueria.es\/blogs\/alqueriarojaverde\/2020\/04\/13\/viajamos-al-mundo-de-la-creatividad-a-traves-de-la-poesia\/gloria-fuertes\/\" border=\"0\" itemprop=\"url\"> <meta itemprop=\"width\" content=\"233\"> <meta itemprop=\"height\" content=\"233\"> <img decoding=\"async\" class=\"\" data-attachment-id=\"25492\" data-orig-file=\"https:\/\/cloud.alqueria.es\/wp-content\/uploads\/sites\/8\/2020\/04\/gloria-fuertes.jpg\" data-orig-size=\"300,168\" data-comments-opened=\"1\" data-image-meta=\"{&quot;aperture&quot;:&quot;0&quot;,&quot;credit&quot;:&quot;&quot;,&quot;camera&quot;:&quot;&quot;,&quot;caption&quot;:&quot;&quot;,&quot;created_timestamp&quot;:&quot;0&quot;,&quot;copyright&quot;:&quot;&quot;,&quot;focal_length&quot;:&quot;0&quot;,&quot;iso&quot;:&quot;0&quot;,&quot;shutter_speed&quot;:&quot;0&quot;,&quot;title&quot;:&quot;&quot;,&quot;orientation&quot;:&quot;0&quot;}\" data-image-title=\"gloria fuertes\" data-image-description=\"\" data-medium-file=\"https:\/\/i0.wp.com\/cloud.alqueria.es\/wp-content\/uploads\/sites\/8\/2020\/04\/gloria-fuertes.jpg?fit=300%2C168&#038;ssl=1\" data-large-file=\"https:\/\/i0.wp.com\/cloud.alqueria.es\/wp-content\/uploads\/sites\/8\/2020\/04\/gloria-fuertes.jpg?fit=300%2C168&#038;ssl=1\" src=\"https:\/\/i0.wp.com\/cloud.alqueria.es\/wp-content\/uploads\/sites\/8\/2020\/04\/gloria-fuertes.jpg?w=233&#038;h=233&#038;crop=1&#038;ssl=1\" width=\"233\" height=\"233\" loading=\"lazy\" data-original-width=\"233\" data-original-height=\"233\" itemprop=\"http:\/\/schema.org\/image\" title=\"gloria fuertes\" alt=\"gloria fuertes\" style=\"width: 233px; height: 233px;\" \/> <\/a> <\/div> <\/div> <div class=\"gallery-group\" style=\"width: 237px; height: 237px;\" data-original-width=\"237\" data-original-height=\"237\" > <div class=\"tiled-gallery-item \" itemprop=\"associatedMedia\" itemscope itemtype=\"http:\/\/schema.org\/ImageObject\"> <a href=\"https:\/\/www.alqueria.es\/blogs\/alqueriarojaverde\/2020\/04\/13\/viajamos-al-mundo-de-la-creatividad-a-traves-de-la-poesia\/garcia-lorca\/\" border=\"0\" itemprop=\"url\"> <meta itemprop=\"width\" content=\"233\"> <meta itemprop=\"height\" content=\"233\"> <img decoding=\"async\" class=\"\" data-attachment-id=\"25491\" data-orig-file=\"https:\/\/cloud.alqueria.es\/wp-content\/uploads\/sites\/8\/2020\/04\/Garc%C3%ADa-Lorca.jpg\" data-orig-size=\"1024,599\" data-comments-opened=\"1\" data-image-meta=\"{&quot;aperture&quot;:&quot;0&quot;,&quot;credit&quot;:&quot;&quot;,&quot;camera&quot;:&quot;&quot;,&quot;caption&quot;:&quot;&quot;,&quot;created_timestamp&quot;:&quot;0&quot;,&quot;copyright&quot;:&quot;&quot;,&quot;focal_length&quot;:&quot;0&quot;,&quot;iso&quot;:&quot;0&quot;,&quot;shutter_speed&quot;:&quot;0&quot;,&quot;title&quot;:&quot;&quot;,&quot;orientation&quot;:&quot;0&quot;}\" data-image-title=\"Garc\u00eda Lorca\" data-image-description=\"\" data-medium-file=\"https:\/\/i0.wp.com\/cloud.alqueria.es\/wp-content\/uploads\/sites\/8\/2020\/04\/Garc%C3%ADa-Lorca.jpg?fit=300%2C175&#038;ssl=1\" data-large-file=\"https:\/\/i0.wp.com\/cloud.alqueria.es\/wp-content\/uploads\/sites\/8\/2020\/04\/Garc%C3%ADa-Lorca.jpg?fit=474%2C277&#038;ssl=1\" src=\"https:\/\/i0.wp.com\/cloud.alqueria.es\/wp-content\/uploads\/sites\/8\/2020\/04\/Garc%C3%ADa-Lorca.jpg?w=233&#038;h=233&#038;crop=1&#038;ssl=1\" srcset=\"https:\/\/cloud.alqueria.es\/wp-content\/uploads\/sites\/8\/2020\/04\/Garc%C3%ADa-Lorca.jpg 150w, https:\/\/cloud.alqueria.es\/wp-content\/uploads\/sites\/8\/2020\/04\/Garc%C3%ADa-Lorca.jpg 466w, https:\/\/cloud.alqueria.es\/wp-content\/uploads\/sites\/8\/2020\/04\/Garc%C3%ADa-Lorca.jpg 699w\" width=\"233\" height=\"233\" loading=\"lazy\" data-original-width=\"233\" data-original-height=\"233\" itemprop=\"http:\/\/schema.org\/image\" title=\"Garc\u00eda Lorca\" alt=\"Garc\u00eda Lorca\" style=\"width: 233px; height: 233px;\" \/> <\/a> <\/div> <\/div> <\/div> <\/div>\n<p>Para despedirme, os dejo este cortito v\u00eddeo acerca de las neuronas espejo, un gran descubrimiento que la \u00a0Neurociencia ha realizado hace tan s\u00f3lo tres d\u00e9cadas y que me hace reflexionar sobre c\u00f3mo es que este <a href=\"https:\/\/www.alqueria.es\/es\/web\/comunidadescolar.aspx\">proyecto educativo<\/a> hace ya 40 a\u00f1os implementase de manera intuitiva \u00abtanto de \u00e9sto\u00bb antes de que se descubriese&#8230; Ser\u00e1 que, como dice la c\u00e9lebre frase de Blaise Pascal ,<em><strong>\u00abel coraz\u00f3n tiene razones que la raz\u00f3n ignora\u00bb<\/strong><\/em> y siempre hemos apostado y defendido una educaci\u00f3n desde el coraz\u00f3n.<\/p>\n<p><span class=\"embed-youtube\" style=\"text-align:center; display: block;\"><div class=\"a25-CTUOC-hidding-box\" data-original-content=\"&lt;iframe loading=&quot;lazy&quot; class=&quot;youtube-player&quot; width=&quot;474&quot; height=&quot;267&quot; src=&quot;https:\/\/www.youtube.com\/embed\/cVxUm_bUVAw?version=3&amp;#038;rel=1&amp;#038;showsearch=0&amp;#038;showinfo=1&amp;#038;iv_load_policy=1&amp;#038;fs=1&amp;#038;hl=es-ES&amp;#038;autohide=2&amp;#038;wmode=transparent&quot; allowfullscreen=&quot;true&quot; style=&quot;border:0;&quot; sandbox=&quot;allow-scripts allow-same-origin allow-popups allow-presentation allow-popups-to-escape-sandbox&quot;&gt;&lt;\/iframe&gt;\">Esta p\u00e1gina incluye contenido multimedia que requiere aceptar todas las cookies. Pulse aqu\u00ed para abrir la configuraci\u00f3n de cookies.<\/div><\/span><\/p>\n<p><strong>Ma\u00f1ana os escribo de nuevo, \u00a1os echo de menos!.<\/strong><\/p>\n<p>Esther Justicia.<\/p>\n<p>&nbsp;<\/p>\n<p>&nbsp;<\/p>\n","protected":false},"excerpt":{"rendered":"<p>\u00ab\u00a1Hola verdes!, hoy tenemos de nuevo v\u00eddeo y s\u00e9 que os encanta verlo (que me lo ha contado un pajarito). Como os dije en el anterior, os voy a mostrar \u00a0unas riqu\u00edsimas y saludables recetas de cocina, que son tan f\u00e1ciles de hacer que tan s\u00f3lo se tarda cinco minutos (con ayuda de los mayores, &hellip; <a href=\"https:\/\/www.alqueria.es\/blogs\/alqueriarojaverde\/2020\/04\/16\/recetas-saludables-en-cinco-minutos\/\" class=\"more-link\">Seguir leyendo <span class=\"screen-reader-text\">\u00a1RECETAS SALUDABLES EN CINCO MINUTOS\u00a1<\/span> <span class=\"meta-nav\">&rarr;<\/span><\/a><\/p>\n","protected":false},"author":19,"featured_media":0,"comment_status":"open","ping_status":"open","sticky":false,"template":"","format":"standard","meta":{"jetpack_post_was_ever_published":false,"_jetpack_newsletter_access":"","_jetpack_dont_email_post_to_subs":false,"_jetpack_newsletter_tier_id":0,"_jetpack_memberships_contains_paywalled_content":false,"_jetpack_memberships_contains_paid_content":false,"footnotes":"","jetpack_publicize_message":"","jetpack_publicize_feature_enabled":true,"jetpack_social_post_already_shared":true,"jetpack_social_options":{"image_generator_settings":{"template":"highway","default_image_id":0,"font":"","enabled":false},"version":2}},"categories":[7,13],"tags":[824,820],"class_list":["post-25508","post","type-post","status-publish","format-standard","hentry","category-clase-verde-5-6-anos","category-inicio","tag-la-poesia-en-educacion-infantil","tag-recetas-saludables-en-cinco-minutos"],"jetpack_publicize_connections":[],"jetpack_featured_media_url":"","jetpack_sharing_enabled":true,"jetpack_shortlink":"https:\/\/wp.me\/p4lFbP-6Dq","_links":{"self":[{"href":"https:\/\/www.alqueria.es\/blogs\/alqueriarojaverde\/wp-json\/wp\/v2\/posts\/25508","targetHints":{"allow":["GET"]}}],"collection":[{"href":"https:\/\/www.alqueria.es\/blogs\/alqueriarojaverde\/wp-json\/wp\/v2\/posts"}],"about":[{"href":"https:\/\/www.alqueria.es\/blogs\/alqueriarojaverde\/wp-json\/wp\/v2\/types\/post"}],"author":[{"embeddable":true,"href":"https:\/\/www.alqueria.es\/blogs\/alqueriarojaverde\/wp-json\/wp\/v2\/users\/19"}],"replies":[{"embeddable":true,"href":"https:\/\/www.alqueria.es\/blogs\/alqueriarojaverde\/wp-json\/wp\/v2\/comments?post=25508"}],"version-history":[{"count":7,"href":"https:\/\/www.alqueria.es\/blogs\/alqueriarojaverde\/wp-json\/wp\/v2\/posts\/25508\/revisions"}],"predecessor-version":[{"id":25586,"href":"https:\/\/www.alqueria.es\/blogs\/alqueriarojaverde\/wp-json\/wp\/v2\/posts\/25508\/revisions\/25586"}],"wp:attachment":[{"href":"https:\/\/www.alqueria.es\/blogs\/alqueriarojaverde\/wp-json\/wp\/v2\/media?parent=25508"}],"wp:term":[{"taxonomy":"category","embeddable":true,"href":"https:\/\/www.alqueria.es\/blogs\/alqueriarojaverde\/wp-json\/wp\/v2\/categories?post=25508"},{"taxonomy":"post_tag","embeddable":true,"href":"https:\/\/www.alqueria.es\/blogs\/alqueriarojaverde\/wp-json\/wp\/v2\/tags?post=25508"}],"curies":[{"name":"wp","href":"https:\/\/api.w.org\/{rel}","templated":true}]}}