{"id":25609,"date":"2020-04-20T01:00:51","date_gmt":"2020-04-19T23:00:51","guid":{"rendered":"http:\/\/www.alqueria.es\/blogs\/alqueriarojaverde\/?p=25609"},"modified":"2020-04-20T00:17:57","modified_gmt":"2020-04-19T22:17:57","slug":"semana-especial-fomento-de-la-lectura-y-otras-muchas-actividades","status":"publish","type":"post","link":"https:\/\/www.alqueria.es\/blogs\/alqueriarojaverde\/2020\/04\/20\/semana-especial-fomento-de-la-lectura-y-otras-muchas-actividades\/","title":{"rendered":"\u00a1SEMANA ESPECIAL!: FOMENTO DE LA LECTURA Y OTRAS MUCHAS ACTIVIDADES"},"content":{"rendered":"<p><img data-recalc-dims=\"1\" decoding=\"async\" data-attachment-id=\"25615\" data-permalink=\"https:\/\/www.alqueria.es\/blogs\/alqueriarojaverde\/2020\/04\/20\/semana-especial-fomento-de-la-lectura-y-otras-muchas-actividades\/lunes-2\/\" data-orig-file=\"https:\/\/i0.wp.com\/cloud.alqueria.es\/wp-content\/uploads\/sites\/8\/2020\/04\/lunes-2.png?fit=540%2C720&amp;ssl=1\" data-orig-size=\"540,720\" data-comments-opened=\"1\" data-image-meta=\"{&quot;aperture&quot;:&quot;0&quot;,&quot;credit&quot;:&quot;&quot;,&quot;camera&quot;:&quot;&quot;,&quot;caption&quot;:&quot;&quot;,&quot;created_timestamp&quot;:&quot;0&quot;,&quot;copyright&quot;:&quot;&quot;,&quot;focal_length&quot;:&quot;0&quot;,&quot;iso&quot;:&quot;0&quot;,&quot;shutter_speed&quot;:&quot;0&quot;,&quot;title&quot;:&quot;&quot;,&quot;orientation&quot;:&quot;0&quot;}\" data-image-title=\"lunes-2\" data-image-description=\"\" data-image-caption=\"\" data-large-file=\"https:\/\/i0.wp.com\/cloud.alqueria.es\/wp-content\/uploads\/sites\/8\/2020\/04\/lunes-2.png?fit=474%2C632&amp;ssl=1\" class=\"alignleft size-medium wp-image-25615\" src=\"https:\/\/i0.wp.com\/cloud.alqueria.es\/wp-content\/uploads\/sites\/8\/2020\/04\/lunes-2.png?resize=225%2C300&#038;ssl=1\" alt=\"\" width=\"225\" height=\"300\" srcset=\"https:\/\/cloud.alqueria.es\/wp-content\/uploads\/sites\/8\/2020\/04\/lunes-2.png 540w, https:\/\/cloud.alqueria.es\/wp-content\/uploads\/sites\/8\/2020\/04\/lunes-2.png 225w\" sizes=\"(max-width: 225px) 100vw, 225px\" \/><em><strong><span style=\"color: #008000\">\u00a1Buenos d\u00edas familias!,<\/span><\/strong><\/em><\/p>\n<p>Espero que en el \u00abfin de semana\u00bb hay\u00e1is podido dedicar algo m\u00e1s de tiempo a esos peque\u00f1os placeres o momentos de ocio, que la vor\u00e1gine del d\u00eda a d\u00eda no nos permite y que en estos tiempos que corren, aunque nos parezca mentira, son casi un lujo.<\/p>\n<p><em><strong>Hoy damos comienzo a una nueva semana muy especial, ya que celebramos tres acontecimientos bastante importantes:<\/strong><\/em><\/p>\n<ul>\n<li><img data-recalc-dims=\"1\" decoding=\"async\" data-attachment-id=\"25616\" data-permalink=\"https:\/\/www.alqueria.es\/blogs\/alqueriarojaverde\/2020\/04\/20\/semana-especial-fomento-de-la-lectura-y-otras-muchas-actividades\/torta-festiva-cumpleanos-6-anos-dibujos-animados-lindo-vela-numero-seis-galleta-chocolate-bayas-cerezas-arandanos_44769-951\/\" data-orig-file=\"https:\/\/i0.wp.com\/cloud.alqueria.es\/wp-content\/uploads\/sites\/8\/2020\/04\/torta-festiva-cumpleanos-6-anos-dibujos-animados-lindo-vela-numero-seis-galleta-chocolate-bayas-cerezas-arandanos_44769-951.jpg?fit=338%2C338&amp;ssl=1\" data-orig-size=\"338,338\" data-comments-opened=\"1\" data-image-meta=\"{&quot;aperture&quot;:&quot;0&quot;,&quot;credit&quot;:&quot;&quot;,&quot;camera&quot;:&quot;&quot;,&quot;caption&quot;:&quot;&quot;,&quot;created_timestamp&quot;:&quot;0&quot;,&quot;copyright&quot;:&quot;&quot;,&quot;focal_length&quot;:&quot;0&quot;,&quot;iso&quot;:&quot;0&quot;,&quot;shutter_speed&quot;:&quot;0&quot;,&quot;title&quot;:&quot;&quot;,&quot;orientation&quot;:&quot;0&quot;}\" data-image-title=\"torta-festiva-cumpleanos-6-anos-dibujos-animados-lindo-vela-numero-seis-galleta-chocolate-bayas-cerezas-arandanos_44769-951\" data-image-description=\"\" data-image-caption=\"\" data-large-file=\"https:\/\/i0.wp.com\/cloud.alqueria.es\/wp-content\/uploads\/sites\/8\/2020\/04\/torta-festiva-cumpleanos-6-anos-dibujos-animados-lindo-vela-numero-seis-galleta-chocolate-bayas-cerezas-arandanos_44769-951.jpg?fit=338%2C338&amp;ssl=1\" class=\"alignright size-thumbnail wp-image-25616\" src=\"https:\/\/i0.wp.com\/cloud.alqueria.es\/wp-content\/uploads\/sites\/8\/2020\/04\/torta-festiva-cumpleanos-6-anos-dibujos-animados-lindo-vela-numero-seis-galleta-chocolate-bayas-cerezas-arandanos_44769-951.jpg?resize=150%2C150&#038;ssl=1\" alt=\"\" width=\"150\" height=\"150\" srcset=\"https:\/\/cloud.alqueria.es\/wp-content\/uploads\/sites\/8\/2020\/04\/torta-festiva-cumpleanos-6-anos-dibujos-animados-lindo-vela-numero-seis-galleta-chocolate-bayas-cerezas-arandanos_44769-951.jpg 338w, https:\/\/cloud.alqueria.es\/wp-content\/uploads\/sites\/8\/2020\/04\/torta-festiva-cumpleanos-6-anos-dibujos-animados-lindo-vela-numero-seis-galleta-chocolate-bayas-cerezas-arandanos_44769-951.jpg 150w, https:\/\/cloud.alqueria.es\/wp-content\/uploads\/sites\/8\/2020\/04\/torta-festiva-cumpleanos-6-anos-dibujos-animados-lindo-vela-numero-seis-galleta-chocolate-bayas-cerezas-arandanos_44769-951.jpg 300w\" sizes=\"(max-width: 150px) 100vw, 150px\" \/>Hoy es el <em><strong><span style=\"color: #ff00ff\">cumplea\u00f1os de nuestra compa\u00f1era Estella<\/span><\/strong><\/em>, cumple <span style=\"color: #ff00ff\">6 a\u00f1os<\/span>. Desde aqu\u00ed le mandamos muchos besitos y abrazos virtuales y le dejamos esta canci\u00f3n para que sepa que nos acordamos de ella.<\/li>\n<\/ul>\n<p><img data-recalc-dims=\"1\" decoding=\"async\" data-attachment-id=\"25617\" data-permalink=\"https:\/\/www.alqueria.es\/blogs\/alqueriarojaverde\/2020\/04\/20\/semana-especial-fomento-de-la-lectura-y-otras-muchas-actividades\/tenor-3\/\" data-orig-file=\"https:\/\/i0.wp.com\/cloud.alqueria.es\/wp-content\/uploads\/sites\/8\/2020\/04\/tenor1.gif?fit=220%2C250&amp;ssl=1\" data-orig-size=\"220,250\" data-comments-opened=\"1\" data-image-meta=\"{&quot;aperture&quot;:&quot;0&quot;,&quot;credit&quot;:&quot;&quot;,&quot;camera&quot;:&quot;&quot;,&quot;caption&quot;:&quot;&quot;,&quot;created_timestamp&quot;:&quot;0&quot;,&quot;copyright&quot;:&quot;&quot;,&quot;focal_length&quot;:&quot;0&quot;,&quot;iso&quot;:&quot;0&quot;,&quot;shutter_speed&quot;:&quot;0&quot;,&quot;title&quot;:&quot;&quot;,&quot;orientation&quot;:&quot;0&quot;}\" data-image-title=\"tenor\" data-image-description=\"\" data-image-caption=\"\" data-large-file=\"https:\/\/i0.wp.com\/cloud.alqueria.es\/wp-content\/uploads\/sites\/8\/2020\/04\/tenor1.gif?fit=220%2C250&amp;ssl=1\" class=\"aligncenter size-full wp-image-25617\" src=\"https:\/\/i0.wp.com\/cloud.alqueria.es\/wp-content\/uploads\/sites\/8\/2020\/04\/tenor1.gif?resize=220%2C250&#038;ssl=1\" alt=\"\" width=\"220\" height=\"250\" \/><\/p>\n<p><span class=\"embed-youtube\" style=\"text-align:center; display: block;\"><div class=\"a25-CTUOC-hidding-box\" data-original-content=\"&lt;iframe loading=&quot;lazy&quot; class=&quot;youtube-player&quot; width=&quot;474&quot; height=&quot;267&quot; src=&quot;https:\/\/www.youtube.com\/embed\/09uHVz8u6_I?version=3&amp;#038;rel=1&amp;#038;showsearch=0&amp;#038;showinfo=1&amp;#038;iv_load_policy=1&amp;#038;fs=1&amp;#038;hl=es-ES&amp;#038;autohide=2&amp;#038;wmode=transparent&quot; allowfullscreen=&quot;true&quot; style=&quot;border:0;&quot; sandbox=&quot;allow-scripts allow-same-origin allow-popups allow-presentation allow-popups-to-escape-sandbox&quot;&gt;&lt;\/iframe&gt;\">Esta p\u00e1gina incluye contenido multimedia que requiere aceptar todas las cookies. Pulse aqu\u00ed para abrir la configuraci\u00f3n de cookies.<\/div><\/span><\/p>\n<ul>\n<li><img data-recalc-dims=\"1\" decoding=\"async\" data-attachment-id=\"25618\" data-permalink=\"https:\/\/www.alqueria.es\/blogs\/alqueriarojaverde\/2020\/04\/20\/semana-especial-fomento-de-la-lectura-y-otras-muchas-actividades\/dia-de-la-tierra_001\/\" data-orig-file=\"https:\/\/i0.wp.com\/cloud.alqueria.es\/wp-content\/uploads\/sites\/8\/2020\/04\/dia-de-la-tierra_001.jpg?fit=550%2C592&amp;ssl=1\" data-orig-size=\"550,592\" data-comments-opened=\"1\" data-image-meta=\"{&quot;aperture&quot;:&quot;0&quot;,&quot;credit&quot;:&quot;&quot;,&quot;camera&quot;:&quot;&quot;,&quot;caption&quot;:&quot;&quot;,&quot;created_timestamp&quot;:&quot;0&quot;,&quot;copyright&quot;:&quot;&quot;,&quot;focal_length&quot;:&quot;0&quot;,&quot;iso&quot;:&quot;0&quot;,&quot;shutter_speed&quot;:&quot;0&quot;,&quot;title&quot;:&quot;&quot;,&quot;orientation&quot;:&quot;0&quot;}\" data-image-title=\"dia-de-la-tierra_001\" data-image-description=\"\" data-image-caption=\"\" data-large-file=\"https:\/\/i0.wp.com\/cloud.alqueria.es\/wp-content\/uploads\/sites\/8\/2020\/04\/dia-de-la-tierra_001.jpg?fit=474%2C510&amp;ssl=1\" class=\"alignright size-thumbnail wp-image-25618\" src=\"https:\/\/i0.wp.com\/cloud.alqueria.es\/wp-content\/uploads\/sites\/8\/2020\/04\/dia-de-la-tierra_001.jpg?resize=150%2C150&#038;ssl=1\" alt=\"\" width=\"150\" height=\"150\" srcset=\"https:\/\/cloud.alqueria.es\/wp-content\/uploads\/sites\/8\/2020\/04\/dia-de-la-tierra_001.jpg 150w, https:\/\/cloud.alqueria.es\/wp-content\/uploads\/sites\/8\/2020\/04\/dia-de-la-tierra_001.jpg 300w, https:\/\/cloud.alqueria.es\/wp-content\/uploads\/sites\/8\/2020\/04\/dia-de-la-tierra_001.jpg 450w\" sizes=\"(max-width: 150px) 100vw, 150px\" \/>El mi\u00e9rcoles se celebra el <em><strong><span style=\"color: #800000\">d\u00eda mundial de la Tierra<\/span><\/strong><\/em>. Celebraci\u00f3n que viene a resaltar la importancia que tiene el respecto al medio ambiente, entre otras muchas cosas, para preservar el planeta en el que vivimos en las condiciones m\u00e1s \u00f3ptimas para los seres vivos que en el habitamos.<\/li>\n<li>El jueves se celebra el <em><strong><span style=\"color: #0000ff\">d\u00eda del libro.\u00a0<\/span><\/strong><\/em><span style=\"color: #333333\">Y adem\u00e1s tendremos nuestro primer encuentro virtual a trav\u00e9s de la plataforma <em><strong><span style=\"color: #0000ff\">Zoom,<\/span> <\/strong><\/em>del cual ya os ir\u00e9 adelantando su contenido un poquito m\u00e1s adelante.<\/span><\/li>\n<\/ul>\n<p><img data-recalc-dims=\"1\" decoding=\"async\" data-attachment-id=\"25619\" data-permalink=\"https:\/\/www.alqueria.es\/blogs\/alqueriarojaverde\/2020\/04\/20\/semana-especial-fomento-de-la-lectura-y-otras-muchas-actividades\/dia-del-libro-3\/\" data-orig-file=\"https:\/\/i0.wp.com\/cloud.alqueria.es\/wp-content\/uploads\/sites\/8\/2020\/04\/d%C3%ADa-del-libro.png?fit=1024%2C536&amp;ssl=1\" data-orig-size=\"1024,536\" data-comments-opened=\"1\" data-image-meta=\"{&quot;aperture&quot;:&quot;0&quot;,&quot;credit&quot;:&quot;&quot;,&quot;camera&quot;:&quot;&quot;,&quot;caption&quot;:&quot;&quot;,&quot;created_timestamp&quot;:&quot;0&quot;,&quot;copyright&quot;:&quot;&quot;,&quot;focal_length&quot;:&quot;0&quot;,&quot;iso&quot;:&quot;0&quot;,&quot;shutter_speed&quot;:&quot;0&quot;,&quot;title&quot;:&quot;&quot;,&quot;orientation&quot;:&quot;0&quot;}\" data-image-title=\"d\u00eda del libro\" data-image-description=\"\" data-image-caption=\"\" data-large-file=\"https:\/\/i0.wp.com\/cloud.alqueria.es\/wp-content\/uploads\/sites\/8\/2020\/04\/d%C3%ADa-del-libro.png?fit=474%2C248&amp;ssl=1\" class=\"aligncenter size-medium wp-image-25619\" src=\"https:\/\/i0.wp.com\/cloud.alqueria.es\/wp-content\/uploads\/sites\/8\/2020\/04\/d%C3%ADa-del-libro.png?resize=300%2C157&#038;ssl=1\" alt=\"\" width=\"300\" height=\"157\" srcset=\"https:\/\/cloud.alqueria.es\/wp-content\/uploads\/sites\/8\/2020\/04\/d%C3%ADa-del-libro.png 1024w, https:\/\/cloud.alqueria.es\/wp-content\/uploads\/sites\/8\/2020\/04\/d%C3%ADa-del-libro.png 300w, https:\/\/cloud.alqueria.es\/wp-content\/uploads\/sites\/8\/2020\/04\/d%C3%ADa-del-libro.png 768w, https:\/\/cloud.alqueria.es\/wp-content\/uploads\/sites\/8\/2020\/04\/d%C3%ADa-del-libro.png 948w\" sizes=\"(max-width: 300px) 100vw, 300px\" \/><\/p>\n<p>En condiciones \u201cnormales\u201d festejar\u00edamos este d\u00eda englobado dentro de <em><strong><span style=\"color: #0000ff\">la Semana de la lectura. <\/span><\/strong><\/em><span style=\"color: #0000ff\"><span style=\"color: #333333\">U<\/span><\/span>n proyecto de toda la etapa infantil \u00a0(0-6 a\u00f1os) que venimos celebrando desde hace d\u00e9cadas en nuestro centro, con el objetivo principal de fomentar la lectura entre los m\u00e1s peque\u00f1os. \u00a0Unos d\u00edas \u00a0en los cuales todas las actividades giran en torno a historias, leyendas, cuentos o teatros, presentados en distintos formatos (audio-visual, escenificaci\u00f3n, cuento-motor, cuentos-multiling\u00fces&#8230;) que hacen viajar a peque\u00f1os y mayores hasta lugares m\u00e1gicos de mano de la imaginaci\u00f3n y la fantas\u00eda. Y en la que la participaci\u00f3n familiar es uno de los motores de su desarrollo.\u00a0<span style=\"color: #0000ff\"><em><strong>Este a\u00f1o va a ser algo distinta, pero no por ello menos m\u00e1gica.<\/strong> <\/em><\/span><\/p>\n<p>\u00abNavegando por la red\u00bb, me ha encontrado con esta simp\u00e1tica y original historia, que me parece excelente para inaugurar este camino de <em><strong>fomento de la lectura<\/strong><\/em>. Es narrada por un singular personaje y trasmite un mensaje muy bonito. \u00a1Espero que os guste!.<\/p>\n<p><span class=\"embed-youtube\" style=\"text-align:center; display: block;\"><div class=\"a25-CTUOC-hidding-box\" data-original-content=\"&lt;iframe loading=&quot;lazy&quot; class=&quot;youtube-player&quot; width=&quot;474&quot; height=&quot;267&quot; src=&quot;https:\/\/www.youtube.com\/embed\/4IU96jvNRiY?version=3&amp;#038;rel=1&amp;#038;showsearch=0&amp;#038;showinfo=1&amp;#038;iv_load_policy=1&amp;#038;fs=1&amp;#038;hl=es-ES&amp;#038;autohide=2&amp;#038;wmode=transparent&quot; allowfullscreen=&quot;true&quot; style=&quot;border:0;&quot; sandbox=&quot;allow-scripts allow-same-origin allow-popups allow-presentation allow-popups-to-escape-sandbox&quot;&gt;&lt;\/iframe&gt;\">Esta p\u00e1gina incluye contenido multimedia que requiere aceptar todas las cookies. Pulse aqu\u00ed para abrir la configuraci\u00f3n de cookies.<\/div><\/span><\/p>\n<p style=\"text-align: center\"><span style=\"color: #ff6600\"><strong><em>A modo de resumen os expongo los pasos a seguir en nuestros poemas <span style=\"color: #333333\">(proyecto de aula entorno al fomento de la lectura-escritura):<\/span><\/em><\/strong><\/span><\/p>\n<ol>\n<li><span style=\"color: #ff9900\">Elecci\u00f3n del tema<\/span>\u00a0sobre el que inventar el poema. Posteriormente han elegido si el contenido ser\u00e1 real o fant\u00e1stico.<\/li>\n<li>Realizaci\u00f3n de un <span style=\"color: #ff9900\">borrador<\/span>.\u00a0Para ello llevamos a cabo un trabajo alfab\u00e9tico individual en el que cada uno transcribe su creaci\u00f3n, de forma aut\u00f3noma. Respetando la evoluci\u00f3n particular de cada alumno y alumna. <em><strong>\u00a1NO DEB\u00c9IS CORREGIR NADA, S\u00d3LO HACER FOTO DE ESE TEXTO Y ENVI\u00c1RMELO <span style=\"color: #ff0000\">ENTRE HOY Y MA\u00d1ANA<\/span> AL CORREO DE ATENCI\u00d3N TUTORIAL!.<\/strong><\/em><\/li>\n<li><span style=\"color: #ff9900\">Auto-correcci\u00f3n<\/span>, ofreciendo para ello un patr\u00f3n fonol\u00f3gico claro, por parte del adulto, incluyendo en los casos necesarios la separaci\u00f3n de palabras, la estructuraci\u00f3n de los distintos versos &#8230; \u00a0<em><strong>EN FUNCI\u00d3N DE LOS TEXTOS QUE LLEGUEN Y EL PROCESO ALFAB\u00c9TICO DE CADA UNO, VALORAR\u00c9 LA AUTO-CORRECCI\u00d3N INDIVIDUAL O A TRAV\u00c9S DE ZOOM.<\/strong><\/em><\/li>\n<li><span style=\"color: #ff9900\">Presentaci\u00f3n escrita del poema<\/span>, mediante la utilizaci\u00f3n de una \u00abplantilla\u00bb que nos ofrezca un aspecto algo \u00abmas cuidado\u00bb para una presentaci\u00f3n oficial. <em><strong>ESTA FASE LA INCLUIR\u00c9 CON M\u00c1S DETALLE EN UNA ENTRADA POSTERIOR A LA CORRECCI\u00d3N.<\/strong><\/em><\/li>\n<li><span style=\"color: #ff9900\">Ilustraci\u00f3n<\/span> de nuestro poema. <em><strong>PREPARADA PARA EL TALLER CREATIVO DEL PR\u00d3XIMO MI\u00c9RCOLES.<\/strong><\/em><\/li>\n<li><strong>\u00abEncuadernaci\u00f3n\u00bb<\/strong> de todos los poemas individuales \u00a0para crear un\u00a0<span style=\"color: #ff9900\"><strong>\u00abLIBRO DE POEMAS\u00bb.\u00a0<\/strong><span style=\"color: #333333\"><em><strong>ESTOY TRABAJANDO YA EN DISTINTAS OPCIONES DIGITALES PARA ELLO.<\/strong><\/em><\/span><\/span><\/li>\n<\/ol>\n<p><img data-recalc-dims=\"1\" decoding=\"async\" data-attachment-id=\"25620\" data-permalink=\"https:\/\/www.alqueria.es\/blogs\/alqueriarojaverde\/2020\/04\/20\/semana-especial-fomento-de-la-lectura-y-otras-muchas-actividades\/imagen-para-poesia\/\" data-orig-file=\"https:\/\/i0.wp.com\/cloud.alqueria.es\/wp-content\/uploads\/sites\/8\/2020\/04\/imagen-para-poes%C3%ADa.jpg?fit=600%2C338&amp;ssl=1\" data-orig-size=\"600,338\" data-comments-opened=\"1\" data-image-meta=\"{&quot;aperture&quot;:&quot;0&quot;,&quot;credit&quot;:&quot;&quot;,&quot;camera&quot;:&quot;&quot;,&quot;caption&quot;:&quot;&quot;,&quot;created_timestamp&quot;:&quot;0&quot;,&quot;copyright&quot;:&quot;&quot;,&quot;focal_length&quot;:&quot;0&quot;,&quot;iso&quot;:&quot;0&quot;,&quot;shutter_speed&quot;:&quot;0&quot;,&quot;title&quot;:&quot;&quot;,&quot;orientation&quot;:&quot;0&quot;}\" data-image-title=\"imagen para poes\u00eda\" data-image-description=\"\" data-image-caption=\"\" data-large-file=\"https:\/\/i0.wp.com\/cloud.alqueria.es\/wp-content\/uploads\/sites\/8\/2020\/04\/imagen-para-poes%C3%ADa.jpg?fit=474%2C267&amp;ssl=1\" class=\"aligncenter size-medium wp-image-25620\" src=\"https:\/\/i0.wp.com\/cloud.alqueria.es\/wp-content\/uploads\/sites\/8\/2020\/04\/imagen-para-poes%C3%ADa.jpg?resize=300%2C169&#038;ssl=1\" alt=\"\" width=\"300\" height=\"169\" srcset=\"https:\/\/cloud.alqueria.es\/wp-content\/uploads\/sites\/8\/2020\/04\/imagen-para-poes%C3%ADa.jpg 600w, https:\/\/cloud.alqueria.es\/wp-content\/uploads\/sites\/8\/2020\/04\/imagen-para-poes%C3%ADa.jpg 300w\" sizes=\"(max-width: 300px) 100vw, 300px\" \/><\/p>\n<p>Como veis es un proyecto que consta de muchas fases y en el que disfrutar durante su realizaci\u00f3n, es el objetivo principal. Sin restar importancia tampoco al valor de aprendizaje alfab\u00e9tico que lleva intr\u00ednseco y que conecta con otras muchas \u00e1reas de desarrollo.<\/p>\n<p>Ahora os dejo con el v\u00eddeo de hoy, en el que os muestro c\u00f3mo hacer unos sencillos <em><strong><span style=\"color: #800080\">jabones naturales de avena y miel<\/span><\/strong><\/em>, que os ayudar\u00e1n a hidratar la piel sensible, tras el asiduo lavado de manos que estamos llevando a cabo.<\/p>\n<p><div class=\"a25-CTUOC-hidding-box\" data-original-content=\"&lt;iframe loading=&quot;lazy&quot; title=&quot;Jab\u00f3n natural de avena y miel&quot; src=&quot;https:\/\/player.vimeo.com\/video\/409448070?dnt=1&amp;amp;app_id=122963&quot; width=&quot;474&quot; height=&quot;267&quot; frameborder=&quot;0&quot; allow=&quot;autoplay; fullscreen; picture-in-picture; clipboard-write&quot;&gt;&lt;\/iframe&gt;\">Esta p\u00e1gina incluye contenido multimedia que requiere aceptar todas las cookies. Pulse aqu\u00ed para abrir la configuraci\u00f3n de cookies.<\/div><\/p>\n<p>El arte de contar cuentos es una cualidad que no todo el mundo posee, as\u00ed que para cerrar esta entrada os dejo disfrutando de una <em><strong><span style=\"color: #808000\">estupenda narraci\u00f3n del cuento \u00abDonde viven los monstruos\u00bb.<\/span><\/strong><\/em>\u00a0Una historia cuyo contenido les resultar\u00e1 familiar a algunos, je.<\/p>\n<p><span class=\"embed-youtube\" style=\"text-align:center; display: block;\"><div class=\"a25-CTUOC-hidding-box\" data-original-content=\"&lt;iframe loading=&quot;lazy&quot; class=&quot;youtube-player&quot; width=&quot;474&quot; height=&quot;267&quot; src=&quot;https:\/\/www.youtube.com\/embed\/l7TV3h5IY1c?version=3&amp;#038;rel=1&amp;#038;showsearch=0&amp;#038;showinfo=1&amp;#038;iv_load_policy=1&amp;#038;fs=1&amp;#038;hl=es-ES&amp;#038;autohide=2&amp;#038;wmode=transparent&quot; allowfullscreen=&quot;true&quot; style=&quot;border:0;&quot; sandbox=&quot;allow-scripts allow-same-origin allow-popups allow-presentation allow-popups-to-escape-sandbox&quot;&gt;&lt;\/iframe&gt;\">Esta p\u00e1gina incluye contenido multimedia que requiere aceptar todas las cookies. Pulse aqu\u00ed para abrir la configuraci\u00f3n de cookies.<\/div><\/span><\/p>\n<p>Ma\u00f1ana estar\u00e9 por aqu\u00ed de nuevo para seguir acompa\u00f1\u00e1ndoos en esta aventura de <strong>\u00abAPRENDER DESDE CASA\u00bb.<\/strong><\/p>\n<p>P.D: Si os apetece ir de concierto esta tarde&#8230;<a href=\"https:\/\/youtu.be\/4NEB0s-VRqA\"> \u00abYo soy rat\u00f3n\u00bb.\u00a0<\/a><\/p>\n<p>Un abrazo,<\/p>\n<p>Esther Justicia.<\/p>\n","protected":false},"excerpt":{"rendered":"<p>\u00a1Buenos d\u00edas familias!, Espero que en el \u00abfin de semana\u00bb hay\u00e1is podido dedicar algo m\u00e1s de tiempo a esos peque\u00f1os placeres o momentos de ocio, que la vor\u00e1gine del d\u00eda a d\u00eda no nos permite y que en estos tiempos que corren, aunque nos parezca mentira, son casi un lujo. Hoy damos comienzo a una &hellip; <a href=\"https:\/\/www.alqueria.es\/blogs\/alqueriarojaverde\/2020\/04\/20\/semana-especial-fomento-de-la-lectura-y-otras-muchas-actividades\/\" class=\"more-link\">Seguir leyendo <span class=\"screen-reader-text\">\u00a1SEMANA ESPECIAL!: FOMENTO DE LA LECTURA Y OTRAS MUCHAS ACTIVIDADES<\/span> <span class=\"meta-nav\">&rarr;<\/span><\/a><\/p>\n","protected":false},"author":19,"featured_media":0,"comment_status":"open","ping_status":"open","sticky":false,"template":"","format":"standard","meta":{"jetpack_post_was_ever_published":false,"_jetpack_newsletter_access":"","_jetpack_dont_email_post_to_subs":false,"_jetpack_newsletter_tier_id":0,"_jetpack_memberships_contains_paywalled_content":false,"_jetpack_memberships_contains_paid_content":false,"footnotes":"","jetpack_publicize_message":"","jetpack_publicize_feature_enabled":true,"jetpack_social_post_already_shared":true,"jetpack_social_options":{"image_generator_settings":{"template":"highway","default_image_id":0,"font":"","enabled":false},"version":2}},"categories":[7,13],"tags":[833,831,412,832],"class_list":["post-25609","post","type-post","status-publish","format-standard","hentry","category-clase-verde-5-6-anos","category-inicio","tag-audio-cuento-donde-viven-los-monstruos","tag-cuento-el-dragon-de-las-palabras","tag-fomento-de-la-lectura-en-infantil","tag-jabon-natural-de-miel-y-avena"],"jetpack_publicize_connections":[],"jetpack_featured_media_url":"","jetpack_sharing_enabled":true,"jetpack_shortlink":"https:\/\/wp.me\/p4lFbP-6F3","_links":{"self":[{"href":"https:\/\/www.alqueria.es\/blogs\/alqueriarojaverde\/wp-json\/wp\/v2\/posts\/25609","targetHints":{"allow":["GET"]}}],"collection":[{"href":"https:\/\/www.alqueria.es\/blogs\/alqueriarojaverde\/wp-json\/wp\/v2\/posts"}],"about":[{"href":"https:\/\/www.alqueria.es\/blogs\/alqueriarojaverde\/wp-json\/wp\/v2\/types\/post"}],"author":[{"embeddable":true,"href":"https:\/\/www.alqueria.es\/blogs\/alqueriarojaverde\/wp-json\/wp\/v2\/users\/19"}],"replies":[{"embeddable":true,"href":"https:\/\/www.alqueria.es\/blogs\/alqueriarojaverde\/wp-json\/wp\/v2\/comments?post=25609"}],"version-history":[{"count":7,"href":"https:\/\/www.alqueria.es\/blogs\/alqueriarojaverde\/wp-json\/wp\/v2\/posts\/25609\/revisions"}],"predecessor-version":[{"id":25626,"href":"https:\/\/www.alqueria.es\/blogs\/alqueriarojaverde\/wp-json\/wp\/v2\/posts\/25609\/revisions\/25626"}],"wp:attachment":[{"href":"https:\/\/www.alqueria.es\/blogs\/alqueriarojaverde\/wp-json\/wp\/v2\/media?parent=25609"}],"wp:term":[{"taxonomy":"category","embeddable":true,"href":"https:\/\/www.alqueria.es\/blogs\/alqueriarojaverde\/wp-json\/wp\/v2\/categories?post=25609"},{"taxonomy":"post_tag","embeddable":true,"href":"https:\/\/www.alqueria.es\/blogs\/alqueriarojaverde\/wp-json\/wp\/v2\/tags?post=25609"}],"curies":[{"name":"wp","href":"https:\/\/api.w.org\/{rel}","templated":true}]}}