{"id":25665,"date":"2020-04-23T10:18:15","date_gmt":"2020-04-23T08:18:15","guid":{"rendered":"http:\/\/www.alqueria.es\/blogs\/alqueriarojaverde\/?p=25665"},"modified":"2020-04-23T10:18:15","modified_gmt":"2020-04-23T08:18:15","slug":"celebramos-el-dia-internacional-del-libro-y-los-derechos-de-autor","status":"publish","type":"post","link":"https:\/\/www.alqueria.es\/blogs\/alqueriarojaverde\/2020\/04\/23\/celebramos-el-dia-internacional-del-libro-y-los-derechos-de-autor\/","title":{"rendered":"CELEBRAMOS EL D\u00cdA INTERNACIONAL DEL LIBRO Y LOS DERECHOS DE AUTOR"},"content":{"rendered":"<p><img data-recalc-dims=\"1\" decoding=\"async\" data-attachment-id=\"25678\" data-permalink=\"https:\/\/www.alqueria.es\/blogs\/alqueriarojaverde\/2020\/04\/23\/celebramos-el-dia-internacional-del-libro-y-los-derechos-de-autor\/dia-del-libro-4\/\" data-orig-file=\"https:\/\/i0.wp.com\/cloud.alqueria.es\/wp-content\/uploads\/sites\/8\/2020\/04\/dia-del-libro.jpg?fit=730%2C357&amp;ssl=1\" data-orig-size=\"730,357\" data-comments-opened=\"1\" data-image-meta=\"{&quot;aperture&quot;:&quot;0&quot;,&quot;credit&quot;:&quot;&quot;,&quot;camera&quot;:&quot;&quot;,&quot;caption&quot;:&quot;&quot;,&quot;created_timestamp&quot;:&quot;0&quot;,&quot;copyright&quot;:&quot;&quot;,&quot;focal_length&quot;:&quot;0&quot;,&quot;iso&quot;:&quot;0&quot;,&quot;shutter_speed&quot;:&quot;0&quot;,&quot;title&quot;:&quot;&quot;,&quot;orientation&quot;:&quot;0&quot;}\" data-image-title=\"dia-del-libro\" data-image-description=\"\" data-image-caption=\"\" data-large-file=\"https:\/\/i0.wp.com\/cloud.alqueria.es\/wp-content\/uploads\/sites\/8\/2020\/04\/dia-del-libro.jpg?fit=474%2C232&amp;ssl=1\" class=\"alignleft size-medium wp-image-25678\" src=\"https:\/\/i0.wp.com\/cloud.alqueria.es\/wp-content\/uploads\/sites\/8\/2020\/04\/dia-del-libro.jpg?resize=300%2C147&#038;ssl=1\" alt=\"\" width=\"300\" height=\"147\" srcset=\"https:\/\/cloud.alqueria.es\/wp-content\/uploads\/sites\/8\/2020\/04\/dia-del-libro.jpg 730w, https:\/\/cloud.alqueria.es\/wp-content\/uploads\/sites\/8\/2020\/04\/dia-del-libro.jpg 300w\" sizes=\"(max-width: 300px) 100vw, 300px\" \/><em><strong><span style=\"color: #008000\">\u00a1Buenos d\u00edas!,<\/span><\/strong><\/em><\/p>\n<p>Hoy no pod\u00eda faltar en nuestra cita diaria una menci\u00f3n especial a la celebraci\u00f3n que hoy se conmemora. Dicha celebraci\u00f3n se realiza en homenaje al aniversario de la muerte de <em><strong>Miguel de Cervantes<\/strong> <\/em>(entre otros), que es mundialmente conocido sobre todo por su gran obra <strong><span style=\"color: #ff6600\"><i>\u00abEl Quijote\u00bb.<\/i><\/span><\/strong><\/p>\n<p>Existe otra fecha en torno a la celebraci\u00f3n de los libros y la lectura, es el d\u00eda <strong><span style=\"color: #808000\">2 de abril,<\/span><\/strong> en la que se hace especial alusi\u00f3n al <em><span style=\"color: #808000\"><strong>libro infantil y juvenil<\/strong><\/span><\/em>. Aunque existe una mayor tradici\u00f3n en la fecha del d\u00eda de hoy.<\/p>\n<p>Dentro de esta jornada llevar\u00edamos a cabo la exposici\u00f3n de los proyectos individuales de aula, que cada clase de Infantil realiza con motivo de la Semana de la lectura y tambi\u00e9n compartimos en ciclo o etapa la leyenda de un m\u00edtico personaje, San Jorge. Esta historia <em><strong><span style=\"color: #ff00ff\">\u00abSan Jorge y el drag\u00f3n\u00bb,<\/span><\/strong><\/em> nos acerca a la tradici\u00f3n que existe hoy en d\u00eda en muchos lugares de Espa\u00f1a de regalar libros y rosas en el d\u00eda de hoy, aunque parece que surgi\u00f3 en Catalu\u00f1a.<\/p>\n<p>Os dejo un par de v\u00eddeos para disfrutar de ella. En el primero se incluye una versi\u00f3n m\u00e1s tradicional de la leyenda y el segundo (que lo he conocido a trav\u00e9s de Carmen ) aporta una visi\u00f3n mucho m\u00e1s positiva de c\u00f3mo resolver los problemas a trav\u00e9s del ingenio y no de la fuerza. As\u00ed que me ha parecido que ambos pueden ser valiosos en sus distintas versiones.<\/p>\n<p><span class=\"embed-youtube\" style=\"text-align:center; display: block;\"><div class=\"a25-CTUOC-hidding-box\" data-original-content=\"&lt;iframe loading=&quot;lazy&quot; class=&quot;youtube-player&quot; width=&quot;474&quot; height=&quot;267&quot; src=&quot;https:\/\/www.youtube.com\/embed\/DUTWYxyboVc?version=3&amp;#038;rel=1&amp;#038;showsearch=0&amp;#038;showinfo=1&amp;#038;iv_load_policy=1&amp;#038;fs=1&amp;#038;hl=es-ES&amp;#038;autohide=2&amp;#038;wmode=transparent&quot; allowfullscreen=&quot;true&quot; style=&quot;border:0;&quot; sandbox=&quot;allow-scripts allow-same-origin allow-popups allow-presentation allow-popups-to-escape-sandbox&quot;&gt;&lt;\/iframe&gt;\">Esta p\u00e1gina incluye contenido multimedia que requiere aceptar todas las cookies. Pulse aqu\u00ed para abrir la configuraci\u00f3n de cookies.<\/div><\/span><\/p>\n<p><span class=\"embed-youtube\" style=\"text-align:center; display: block;\"><div class=\"a25-CTUOC-hidding-box\" data-original-content=\"&lt;iframe loading=&quot;lazy&quot; class=&quot;youtube-player&quot; width=&quot;474&quot; height=&quot;267&quot; src=&quot;https:\/\/www.youtube.com\/embed\/4vPtT7MI-lc?version=3&amp;#038;rel=1&amp;#038;showsearch=0&amp;#038;showinfo=1&amp;#038;iv_load_policy=1&amp;#038;fs=1&amp;#038;hl=es-ES&amp;#038;autohide=2&amp;#038;wmode=transparent&quot; allowfullscreen=&quot;true&quot; style=&quot;border:0;&quot; sandbox=&quot;allow-scripts allow-same-origin allow-popups allow-presentation allow-popups-to-escape-sandbox&quot;&gt;&lt;\/iframe&gt;\">Esta p\u00e1gina incluye contenido multimedia que requiere aceptar todas las cookies. Pulse aqu\u00ed para abrir la configuraci\u00f3n de cookies.<\/div><\/span><\/p>\n<p>La <em><strong><span style=\"color: #3366ff\">participaci\u00f3n familiar<\/span><\/strong><\/em> en esta semana tan especial para\u00a0nuestro proyecto educativo es, como os dije en la entrada del lunes pasado, uno de los motores que permiten el buen desarrollo de la misma. As\u00ed que haciendo honor a esa colaboraci\u00f3n, me gustar\u00eda \u00a0agradeceros especialmente la que hab\u00e9is realizado en esta ocasi\u00f3n. <span style=\"color: #3366ff\">Ha sido algo \u00abespecial\u00bb y distinta, pero muy valiosa.<\/span><\/p>\n<p><img data-recalc-dims=\"1\" decoding=\"async\" data-attachment-id=\"25677\" data-permalink=\"https:\/\/www.alqueria.es\/blogs\/alqueriarojaverde\/2020\/04\/23\/celebramos-el-dia-internacional-del-libro-y-los-derechos-de-autor\/aplausoss\/\" data-orig-file=\"https:\/\/i0.wp.com\/cloud.alqueria.es\/wp-content\/uploads\/sites\/8\/2020\/04\/aplausoss.gif?fit=286%2C167&amp;ssl=1\" data-orig-size=\"286,167\" data-comments-opened=\"1\" data-image-meta=\"{&quot;aperture&quot;:&quot;0&quot;,&quot;credit&quot;:&quot;&quot;,&quot;camera&quot;:&quot;&quot;,&quot;caption&quot;:&quot;&quot;,&quot;created_timestamp&quot;:&quot;0&quot;,&quot;copyright&quot;:&quot;&quot;,&quot;focal_length&quot;:&quot;0&quot;,&quot;iso&quot;:&quot;0&quot;,&quot;shutter_speed&quot;:&quot;0&quot;,&quot;title&quot;:&quot;&quot;,&quot;orientation&quot;:&quot;0&quot;}\" data-image-title=\"aplausoss\" data-image-description=\"\" data-image-caption=\"\" data-large-file=\"https:\/\/i0.wp.com\/cloud.alqueria.es\/wp-content\/uploads\/sites\/8\/2020\/04\/aplausoss.gif?fit=286%2C167&amp;ssl=1\" class=\"aligncenter size-full wp-image-25677\" src=\"https:\/\/i0.wp.com\/cloud.alqueria.es\/wp-content\/uploads\/sites\/8\/2020\/04\/aplausoss.gif?resize=286%2C167&#038;ssl=1\" alt=\"\" width=\"286\" height=\"167\" \/><\/p>\n<p><strong>\u00a1Enhorabuena por el acompa\u00f1amiento que hab\u00e9is proporcionado a vuestros peques, para que todas nuestras propuestas de fomento de la lectura les hayan sido significativas!.<\/strong><\/p>\n<p><img data-recalc-dims=\"1\" decoding=\"async\" data-attachment-id=\"25676\" data-permalink=\"https:\/\/www.alqueria.es\/blogs\/alqueriarojaverde\/2020\/04\/23\/celebramos-el-dia-internacional-del-libro-y-los-derechos-de-autor\/aplausos\/\" data-orig-file=\"https:\/\/i0.wp.com\/cloud.alqueria.es\/wp-content\/uploads\/sites\/8\/2020\/04\/aplausos.gif?fit=498%2C498&amp;ssl=1\" data-orig-size=\"498,498\" data-comments-opened=\"1\" data-image-meta=\"{&quot;aperture&quot;:&quot;0&quot;,&quot;credit&quot;:&quot;&quot;,&quot;camera&quot;:&quot;&quot;,&quot;caption&quot;:&quot;&quot;,&quot;created_timestamp&quot;:&quot;0&quot;,&quot;copyright&quot;:&quot;&quot;,&quot;focal_length&quot;:&quot;0&quot;,&quot;iso&quot;:&quot;0&quot;,&quot;shutter_speed&quot;:&quot;0&quot;,&quot;title&quot;:&quot;&quot;,&quot;orientation&quot;:&quot;0&quot;}\" data-image-title=\"aplausos\" data-image-description=\"\" data-image-caption=\"\" data-large-file=\"https:\/\/i0.wp.com\/cloud.alqueria.es\/wp-content\/uploads\/sites\/8\/2020\/04\/aplausos.gif?fit=474%2C474&amp;ssl=1\" class=\"alignleft size-medium wp-image-25676\" src=\"https:\/\/i0.wp.com\/cloud.alqueria.es\/wp-content\/uploads\/sites\/8\/2020\/04\/aplausos.gif?resize=300%2C300&#038;ssl=1\" alt=\"\" width=\"300\" height=\"300\" \/>Os damos un fort\u00edsimo aplauso (en el que colaboran vuestros hijos e hijas) \u00a0y nuestro tradicional <strong>\u00aboz\u00fa qu\u00e9 bien\u00bb.\u00a0<\/strong><\/p>\n<p>A t\u00edtulo personal os quiero <span style=\"color: #993300\">felicitar por la participaci\u00f3n<\/span> \u00a0en nuestro<em><strong><span style=\"color: #993300\"> proyecto de aula,<\/span><\/strong><\/em> en el que (con algunas orientaciones m\u00ednimas)hab\u00e9is acompa\u00f1ado durante todo el proceso de la creaci\u00f3n de los poemas a vuestros peques, siguiendo todas las recomendaciones ofrecidas e implementando adem\u00e1s otras, de gran calidad creativa.<\/p>\n<p><em><strong>\u00a1Nos vemos en un ratito!, ya estoy deseando.<\/strong><\/em><\/p>\n<p><em><strong>Un fuerte abrazo,<\/strong><\/em><\/p>\n<p>Esther Justicia.<\/p>\n<p>&nbsp;<\/p>\n<p>&nbsp;<\/p>\n<p>&nbsp;<\/p>\n","protected":false},"excerpt":{"rendered":"<p>\u00a1Buenos d\u00edas!, Hoy no pod\u00eda faltar en nuestra cita diaria una menci\u00f3n especial a la celebraci\u00f3n que hoy se conmemora. Dicha celebraci\u00f3n se realiza en homenaje al aniversario de la muerte de Miguel de Cervantes (entre otros), que es mundialmente conocido sobre todo por su gran obra \u00abEl Quijote\u00bb. Existe otra fecha en torno a &hellip; <a href=\"https:\/\/www.alqueria.es\/blogs\/alqueriarojaverde\/2020\/04\/23\/celebramos-el-dia-internacional-del-libro-y-los-derechos-de-autor\/\" class=\"more-link\">Seguir leyendo <span class=\"screen-reader-text\">CELEBRAMOS EL D\u00cdA INTERNACIONAL DEL LIBRO Y LOS DERECHOS DE AUTOR<\/span> <span class=\"meta-nav\">&rarr;<\/span><\/a><\/p>\n","protected":false},"author":19,"featured_media":0,"comment_status":"open","ping_status":"open","sticky":false,"template":"","format":"standard","meta":{"jetpack_post_was_ever_published":false,"_jetpack_newsletter_access":"","_jetpack_dont_email_post_to_subs":false,"_jetpack_newsletter_tier_id":0,"_jetpack_memberships_contains_paywalled_content":false,"_jetpack_memberships_contains_paid_content":false,"footnotes":"","jetpack_publicize_message":"","jetpack_publicize_feature_enabled":true,"jetpack_social_post_already_shared":true,"jetpack_social_options":{"image_generator_settings":{"template":"highway","default_image_id":0,"font":"","enabled":false},"version":2}},"categories":[7,13],"tags":[369,100,101],"class_list":["post-25665","post","type-post","status-publish","format-standard","hentry","category-clase-verde-5-6-anos","category-inicio","tag-colaboracion-familiar","tag-dia-del-libro","tag-san-jorge-y-el-dragon"],"jetpack_publicize_connections":[],"jetpack_featured_media_url":"","jetpack_sharing_enabled":true,"jetpack_shortlink":"https:\/\/wp.me\/p4lFbP-6FX","_links":{"self":[{"href":"https:\/\/www.alqueria.es\/blogs\/alqueriarojaverde\/wp-json\/wp\/v2\/posts\/25665","targetHints":{"allow":["GET"]}}],"collection":[{"href":"https:\/\/www.alqueria.es\/blogs\/alqueriarojaverde\/wp-json\/wp\/v2\/posts"}],"about":[{"href":"https:\/\/www.alqueria.es\/blogs\/alqueriarojaverde\/wp-json\/wp\/v2\/types\/post"}],"author":[{"embeddable":true,"href":"https:\/\/www.alqueria.es\/blogs\/alqueriarojaverde\/wp-json\/wp\/v2\/users\/19"}],"replies":[{"embeddable":true,"href":"https:\/\/www.alqueria.es\/blogs\/alqueriarojaverde\/wp-json\/wp\/v2\/comments?post=25665"}],"version-history":[{"count":8,"href":"https:\/\/www.alqueria.es\/blogs\/alqueriarojaverde\/wp-json\/wp\/v2\/posts\/25665\/revisions"}],"predecessor-version":[{"id":25684,"href":"https:\/\/www.alqueria.es\/blogs\/alqueriarojaverde\/wp-json\/wp\/v2\/posts\/25665\/revisions\/25684"}],"wp:attachment":[{"href":"https:\/\/www.alqueria.es\/blogs\/alqueriarojaverde\/wp-json\/wp\/v2\/media?parent=25665"}],"wp:term":[{"taxonomy":"category","embeddable":true,"href":"https:\/\/www.alqueria.es\/blogs\/alqueriarojaverde\/wp-json\/wp\/v2\/categories?post=25665"},{"taxonomy":"post_tag","embeddable":true,"href":"https:\/\/www.alqueria.es\/blogs\/alqueriarojaverde\/wp-json\/wp\/v2\/tags?post=25665"}],"curies":[{"name":"wp","href":"https:\/\/api.w.org\/{rel}","templated":true}]}}