{"id":25667,"date":"2020-04-23T11:07:38","date_gmt":"2020-04-23T09:07:38","guid":{"rendered":"http:\/\/www.alqueria.es\/blogs\/alqueriarojaverde\/?p=25667"},"modified":"2020-04-23T11:16:08","modified_gmt":"2020-04-23T09:16:08","slug":"23-de-abril-dia-internacional-del-libro","status":"publish","type":"post","link":"https:\/\/www.alqueria.es\/blogs\/alqueriarojaverde\/2020\/04\/23\/23-de-abril-dia-internacional-del-libro\/","title":{"rendered":"23 DE ABRIL: \u00abD\u00cdA  INTERNACIONAL DEL LIBRO\u00bb"},"content":{"rendered":"<p style=\"text-align: center\"><strong><span style=\"color: #ff0000\">\u00a1\u00a1Buenos d\u00edas y FELIZ D\u00cdA DEL LIBRO!!<\/span><\/strong><\/p>\n<p><img data-recalc-dims=\"1\" decoding=\"async\" data-attachment-id=\"25673\" data-permalink=\"https:\/\/www.alqueria.es\/blogs\/alqueriarojaverde\/2020\/04\/23\/23-de-abril-dia-internacional-del-libro\/descarga-1-25\/\" data-orig-file=\"https:\/\/i0.wp.com\/cloud.alqueria.es\/wp-content\/uploads\/sites\/8\/2020\/04\/descarga-15.jpg?fit=274%2C184&amp;ssl=1\" data-orig-size=\"274,184\" data-comments-opened=\"1\" data-image-meta=\"{&quot;aperture&quot;:&quot;0&quot;,&quot;credit&quot;:&quot;&quot;,&quot;camera&quot;:&quot;&quot;,&quot;caption&quot;:&quot;&quot;,&quot;created_timestamp&quot;:&quot;0&quot;,&quot;copyright&quot;:&quot;&quot;,&quot;focal_length&quot;:&quot;0&quot;,&quot;iso&quot;:&quot;0&quot;,&quot;shutter_speed&quot;:&quot;0&quot;,&quot;title&quot;:&quot;&quot;,&quot;orientation&quot;:&quot;0&quot;}\" data-image-title=\"descarga (1)\" data-image-description=\"\" data-image-caption=\"\" data-large-file=\"https:\/\/i0.wp.com\/cloud.alqueria.es\/wp-content\/uploads\/sites\/8\/2020\/04\/descarga-15.jpg?fit=274%2C184&amp;ssl=1\" class=\"aligncenter size-full wp-image-25673\" src=\"https:\/\/i0.wp.com\/cloud.alqueria.es\/wp-content\/uploads\/sites\/8\/2020\/04\/descarga-15.jpg?resize=274%2C184&#038;ssl=1\" alt=\"\" width=\"274\" height=\"184\" \/><\/p>\n<p><span style=\"color: #000000\"><span style=\"color: #000000\"><b>Rojitos un poco de historia: sab\u00e9is que desde hace much\u00edsimos a\u00f1os se viene festejando el tradicional D\u00eda del Libro. En un principio se celebraba el 7 de octubre que era la fecha en la que cre\u00edan que hab\u00eda nacido Cervantes ( un escritor muy importante en Espa\u00f1a), pero posteriormente cambiaron esa fecha en conmemoraci\u00f3n al d\u00eda en el que muri\u00f3, que fue un 23 de abril.\u00a0<\/b><\/span><\/span><\/p>\n<p><span style=\"color: #000000\"><strong>Hab\u00eda una tradici\u00f3n que surgi\u00f3 en Barcelona en la que los hombres le regalaban una rosa a las mujeres por la festividad de\u00a0Sant Jordi o San Jorge, patr\u00f3n de Catalu\u00f1a. Despu\u00e9s la tradici\u00f3n ha ido cambiando y ahora se regalan tambi\u00e9n libros a las personas que queremos.<\/strong><\/span><\/p>\n<p><strong><span style=\"color: #000000\">Pues para nosotros poder festejar este d\u00eda desde casa, vamos a elegir nuestro cuento favorito, lo vamos a leer con mam\u00e1 o pap\u00e1 y el martes cuando nos volvamos a ver, lo compartimos con todos los compa\u00f1eros.<\/span><\/strong><\/p>\n<p><strong><span style=\"color: #000000\"><span style=\"color: #ff0000\">Aqu\u00ed os dejo una de las muchas versiones que hay de la leyenda de San Jorge y el Drag\u00f3n<\/span>.\u00a0 Una leyenda es una historia narrada\u00a0 de manera oral que ha ido pasando de generaci\u00f3n en generaci\u00f3n y que nos cuenta algo que pas\u00f3 realmente o se invent\u00f3 incluyendo en ella elementos fant\u00e1sticos o maravillosos del folclore.<\/span><\/strong><\/p>\n<p><span class=\"embed-youtube\" style=\"text-align:center; display: block;\"><div class=\"a25-CTUOC-hidding-box\" data-original-content=\"&lt;iframe loading=&quot;lazy&quot; class=&quot;youtube-player&quot; width=&quot;474&quot; height=&quot;267&quot; src=&quot;https:\/\/www.youtube.com\/embed\/4vPtT7MI-lc?version=3&amp;#038;rel=1&amp;#038;showsearch=0&amp;#038;showinfo=1&amp;#038;iv_load_policy=1&amp;#038;fs=1&amp;#038;hl=es-ES&amp;#038;autohide=2&amp;#038;wmode=transparent&quot; allowfullscreen=&quot;true&quot; style=&quot;border:0;&quot; sandbox=&quot;allow-scripts allow-same-origin allow-popups allow-presentation allow-popups-to-escape-sandbox&quot;&gt;&lt;\/iframe&gt;\">Esta p\u00e1gina incluye contenido multimedia que requiere aceptar todas las cookies. Pulse aqu\u00ed para abrir la configuraci\u00f3n de cookies.<\/div><\/span><\/p>\n<p><strong><span style=\"color: #000000\">Os\u00a0 propongo como actividad para trabajar la motricidad fina hacer un drag\u00f3n de plastilina. Se que os encanta el modelar la plastilina y en clase me hab\u00e9is demostrado que sab\u00e9is hacer formas muy espectaculares, as\u00ed que os animo a hacer un drag\u00f3n y alg\u00fan personaje m\u00e1s del cuento si os apetece. Os dejo un v\u00eddeo que os puede ayudar para esta actividad:<\/span><\/strong><\/p>\n<p>&nbsp;<\/p>\n<p><span class=\"embed-youtube\" style=\"text-align:center; display: block;\"><div class=\"a25-CTUOC-hidding-box\" data-original-content=\"&lt;iframe loading=&quot;lazy&quot; class=&quot;youtube-player&quot; width=&quot;474&quot; height=&quot;267&quot; src=&quot;https:\/\/www.youtube.com\/embed\/7gcr_TnCU1o?version=3&amp;#038;rel=1&amp;#038;showsearch=0&amp;#038;showinfo=1&amp;#038;iv_load_policy=1&amp;#038;fs=1&amp;#038;hl=es-ES&amp;#038;autohide=2&amp;#038;wmode=transparent&quot; allowfullscreen=&quot;true&quot; style=&quot;border:0;&quot; sandbox=&quot;allow-scripts allow-same-origin allow-popups allow-presentation allow-popups-to-escape-sandbox&quot;&gt;&lt;\/iframe&gt;\">Esta p\u00e1gina incluye contenido multimedia que requiere aceptar todas las cookies. Pulse aqu\u00ed para abrir la configuraci\u00f3n de cookies.<\/div><\/span><\/p>\n<p>Ma\u00f1ana terminamos nuestro <span style=\"color: #ff0000\">Proyecto de aula<\/span>, alusivo al c\u00f3mic, con la presentaci\u00f3n de los trabajos realizados por vuestros hijos e hijas. Desde aqu\u00ed quiero agradeceros la participaci\u00f3n e implicaci\u00f3n en esta propuesta ya que sin vosotros este trabajo no hubiera sido posible.<\/p>\n<p>Todo es m\u00e1s f\u00e1cil si hay una buena relaci\u00f3n familia-escuela y creo que en Alquer\u00eda lo estamos consiguiendo d\u00eda a d\u00eda.<\/p>\n<p>Gracias por estar ah\u00ed.<\/p>\n<p>P.D:\u00a0 Ma\u00f1ana pod\u00e9is visitar el blog de la Clase Naranja en el que\u00a0 Silvia va a hacer la hist\u00f3ria de San Jorge y el Drag\u00f3n\u00a0 en un teatro con sombras.<\/p>\n<p>Un beso<\/p>\n<p>Carmen<\/p>\n","protected":false},"excerpt":{"rendered":"<p>\u00a1\u00a1Buenos d\u00edas y FELIZ D\u00cdA DEL LIBRO!! Rojitos un poco de historia: sab\u00e9is que desde hace much\u00edsimos a\u00f1os se viene festejando el tradicional D\u00eda del Libro. En un principio se celebraba el 7 de octubre que era la fecha en la que cre\u00edan que hab\u00eda nacido Cervantes ( un escritor muy importante en Espa\u00f1a), pero &hellip; <a href=\"https:\/\/www.alqueria.es\/blogs\/alqueriarojaverde\/2020\/04\/23\/23-de-abril-dia-internacional-del-libro\/\" class=\"more-link\">Seguir leyendo <span class=\"screen-reader-text\">23 DE ABRIL: \u00abD\u00cdA  INTERNACIONAL DEL LIBRO\u00bb<\/span> <span class=\"meta-nav\">&rarr;<\/span><\/a><\/p>\n","protected":false},"author":19,"featured_media":0,"comment_status":"open","ping_status":"open","sticky":false,"template":"","format":"standard","meta":{"jetpack_post_was_ever_published":false,"_jetpack_newsletter_access":"","_jetpack_dont_email_post_to_subs":false,"_jetpack_newsletter_tier_id":0,"_jetpack_memberships_contains_paywalled_content":false,"_jetpack_memberships_contains_paid_content":false,"footnotes":"","jetpack_publicize_message":"","jetpack_publicize_feature_enabled":true,"jetpack_social_post_already_shared":true,"jetpack_social_options":{"image_generator_settings":{"template":"highway","default_image_id":0,"font":"","enabled":false},"version":2}},"categories":[6],"tags":[100,61],"class_list":["post-25667","post","type-post","status-publish","format-standard","hentry","category-clase-roja-4-5-anos","tag-dia-del-libro","tag-semana-de-la-lectura"],"jetpack_publicize_connections":[],"jetpack_featured_media_url":"","jetpack_sharing_enabled":true,"jetpack_shortlink":"https:\/\/wp.me\/p4lFbP-6FZ","_links":{"self":[{"href":"https:\/\/www.alqueria.es\/blogs\/alqueriarojaverde\/wp-json\/wp\/v2\/posts\/25667","targetHints":{"allow":["GET"]}}],"collection":[{"href":"https:\/\/www.alqueria.es\/blogs\/alqueriarojaverde\/wp-json\/wp\/v2\/posts"}],"about":[{"href":"https:\/\/www.alqueria.es\/blogs\/alqueriarojaverde\/wp-json\/wp\/v2\/types\/post"}],"author":[{"embeddable":true,"href":"https:\/\/www.alqueria.es\/blogs\/alqueriarojaverde\/wp-json\/wp\/v2\/users\/19"}],"replies":[{"embeddable":true,"href":"https:\/\/www.alqueria.es\/blogs\/alqueriarojaverde\/wp-json\/wp\/v2\/comments?post=25667"}],"version-history":[{"count":9,"href":"https:\/\/www.alqueria.es\/blogs\/alqueriarojaverde\/wp-json\/wp\/v2\/posts\/25667\/revisions"}],"predecessor-version":[{"id":25687,"href":"https:\/\/www.alqueria.es\/blogs\/alqueriarojaverde\/wp-json\/wp\/v2\/posts\/25667\/revisions\/25687"}],"wp:attachment":[{"href":"https:\/\/www.alqueria.es\/blogs\/alqueriarojaverde\/wp-json\/wp\/v2\/media?parent=25667"}],"wp:term":[{"taxonomy":"category","embeddable":true,"href":"https:\/\/www.alqueria.es\/blogs\/alqueriarojaverde\/wp-json\/wp\/v2\/categories?post=25667"},{"taxonomy":"post_tag","embeddable":true,"href":"https:\/\/www.alqueria.es\/blogs\/alqueriarojaverde\/wp-json\/wp\/v2\/tags?post=25667"}],"curies":[{"name":"wp","href":"https:\/\/api.w.org\/{rel}","templated":true}]}}