{"id":25724,"date":"2020-04-30T20:45:14","date_gmt":"2020-04-30T18:45:14","guid":{"rendered":"http:\/\/www.alqueria.es\/blogs\/alqueriarojaverde\/?p=25724"},"modified":"2020-04-30T20:45:14","modified_gmt":"2020-04-30T18:45:14","slug":"nuestro-libro-de-poemas","status":"publish","type":"post","link":"https:\/\/www.alqueria.es\/blogs\/alqueriarojaverde\/2020\/04\/30\/nuestro-libro-de-poemas\/","title":{"rendered":"NUESTRO \u00abLIBRO DE POEMAS\u00bb"},"content":{"rendered":"<p><span style=\"color: #00ff00\"><em><strong>Buenas tardes,<\/strong><\/em><\/span><\/p>\n<p><em><strong>Qu\u00e9 bonito despedir la semana con nuestro encuentro a trav\u00e9s de Zoom. Hemos pasado un ratito muy agradable y adem\u00e1s hemos llevado a cabo un mont\u00f3n de cosas:<\/strong><\/em><\/p>\n<ul>\n<li>Lectura individual de nuestras poes\u00edas inventadas.<\/li>\n<li>Autoevaluci\u00f3n de la propuesta \u00abel vivero\u00bb (las fotos no urgen pero s\u00ed est\u00e1 bien que me las envi\u00e9is para poder revisarlas y archivarlas).<\/li>\n<li>Acuerdo para los pr\u00f3ximos juegos-investigaciones.<\/li>\n<\/ul>\n<p>En relaci\u00f3n al \u00faltimo punto, os dejo a continuaci\u00f3n las propuestas que han surgido por parte del alumnado, y entre las que existe libertad individual para elegir una u otra en funci\u00f3n del inter\u00e9s particular de cada uno:\u00a0<span style=\"color: #808000\">las mariquitas (insectos en general)<\/span>, <span style=\"color: #ffcc00\">los deportes<\/span>, <span style=\"color: #ffcc99\">los n\u00fameros y el ajedrez<\/span>, <span style=\"color: #cc99ff\">los seres mitol\u00f3gicos<\/span> y <span style=\"color: #ff99cc\">los p\u00e1jaros.<\/span><\/p>\n<p>Recuerdo tambi\u00e9n que hemos acordado que si alguien quer\u00eda compartir con el resto del grupo alg\u00fan recurso de los utilizados, valga como ejemplo una canci\u00f3n de la plataforma YouTube, una poes\u00eda, un cuento&#8230; me la har\u00eda llegar a trav\u00e9s del correo para que pudiese enlazarla en el blog. No es necesario ni obligatorio hacerlo, ya que intentar\u00e9 dirigir el contenido del blog de la pr\u00f3xima semana a esos temas y adem\u00e1s hemos quedado en el compromiso de realizar una puesta en com\u00fan a trav\u00e9s de nuestro pr\u00f3ximo encuentro virtual.<\/p>\n<p>Varios compa\u00f1eros han tenidos algunos \u00abproblemitas t\u00e9cnicos\u00bb durante la conexi\u00f3n as\u00ed que no han podido finalizar la reuni\u00f3n con nosotros, os digo por ejemplo que Pablo ten\u00eda un mont\u00f3n de ganas de hablar con vosotros y que In\u00e9s nos quer\u00eda ense\u00f1ar el diente que se le ha ca\u00eddo.<\/p>\n<p>Siento no poder enlazar el <em><strong><span style=\"color: #0000ff\">montaje<\/span><\/strong><\/em> que he preparado con vuestras <em><strong><span style=\"color: #0000ff\">creaciones po\u00e9ticas. <\/span><\/strong><\/em><span style=\"color: #333333\">Pese a haber esperado hasta \u00faltima hora del d\u00eda para aprobar esta publicaci\u00f3n (que como os he dicho por Zoom est\u00e1 lista desde esta ma\u00f1ana) a\u00fan faltan por llegar cuatro poes\u00edas (a las que tan s\u00f3lo faltaban detalles m\u00ednimos). He valorado la idoneidad de que el montaje las contenga todas, ya que ser\u00e1 un bonito recuerdo de grupo tras su paso por Infantil, as\u00ed que si en estos d\u00edas \u00abfestivos\u00bb recibo las que faltan, actualizar\u00e9 esta misma entrada incorporando dicho montaje.\u00a0<\/span>\u00a0He de deciros que estoy muy orgullosa del trabajo que hab\u00e9is realizado, de todo lo que hab\u00e9is disfrutado durante el proceso y por supuesto de lo preciosas que han quedado.<em><strong><span style=\"color: #0000ff\">\u00a1ENHORABUENA!<\/span><\/strong><\/em><\/p>\n<p>Como el pr\u00f3ximo lunes, d\u00eda 4 de mayo, estaba contemplado como no lectivo en nuestro calendario del curso, no habr\u00e1 publicaci\u00f3n de blog, as\u00ed que dispon\u00e9is de cuatro d\u00edas seguidos para realizar un sinf\u00edn de actividades:<\/p>\n<ul>\n<li>Salir a pasear, respetando las normas y teniendo en cuenta precauciones necesarias.<\/li>\n<li>Jugar en familia al escondite, las tinieblas de la noche, zapatilla por detr\u00e1s, juegos de mesa&#8230;<\/li>\n<li>Inventar recetas de cocina para un almuerzo \u00abespecial\u00bb (que viene por ah\u00ed el d\u00eda de la madre).<\/li>\n<li>Disfrutar de una buena pel\u00edcula, bailar o simplemente escuchar m\u00fasica mientras realizamos otras actividades.<\/li>\n<\/ul>\n<p>Yo os dejo <em><strong>algunas ideas<\/strong><\/em>, por si quer\u00e9is hacer uso de ellas:<\/p>\n<p>Este enlace os lleva hasta el <em><strong><span style=\"color: #ff6600\">canal de You tube<\/span> <\/strong><\/em>que el <span style=\"color: #ff6600\"><em><strong>Museo del Prado\u00a0<\/strong><\/em><span style=\"color: #333333\">dirige\u00a0<\/span><\/span>especialmente a los <em><strong><span style=\"color: #ff6600\">ni\u00f1os.<\/span><\/strong><\/em> En \u00e9l pod\u00e9is encontrar algunas audiogu\u00edas de corta duraci\u00f3n de algunas obras como \u00ablas Meninas\u00bb o \u00abel Jard\u00edn de las Delicias\u00bb.<\/p>\n<p><span class=\"embed-youtube\" style=\"text-align:center; display: block;\"><div class=\"a25-CTUOC-hidding-box\" data-original-content=\"&lt;iframe loading=&quot;lazy&quot; class=&quot;youtube-player&quot; width=&quot;474&quot; height=&quot;267&quot; src=&quot;https:\/\/www.youtube.com\/embed?version=3&amp;#038;rel=1&amp;#038;showsearch=0&amp;#038;showinfo=1&amp;#038;iv_load_policy=1&amp;#038;fs=1&amp;#038;hl=es-ES&amp;#038;autohide=2&amp;#038;wmode=transparent&amp;#038;listType=playlist&amp;#038;list=PL8S8EUbs69xK5gr2N12d8qnHpcNZQTTQ6&quot; allowfullscreen=&quot;true&quot; style=&quot;border:0;&quot; sandbox=&quot;allow-scripts allow-same-origin allow-popups allow-presentation allow-popups-to-escape-sandbox&quot;&gt;&lt;\/iframe&gt;\">Esta p\u00e1gina incluye contenido multimedia que requiere aceptar todas las cookies. Pulse aqu\u00ed para abrir la configuraci\u00f3n de cookies.<\/div><\/span><\/p>\n<p><img data-recalc-dims=\"1\" decoding=\"async\" data-attachment-id=\"25803\" data-permalink=\"https:\/\/www.alqueria.es\/blogs\/alqueriarojaverde\/2020\/04\/30\/nuestro-libro-de-poemas\/cine-6\/\" data-orig-file=\"https:\/\/i0.wp.com\/cloud.alqueria.es\/wp-content\/uploads\/sites\/8\/2020\/04\/cine.gif?fit=220%2C220&amp;ssl=1\" data-orig-size=\"220,220\" data-comments-opened=\"1\" data-image-meta=\"{&quot;aperture&quot;:&quot;0&quot;,&quot;credit&quot;:&quot;&quot;,&quot;camera&quot;:&quot;&quot;,&quot;caption&quot;:&quot;&quot;,&quot;created_timestamp&quot;:&quot;0&quot;,&quot;copyright&quot;:&quot;&quot;,&quot;focal_length&quot;:&quot;0&quot;,&quot;iso&quot;:&quot;0&quot;,&quot;shutter_speed&quot;:&quot;0&quot;,&quot;title&quot;:&quot;&quot;,&quot;orientation&quot;:&quot;0&quot;}\" data-image-title=\"cine\" data-image-description=\"\" data-image-caption=\"\" data-large-file=\"https:\/\/i0.wp.com\/cloud.alqueria.es\/wp-content\/uploads\/sites\/8\/2020\/04\/cine.gif?fit=220%2C220&amp;ssl=1\" class=\"alignleft size-full wp-image-25803\" src=\"https:\/\/i0.wp.com\/cloud.alqueria.es\/wp-content\/uploads\/sites\/8\/2020\/04\/cine.gif?resize=220%2C220&#038;ssl=1\" alt=\"\" width=\"220\" height=\"220\" \/>Para los ratitos de \u00absof\u00e1, peli y palomitas\u00bb, os recomiendo estos <em><strong><span style=\"color: #ff00ff\">cortometrajes de animaci\u00f3n<\/span><\/strong><\/em>, sin di\u00e1logos verbales, en los que est\u00e1n presentes multitud de <em><strong><span style=\"color: #ff00ff\">valores,<\/span><\/strong><\/em>\u00a0muy necesarios en los tiempos que corren. He seleccionado dos, que pone especial relevancia en la figura de \u00ablos mayores\u00bb, sus ense\u00f1anzas son muy valiosas y debemos otorgarles el lugar que merecen.<\/p>\n<p style=\"text-align: center\"><em><strong>\u00a1UN BESO A TODOS ESOS MAYORES QUE NOS HAN ENSE\u00d1ADO TANTAS Y TANTAS COSAS&#8230;!<\/strong><\/em><\/p>\n<p><span style=\"color: #ff00ff\">A cloudy lesson.<\/span>\u00a0Trata el tema de la creatividad, asociada a la necesaria flexibilidad cognitiva o de pensamiento. Una funci\u00f3n ejecutiva que debemos trabajar, para ir creando cierta resiliencia en nuestros peque\u00f1os y capacidad de adaptaci\u00f3n a todas aquellas \u00abadversidades\u00bb a las que tendr\u00e1n que ir haciendo frente. La aplicaci\u00f3n no est\u00e1 exenta para los adultos, ya que tambi\u00e9n nos viene fenomenal.<\/p>\n<p><span class=\"embed-youtube\" style=\"text-align:center; display: block;\"><div class=\"a25-CTUOC-hidding-box\" data-original-content=\"&lt;iframe loading=&quot;lazy&quot; class=&quot;youtube-player&quot; width=&quot;474&quot; height=&quot;267&quot; src=&quot;https:\/\/www.youtube.com\/embed\/Zg5ktnl4EBY?version=3&amp;#038;rel=1&amp;#038;showsearch=0&amp;#038;showinfo=1&amp;#038;iv_load_policy=1&amp;#038;fs=1&amp;#038;hl=es-ES&amp;#038;autohide=2&amp;#038;wmode=transparent&quot; allowfullscreen=&quot;true&quot; style=&quot;border:0;&quot; sandbox=&quot;allow-scripts allow-same-origin allow-popups allow-presentation allow-popups-to-escape-sandbox&quot;&gt;&lt;\/iframe&gt;\">Esta p\u00e1gina incluye contenido multimedia que requiere aceptar todas las cookies. Pulse aqu\u00ed para abrir la configuraci\u00f3n de cookies.<\/div><\/span><\/p>\n<p><span style=\"color: #ff00ff\">Monsterbox.\u00a0<span style=\"color: #333333\">Una simp\u00e1tica y enternecedora historia entre un anciano y una ni\u00f1a, que nos ofrece un final m\u00e1gico. Pone en alza el valor de la amistad y de la paciencia con los dem\u00e1s, aspectos importantes dentro de una buena educaci\u00f3n emocional. \u00a0<\/span><\/span><\/p>\n<p><span class=\"embed-youtube\" style=\"text-align:center; display: block;\"><div class=\"a25-CTUOC-hidding-box\" data-original-content=\"&lt;iframe loading=&quot;lazy&quot; class=&quot;youtube-player&quot; width=&quot;474&quot; height=&quot;267&quot; src=&quot;https:\/\/www.youtube.com\/embed\/OczEHXRU9WU?version=3&amp;#038;rel=1&amp;#038;showsearch=0&amp;#038;showinfo=1&amp;#038;iv_load_policy=1&amp;#038;fs=1&amp;#038;hl=es-ES&amp;#038;autohide=2&amp;#038;wmode=transparent&quot; allowfullscreen=&quot;true&quot; style=&quot;border:0;&quot; sandbox=&quot;allow-scripts allow-same-origin allow-popups allow-presentation allow-popups-to-escape-sandbox&quot;&gt;&lt;\/iframe&gt;\">Esta p\u00e1gina incluye contenido multimedia que requiere aceptar todas las cookies. Pulse aqu\u00ed para abrir la configuraci\u00f3n de cookies.<\/div><\/span><\/p>\n<p><img data-recalc-dims=\"1\" decoding=\"async\" data-attachment-id=\"25805\" data-permalink=\"https:\/\/www.alqueria.es\/blogs\/alqueriarojaverde\/2020\/04\/30\/nuestro-libro-de-poemas\/ninos-tareas-domesticas\/\" data-orig-file=\"https:\/\/i0.wp.com\/cloud.alqueria.es\/wp-content\/uploads\/sites\/8\/2020\/04\/ni%C3%B1os-tareas-dom%C3%A9sticas.jpg?fit=626%2C626&amp;ssl=1\" data-orig-size=\"626,626\" data-comments-opened=\"1\" data-image-meta=\"{&quot;aperture&quot;:&quot;0&quot;,&quot;credit&quot;:&quot;&quot;,&quot;camera&quot;:&quot;&quot;,&quot;caption&quot;:&quot;&quot;,&quot;created_timestamp&quot;:&quot;0&quot;,&quot;copyright&quot;:&quot;&quot;,&quot;focal_length&quot;:&quot;0&quot;,&quot;iso&quot;:&quot;0&quot;,&quot;shutter_speed&quot;:&quot;0&quot;,&quot;title&quot;:&quot;&quot;,&quot;orientation&quot;:&quot;0&quot;}\" data-image-title=\"ni\u00f1os tareas dom\u00e9sticas\" data-image-description=\"\" data-image-caption=\"\" data-large-file=\"https:\/\/i0.wp.com\/cloud.alqueria.es\/wp-content\/uploads\/sites\/8\/2020\/04\/ni%C3%B1os-tareas-dom%C3%A9sticas.jpg?fit=474%2C474&amp;ssl=1\" class=\"alignright size-medium wp-image-25805\" src=\"https:\/\/i0.wp.com\/cloud.alqueria.es\/wp-content\/uploads\/sites\/8\/2020\/04\/ni%C3%B1os-tareas-dom%C3%A9sticas.jpg?resize=300%2C300&#038;ssl=1\" alt=\"\" width=\"300\" height=\"300\" srcset=\"https:\/\/cloud.alqueria.es\/wp-content\/uploads\/sites\/8\/2020\/04\/ni%C3%B1os-tareas-dom%C3%A9sticas.jpg 626w, https:\/\/cloud.alqueria.es\/wp-content\/uploads\/sites\/8\/2020\/04\/ni%C3%B1os-tareas-dom%C3%A9sticas.jpg 150w, https:\/\/cloud.alqueria.es\/wp-content\/uploads\/sites\/8\/2020\/04\/ni%C3%B1os-tareas-dom%C3%A9sticas.jpg 300w\" sizes=\"(max-width: 300px) 100vw, 300px\" \/>Y para terminar os dejo esta<em><strong><span style=\"color: #ff0000\"> playlist<\/span><\/strong><\/em>, disponible en la plataforma de Spotify, que he conocido a trav\u00e9s de \u00abla red\u00bb y que ha sido creada, especialmente para esos <span style=\"color: #ff0000\">momentos en familia en los que todos est\u00e1is compartiendo alguna que otra tarea<\/span>, como poner orden en las distintas dependencias de la casa, limpiar los espacios de trabajo o juego, cambiar los armarios&#8230;<\/p>\n<div class=\"a25-CTUOC-hidding-box\" data-original-content=\"&lt;iframe title=&quot;Spotify Embed: TARDE CON NI\u00d1OS&quot; style=&quot;border-radius: 12px&quot; width=&quot;100%&quot; height=&quot;352&quot; frameborder=&quot;0&quot; allowfullscreen allow=&quot;autoplay; clipboard-write; encrypted-media; fullscreen; picture-in-picture&quot; loading=&quot;lazy&quot; src=&quot;https:\/\/open.spotify.com\/embed\/playlist\/6cY1ORNz2KQHFHacKs0MvP?si=D66gaEgET_iw1KRBp8AnOg&amp;utm_source=oembed&quot;&gt;&lt;\/iframe&gt;\">Esta p\u00e1gina incluye contenido multimedia que requiere aceptar todas las cookies. Pulse aqu\u00ed para abrir la configuraci\u00f3n de cookies.<\/div>\n<p><img data-recalc-dims=\"1\" decoding=\"async\" data-attachment-id=\"25804\" data-permalink=\"https:\/\/www.alqueria.es\/blogs\/alqueriarojaverde\/2020\/04\/30\/nuestro-libro-de-poemas\/esther-2\/\" data-orig-file=\"https:\/\/i0.wp.com\/cloud.alqueria.es\/wp-content\/uploads\/sites\/8\/2020\/04\/esther.gif?fit=145%2C100&amp;ssl=1\" data-orig-size=\"145,100\" data-comments-opened=\"1\" data-image-meta=\"{&quot;aperture&quot;:&quot;0&quot;,&quot;credit&quot;:&quot;&quot;,&quot;camera&quot;:&quot;&quot;,&quot;caption&quot;:&quot;&quot;,&quot;created_timestamp&quot;:&quot;0&quot;,&quot;copyright&quot;:&quot;&quot;,&quot;focal_length&quot;:&quot;0&quot;,&quot;iso&quot;:&quot;0&quot;,&quot;shutter_speed&quot;:&quot;0&quot;,&quot;title&quot;:&quot;&quot;,&quot;orientation&quot;:&quot;0&quot;}\" data-image-title=\"esther\" data-image-description=\"\" data-image-caption=\"\" data-large-file=\"https:\/\/i0.wp.com\/cloud.alqueria.es\/wp-content\/uploads\/sites\/8\/2020\/04\/esther.gif?fit=145%2C100&amp;ssl=1\" class=\"alignleft size-full wp-image-25804\" src=\"https:\/\/i0.wp.com\/cloud.alqueria.es\/wp-content\/uploads\/sites\/8\/2020\/04\/esther.gif?resize=145%2C100&#038;ssl=1\" alt=\"\" width=\"145\" height=\"100\" \/><span style=\"color: #008000\"><em><strong>Me despido de vosotros hasta el martes, con un fuerte abrazo y dese\u00e1ndoos que estos d\u00edas pod\u00e1is disfrutar del sol y la naturaleza de una manera consciente y agradecida, ya que normalmente no valoramos esas peque\u00f1as cosas que nos aportan tanto bienestar.<\/strong><\/em><\/span><\/p>\n<p><span style=\"color: #993366\"><em><strong>\u00a1Ah, y bailad mucho el d\u00eda de la Cruz!,<\/strong> <\/em><\/span>aunque sea en casa. Es una fiesta incluida dentro de nuestras tradiciones populares y culturales y como tal, debemos conocerla y conservarla. Este a\u00f1o no nos comeremos las habas de nuestro huerto acompa\u00f1adas por saladillas pero &#8230; \u00a0\u00bfa ver qui\u00e9n sabe \u00a0porqu\u00e9 ponen una manzana con unas tijeras hincadas o qu\u00e9 es un chavico?<\/p>\n<p><em><strong>Un gran besito a \u00abmis peques\u00bb,<\/strong><\/em><\/p>\n<p>Esther Justicia.<\/p>\n","protected":false},"excerpt":{"rendered":"<p>Buenas tardes, Qu\u00e9 bonito despedir la semana con nuestro encuentro a trav\u00e9s de Zoom. Hemos pasado un ratito muy agradable y adem\u00e1s hemos llevado a cabo un mont\u00f3n de cosas: Lectura individual de nuestras poes\u00edas inventadas. Autoevaluci\u00f3n de la propuesta \u00abel vivero\u00bb (las fotos no urgen pero s\u00ed est\u00e1 bien que me las envi\u00e9is para &hellip; <a href=\"https:\/\/www.alqueria.es\/blogs\/alqueriarojaverde\/2020\/04\/30\/nuestro-libro-de-poemas\/\" class=\"more-link\">Seguir leyendo <span class=\"screen-reader-text\">NUESTRO \u00abLIBRO DE POEMAS\u00bb<\/span> <span class=\"meta-nav\">&rarr;<\/span><\/a><\/p>\n","protected":false},"author":19,"featured_media":0,"comment_status":"open","ping_status":"open","sticky":false,"template":"","format":"standard","meta":{"jetpack_post_was_ever_published":false,"_jetpack_newsletter_access":"","_jetpack_dont_email_post_to_subs":false,"_jetpack_newsletter_tier_id":0,"_jetpack_memberships_contains_paywalled_content":false,"_jetpack_memberships_contains_paid_content":false,"footnotes":"","jetpack_publicize_message":"","jetpack_publicize_feature_enabled":true,"jetpack_social_post_already_shared":true,"jetpack_social_options":{"image_generator_settings":{"template":"highway","default_image_id":0,"font":"","enabled":false},"version":2}},"categories":[7,13],"tags":[868,869,866,867],"class_list":["post-25724","post","type-post","status-publish","format-standard","hentry","category-clase-verde-5-6-anos","category-inicio","tag-cortos-de-animacion-para-educar-en-valores","tag-libro-de-poemas-infantiles","tag-museo-del-prado-para-ninos","tag-musica-para-pasar-una-tarde-divertida"],"jetpack_publicize_connections":[],"jetpack_featured_media_url":"","jetpack_sharing_enabled":true,"jetpack_shortlink":"https:\/\/wp.me\/p4lFbP-6GU","_links":{"self":[{"href":"https:\/\/www.alqueria.es\/blogs\/alqueriarojaverde\/wp-json\/wp\/v2\/posts\/25724","targetHints":{"allow":["GET"]}}],"collection":[{"href":"https:\/\/www.alqueria.es\/blogs\/alqueriarojaverde\/wp-json\/wp\/v2\/posts"}],"about":[{"href":"https:\/\/www.alqueria.es\/blogs\/alqueriarojaverde\/wp-json\/wp\/v2\/types\/post"}],"author":[{"embeddable":true,"href":"https:\/\/www.alqueria.es\/blogs\/alqueriarojaverde\/wp-json\/wp\/v2\/users\/19"}],"replies":[{"embeddable":true,"href":"https:\/\/www.alqueria.es\/blogs\/alqueriarojaverde\/wp-json\/wp\/v2\/comments?post=25724"}],"version-history":[{"count":7,"href":"https:\/\/www.alqueria.es\/blogs\/alqueriarojaverde\/wp-json\/wp\/v2\/posts\/25724\/revisions"}],"predecessor-version":[{"id":25811,"href":"https:\/\/www.alqueria.es\/blogs\/alqueriarojaverde\/wp-json\/wp\/v2\/posts\/25724\/revisions\/25811"}],"wp:attachment":[{"href":"https:\/\/www.alqueria.es\/blogs\/alqueriarojaverde\/wp-json\/wp\/v2\/media?parent=25724"}],"wp:term":[{"taxonomy":"category","embeddable":true,"href":"https:\/\/www.alqueria.es\/blogs\/alqueriarojaverde\/wp-json\/wp\/v2\/categories?post=25724"},{"taxonomy":"post_tag","embeddable":true,"href":"https:\/\/www.alqueria.es\/blogs\/alqueriarojaverde\/wp-json\/wp\/v2\/tags?post=25724"}],"curies":[{"name":"wp","href":"https:\/\/api.w.org\/{rel}","templated":true}]}}