{"id":2582,"date":"2013-02-10T11:26:17","date_gmt":"2013-02-10T10:26:17","guid":{"rendered":"http:\/\/alqueriarojaverde.wordpress.com\/?p=2582"},"modified":"2014-02-24T11:49:42","modified_gmt":"2014-02-24T11:49:42","slug":"semanario-clase-verde-20","status":"publish","type":"post","link":"https:\/\/www.alqueria.es\/blogs\/alqueriarojaverde\/2013\/02\/10\/semanario-clase-verde-20\/","title":{"rendered":"SEMANARIO CLASE VERDE"},"content":{"rendered":"<p><span style=\"font-family:Osaka;color:#800080\">SEMANA DEL 4 AL 8 DE FEBRERO<\/span><\/p>\n<p><a href=\"http:\/\/alqueriarojaverde.files.wordpress.com\/2013\/02\/cartel-carnaval-13-copia.jpg\"><img data-recalc-dims=\"1\" decoding=\"async\" data-attachment-id=\"2395\" data-permalink=\"https:\/\/www.alqueria.es\/blogs\/alqueriarojaverde\/cartel-carnaval-13-copia\/\" data-orig-file=\"https:\/\/i0.wp.com\/www.alqueria.es\/blogs\/alqueriarojaverde\/wp-content\/uploads\/sites\/8\/2013\/02\/cartel-carnaval-13-copia.jpg?fit=1024%2C768&amp;ssl=1\" data-orig-size=\"1024,768\" data-comments-opened=\"1\" data-image-meta=\"{&quot;aperture&quot;:&quot;0&quot;,&quot;credit&quot;:&quot;&quot;,&quot;camera&quot;:&quot;&quot;,&quot;caption&quot;:&quot;&quot;,&quot;created_timestamp&quot;:&quot;0&quot;,&quot;copyright&quot;:&quot;&quot;,&quot;focal_length&quot;:&quot;0&quot;,&quot;iso&quot;:&quot;0&quot;,&quot;shutter_speed&quot;:&quot;0&quot;,&quot;title&quot;:&quot;&quot;}\" data-image-title=\"cartel carnaval 13 copia\" data-image-description=\"\" data-image-caption=\"\" data-large-file=\"https:\/\/i0.wp.com\/www.alqueria.es\/blogs\/alqueriarojaverde\/wp-content\/uploads\/sites\/8\/2013\/02\/cartel-carnaval-13-copia.jpg?fit=474%2C356&amp;ssl=1\" class=\"alignleft size-medium wp-image-2395\" alt=\"cartel carnaval 13 copia\" src=\"https:\/\/i0.wp.com\/cloud.alqueria.es\/wp-content\/uploads\/sites\/8\/2013\/02\/cartel-carnaval-13-copia1.jpg?resize=402%2C202&#038;ssl=1\" width=\"402\" height=\"202\" \/><\/a><\/p>\n<p>&nbsp;<\/p>\n<p>&nbsp;<\/p>\n<p>&nbsp;<\/p>\n<p>&nbsp;<\/p>\n<p><span style=\"font-family:Osaka\">Comenzamos la semana con nuestra <span style=\"color:#5c8526\"><i><b>tarde cooperativa <\/b><\/i><\/span>esta vez en la pista deportiva, jugando con pelotas, aros y el gran paraca\u00eddas. Tambi\u00e9n el lunes celebramos el cumplea\u00f1os de Ignacio y unos d\u00edas m\u00e1s tarde el Leo.<\/span><\/p>\n<p><span style=\"font-family:Osaka\">En la actividad de <span style=\"color:#ff0000\"><i><b>alfabetizaci\u00f3n<\/b><\/i><\/span>, escribimos la receta de cocina; el t\u00edtulo y los ingredientes, como cada uno sabe.<\/span><\/p>\n<p><span style=\"font-family:Osaka\">Sobre todo, esta semana ha sido especialmente la <span style=\"color:#ff00ff\"><i><b>semana de la creatividad.<\/b><\/i><\/span> <\/span><\/p>\n<ul>\n<li><span style=\"color:#ff420e\"><span style=\"font-family:Osaka\">Taller de m\u00e1scaras<\/span><\/span><span style=\"font-family:Osaka\">; recortar, pintar y decorar.<\/span><\/li>\n<\/ul>\n<p><img data-recalc-dims=\"1\" decoding=\"async\" data-attachment-id=\"2586\" data-permalink=\"https:\/\/www.alqueria.es\/blogs\/alqueriarojaverde\/careta-gigante\/\" data-orig-file=\"https:\/\/i0.wp.com\/www.alqueria.es\/blogs\/alqueriarojaverde\/wp-content\/uploads\/sites\/8\/2013\/02\/careta-gigante.jpg?fit=1024%2C768&amp;ssl=1\" data-orig-size=\"1024,768\" data-comments-opened=\"1\" data-image-meta=\"{&quot;aperture&quot;:&quot;0&quot;,&quot;credit&quot;:&quot;&quot;,&quot;camera&quot;:&quot;&quot;,&quot;caption&quot;:&quot;&quot;,&quot;created_timestamp&quot;:&quot;0&quot;,&quot;copyright&quot;:&quot;&quot;,&quot;focal_length&quot;:&quot;0&quot;,&quot;iso&quot;:&quot;0&quot;,&quot;shutter_speed&quot;:&quot;0&quot;,&quot;title&quot;:&quot;&quot;}\" data-image-title=\"careta gigante\" data-image-description=\"\" data-image-caption=\"\" data-large-file=\"https:\/\/i0.wp.com\/www.alqueria.es\/blogs\/alqueriarojaverde\/wp-content\/uploads\/sites\/8\/2013\/02\/careta-gigante.jpg?fit=474%2C356&amp;ssl=1\" class=\"alignleft size-medium wp-image-2586\" alt=\"careta gigante\" src=\"https:\/\/i0.wp.com\/cloud.alqueria.es\/wp-content\/uploads\/sites\/8\/2013\/02\/careta-gigante1.jpg?resize=183%2C138&#038;ssl=1\" width=\"183\" height=\"138\" \/><a href=\"http:\/\/alqueriarojaverde.files.wordpress.com\/2013\/02\/caretas.jpg\"><img data-recalc-dims=\"1\" decoding=\"async\" data-attachment-id=\"2588\" data-permalink=\"https:\/\/www.alqueria.es\/blogs\/alqueriarojaverde\/caretas\/\" data-orig-file=\"https:\/\/i0.wp.com\/www.alqueria.es\/blogs\/alqueriarojaverde\/wp-content\/uploads\/sites\/8\/2013\/02\/caretas.jpg?fit=1024%2C768&amp;ssl=1\" data-orig-size=\"1024,768\" data-comments-opened=\"1\" data-image-meta=\"{&quot;aperture&quot;:&quot;0&quot;,&quot;credit&quot;:&quot;&quot;,&quot;camera&quot;:&quot;&quot;,&quot;caption&quot;:&quot;&quot;,&quot;created_timestamp&quot;:&quot;0&quot;,&quot;copyright&quot;:&quot;&quot;,&quot;focal_length&quot;:&quot;0&quot;,&quot;iso&quot;:&quot;0&quot;,&quot;shutter_speed&quot;:&quot;0&quot;,&quot;title&quot;:&quot;&quot;}\" data-image-title=\"caretas\" data-image-description=\"\" data-image-caption=\"\" data-large-file=\"https:\/\/i0.wp.com\/www.alqueria.es\/blogs\/alqueriarojaverde\/wp-content\/uploads\/sites\/8\/2013\/02\/caretas.jpg?fit=474%2C356&amp;ssl=1\" class=\"size-thumbnail wp-image-2588 aligncenter\" alt=\"caretas\" src=\"https:\/\/i0.wp.com\/cloud.alqueria.es\/wp-content\/uploads\/sites\/8\/2013\/02\/caretas1.jpg?resize=184%2C131&#038;ssl=1\" width=\"184\" height=\"131\" \/><\/a><\/p>\n<ul>\n<li><span style=\"font-family:Osaka\">Dise\u00f1o del <\/span><span style=\"color:#ff3333\"><span style=\"font-family:Osaka\">cartel <\/span><\/span><span style=\"font-family:Osaka\">de nuestra comparsa \u201cLos 20 enanitos verdes\u201d<\/span><\/li>\n<\/ul>\n<p style=\"text-align:center\"><a href=\"http:\/\/alqueriarojaverde.files.wordpress.com\/2013\/02\/4cartel-carnaval-13.jpg\"><img data-recalc-dims=\"1\" decoding=\"async\" data-attachment-id=\"2585\" data-permalink=\"https:\/\/www.alqueria.es\/blogs\/alqueriarojaverde\/4cartel-carnaval-13\/\" data-orig-file=\"https:\/\/i0.wp.com\/www.alqueria.es\/blogs\/alqueriarojaverde\/wp-content\/uploads\/sites\/8\/2013\/02\/4cartel-carnaval-13.jpg?fit=1024%2C768&amp;ssl=1\" data-orig-size=\"1024,768\" data-comments-opened=\"1\" data-image-meta=\"{&quot;aperture&quot;:&quot;0&quot;,&quot;credit&quot;:&quot;&quot;,&quot;camera&quot;:&quot;&quot;,&quot;caption&quot;:&quot;&quot;,&quot;created_timestamp&quot;:&quot;0&quot;,&quot;copyright&quot;:&quot;&quot;,&quot;focal_length&quot;:&quot;0&quot;,&quot;iso&quot;:&quot;0&quot;,&quot;shutter_speed&quot;:&quot;0&quot;,&quot;title&quot;:&quot;&quot;}\" data-image-title=\"4cartel carnaval 13\" data-image-description=\"\" data-image-caption=\"\" data-large-file=\"https:\/\/i0.wp.com\/www.alqueria.es\/blogs\/alqueriarojaverde\/wp-content\/uploads\/sites\/8\/2013\/02\/4cartel-carnaval-13.jpg?fit=474%2C356&amp;ssl=1\" class=\"size-medium wp-image-2585\" alt=\"4cartel carnaval 13\" src=\"https:\/\/i0.wp.com\/cloud.alqueria.es\/wp-content\/uploads\/sites\/8\/2013\/02\/4cartel-carnaval-132.jpg?resize=300%2C225&#038;ssl=1\" width=\"300\" height=\"225\" \/><\/a><\/p>\n<ul>\n<li><span style=\"color:#ff950e\"><span style=\"font-family:Osaka\">Ensayos de la <\/span><\/span><span style=\"color:#ff950e\"><span style=\"font-family:Osaka\">chirigota<\/span><\/span><span style=\"font-family:Osaka\">.<\/span><\/li>\n<li><span style=\"color:#ffff00\"><span style=\"font-family:Osaka\">Expresi\u00f3n corpora<\/span><\/span><span style=\"font-family:Osaka\"><span style=\"color:#ffff00\">l<\/span>; movimientos y bailes.<\/span><\/li>\n<\/ul>\n<p><span style=\"font-family:Osaka\">El mi\u00e9rcoles realizamos el <\/span><span style=\"color:#4c1900\"><span style=\"font-family:Osaka\">taller de cocina<\/span><\/span><span style=\"font-family:Osaka\"> (Ver categor\u00eda)<\/span><\/p>\n<p><span style=\"font-family:Osaka\">El jueves la <\/span><span style=\"color:#0000ff\"><span style=\"font-family:Osaka\"><i><b>experta<\/b><\/i><\/span><\/span><span style=\"font-family:Osaka\"> Marina nos cuenta muchas cosa interesantes sobre los delfines (Ver categor\u00eda)<\/span><\/p>\n<p><span style=\"color:#00ff00\"><span style=\"font-family:Osaka\"><i>CHIRIGOTA VERDES 2013<\/i><\/span><\/span><\/p>\n<p lang=\"es-ES\"><span style=\"font-family:Osaka;color:#339966\"><b>Verdes, verdes, somos los verdes, verdes.<\/b><\/span><\/p>\n<p lang=\"es-ES\"><span style=\"font-family:Osaka;color:#339966\"><b>Verdes, verdes, vienen los verdes, verdes.<\/b><\/span><\/p>\n<p lang=\"es-ES\"><span style=\"font-family:Osaka\">Ya est\u00e1n aqu\u00ed los de Charito, ya est\u00e1n aqu\u00ed<\/span><\/p>\n<p lang=\"es-ES\"><span style=\"font-family:Osaka\">Ya est\u00e1n aqu\u00ed los de Charito, ya est\u00e1n aqu\u00ed<\/span><\/p>\n<p lang=\"es-ES\"><span style=\"font-family:Osaka\">Pa\u2019 cantaros esta canci\u00f3n<\/span><\/p>\n<p lang=\"es-ES\"><span style=\"font-family:Osaka\">De cositas que nos gustan<\/span><\/p>\n<p lang=\"es-ES\"><span style=\"font-family:Osaka\">Pa\u2019 cantaros esta canci\u00f3n<\/span><\/p>\n<p lang=\"es-ES\"><span style=\"font-family:Osaka\">De cositas que nos gustan<\/span><\/p>\n<p><strong>\u00a0<\/strong><span style=\"font-family:Osaka\">(Hab\u00eda una vez un circo)<\/span><\/p>\n<p lang=\"es-ES\"><span style=\"font-family:Osaka\">Hab\u00eda una vez, en clase<\/span><\/p>\n<p lang=\"es-ES\"><span style=\"font-family:Osaka\">El experto que contaba bien<\/span><\/p>\n<p lang=\"es-ES\"><span style=\"font-family:Osaka\">Los temas de inter\u00e9s,<\/span><\/p>\n<p lang=\"es-ES\"><span style=\"font-family:Osaka\">Y jugar tambi\u00e9n,<\/span><\/p>\n<p lang=\"es-ES\"><span style=\"font-family:Osaka\">Y todos maquillados aprender.<\/span><\/p>\n<p lang=\"es-ES\"><span style=\"font-family:Osaka;color:#339966\"><b>Verdes, verdes, somos los verdes, verdes.<\/b><\/span><\/p>\n<p lang=\"es-ES\"><span style=\"font-family:Osaka;color:#339966\"><b>Verdes, verdes, vienen los verdes, verdes<\/b><\/span><\/p>\n<p lang=\"es-ES\"><span style=\"font-family:Osaka\">(Elefante)<\/span><\/p>\n<p lang=\"es-ES\"><span style=\"font-family:Osaka\">Los verdecitos vamos a la Vega<\/span><\/p>\n<p lang=\"es-ES\"><span style=\"font-family:Osaka\">Por casa de la bruja pasaremos<\/span><\/p>\n<p lang=\"es-ES\"><span style=\"font-family:Osaka\">\u00c1rboles veremos, flores y bichitos<\/span><\/p>\n<p lang=\"es-ES\"><span style=\"font-family:Osaka\">A todos ellos respetaremos.<\/span><\/p>\n<p lang=\"es-ES\"><span style=\"font-family:Osaka;color:#339966\"><b>Verdes, verdes, somos los verdes, verdes.<\/b><\/span><\/p>\n<p lang=\"es-ES\"><span style=\"font-family:Osaka;color:#339966\"><b>Verdes, verdes, vienen los verdes, verdes.<\/b><\/span><\/p>\n<p lang=\"es-ES\"><span style=\"font-family:Osaka\">23, 23, 23, 23, 23\u2026<\/span><\/p>\n<p lang=\"es-ES\"><span style=\"font-family:Osaka\">\u00a1No, que somos 20!<\/span><\/p>\n<p lang=\"es-ES\"><span style=\"font-family:Osaka\">(Eres t\u00fa el pr\u00edncipe azul)<\/span><\/p>\n<p lang=\"es-ES\"><span style=\"font-family:Osaka\">Vente vamos carnaval que ya empez\u00f3<\/span><\/p>\n<p lang=\"es-ES\"><span style=\"font-family:Osaka\">Vente ya vamos terminando el final ya lleg\u00f3.<\/span><\/p>\n<p lang=\"es-ES\"><span style=\"font-family:Osaka;color:#339966\"><b>Verdes, verdes, somos los verdes, verdes.<\/b><\/span><\/p>\n<p lang=\"es-ES\"><span style=\"font-family:Osaka;color:#339966\"><b>Verdes, verdes, se van los verdes, verdes.<\/b><\/span><\/p>\n<p class=\"jetpack-slideshow-noscript robots-nocontent\">El pase de diapositivas requiere JavaScript.<\/p><div id=\"gallery-2582-1-slideshow\" class=\"jetpack-slideshow-window jetpack-slideshow jetpack-slideshow-black\" data-trans=\"fade\" data-autostart=\"1\" data-gallery=\"[{&quot;src&quot;:&quot;https:\\\/\\\/i0.wp.com\\\/www.alqueria.es\\\/blogs\\\/alqueriarojaverde\\\/wp-content\\\/uploads\\\/sites\\\/8\\\/2013\\\/02\\\/5grupo-carnaval.jpg?fit=1024%2C768\\u0026ssl=1&quot;,&quot;id&quot;:&quot;2596&quot;,&quot;title&quot;:&quot;5grupo carnaval&quot;,&quot;alt&quot;:&quot;&quot;,&quot;caption&quot;:&quot;&quot;,&quot;itemprop&quot;:&quot;image&quot;},{&quot;src&quot;:&quot;https:\\\/\\\/i0.wp.com\\\/www.alqueria.es\\\/blogs\\\/alqueriarojaverde\\\/wp-content\\\/uploads\\\/sites\\\/8\\\/2013\\\/02\\\/11chicos.jpg?fit=1024%2C768\\u0026ssl=1&quot;,&quot;id&quot;:&quot;2602&quot;,&quot;title&quot;:&quot;11chicos&quot;,&quot;alt&quot;:&quot;&quot;,&quot;caption&quot;:&quot;&quot;,&quot;itemprop&quot;:&quot;image&quot;},{&quot;src&quot;:&quot;https:\\\/\\\/i0.wp.com\\\/www.alqueria.es\\\/blogs\\\/alqueriarojaverde\\\/wp-content\\\/uploads\\\/sites\\\/8\\\/2013\\\/02\\\/10chicas.jpg?fit=1024%2C768\\u0026ssl=1&quot;,&quot;id&quot;:&quot;2601&quot;,&quot;title&quot;:&quot;10chicas&quot;,&quot;alt&quot;:&quot;&quot;,&quot;caption&quot;:&quot;&quot;,&quot;itemprop&quot;:&quot;image&quot;},{&quot;src&quot;:&quot;https:\\\/\\\/i0.wp.com\\\/www.alqueria.es\\\/blogs\\\/alqueriarojaverde\\\/wp-content\\\/uploads\\\/sites\\\/8\\\/2013\\\/02\\\/9heroes.jpg?fit=1024%2C768\\u0026ssl=1&quot;,&quot;id&quot;:&quot;2600&quot;,&quot;title&quot;:&quot;9heroes&quot;,&quot;alt&quot;:&quot;&quot;,&quot;caption&quot;:&quot;&quot;,&quot;itemprop&quot;:&quot;image&quot;},{&quot;src&quot;:&quot;https:\\\/\\\/i0.wp.com\\\/www.alqueria.es\\\/blogs\\\/alqueriarojaverde\\\/wp-content\\\/uploads\\\/sites\\\/8\\\/2013\\\/02\\\/8disfraz.jpg?fit=1024%2C768\\u0026ssl=1&quot;,&quot;id&quot;:&quot;2599&quot;,&quot;title&quot;:&quot;8disfraz&quot;,&quot;alt&quot;:&quot;&quot;,&quot;caption&quot;:&quot;&quot;,&quot;itemprop&quot;:&quot;image&quot;},{&quot;src&quot;:&quot;https:\\\/\\\/i0.wp.com\\\/www.alqueria.es\\\/blogs\\\/alqueriarojaverde\\\/wp-content\\\/uploads\\\/sites\\\/8\\\/2013\\\/02\\\/7chirigota.jpg?fit=1024%2C768\\u0026ssl=1&quot;,&quot;id&quot;:&quot;2598&quot;,&quot;title&quot;:&quot;7chirigota&quot;,&quot;alt&quot;:&quot;&quot;,&quot;caption&quot;:&quot;&quot;,&quot;itemprop&quot;:&quot;image&quot;},{&quot;src&quot;:&quot;https:\\\/\\\/i0.wp.com\\\/www.alqueria.es\\\/blogs\\\/alqueriarojaverde\\\/wp-content\\\/uploads\\\/sites\\\/8\\\/2013\\\/02\\\/6comparsa.jpg?fit=1024%2C768\\u0026ssl=1&quot;,&quot;id&quot;:&quot;2597&quot;,&quot;title&quot;:&quot;6comparsa&quot;,&quot;alt&quot;:&quot;&quot;,&quot;caption&quot;:&quot;&quot;,&quot;itemprop&quot;:&quot;image&quot;},{&quot;src&quot;:&quot;https:\\\/\\\/i0.wp.com\\\/www.alqueria.es\\\/blogs\\\/alqueriarojaverde\\\/wp-content\\\/uploads\\\/sites\\\/8\\\/2013\\\/02\\\/1ensayos-carnaval.jpg?fit=1024%2C768\\u0026ssl=1&quot;,&quot;id&quot;:&quot;2592&quot;,&quot;title&quot;:&quot;1ensayos carnaval&quot;,&quot;alt&quot;:&quot;&quot;,&quot;caption&quot;:&quot;&quot;,&quot;itemprop&quot;:&quot;image&quot;}]\" itemscope itemtype=\"https:\/\/schema.org\/ImageGallery\"><\/div>\n<p lang=\"es-ES\">\n<p lang=\"es-ES\"><span style=\"font-family:Osaka\">Espero que os lo hay\u00e1is pasado bien en nuestro carnaval 2013.<\/span><\/p>\n<p lang=\"es-ES\"><span style=\"font-family:Osaka\">Gracias por vuestra asistencia.<\/span><\/p>\n<p lang=\"es-ES\">\n<p lang=\"es-ES\"><span style=\"font-family:Osaka\">Rosario Garc\u00eda-Valenzuela Morell<\/span><\/p>\n","protected":false},"excerpt":{"rendered":"<p>SEMANA DEL 4 AL 8 DE FEBRERO &nbsp; &nbsp; &nbsp; &nbsp; Comenzamos la semana con nuestra tarde cooperativa esta vez en la pista deportiva, jugando con pelotas, aros y el gran paraca\u00eddas. Tambi\u00e9n el lunes celebramos el cumplea\u00f1os de Ignacio y unos d\u00edas m\u00e1s tarde el Leo. En la actividad de alfabetizaci\u00f3n, escribimos la receta &hellip; <a href=\"https:\/\/www.alqueria.es\/blogs\/alqueriarojaverde\/2013\/02\/10\/semanario-clase-verde-20\/\" class=\"more-link\">Seguir leyendo <span class=\"screen-reader-text\">SEMANARIO CLASE VERDE<\/span> <span class=\"meta-nav\">&rarr;<\/span><\/a><\/p>\n","protected":false},"author":19,"featured_media":0,"comment_status":"open","ping_status":"open","sticky":false,"template":"","format":"standard","meta":{"jetpack_post_was_ever_published":false,"_jetpack_newsletter_access":"","_jetpack_dont_email_post_to_subs":false,"_jetpack_newsletter_tier_id":0,"_jetpack_memberships_contains_paywalled_content":false,"_jetpack_memberships_contains_paid_content":false,"footnotes":"","jetpack_publicize_message":"","jetpack_publicize_feature_enabled":true,"jetpack_social_post_already_shared":false,"jetpack_social_options":{"image_generator_settings":{"template":"highway","default_image_id":0,"font":"","enabled":false},"version":2}},"categories":[7,13,15,21],"tags":[],"class_list":["post-2582","post","type-post","status-publish","format-standard","hentry","category-clase-verde-5-6-anos","category-inicio","category-noticias","category-semanario-clase-verde"],"jetpack_publicize_connections":[],"jetpack_featured_media_url":"","jetpack_sharing_enabled":true,"jetpack_shortlink":"https:\/\/wp.me\/p4lFbP-FE","_links":{"self":[{"href":"https:\/\/www.alqueria.es\/blogs\/alqueriarojaverde\/wp-json\/wp\/v2\/posts\/2582","targetHints":{"allow":["GET"]}}],"collection":[{"href":"https:\/\/www.alqueria.es\/blogs\/alqueriarojaverde\/wp-json\/wp\/v2\/posts"}],"about":[{"href":"https:\/\/www.alqueria.es\/blogs\/alqueriarojaverde\/wp-json\/wp\/v2\/types\/post"}],"author":[{"embeddable":true,"href":"https:\/\/www.alqueria.es\/blogs\/alqueriarojaverde\/wp-json\/wp\/v2\/users\/19"}],"replies":[{"embeddable":true,"href":"https:\/\/www.alqueria.es\/blogs\/alqueriarojaverde\/wp-json\/wp\/v2\/comments?post=2582"}],"version-history":[{"count":0,"href":"https:\/\/www.alqueria.es\/blogs\/alqueriarojaverde\/wp-json\/wp\/v2\/posts\/2582\/revisions"}],"wp:attachment":[{"href":"https:\/\/www.alqueria.es\/blogs\/alqueriarojaverde\/wp-json\/wp\/v2\/media?parent=2582"}],"wp:term":[{"taxonomy":"category","embeddable":true,"href":"https:\/\/www.alqueria.es\/blogs\/alqueriarojaverde\/wp-json\/wp\/v2\/categories?post=2582"},{"taxonomy":"post_tag","embeddable":true,"href":"https:\/\/www.alqueria.es\/blogs\/alqueriarojaverde\/wp-json\/wp\/v2\/tags?post=2582"}],"curies":[{"name":"wp","href":"https:\/\/api.w.org\/{rel}","templated":true}]}}