{"id":25929,"date":"2020-05-12T13:58:35","date_gmt":"2020-05-12T11:58:35","guid":{"rendered":"http:\/\/www.alqueria.es\/blogs\/alqueriarojaverde\/?p=25929"},"modified":"2020-05-12T13:58:35","modified_gmt":"2020-05-12T11:58:35","slug":"el-nombre-propio","status":"publish","type":"post","link":"https:\/\/www.alqueria.es\/blogs\/alqueriarojaverde\/2020\/05\/12\/el-nombre-propio\/","title":{"rendered":"EL NOMBRE PROPIO"},"content":{"rendered":"<p><strong><span style=\"color: #000000\">Buenos d\u00edas,<\/span><\/strong><\/p>\n<p><strong><span style=\"color: #000000\">\u00bfQu\u00e9 d\u00eda de la semana es hoy?\u00a0<\/span><\/strong><\/p>\n<p><strong><span style=\"color: #000000\">\u00a1\u00a1Martes!! y nos hemos podido ver en nuestra sesi\u00f3n se zoom, me pone muy contenta poder disfrutar de este rato con vosotros.<\/span><\/strong><\/p>\n<p>Familias, en esta entrada voy a hacer especial menci\u00f3n a la alfabetizaci\u00f3n como parte importante de nuestro d\u00eda a d\u00eda en el cole. Como sab\u00e9is desde que son beb\u00e9s y empiezan a observar todo lo que les rodea, vuestros ni\u00f1os y ni\u00f1as han estado rodeados de su nombre y el de sus compa\u00f1eros junto a sus s\u00edmbolos,\u00a0 nombres de todos los juguetes que le rodean, objetos&#8230;..ya que todo est\u00e1 intencionalmente etiquetado en may\u00fasculas para que se vayan familiarizando con el mundo de las letras. Pues bien nuestra metodolog\u00eda sigue en gran parte la corriente de <strong><span style=\"color: #000000\">Miriam NemirovsKy (\u00a0<\/span><\/strong><span style=\"color: #000000\">Maestra argentina de educaci\u00f3n Infantil que en 1990 se traslad\u00f3 aqu\u00ed a Espa\u00f1a donde hizo el doctorado en Psicolog\u00eda evolutiva en la Universidad Complutense de Madrid).\u00a0<\/span><\/p>\n<p><em>En sus \u00faltimas d\u00e9cadas se dedic\u00f3 a la formaci\u00f3n del profesorado sobre la ense\u00f1anza de la lectura, de la escritura y de las matem\u00e1ticas.<sup id=\"cite_ref-:0_2-1\" class=\"reference separada\"><a href=\"https:\/\/es.wikipedia.org\/wiki\/Myriam_Nemirovsky#cite_note-:0-2\">2<\/a><\/sup><\/em><\/p>\n<p><em>Public\u00f3 varios libros, entre ellos\u00a0Sobre la ense\u00f1anza del lenguaje escrito&#8230; y temas aleda\u00f1os\u00a0o\u00a0La ense\u00f1anza de la lectura y de la escritura y el uso de soportes inform\u00e1ticos. Adem\u00e1s con diversas revistas pedag\u00f3gicas como\u00a0Cuadernos de Pedagog\u00eda,\u00a0Textos,\u00a0Aula\u00a0o\u00a0Infancia.<\/em><\/p>\n<p><img data-recalc-dims=\"1\" decoding=\"async\" data-attachment-id=\"25956\" data-permalink=\"https:\/\/www.alqueria.es\/blogs\/alqueriarojaverde\/2020\/05\/12\/el-nombre-propio\/descarga-1-28\/\" data-orig-file=\"https:\/\/i0.wp.com\/cloud.alqueria.es\/wp-content\/uploads\/sites\/8\/2020\/05\/descarga-11.jpg?fit=259%2C194&amp;ssl=1\" data-orig-size=\"259,194\" data-comments-opened=\"1\" data-image-meta=\"{&quot;aperture&quot;:&quot;0&quot;,&quot;credit&quot;:&quot;&quot;,&quot;camera&quot;:&quot;&quot;,&quot;caption&quot;:&quot;&quot;,&quot;created_timestamp&quot;:&quot;0&quot;,&quot;copyright&quot;:&quot;&quot;,&quot;focal_length&quot;:&quot;0&quot;,&quot;iso&quot;:&quot;0&quot;,&quot;shutter_speed&quot;:&quot;0&quot;,&quot;title&quot;:&quot;&quot;,&quot;orientation&quot;:&quot;0&quot;}\" data-image-title=\"descarga (1)\" data-image-description=\"\" data-image-caption=\"\" data-large-file=\"https:\/\/i0.wp.com\/cloud.alqueria.es\/wp-content\/uploads\/sites\/8\/2020\/05\/descarga-11.jpg?fit=259%2C194&amp;ssl=1\" class=\"alignleft size-full wp-image-25956\" src=\"https:\/\/i0.wp.com\/cloud.alqueria.es\/wp-content\/uploads\/sites\/8\/2020\/05\/descarga-11.jpg?resize=259%2C194&#038;ssl=1\" alt=\"\" width=\"259\" height=\"194\" \/>En el cole desde que son beb\u00e9s le ofrecemos la posibilidad de \u00abescribir a su manera\u00bb, para que vayan distinguiendo el dibujo de la escritura ( ir\u00e1n descubriendo poco a poco que la escritura es lineal y las formas son arbitrarias). <img data-recalc-dims=\"1\" decoding=\"async\" data-attachment-id=\"25954\" data-permalink=\"https:\/\/www.alqueria.es\/blogs\/alqueriarojaverde\/2020\/05\/12\/el-nombre-propio\/descarga-68\/\" data-orig-file=\"https:\/\/i0.wp.com\/cloud.alqueria.es\/wp-content\/uploads\/sites\/8\/2020\/05\/descarga2.jpg?fit=291%2C173&amp;ssl=1\" data-orig-size=\"291,173\" data-comments-opened=\"1\" data-image-meta=\"{&quot;aperture&quot;:&quot;0&quot;,&quot;credit&quot;:&quot;&quot;,&quot;camera&quot;:&quot;&quot;,&quot;caption&quot;:&quot;&quot;,&quot;created_timestamp&quot;:&quot;0&quot;,&quot;copyright&quot;:&quot;&quot;,&quot;focal_length&quot;:&quot;0&quot;,&quot;iso&quot;:&quot;0&quot;,&quot;shutter_speed&quot;:&quot;0&quot;,&quot;title&quot;:&quot;&quot;,&quot;orientation&quot;:&quot;0&quot;}\" data-image-title=\"descarga\" data-image-description=\"\" data-image-caption=\"\" data-large-file=\"https:\/\/i0.wp.com\/cloud.alqueria.es\/wp-content\/uploads\/sites\/8\/2020\/05\/descarga2.jpg?fit=291%2C173&amp;ssl=1\" class=\"alignright size-full wp-image-25954\" src=\"https:\/\/i0.wp.com\/cloud.alqueria.es\/wp-content\/uploads\/sites\/8\/2020\/05\/descarga2.jpg?resize=291%2C173&#038;ssl=1\" alt=\"\" width=\"291\" height=\"173\" \/>As\u00ed ir\u00e1n pasando por diferentes fases seg\u00fan su desarrollo evolutivo hasta ir adquiriendo\u00a0 el nivel alfab\u00e9tico ( cuando su escritura presenta casi todas las caracter\u00edsticas del sistema convencional, pero sin normas ortogr\u00e1ficas).<\/p>\n<p><img data-recalc-dims=\"1\" decoding=\"async\" data-attachment-id=\"25955\" data-permalink=\"https:\/\/www.alqueria.es\/blogs\/alqueriarojaverde\/2020\/05\/12\/el-nombre-propio\/images-1-11\/\" data-orig-file=\"https:\/\/i0.wp.com\/cloud.alqueria.es\/wp-content\/uploads\/sites\/8\/2020\/05\/images-12.jpg?fit=199%2C253&amp;ssl=1\" data-orig-size=\"199,253\" data-comments-opened=\"1\" data-image-meta=\"{&quot;aperture&quot;:&quot;0&quot;,&quot;credit&quot;:&quot;&quot;,&quot;camera&quot;:&quot;&quot;,&quot;caption&quot;:&quot;&quot;,&quot;created_timestamp&quot;:&quot;0&quot;,&quot;copyright&quot;:&quot;&quot;,&quot;focal_length&quot;:&quot;0&quot;,&quot;iso&quot;:&quot;0&quot;,&quot;shutter_speed&quot;:&quot;0&quot;,&quot;title&quot;:&quot;&quot;,&quot;orientation&quot;:&quot;0&quot;}\" data-image-title=\"images (1)\" data-image-description=\"\" data-image-caption=\"\" data-large-file=\"https:\/\/i0.wp.com\/cloud.alqueria.es\/wp-content\/uploads\/sites\/8\/2020\/05\/images-12.jpg?fit=199%2C253&amp;ssl=1\" class=\"alignleft size-full wp-image-25955\" src=\"https:\/\/i0.wp.com\/cloud.alqueria.es\/wp-content\/uploads\/sites\/8\/2020\/05\/images-12.jpg?resize=199%2C253&#038;ssl=1\" alt=\"\" width=\"199\" height=\"253\" \/>Desde la clase azul los ponemos en situaci\u00f3n de \u00abescribir\u00bb, ofreci\u00e9ndoles un l\u00e1piz de grafito que es diferente al resto de colores, ceras, rotuladores que se utilizan para el dibujo. Y partimos de su propio nombre como lo m\u00e1s significativo para ellos y los nombres de sus compa\u00f1eros. A trav\u00e9s de la observaci\u00f3n, identificaci\u00f3n de letras ser\u00e1n capaces de reconocer su nombre y el de sus compa\u00f1eros.\u00a0 Poco a poco ir\u00e1n copiando las graf\u00edas hasta llegar a interiorizarlas.<\/p>\n<p><img data-recalc-dims=\"1\" decoding=\"async\" data-attachment-id=\"25958\" data-permalink=\"https:\/\/www.alqueria.es\/blogs\/alqueriarojaverde\/2020\/05\/12\/el-nombre-propio\/descarga-3-14\/\" data-orig-file=\"https:\/\/i0.wp.com\/cloud.alqueria.es\/wp-content\/uploads\/sites\/8\/2020\/05\/descarga-32.jpg?fit=225%2C225&amp;ssl=1\" data-orig-size=\"225,225\" data-comments-opened=\"1\" data-image-meta=\"{&quot;aperture&quot;:&quot;0&quot;,&quot;credit&quot;:&quot;&quot;,&quot;camera&quot;:&quot;&quot;,&quot;caption&quot;:&quot;&quot;,&quot;created_timestamp&quot;:&quot;0&quot;,&quot;copyright&quot;:&quot;&quot;,&quot;focal_length&quot;:&quot;0&quot;,&quot;iso&quot;:&quot;0&quot;,&quot;shutter_speed&quot;:&quot;0&quot;,&quot;title&quot;:&quot;&quot;,&quot;orientation&quot;:&quot;0&quot;}\" data-image-title=\"descarga (3)\" data-image-description=\"\" data-image-caption=\"\" data-large-file=\"https:\/\/i0.wp.com\/cloud.alqueria.es\/wp-content\/uploads\/sites\/8\/2020\/05\/descarga-32.jpg?fit=225%2C225&amp;ssl=1\" class=\"alignleft size-full wp-image-25958\" src=\"https:\/\/i0.wp.com\/cloud.alqueria.es\/wp-content\/uploads\/sites\/8\/2020\/05\/descarga-32.jpg?resize=225%2C225&#038;ssl=1\" alt=\"\" width=\"225\" height=\"225\" srcset=\"https:\/\/cloud.alqueria.es\/wp-content\/uploads\/sites\/8\/2020\/05\/descarga-32.jpg 225w, https:\/\/cloud.alqueria.es\/wp-content\/uploads\/sites\/8\/2020\/05\/descarga-32.jpg 150w\" sizes=\"(max-width: 225px) 100vw, 225px\" \/>En la <strong><span style=\"color: #ff0000\">clase roja<\/span><\/strong> ya son capaces de escribir su propio nombre sin copia y est\u00e1bamos trabajando con el primer apellido. Soy consciente que algunos tambi\u00e9n son capaces de escribir su primer apellido sin copiar. Siempre en el tercer trimestre le d\u00e1bamos la posibilidad de escribir tambi\u00e9n el segundo apellido, primero a trav\u00e9s de la copia y la identificaci\u00f3n de letras hasta dar paso a su escritura sin copia.<\/p>\n<p><strong><span style=\"color: #000000\">Rojitos os propongo una actividad para seguir este proceso:<img data-recalc-dims=\"1\" decoding=\"async\" data-attachment-id=\"25957\" data-permalink=\"https:\/\/www.alqueria.es\/blogs\/alqueriarojaverde\/2020\/05\/12\/el-nombre-propio\/descarga-2-18\/\" data-orig-file=\"https:\/\/i0.wp.com\/cloud.alqueria.es\/wp-content\/uploads\/sites\/8\/2020\/05\/descarga-21.jpg?fit=253%2C199&amp;ssl=1\" data-orig-size=\"253,199\" data-comments-opened=\"1\" data-image-meta=\"{&quot;aperture&quot;:&quot;0&quot;,&quot;credit&quot;:&quot;&quot;,&quot;camera&quot;:&quot;&quot;,&quot;caption&quot;:&quot;&quot;,&quot;created_timestamp&quot;:&quot;0&quot;,&quot;copyright&quot;:&quot;&quot;,&quot;focal_length&quot;:&quot;0&quot;,&quot;iso&quot;:&quot;0&quot;,&quot;shutter_speed&quot;:&quot;0&quot;,&quot;title&quot;:&quot;&quot;,&quot;orientation&quot;:&quot;0&quot;}\" data-image-title=\"descarga (2)\" data-image-description=\"\" data-image-caption=\"\" data-large-file=\"https:\/\/i0.wp.com\/cloud.alqueria.es\/wp-content\/uploads\/sites\/8\/2020\/05\/descarga-21.jpg?fit=253%2C199&amp;ssl=1\" class=\"alignright size-thumbnail wp-image-25957\" src=\"https:\/\/i0.wp.com\/cloud.alqueria.es\/wp-content\/uploads\/sites\/8\/2020\/05\/descarga-21.jpg?resize=150%2C150&#038;ssl=1\" alt=\"\" width=\"150\" height=\"150\" \/><\/span><\/strong><\/p>\n<p><strong><span style=\"color: #000000\">1- Coger un folio en posici\u00f3n horizontal y cortar un rect\u00e1ngulo a todo lo largo del folio para acotar el espacio donde tienen que escribir.<\/span><\/strong><\/p>\n<p><strong><span style=\"color: #000000\">2- Escribir de manera aut\u00f3noma con l\u00e1piz el nombre y los apellidos\u00a0 sin copia. Pod\u00e9is ayudarles reproduciendo fonologicamente las s\u00edlabas (algunos no lo necesitaran otros s\u00ed). No importa si s\u00f3lo identifican algunos fonemas ya que es lo normal en estas edades.<\/span><\/strong><\/p>\n<p><strong><span style=\"color: #000000\">3- Repasamos con rotulador y contamos cuantas letras tiene nuestro nombre y lo anotamos debajo. Tambi\u00e9n lo hacemos con los apellidos. Podemos comparar qu\u00e9 palabra tiene m\u00e1s letras, cu\u00e1l es la m\u00e1s larga, cu\u00e1l es la m\u00e1s corta.<\/span><\/strong><\/p>\n<p>A partir de esta explicaci\u00f3n pod\u00e9is practicar tambi\u00e9n con otras muchas palabras: nombres de animales, nombre del padre y de la madre o cualquier palabra que ellos quieran escribir, siempre utilizando la copia y dando paso al sonido fonol\u00f3gico.<\/p>\n<p>Si pod\u00e9is me mand\u00e1is foto de este trabajo para poder llevar a cabo el seguimiento alfab\u00e9tico.<\/p>\n<p>Os dejo algunos momentos de juego ( en los que pod\u00e9is clasificar, contar, colocar de mayor a menor&#8230;. los animales como ha hecho Nacho) de dibujos y de talleres creativos de los compa\u00f1eros para que disfrutemos todos de estas producciones:<\/p>\n<p class=\"jetpack-slideshow-noscript robots-nocontent\">El pase de diapositivas requiere JavaScript.<\/p><div id=\"gallery-25929-1-slideshow\" class=\"jetpack-slideshow-window jetpack-slideshow jetpack-slideshow-black\" data-trans=\"fade\" data-autostart=\"1\" data-gallery=\"[{&quot;src&quot;:&quot;https:\\\/\\\/i0.wp.com\\\/cloud.alqueria.es\\\/wp-content\\\/uploads\\\/sites\\\/8\\\/2020\\\/05\\\/20200512_132205.jpg?fit=480%2C640\\u0026ssl=1&quot;,&quot;id&quot;:&quot;25959&quot;,&quot;title&quot;:&quot;20200512_132205&quot;,&quot;alt&quot;:&quot;&quot;,&quot;caption&quot;:&quot;&quot;,&quot;itemprop&quot;:&quot;image&quot;},{&quot;src&quot;:&quot;https:\\\/\\\/i0.wp.com\\\/cloud.alqueria.es\\\/wp-content\\\/uploads\\\/sites\\\/8\\\/2020\\\/05\\\/IMG-20200512-WA0024.jpg?fit=768%2C1024\\u0026ssl=1&quot;,&quot;id&quot;:&quot;25965&quot;,&quot;title&quot;:&quot;IMG-20200512-WA0024&quot;,&quot;alt&quot;:&quot;&quot;,&quot;caption&quot;:&quot;&quot;,&quot;itemprop&quot;:&quot;image&quot;},{&quot;src&quot;:&quot;https:\\\/\\\/i0.wp.com\\\/cloud.alqueria.es\\\/wp-content\\\/uploads\\\/sites\\\/8\\\/2020\\\/05\\\/IMG-20200512-WA0023.jpg?fit=768%2C1024\\u0026ssl=1&quot;,&quot;id&quot;:&quot;25963&quot;,&quot;title&quot;:&quot;IMG-20200512-WA0023&quot;,&quot;alt&quot;:&quot;&quot;,&quot;caption&quot;:&quot;&quot;,&quot;itemprop&quot;:&quot;image&quot;},{&quot;src&quot;:&quot;https:\\\/\\\/i0.wp.com\\\/cloud.alqueria.es\\\/wp-content\\\/uploads\\\/sites\\\/8\\\/2020\\\/05\\\/IMG-20200512-WA0022.jpg?fit=768%2C1024\\u0026ssl=1&quot;,&quot;id&quot;:&quot;25962&quot;,&quot;title&quot;:&quot;IMG-20200512-WA0022&quot;,&quot;alt&quot;:&quot;&quot;,&quot;caption&quot;:&quot;&quot;,&quot;itemprop&quot;:&quot;image&quot;},{&quot;src&quot;:&quot;https:\\\/\\\/i0.wp.com\\\/cloud.alqueria.es\\\/wp-content\\\/uploads\\\/sites\\\/8\\\/2020\\\/05\\\/IMG-20200507-WA0003.jpg?fit=1024%2C768\\u0026ssl=1&quot;,&quot;id&quot;:&quot;25964&quot;,&quot;title&quot;:&quot;IMG-20200507-WA0003&quot;,&quot;alt&quot;:&quot;&quot;,&quot;caption&quot;:&quot;&quot;,&quot;itemprop&quot;:&quot;image&quot;},{&quot;src&quot;:&quot;https:\\\/\\\/i0.wp.com\\\/cloud.alqueria.es\\\/wp-content\\\/uploads\\\/sites\\\/8\\\/2020\\\/05\\\/IMG-20200512-WA0014.jpg?fit=768%2C1024\\u0026ssl=1&quot;,&quot;id&quot;:&quot;25961&quot;,&quot;title&quot;:&quot;IMG-20200512-WA0014&quot;,&quot;alt&quot;:&quot;&quot;,&quot;caption&quot;:&quot;&quot;,&quot;itemprop&quot;:&quot;image&quot;},{&quot;src&quot;:&quot;https:\\\/\\\/i0.wp.com\\\/cloud.alqueria.es\\\/wp-content\\\/uploads\\\/sites\\\/8\\\/2020\\\/05\\\/IMG-20200512-WA0013.jpg?fit=768%2C1024\\u0026ssl=1&quot;,&quot;id&quot;:&quot;25960&quot;,&quot;title&quot;:&quot;IMG-20200512-WA0013&quot;,&quot;alt&quot;:&quot;&quot;,&quot;caption&quot;:&quot;&quot;,&quot;itemprop&quot;:&quot;image&quot;}]\" itemscope itemtype=\"https:\/\/schema.org\/ImageGallery\"><\/div>\n<p><strong><span style=\"color: #000000\">Y para terminar como el d\u00eda est\u00e1 algo gris y no vamos a poder salir a dar nuestro paseo, os propongo un corto muy bonito sobre la amistad:<\/span><\/strong><\/p>\n<p><span class=\"embed-youtube\" style=\"text-align:center; display: block;\"><div class=\"a25-CTUOC-hidding-box\" data-original-content=\"&lt;iframe loading=&quot;lazy&quot; class=&quot;youtube-player&quot; width=&quot;474&quot; height=&quot;267&quot; src=&quot;https:\/\/www.youtube.com\/embed\/OczEHXRU9WU?version=3&amp;#038;rel=1&amp;#038;showsearch=0&amp;#038;showinfo=1&amp;#038;iv_load_policy=1&amp;#038;fs=1&amp;#038;hl=es-ES&amp;#038;autohide=2&amp;#038;wmode=transparent&quot; allowfullscreen=&quot;true&quot; style=&quot;border:0;&quot; sandbox=&quot;allow-scripts allow-same-origin allow-popups allow-presentation allow-popups-to-escape-sandbox&quot;&gt;&lt;\/iframe&gt;\">Esta p\u00e1gina incluye contenido multimedia que requiere aceptar todas las cookies. Pulse aqu\u00ed para abrir la configuraci\u00f3n de cookies.<\/div><\/span><\/p>\n<p>Ma\u00f1ana m\u00e1s&#8230;&#8230;<\/p>\n<p>Carmen<\/p>\n<p>&nbsp;<\/p>\n<p>&nbsp;<\/p>\n<p>&nbsp;<\/p>\n<p>&nbsp;<\/p>\n<p>&nbsp;<\/p>\n<p>&nbsp;<\/p>\n<p>&nbsp;<\/p>\n<p>&nbsp;<\/p>\n<p>&nbsp;<\/p>\n","protected":false},"excerpt":{"rendered":"<p>Buenos d\u00edas, \u00bfQu\u00e9 d\u00eda de la semana es hoy?\u00a0 \u00a1\u00a1Martes!! y nos hemos podido ver en nuestra sesi\u00f3n se zoom, me pone muy contenta poder disfrutar de este rato con vosotros. Familias, en esta entrada voy a hacer especial menci\u00f3n a la alfabetizaci\u00f3n como parte importante de nuestro d\u00eda a d\u00eda en el cole. Como &hellip; <a href=\"https:\/\/www.alqueria.es\/blogs\/alqueriarojaverde\/2020\/05\/12\/el-nombre-propio\/\" class=\"more-link\">Seguir leyendo <span class=\"screen-reader-text\">EL NOMBRE PROPIO<\/span> <span class=\"meta-nav\">&rarr;<\/span><\/a><\/p>\n","protected":false},"author":19,"featured_media":0,"comment_status":"open","ping_status":"open","sticky":false,"template":"","format":"standard","meta":{"jetpack_post_was_ever_published":false,"_jetpack_newsletter_access":"","_jetpack_dont_email_post_to_subs":false,"_jetpack_newsletter_tier_id":0,"_jetpack_memberships_contains_paywalled_content":false,"_jetpack_memberships_contains_paid_content":false,"footnotes":"","jetpack_publicize_message":"","jetpack_publicize_feature_enabled":true,"jetpack_social_post_already_shared":true,"jetpack_social_options":{"image_generator_settings":{"template":"highway","default_image_id":0,"font":"","enabled":false},"version":2}},"categories":[6,13],"tags":[130,899,898,897],"class_list":["post-25929","post","type-post","status-publish","format-standard","hentry","category-clase-roja-4-5-anos","category-inicio","tag-alfabetizacion","tag-corto-emociones-sobre-la-amistad","tag-metodologia-alqueria-educacion","tag-nombre-propio"],"jetpack_publicize_connections":[],"jetpack_featured_media_url":"","jetpack_sharing_enabled":true,"jetpack_shortlink":"https:\/\/wp.me\/p4lFbP-6Kd","_links":{"self":[{"href":"https:\/\/www.alqueria.es\/blogs\/alqueriarojaverde\/wp-json\/wp\/v2\/posts\/25929","targetHints":{"allow":["GET"]}}],"collection":[{"href":"https:\/\/www.alqueria.es\/blogs\/alqueriarojaverde\/wp-json\/wp\/v2\/posts"}],"about":[{"href":"https:\/\/www.alqueria.es\/blogs\/alqueriarojaverde\/wp-json\/wp\/v2\/types\/post"}],"author":[{"embeddable":true,"href":"https:\/\/www.alqueria.es\/blogs\/alqueriarojaverde\/wp-json\/wp\/v2\/users\/19"}],"replies":[{"embeddable":true,"href":"https:\/\/www.alqueria.es\/blogs\/alqueriarojaverde\/wp-json\/wp\/v2\/comments?post=25929"}],"version-history":[{"count":5,"href":"https:\/\/www.alqueria.es\/blogs\/alqueriarojaverde\/wp-json\/wp\/v2\/posts\/25929\/revisions"}],"predecessor-version":[{"id":25967,"href":"https:\/\/www.alqueria.es\/blogs\/alqueriarojaverde\/wp-json\/wp\/v2\/posts\/25929\/revisions\/25967"}],"wp:attachment":[{"href":"https:\/\/www.alqueria.es\/blogs\/alqueriarojaverde\/wp-json\/wp\/v2\/media?parent=25929"}],"wp:term":[{"taxonomy":"category","embeddable":true,"href":"https:\/\/www.alqueria.es\/blogs\/alqueriarojaverde\/wp-json\/wp\/v2\/categories?post=25929"},{"taxonomy":"post_tag","embeddable":true,"href":"https:\/\/www.alqueria.es\/blogs\/alqueriarojaverde\/wp-json\/wp\/v2\/tags?post=25929"}],"curies":[{"name":"wp","href":"https:\/\/api.w.org\/{rel}","templated":true}]}}