{"id":26026,"date":"2020-05-18T10:03:28","date_gmt":"2020-05-18T08:03:28","guid":{"rendered":"http:\/\/www.alqueria.es\/blogs\/alqueriarojaverde\/?p=26026"},"modified":"2020-05-18T10:03:28","modified_gmt":"2020-05-18T08:03:28","slug":"finalizamos-propuesta","status":"publish","type":"post","link":"https:\/\/www.alqueria.es\/blogs\/alqueriarojaverde\/2020\/05\/18\/finalizamos-propuesta\/","title":{"rendered":"FINALIZAMOS PROPUESTA"},"content":{"rendered":"<p><strong><span style=\"color: #000000\">Buenos d\u00edas mis ni\u00f1os y ni\u00f1as,<\/span><\/strong><\/p>\n<p><strong><span style=\"color: #000000\">Ya estamos de nuevo aqu\u00ed con ganas de ponernos en acci\u00f3n con nuevas propuestas y actividades.<\/span><\/strong><\/p>\n<p><strong><span style=\"color: #000000\">\u00bfQu\u00e9 tal el fin de semana? Hemos tenido de todo: lluvia, sol, nubes&#8230;pero seguimos adelante con ilusi\u00f3n y ya nos queda menos para poder estar con todos nuestros familiares y amigos.<\/span><\/strong><\/p>\n<p><strong><span style=\"color: #000000\"><img data-recalc-dims=\"1\" decoding=\"async\" data-attachment-id=\"26046\" data-permalink=\"https:\/\/www.alqueria.es\/blogs\/alqueriarojaverde\/2020\/05\/18\/finalizamos-propuesta\/descarga-17-3\/\" data-orig-file=\"https:\/\/i0.wp.com\/cloud.alqueria.es\/wp-content\/uploads\/sites\/8\/2020\/05\/descarga-17.jpg?fit=318%2C159&amp;ssl=1\" data-orig-size=\"318,159\" data-comments-opened=\"1\" data-image-meta=\"{&quot;aperture&quot;:&quot;0&quot;,&quot;credit&quot;:&quot;&quot;,&quot;camera&quot;:&quot;&quot;,&quot;caption&quot;:&quot;&quot;,&quot;created_timestamp&quot;:&quot;0&quot;,&quot;copyright&quot;:&quot;&quot;,&quot;focal_length&quot;:&quot;0&quot;,&quot;iso&quot;:&quot;0&quot;,&quot;shutter_speed&quot;:&quot;0&quot;,&quot;title&quot;:&quot;&quot;,&quot;orientation&quot;:&quot;0&quot;}\" data-image-title=\"descarga (17)\" data-image-description=\"\" data-image-caption=\"\" data-large-file=\"https:\/\/i0.wp.com\/cloud.alqueria.es\/wp-content\/uploads\/sites\/8\/2020\/05\/descarga-17.jpg?fit=318%2C159&amp;ssl=1\" class=\"alignleft size-full wp-image-26046\" src=\"https:\/\/i0.wp.com\/cloud.alqueria.es\/wp-content\/uploads\/sites\/8\/2020\/05\/descarga-17.jpg?resize=318%2C159&#038;ssl=1\" alt=\"\" width=\"318\" height=\"159\" srcset=\"https:\/\/cloud.alqueria.es\/wp-content\/uploads\/sites\/8\/2020\/05\/descarga-17.jpg 318w, https:\/\/cloud.alqueria.es\/wp-content\/uploads\/sites\/8\/2020\/05\/descarga-17.jpg 300w\" sizes=\"(max-width: 318px) 100vw, 318px\" \/>Ayer se celebr\u00f3 el D\u00cdA MUNDIAL DEL RECICLAJE<\/span><\/strong> <em><span style=\"color: #000000\">con el objetivo de concienciar a la sociedad acerca de la importancia que tiene tratar los desechos como corresponden, para no contribuir al cambio clim\u00e1tico, y as\u00ed proteger el medio ambiente.<\/span><\/em><\/p>\n<p><span style=\"color: #000000\"><b style=\"color: #000000\">Si record\u00e1is\u00a0 en el primer trimestre nosotros hicimos un proyecto de aula sobre el reciclaje. Tuvimos una salida a Ecoparque, donde nos ense\u00f1aron c\u00f3mo se <span style=\"color: #008000\">R<\/span>ecicla, los distintos contenedores en los que se clasifica cada material, c\u00f3mo <\/b><strong><span style=\"color: #008000\">R<\/span><\/strong><b style=\"color: #000000\">eutilizar las cosas que ya no nos sirven y c\u00f3mo podemos <span style=\"color: #008000\">R<\/span>educir tantos materiales (pl\u00e1sticos, vidrio, cart\u00f3n&#8230;.). En clase fuimos recopilando\u00a0 material reciclado de casa con el que tuvimos la posibilidad de jugar y utilizar nuestra imagnaci\u00f3n y creatividad <\/b><span style=\"color: #000000\"><b>durante<\/b><\/span><b style=\"color: #000000\"> algunas semanas. El proyecto termin\u00f3 con la <a href=\"https:\/\/www.alqueria.es\/blogs\/alqueriarojaverde\/2019\/12\/16\/taller-de-juguetes-2\/\">Construcci\u00f3n individual de un juguete<\/a> utilizando estos materiales.<\/b><\/span><\/p>\n<p><strong><span style=\"color: #000000\">Os dejo esta canci\u00f3n a ver si os acord\u00e1is:<\/span><\/strong><\/p>\n<p><span class=\"embed-youtube\" style=\"text-align:center; display: block;\"><div class=\"a25-CTUOC-hidding-box\" data-original-content=\"&lt;iframe loading=&quot;lazy&quot; class=&quot;youtube-player&quot; width=&quot;474&quot; height=&quot;267&quot; src=&quot;https:\/\/www.youtube.com\/embed\/gKB_7MUPxT4?version=3&amp;#038;rel=1&amp;#038;showsearch=0&amp;#038;showinfo=1&amp;#038;iv_load_policy=1&amp;#038;fs=1&amp;#038;hl=es-ES&amp;#038;autohide=2&amp;#038;wmode=transparent&quot; allowfullscreen=&quot;true&quot; style=&quot;border:0;&quot; sandbox=&quot;allow-scripts allow-same-origin allow-popups allow-presentation allow-popups-to-escape-sandbox&quot;&gt;&lt;\/iframe&gt;\">Esta p\u00e1gina incluye contenido multimedia que requiere aceptar todas las cookies. Pulse aqu\u00ed para abrir la configuraci\u00f3n de cookies.<\/div><\/span><\/p>\n<p><span style=\"color: #000000\"><span style=\"color: #000000\"><b>Con respecto a vuestras producciones sobre alfabetizaci\u00f3n utilizando el Nombre propio, hab\u00e9is hecho un gran trabajo y estoy viendo una gran evoluci\u00f3n en vosotros. Se nota que vais creciendo y madurando en vuestro desarrollo, y es que \u00a1\u00a1quedan solo unos meses!! para que est\u00e9is en\u00a0 la clase verde. <\/b><\/span><\/span><\/p>\n<p><span style=\"color: #000000\"><span style=\"color: #000000\"><b>Aqu\u00ed os dejo las aportaciones de cada uno de vosotros:<\/b><\/span><\/span><\/p>\n<p class=\"jetpack-slideshow-noscript robots-nocontent\">El pase de diapositivas requiere JavaScript.<\/p><div id=\"gallery-26026-1-slideshow\" class=\"jetpack-slideshow-window jetpack-slideshow jetpack-slideshow-black\" data-trans=\"fade\" data-autostart=\"1\" data-gallery=\"[{&quot;src&quot;:&quot;https:\\\/\\\/i0.wp.com\\\/cloud.alqueria.es\\\/wp-content\\\/uploads\\\/sites\\\/8\\\/2020\\\/05\\\/image8-e1589786899922.jpeg?fit=640%2C480\\u0026ssl=1&quot;,&quot;id&quot;:&quot;26053&quot;,&quot;title&quot;:&quot;image8&quot;,&quot;alt&quot;:&quot;&quot;,&quot;caption&quot;:&quot;&quot;,&quot;itemprop&quot;:&quot;image&quot;},{&quot;src&quot;:&quot;https:\\\/\\\/i0.wp.com\\\/cloud.alqueria.es\\\/wp-content\\\/uploads\\\/sites\\\/8\\\/2020\\\/05\\\/IMG-20200516-WA0012.jpg?fit=1024%2C768\\u0026ssl=1&quot;,&quot;id&quot;:&quot;26045&quot;,&quot;title&quot;:&quot;IMG-20200516-WA0012&quot;,&quot;alt&quot;:&quot;&quot;,&quot;caption&quot;:&quot;&quot;,&quot;itemprop&quot;:&quot;image&quot;},{&quot;src&quot;:&quot;https:\\\/\\\/i0.wp.com\\\/cloud.alqueria.es\\\/wp-content\\\/uploads\\\/sites\\\/8\\\/2020\\\/05\\\/IMG_3688.jpg?fit=640%2C480\\u0026ssl=1&quot;,&quot;id&quot;:&quot;26028&quot;,&quot;title&quot;:&quot;IMG_3688&quot;,&quot;alt&quot;:&quot;&quot;,&quot;caption&quot;:&quot;&quot;,&quot;itemprop&quot;:&quot;image&quot;},{&quot;src&quot;:&quot;https:\\\/\\\/i0.wp.com\\\/cloud.alqueria.es\\\/wp-content\\\/uploads\\\/sites\\\/8\\\/2020\\\/05\\\/IMG_3687.jpg?fit=640%2C480\\u0026ssl=1&quot;,&quot;id&quot;:&quot;26027&quot;,&quot;title&quot;:&quot;IMG_3687&quot;,&quot;alt&quot;:&quot;&quot;,&quot;caption&quot;:&quot;&quot;,&quot;itemprop&quot;:&quot;image&quot;},{&quot;src&quot;:&quot;https:\\\/\\\/i0.wp.com\\\/cloud.alqueria.es\\\/wp-content\\\/uploads\\\/sites\\\/8\\\/2020\\\/05\\\/IMG-20200517-WA0004.jpg?fit=1024%2C768\\u0026ssl=1&quot;,&quot;id&quot;:&quot;26029&quot;,&quot;title&quot;:&quot;IMG-20200517-WA0004&quot;,&quot;alt&quot;:&quot;&quot;,&quot;caption&quot;:&quot;&quot;,&quot;itemprop&quot;:&quot;image&quot;}]\" itemscope itemtype=\"https:\/\/schema.org\/ImageGallery\"><\/div>\n<p><strong><span style=\"color: #000000\">Nacho nos deja este bonito mural que ha hecho en casa sobre la granja utilizando diferentes materiales para su elaboraci\u00f3n:<\/span><\/strong><\/p>\n<p><img data-recalc-dims=\"1\" decoding=\"async\" data-attachment-id=\"26047\" data-permalink=\"https:\/\/www.alqueria.es\/blogs\/alqueriarojaverde\/2020\/05\/18\/finalizamos-propuesta\/img-20200517-wa0023\/\" data-orig-file=\"https:\/\/i0.wp.com\/cloud.alqueria.es\/wp-content\/uploads\/sites\/8\/2020\/05\/IMG-20200517-WA0023.jpg?fit=1024%2C768&amp;ssl=1\" data-orig-size=\"1024,768\" data-comments-opened=\"1\" data-image-meta=\"{&quot;aperture&quot;:&quot;0&quot;,&quot;credit&quot;:&quot;&quot;,&quot;camera&quot;:&quot;&quot;,&quot;caption&quot;:&quot;&quot;,&quot;created_timestamp&quot;:&quot;0&quot;,&quot;copyright&quot;:&quot;&quot;,&quot;focal_length&quot;:&quot;0&quot;,&quot;iso&quot;:&quot;0&quot;,&quot;shutter_speed&quot;:&quot;0&quot;,&quot;title&quot;:&quot;&quot;,&quot;orientation&quot;:&quot;0&quot;}\" data-image-title=\"IMG-20200517-WA0023\" data-image-description=\"\" data-image-caption=\"\" data-large-file=\"https:\/\/i0.wp.com\/cloud.alqueria.es\/wp-content\/uploads\/sites\/8\/2020\/05\/IMG-20200517-WA0023.jpg?fit=474%2C356&amp;ssl=1\" class=\"aligncenter size-large wp-image-26047\" src=\"https:\/\/i0.wp.com\/cloud.alqueria.es\/wp-content\/uploads\/sites\/8\/2020\/05\/IMG-20200517-WA0023.jpg?resize=474%2C356&#038;ssl=1\" alt=\"\" width=\"474\" height=\"356\" srcset=\"https:\/\/cloud.alqueria.es\/wp-content\/uploads\/sites\/8\/2020\/05\/IMG-20200517-WA0023.jpg 1024w, https:\/\/cloud.alqueria.es\/wp-content\/uploads\/sites\/8\/2020\/05\/IMG-20200517-WA0023.jpg 300w, https:\/\/cloud.alqueria.es\/wp-content\/uploads\/sites\/8\/2020\/05\/IMG-20200517-WA0023.jpg 768w, https:\/\/cloud.alqueria.es\/wp-content\/uploads\/sites\/8\/2020\/05\/IMG-20200517-WA0023.jpg 948w\" sizes=\"(max-width: 474px) 100vw, 474px\" \/><\/p>\n<p><strong><span style=\"color: #000000\">Os animo a que me envi\u00e9is los vuestros, los espero con mucha ilusi\u00f3n. A Charito les van a encantar.<\/span><\/strong><\/p>\n<p><span style=\"color: #000000\"><strong>Terminamos la propuesta de la Granja con dos animales por investigar EL CABALLO Y EL CERDO, de los que podemos obtener algunos productos alimenticios, a ver si sab\u00e9is cuales son, c\u00f3mo se llaman sus cr\u00edas y el sonido que realizan, d\u00f3nde suelen vivir&#8230;.<\/strong><\/span><\/p>\n<p><strong><span style=\"color: #000000\">Para finalizar os dejo mi v\u00eddeo en el que\u00a0 me he atrevido a cantaros una canci\u00f3n que ten\u00e9is que hacer conmigo:<\/span><\/strong><\/p>\n<p>&nbsp;<\/p>\n<p><div class=\"a25-CTUOC-hidding-box\" data-original-content=\"&lt;iframe loading=&quot;lazy&quot; title=&quot;&amp;quot;EL \u00c1RBOL DE LA MONTA\u00d1A&amp;quot;&quot; src=&quot;https:\/\/player.vimeo.com\/video\/419588263?dnt=1&amp;amp;app_id=122963&quot; width=&quot;474&quot; height=&quot;474&quot; frameborder=&quot;0&quot; allow=&quot;autoplay; fullscreen; picture-in-picture; clipboard-write&quot;&gt;&lt;\/iframe&gt;\">Esta p\u00e1gina incluye contenido multimedia que requiere aceptar todas las cookies. Pulse aqu\u00ed para abrir la configuraci\u00f3n de cookies.<\/div><\/p>\n<p>Familias hoy os enviar\u00e9 por correo unos n\u00fameros para ma\u00f1ana poder jugar en la clase de zoom.<\/p>\n<p>\u00a1\u00a1Que pas\u00e9is buen d\u00eda!!<\/p>\n<p>Carmen<\/p>\n<p>&nbsp;<\/p>\n","protected":false},"excerpt":{"rendered":"<p>Buenos d\u00edas mis ni\u00f1os y ni\u00f1as, Ya estamos de nuevo aqu\u00ed con ganas de ponernos en acci\u00f3n con nuevas propuestas y actividades. \u00bfQu\u00e9 tal el fin de semana? Hemos tenido de todo: lluvia, sol, nubes&#8230;pero seguimos adelante con ilusi\u00f3n y ya nos queda menos para poder estar con todos nuestros familiares y amigos. Ayer se &hellip; <a href=\"https:\/\/www.alqueria.es\/blogs\/alqueriarojaverde\/2020\/05\/18\/finalizamos-propuesta\/\" class=\"more-link\">Seguir leyendo <span class=\"screen-reader-text\">FINALIZAMOS PROPUESTA<\/span> <span class=\"meta-nav\">&rarr;<\/span><\/a><\/p>\n","protected":false},"author":19,"featured_media":0,"comment_status":"open","ping_status":"open","sticky":false,"template":"","format":"standard","meta":{"jetpack_post_was_ever_published":false,"_jetpack_newsletter_access":"","_jetpack_dont_email_post_to_subs":false,"_jetpack_newsletter_tier_id":0,"_jetpack_memberships_contains_paywalled_content":false,"_jetpack_memberships_contains_paid_content":false,"footnotes":"","jetpack_publicize_message":"","jetpack_publicize_feature_enabled":true,"jetpack_social_post_already_shared":true,"jetpack_social_options":{"image_generator_settings":{"template":"highway","default_image_id":0,"font":"","enabled":false},"version":2}},"categories":[6],"tags":[130,922,908,897],"class_list":["post-26026","post","type-post","status-publish","format-standard","hentry","category-clase-roja-4-5-anos","tag-alfabetizacion","tag-dia-mundial-del-reciclaje","tag-mural-de-granja","tag-nombre-propio"],"jetpack_publicize_connections":[],"jetpack_featured_media_url":"","jetpack_sharing_enabled":true,"jetpack_shortlink":"https:\/\/wp.me\/p4lFbP-6LM","_links":{"self":[{"href":"https:\/\/www.alqueria.es\/blogs\/alqueriarojaverde\/wp-json\/wp\/v2\/posts\/26026","targetHints":{"allow":["GET"]}}],"collection":[{"href":"https:\/\/www.alqueria.es\/blogs\/alqueriarojaverde\/wp-json\/wp\/v2\/posts"}],"about":[{"href":"https:\/\/www.alqueria.es\/blogs\/alqueriarojaverde\/wp-json\/wp\/v2\/types\/post"}],"author":[{"embeddable":true,"href":"https:\/\/www.alqueria.es\/blogs\/alqueriarojaverde\/wp-json\/wp\/v2\/users\/19"}],"replies":[{"embeddable":true,"href":"https:\/\/www.alqueria.es\/blogs\/alqueriarojaverde\/wp-json\/wp\/v2\/comments?post=26026"}],"version-history":[{"count":7,"href":"https:\/\/www.alqueria.es\/blogs\/alqueriarojaverde\/wp-json\/wp\/v2\/posts\/26026\/revisions"}],"predecessor-version":[{"id":26056,"href":"https:\/\/www.alqueria.es\/blogs\/alqueriarojaverde\/wp-json\/wp\/v2\/posts\/26026\/revisions\/26056"}],"wp:attachment":[{"href":"https:\/\/www.alqueria.es\/blogs\/alqueriarojaverde\/wp-json\/wp\/v2\/media?parent=26026"}],"wp:term":[{"taxonomy":"category","embeddable":true,"href":"https:\/\/www.alqueria.es\/blogs\/alqueriarojaverde\/wp-json\/wp\/v2\/categories?post=26026"},{"taxonomy":"post_tag","embeddable":true,"href":"https:\/\/www.alqueria.es\/blogs\/alqueriarojaverde\/wp-json\/wp\/v2\/tags?post=26026"}],"curies":[{"name":"wp","href":"https:\/\/api.w.org\/{rel}","templated":true}]}}