{"id":26106,"date":"2020-05-22T10:13:57","date_gmt":"2020-05-22T08:13:57","guid":{"rendered":"http:\/\/www.alqueria.es\/blogs\/alqueriarojaverde\/?p=26106"},"modified":"2020-05-22T10:13:57","modified_gmt":"2020-05-22T08:13:57","slug":"cuidamos-el-medioambiente-y-nuestro-cuerpo","status":"publish","type":"post","link":"https:\/\/www.alqueria.es\/blogs\/alqueriarojaverde\/2020\/05\/22\/cuidamos-el-medioambiente-y-nuestro-cuerpo\/","title":{"rendered":"CUIDAMOS EL MEDIOAMBIENTE Y NUESTRO CUERPO"},"content":{"rendered":"<p><img data-recalc-dims=\"1\" decoding=\"async\" data-attachment-id=\"26133\" data-permalink=\"https:\/\/www.alqueria.es\/blogs\/alqueriarojaverde\/2020\/05\/22\/cuidamos-el-medioambiente-y-nuestro-cuerpo\/holaviernes15\/\" data-orig-file=\"https:\/\/i0.wp.com\/cloud.alqueria.es\/wp-content\/uploads\/sites\/8\/2020\/05\/HolaViernes15.jpg?fit=236%2C236&amp;ssl=1\" data-orig-size=\"236,236\" data-comments-opened=\"1\" data-image-meta=\"{&quot;aperture&quot;:&quot;0&quot;,&quot;credit&quot;:&quot;&quot;,&quot;camera&quot;:&quot;&quot;,&quot;caption&quot;:&quot;&quot;,&quot;created_timestamp&quot;:&quot;0&quot;,&quot;copyright&quot;:&quot;&quot;,&quot;focal_length&quot;:&quot;0&quot;,&quot;iso&quot;:&quot;0&quot;,&quot;shutter_speed&quot;:&quot;0&quot;,&quot;title&quot;:&quot;&quot;,&quot;orientation&quot;:&quot;0&quot;}\" data-image-title=\"HolaViernes15\" data-image-description=\"\" data-image-caption=\"\" data-large-file=\"https:\/\/i0.wp.com\/cloud.alqueria.es\/wp-content\/uploads\/sites\/8\/2020\/05\/HolaViernes15.jpg?fit=236%2C236&amp;ssl=1\" class=\"alignright size-full wp-image-26133\" src=\"https:\/\/i0.wp.com\/cloud.alqueria.es\/wp-content\/uploads\/sites\/8\/2020\/05\/HolaViernes15.jpg?resize=236%2C236&#038;ssl=1\" alt=\"\" width=\"236\" height=\"236\" srcset=\"https:\/\/cloud.alqueria.es\/wp-content\/uploads\/sites\/8\/2020\/05\/HolaViernes15.jpg 236w, https:\/\/cloud.alqueria.es\/wp-content\/uploads\/sites\/8\/2020\/05\/HolaViernes15.jpg 150w\" sizes=\"(max-width: 236px) 100vw, 236px\" \/><em><span style=\"color: #008000\"><b>Buenos d\u00edas chicos y chicas<\/b>, <\/span><strong>\u00bfqu\u00e9 tal os hab\u00e9is levantado hoy?<\/strong> <\/em><\/p>\n<p>Yo he comenzado la ma\u00f1ana con un poquito de ejercicio, realizando algunos estiramientos y posturas de Pilates, que me sientan fenomenal. Luego he tomado un desayuno completo y saludable, que he decidido saborear tranquilamente (como en esa pr\u00e1ctica de Mindfulness que hicimos con la mandarina).<\/p>\n<p>Os cuento todo esto, porque ayer en nuestra sesi\u00f3n de Zoom acordamos que nuestro <em><strong><span style=\"color: #ff6600\">pr\u00f3ximo tema para disfrutar aprendiendo ser\u00e1 el cuerpo humano<\/span><\/strong><\/em>. En relaci\u00f3n a los <span style=\"color: #ff6600\">buenos h\u00e1bitos de alimentaci\u00f3n y tambi\u00e9n a todas aquellas acciones que favorecen gozar de buena salud.<\/span> As\u00ed que os propongo que este fin de semana os fij\u00e9is bien en aquellas cosas que hac\u00e9is de manera cotidiana y que pueden ser beneficiosas para vuestra salud y tambi\u00e9n en aquellas otras que no lo son tanto, para as\u00ed poder profundizar sobre ello. Como siempre, si me lo escrib\u00eds a trav\u00e9s de los comentarios del blog, nos iremos enriqueciendo unos de otros.<\/p>\n<p>Os dejo la presentaci\u00f3n con todos vuestros trabajos de investigaci\u00f3n en torno a los animales de granja<em><strong><span style=\"color: #008000\"> \u00a1vaya grupo tengo, yuhu!<\/span><\/strong><\/em><\/p>\n<p><a href=\"https:\/\/prezi.com\/embed\/lssubssuljiv\/?bgcolor=ffffff&amp;lock_to_path=0&amp;autoplay=0&amp;autohide_ctrls=0&amp;landing_data=bHVZZmNaNDBIWnNjdEVENDRhZDFNZGNIUE43MHdLNWpsdFJLb2ZHanI0c3YwaDVMNFJSQXkvOGxoelZZZGxuYnN3PT0&amp;landing_sign=V05csCIndICYb5EyZyt1bJeeZhkunw_15GZ4vf_PRPg&quot;&gt;\"><img data-recalc-dims=\"1\" decoding=\"async\" data-attachment-id=\"26131\" data-permalink=\"https:\/\/www.alqueria.es\/blogs\/alqueriarojaverde\/2020\/05\/22\/cuidamos-el-medioambiente-y-nuestro-cuerpo\/captura-de-pantalla-2020-05-21-a-las-17-52-26\/\" data-orig-file=\"https:\/\/i0.wp.com\/cloud.alqueria.es\/wp-content\/uploads\/sites\/8\/2020\/05\/Captura-de-pantalla-2020-05-21-a-las-17.52.26.jpg?fit=1024%2C685&amp;ssl=1\" data-orig-size=\"1024,685\" data-comments-opened=\"1\" data-image-meta=\"{&quot;aperture&quot;:&quot;0&quot;,&quot;credit&quot;:&quot;&quot;,&quot;camera&quot;:&quot;&quot;,&quot;caption&quot;:&quot;&quot;,&quot;created_timestamp&quot;:&quot;0&quot;,&quot;copyright&quot;:&quot;&quot;,&quot;focal_length&quot;:&quot;0&quot;,&quot;iso&quot;:&quot;0&quot;,&quot;shutter_speed&quot;:&quot;0&quot;,&quot;title&quot;:&quot;&quot;,&quot;orientation&quot;:&quot;0&quot;}\" data-image-title=\"Captura de pantalla 2020-05-21 a las 17.52.26\" data-image-description=\"\" data-image-caption=\"\" data-large-file=\"https:\/\/i0.wp.com\/cloud.alqueria.es\/wp-content\/uploads\/sites\/8\/2020\/05\/Captura-de-pantalla-2020-05-21-a-las-17.52.26.jpg?fit=474%2C317&amp;ssl=1\" class=\"aligncenter size-full wp-image-26131\" src=\"https:\/\/i0.wp.com\/cloud.alqueria.es\/wp-content\/uploads\/sites\/8\/2020\/05\/Captura-de-pantalla-2020-05-21-a-las-17.52.26.jpg?resize=474%2C317&#038;ssl=1\" alt=\"\" width=\"474\" height=\"317\" srcset=\"https:\/\/cloud.alqueria.es\/wp-content\/uploads\/sites\/8\/2020\/05\/Captura-de-pantalla-2020-05-21-a-las-17.52.26.jpg 1024w, https:\/\/cloud.alqueria.es\/wp-content\/uploads\/sites\/8\/2020\/05\/Captura-de-pantalla-2020-05-21-a-las-17.52.26.jpg 300w, https:\/\/cloud.alqueria.es\/wp-content\/uploads\/sites\/8\/2020\/05\/Captura-de-pantalla-2020-05-21-a-las-17.52.26.jpg 768w, https:\/\/cloud.alqueria.es\/wp-content\/uploads\/sites\/8\/2020\/05\/Captura-de-pantalla-2020-05-21-a-las-17.52.26.jpg 948w\" sizes=\"(max-width: 474px) 100vw, 474px\" \/><\/a><\/p>\n<p><img data-recalc-dims=\"1\" decoding=\"async\" data-attachment-id=\"26134\" data-permalink=\"https:\/\/www.alqueria.es\/blogs\/alqueriarojaverde\/2020\/05\/22\/cuidamos-el-medioambiente-y-nuestro-cuerpo\/dia-mundial-del-reciclaje\/\" data-orig-file=\"https:\/\/i0.wp.com\/cloud.alqueria.es\/wp-content\/uploads\/sites\/8\/2020\/05\/di%CC%81a-mundial-del-reciclaje.jpeg?fit=330%2C153&amp;ssl=1\" data-orig-size=\"330,153\" data-comments-opened=\"1\" data-image-meta=\"{&quot;aperture&quot;:&quot;0&quot;,&quot;credit&quot;:&quot;&quot;,&quot;camera&quot;:&quot;&quot;,&quot;caption&quot;:&quot;&quot;,&quot;created_timestamp&quot;:&quot;0&quot;,&quot;copyright&quot;:&quot;&quot;,&quot;focal_length&quot;:&quot;0&quot;,&quot;iso&quot;:&quot;0&quot;,&quot;shutter_speed&quot;:&quot;0&quot;,&quot;title&quot;:&quot;&quot;,&quot;orientation&quot;:&quot;0&quot;}\" data-image-title=\"di\u0301a mundial del reciclaje\" data-image-description=\"\" data-image-caption=\"\" data-large-file=\"https:\/\/i0.wp.com\/cloud.alqueria.es\/wp-content\/uploads\/sites\/8\/2020\/05\/di%CC%81a-mundial-del-reciclaje.jpeg?fit=330%2C153&amp;ssl=1\" class=\"alignleft size-medium wp-image-26134\" src=\"https:\/\/i0.wp.com\/cloud.alqueria.es\/wp-content\/uploads\/sites\/8\/2020\/05\/di%CC%81a-mundial-del-reciclaje-300x139.jpeg?resize=300%2C139&#038;ssl=1\" alt=\"\" width=\"300\" height=\"139\" srcset=\"https:\/\/cloud.alqueria.es\/wp-content\/uploads\/sites\/8\/2020\/05\/di%CC%81a-mundial-del-reciclaje.jpeg 300w, https:\/\/cloud.alqueria.es\/wp-content\/uploads\/sites\/8\/2020\/05\/di%CC%81a-mundial-del-reciclaje.jpeg 330w\" sizes=\"(max-width: 300px) 100vw, 300px\" \/>Para cerrar la propuesta de la granja, se me ha ocurrido que os gustar\u00eda aprender c\u00f3mo <em><strong><span style=\"color: #993300\">hacer papel reciclado.<\/span><\/strong><\/em><\/p>\n<p>Es un taller creativo muy sencillo que ofrece un resultado precioso y adem\u00e1s asegura que cada creaci\u00f3n sea diferente. Esta actividad ser\u00eda una de las que hubi\u00e9semos disfrutado en Parapanda y adem\u00e1s la podemos relacionar con la celebraci\u00f3n del d\u00eda mundial del reciclaje, que ha tenido lugar hace poquitos d\u00edas. As\u00ed que os dejo este v\u00eddeo para que ve\u00e1is lo f\u00e1cil que es.<\/p>\n<p><div class=\"a25-CTUOC-hidding-box\" data-original-content=\"&lt;iframe loading=&quot;lazy&quot; title=&quot;PAPEL RECICLADO. D\u00eda mundial del reciclaje&quot; src=&quot;https:\/\/player.vimeo.com\/video\/421432151?dnt=1&amp;amp;app_id=122963&quot; width=&quot;474&quot; height=&quot;267&quot; frameborder=&quot;0&quot; allow=&quot;autoplay; fullscreen; picture-in-picture; clipboard-write&quot;&gt;&lt;\/iframe&gt;\">Esta p\u00e1gina incluye contenido multimedia que requiere aceptar todas las cookies. Pulse aqu\u00ed para abrir la configuraci\u00f3n de cookies.<\/div><\/p>\n<p>Como recordar\u00e9is, en nuestro cole tenemos muy presente el <strong><span style=\"color: #008000\">cuidado al medioambiente<\/span><\/strong> y es algo en lo que estamos muy concienciados. Separar residuos, reutilizar materiales y reducir el gasto energ\u00e9tico, por ejemplo, son aspectos que revisamos cada d\u00eda. <span style=\"color: #008000\"><em><strong>\u00bfOs acord\u00e1is de la patrulla verde?\u00a0<\/strong><\/em><\/span><span style=\"color: #333333\">Esto de tener un cole en plena la vega de Granada, nos ofrece posibilidades inigualables para disfrutar de la naturaleza, aprender de ella y cuidarla.<\/span><\/p>\n<p>A lo largo de los dos \u00faltimos cursos hemos puesto bastante \u00e9nfasis en muchos de los contenidos asociados a este tema, de modo que hoy os dejo unos cap\u00edtulos de <strong>dibujos animados<\/strong> que aluden al tema de <span style=\"color: #008000\">c\u00f3mo se fabrica el papel<\/span> y de la <span style=\"color: #008000\">importancia de reciclar<\/span>.<\/p>\n<p>Uno de los personajes, ya ver\u00e9is que es algo cascarrabias y tiene una forma de dirigirse a las personas&#8230; que no es muy adecuada. En el fondo se ve que posee un buen coraz\u00f3n, pero igual le har\u00eda falta venirse a la clase verde a que le ense\u00f1emos a gestionar un poquito el respeto, las emociones y todas esas cosas en las que vosotros hab\u00e9is avanzado tanto.<\/p>\n<p><span class=\"embed-youtube\" style=\"text-align:center; display: block;\"><div class=\"a25-CTUOC-hidding-box\" data-original-content=\"&lt;iframe loading=&quot;lazy&quot; class=&quot;youtube-player&quot; width=&quot;474&quot; height=&quot;267&quot; src=&quot;https:\/\/www.youtube.com\/embed\/pbhBhygvXeA?version=3&amp;#038;rel=1&amp;#038;showsearch=0&amp;#038;showinfo=1&amp;#038;iv_load_policy=1&amp;#038;fs=1&amp;#038;hl=es-ES&amp;#038;autohide=2&amp;#038;wmode=transparent&quot; allowfullscreen=&quot;true&quot; style=&quot;border:0;&quot; sandbox=&quot;allow-scripts allow-same-origin allow-popups allow-presentation allow-popups-to-escape-sandbox&quot;&gt;&lt;\/iframe&gt;\">Esta p\u00e1gina incluye contenido multimedia que requiere aceptar todas las cookies. Pulse aqu\u00ed para abrir la configuraci\u00f3n de cookies.<\/div><\/span><\/p>\n<p><span class=\"embed-youtube\" style=\"text-align:center; display: block;\"><div class=\"a25-CTUOC-hidding-box\" data-original-content=\"&lt;iframe loading=&quot;lazy&quot; class=&quot;youtube-player&quot; width=&quot;474&quot; height=&quot;267&quot; src=&quot;https:\/\/www.youtube.com\/embed\/vS7Um6CxL7I?version=3&amp;#038;rel=1&amp;#038;showsearch=0&amp;#038;showinfo=1&amp;#038;iv_load_policy=1&amp;#038;fs=1&amp;#038;hl=es-ES&amp;#038;autohide=2&amp;#038;wmode=transparent&quot; allowfullscreen=&quot;true&quot; style=&quot;border:0;&quot; sandbox=&quot;allow-scripts allow-same-origin allow-popups allow-presentation allow-popups-to-escape-sandbox&quot;&gt;&lt;\/iframe&gt;\">Esta p\u00e1gina incluye contenido multimedia que requiere aceptar todas las cookies. Pulse aqu\u00ed para abrir la configuraci\u00f3n de cookies.<\/div><\/span><\/p>\n<p><em><span style=\"color: #ff0000\"><strong>P.D:<\/strong> Estar\u00eda muy chuli que os hicieseis fotos en vuestros paseos, seguro que entr\u00e1is en contacto con la naturaleza, practic\u00e1is h\u00e1bitos saludables y realiz\u00e1is ejercicio f\u00edsico. \u00a1Qu\u00e9 mejor forma de comenzar con la siguiente propuesta!<\/span><\/em><\/p>\n<p><em><strong>\u00a1Pasad un estupendo fin de semana!,<\/strong><\/em><\/p>\n<p>Esther Justicia.<\/p>\n<p>&nbsp;<\/p>\n<p>&nbsp;<\/p>\n<p>&nbsp;<\/p>\n","protected":false},"excerpt":{"rendered":"<p>Buenos d\u00edas chicos y chicas, \u00bfqu\u00e9 tal os hab\u00e9is levantado hoy? Yo he comenzado la ma\u00f1ana con un poquito de ejercicio, realizando algunos estiramientos y posturas de Pilates, que me sientan fenomenal. Luego he tomado un desayuno completo y saludable, que he decidido saborear tranquilamente (como en esa pr\u00e1ctica de Mindfulness que hicimos con la &hellip; <a href=\"https:\/\/www.alqueria.es\/blogs\/alqueriarojaverde\/2020\/05\/22\/cuidamos-el-medioambiente-y-nuestro-cuerpo\/\" class=\"more-link\">Seguir leyendo <span class=\"screen-reader-text\">CUIDAMOS EL MEDIOAMBIENTE Y NUESTRO CUERPO<\/span> <span class=\"meta-nav\">&rarr;<\/span><\/a><\/p>\n","protected":false},"author":19,"featured_media":0,"comment_status":"open","ping_status":"open","sticky":false,"template":"","format":"standard","meta":{"jetpack_post_was_ever_published":false,"_jetpack_newsletter_access":"","_jetpack_dont_email_post_to_subs":false,"_jetpack_newsletter_tier_id":0,"_jetpack_memberships_contains_paywalled_content":false,"_jetpack_memberships_contains_paid_content":false,"footnotes":"","jetpack_publicize_message":"","jetpack_publicize_feature_enabled":true,"jetpack_social_post_already_shared":true,"jetpack_social_options":{"image_generator_settings":{"template":"highway","default_image_id":0,"font":"","enabled":false},"version":2}},"categories":[7,13],"tags":[937,938],"class_list":["post-26106","post","type-post","status-publish","format-standard","hentry","category-clase-verde-5-6-anos","category-inicio","tag-como-hacer-papel-reciclado","tag-el-reciclaje-para-ninos"],"jetpack_publicize_connections":[],"jetpack_featured_media_url":"","jetpack_sharing_enabled":true,"jetpack_shortlink":"https:\/\/wp.me\/p4lFbP-6N4","_links":{"self":[{"href":"https:\/\/www.alqueria.es\/blogs\/alqueriarojaverde\/wp-json\/wp\/v2\/posts\/26106","targetHints":{"allow":["GET"]}}],"collection":[{"href":"https:\/\/www.alqueria.es\/blogs\/alqueriarojaverde\/wp-json\/wp\/v2\/posts"}],"about":[{"href":"https:\/\/www.alqueria.es\/blogs\/alqueriarojaverde\/wp-json\/wp\/v2\/types\/post"}],"author":[{"embeddable":true,"href":"https:\/\/www.alqueria.es\/blogs\/alqueriarojaverde\/wp-json\/wp\/v2\/users\/19"}],"replies":[{"embeddable":true,"href":"https:\/\/www.alqueria.es\/blogs\/alqueriarojaverde\/wp-json\/wp\/v2\/comments?post=26106"}],"version-history":[{"count":12,"href":"https:\/\/www.alqueria.es\/blogs\/alqueriarojaverde\/wp-json\/wp\/v2\/posts\/26106\/revisions"}],"predecessor-version":[{"id":26149,"href":"https:\/\/www.alqueria.es\/blogs\/alqueriarojaverde\/wp-json\/wp\/v2\/posts\/26106\/revisions\/26149"}],"wp:attachment":[{"href":"https:\/\/www.alqueria.es\/blogs\/alqueriarojaverde\/wp-json\/wp\/v2\/media?parent=26106"}],"wp:term":[{"taxonomy":"category","embeddable":true,"href":"https:\/\/www.alqueria.es\/blogs\/alqueriarojaverde\/wp-json\/wp\/v2\/categories?post=26106"},{"taxonomy":"post_tag","embeddable":true,"href":"https:\/\/www.alqueria.es\/blogs\/alqueriarojaverde\/wp-json\/wp\/v2\/tags?post=26106"}],"curies":[{"name":"wp","href":"https:\/\/api.w.org\/{rel}","templated":true}]}}