{"id":26190,"date":"2020-05-28T09:26:04","date_gmt":"2020-05-28T07:26:04","guid":{"rendered":"http:\/\/www.alqueria.es\/blogs\/alqueriarojaverde\/?p=26190"},"modified":"2020-05-28T09:26:04","modified_gmt":"2020-05-28T07:26:04","slug":"trabajamos-la-motricidad-fina","status":"publish","type":"post","link":"https:\/\/www.alqueria.es\/blogs\/alqueriarojaverde\/2020\/05\/28\/trabajamos-la-motricidad-fina\/","title":{"rendered":"TRABAJAMOS LA MOTRICIDAD FINA"},"content":{"rendered":"<p><strong><span style=\"color: #000000\">Hola mis rojitos, \u00bfQu\u00e9 tal llev\u00e1is la semana? Espero que est\u00e9is disfrutando con las actividades al aire libre y con las propuestas que vamos proponiendo cada d\u00eda.<\/span><\/strong><\/p>\n<p>Hoy vamos a dedicar esta entrada a nuestro Taller creativo en el que vamos a trabajar la <strong><span style=\"color: #000000\">motricidad fina<\/span> <\/strong>tan importante en estas edades. Son \u00a0movimientos del cuerpo que requieren m\u00e1s destreza, precisi\u00f3n y habilidad que ning\u00fan otro tipo de movimiento, ya que necesitan mayor dominio y control, especialmente de manos y brazos. El desarrollo de la pinza digital de movimientos finos es lo que facilitar\u00e1, m\u00e1s adelante, <strong>la grafomotricidad<\/strong>.<\/p>\n<p>Cabe destacar dentro de la motricidad fina la destreza de las manos, la coordinaci\u00f3n visual y manual, sumado a la destreza de los dedos.<\/p>\n<p>El taller que nos propone Charito es una actividad en la que pueden poner en pr\u00e1ctica la parte de motricidad fina que ellos han alcanzado hasta el momento:<\/p>\n<p><span style=\"color: #000080\"><em>Hola rojitos y familias,<\/em><\/span><\/p>\n<p><span style=\"color: #000080\"><em>Como una de las actividades m\u00e1s bonitas y principales de vuestra clase son las <strong>PROFESIONES<\/strong> se me ha ocurrido una muy antigua que se lleva realizando desde hace\u00a0 miles de a\u00f1os como es la de <strong>\u00abTEJER\u00bb,<\/strong> que no es lo mismo que coser, es hacer telas, alfombras, mantas y ropa por ejemplo. Se hac\u00edan con grandes telares y lanas de la oveja. En la actualidad ya se utilizan m\u00e1quinas robot.<\/em><\/span><\/p>\n<p><span style=\"color: #000080\"><em><img data-recalc-dims=\"1\" decoding=\"async\" data-attachment-id=\"26251\" data-permalink=\"https:\/\/www.alqueria.es\/blogs\/alqueriarojaverde\/2020\/05\/28\/trabajamos-la-motricidad-fina\/tejer-rojos\/\" data-orig-file=\"https:\/\/i0.wp.com\/cloud.alqueria.es\/wp-content\/uploads\/sites\/8\/2020\/05\/tejer-rojos.jpg?fit=236%2C314&amp;ssl=1\" data-orig-size=\"236,314\" data-comments-opened=\"1\" data-image-meta=\"{&quot;aperture&quot;:&quot;0&quot;,&quot;credit&quot;:&quot;&quot;,&quot;camera&quot;:&quot;&quot;,&quot;caption&quot;:&quot;&quot;,&quot;created_timestamp&quot;:&quot;0&quot;,&quot;copyright&quot;:&quot;&quot;,&quot;focal_length&quot;:&quot;0&quot;,&quot;iso&quot;:&quot;0&quot;,&quot;shutter_speed&quot;:&quot;0&quot;,&quot;title&quot;:&quot;&quot;,&quot;orientation&quot;:&quot;0&quot;}\" data-image-title=\"tejer rojos\" data-image-description=\"\" data-image-caption=\"\" data-large-file=\"https:\/\/i0.wp.com\/cloud.alqueria.es\/wp-content\/uploads\/sites\/8\/2020\/05\/tejer-rojos.jpg?fit=236%2C314&amp;ssl=1\" class=\"alignleft size-full wp-image-26251\" src=\"https:\/\/i0.wp.com\/cloud.alqueria.es\/wp-content\/uploads\/sites\/8\/2020\/05\/tejer-rojos.jpg?resize=236%2C314&#038;ssl=1\" alt=\"\" width=\"236\" height=\"314\" srcset=\"https:\/\/cloud.alqueria.es\/wp-content\/uploads\/sites\/8\/2020\/05\/tejer-rojos.jpg 236w, https:\/\/cloud.alqueria.es\/wp-content\/uploads\/sites\/8\/2020\/05\/tejer-rojos.jpg 225w\" sizes=\"(max-width: 236px) 100vw, 236px\" \/>Nosotros vamos a aprender con papeles o cartulinas, mejor estas ultimas ya que ser\u00e1 un poco m\u00e1s f\u00e1cil. Como veis en las im\u00e1genes, pod\u00e9is hacerlo de muchas maneras.<\/em><\/span><\/p>\n<p><span style=\"color: #000080\"><em>El primer paso es conseguir la pieza principal. Una cartulina que dobl\u00e1is por la mitad y con las tijeras vais cortando en tiras pero no hasta el final. Y otra del mismo tama\u00f1o y de otro color, que s\u00ed cort\u00e1is tiras completas. <\/em><\/span><\/p>\n<p><em><span style=\"color: #000080\">Si necesit\u00e1is ayuda ped\u00edrsela a un mayor. Si las tiras son de colorines mucho mas bonito y si decid\u00eds colorearlas vosotros\u00a0 todav\u00eda mejor. En el caso que os decid\u00e1is hacer la de las serpientes fijaros en la imagen que es muy sencilla de hacer tambi\u00e9n.<\/span><\/em><\/p>\n<div class=\"tiled-gallery type-rectangular tiled-gallery-unresized\" data-original-width=\"474\" data-carousel-extra='{&quot;blog_id&quot;:8,&quot;permalink&quot;:&quot;https:\\\/\\\/www.alqueria.es\\\/blogs\\\/alqueriarojaverde\\\/2020\\\/05\\\/28\\\/trabajamos-la-motricidad-fina\\\/&quot;,&quot;likes_blog_id&quot;:64268569}' itemscope itemtype=\"http:\/\/schema.org\/ImageGallery\" > <div class=\"gallery-row\" style=\"width: 474px; height: 219px;\" data-original-width=\"474\" data-original-height=\"219\" > <div class=\"gallery-group images-1\" style=\"width: 255px; height: 219px;\" data-original-width=\"255\" data-original-height=\"219\" > <div class=\"tiled-gallery-item tiled-gallery-item-large\" itemprop=\"associatedMedia\" itemscope itemtype=\"http:\/\/schema.org\/ImageObject\"> <a href=\"https:\/\/www.alqueria.es\/blogs\/alqueriarojaverde\/2020\/05\/28\/trabajamos-la-motricidad-fina\/tejer-rojos-3\/\" border=\"0\" itemprop=\"url\"> <meta itemprop=\"width\" content=\"251\"> <meta itemprop=\"height\" content=\"215\"> <img decoding=\"async\" class=\"\" data-attachment-id=\"26249\" data-orig-file=\"https:\/\/cloud.alqueria.es\/wp-content\/uploads\/sites\/8\/2020\/05\/tejer-rojos-3.jpg\" data-orig-size=\"236,203\" data-comments-opened=\"1\" data-image-meta=\"{&quot;aperture&quot;:&quot;0&quot;,&quot;credit&quot;:&quot;&quot;,&quot;camera&quot;:&quot;&quot;,&quot;caption&quot;:&quot;&quot;,&quot;created_timestamp&quot;:&quot;0&quot;,&quot;copyright&quot;:&quot;&quot;,&quot;focal_length&quot;:&quot;0&quot;,&quot;iso&quot;:&quot;0&quot;,&quot;shutter_speed&quot;:&quot;0&quot;,&quot;title&quot;:&quot;&quot;,&quot;orientation&quot;:&quot;0&quot;}\" data-image-title=\"tejer rojos 3\" data-image-description=\"\" data-medium-file=\"https:\/\/i0.wp.com\/cloud.alqueria.es\/wp-content\/uploads\/sites\/8\/2020\/05\/tejer-rojos-3.jpg?fit=236%2C203&#038;ssl=1\" data-large-file=\"https:\/\/i0.wp.com\/cloud.alqueria.es\/wp-content\/uploads\/sites\/8\/2020\/05\/tejer-rojos-3.jpg?fit=236%2C203&#038;ssl=1\" src=\"https:\/\/i0.wp.com\/cloud.alqueria.es\/wp-content\/uploads\/sites\/8\/2020\/05\/tejer-rojos-3.jpg?w=251&#038;h=215&#038;ssl=1\" width=\"251\" height=\"215\" loading=\"lazy\" data-original-width=\"251\" data-original-height=\"215\" itemprop=\"http:\/\/schema.org\/image\" title=\"tejer rojos 3\" alt=\"tejer rojos 3\" style=\"width: 251px; height: 215px;\" \/> <\/a> <\/div> <\/div> <!-- close group --> <div class=\"gallery-group images-1\" style=\"width: 219px; height: 219px;\" data-original-width=\"219\" data-original-height=\"219\" > <div class=\"tiled-gallery-item tiled-gallery-item-small\" itemprop=\"associatedMedia\" itemscope itemtype=\"http:\/\/schema.org\/ImageObject\"> <a href=\"https:\/\/www.alqueria.es\/blogs\/alqueriarojaverde\/2020\/05\/28\/trabajamos-la-motricidad-fina\/tejer-rojos-2\/\" border=\"0\" itemprop=\"url\"> <meta itemprop=\"width\" content=\"215\"> <meta itemprop=\"height\" content=\"215\"> <img decoding=\"async\" class=\"\" data-attachment-id=\"26248\" data-orig-file=\"https:\/\/cloud.alqueria.es\/wp-content\/uploads\/sites\/8\/2020\/05\/tejer-rojos-2.jpg\" data-orig-size=\"236,236\" data-comments-opened=\"1\" data-image-meta=\"{&quot;aperture&quot;:&quot;0&quot;,&quot;credit&quot;:&quot;&quot;,&quot;camera&quot;:&quot;&quot;,&quot;caption&quot;:&quot;&quot;,&quot;created_timestamp&quot;:&quot;0&quot;,&quot;copyright&quot;:&quot;&quot;,&quot;focal_length&quot;:&quot;0&quot;,&quot;iso&quot;:&quot;0&quot;,&quot;shutter_speed&quot;:&quot;0&quot;,&quot;title&quot;:&quot;&quot;,&quot;orientation&quot;:&quot;0&quot;}\" data-image-title=\"tejer rojos 2\" data-image-description=\"\" data-medium-file=\"https:\/\/i0.wp.com\/cloud.alqueria.es\/wp-content\/uploads\/sites\/8\/2020\/05\/tejer-rojos-2.jpg?fit=236%2C236&#038;ssl=1\" data-large-file=\"https:\/\/i0.wp.com\/cloud.alqueria.es\/wp-content\/uploads\/sites\/8\/2020\/05\/tejer-rojos-2.jpg?fit=236%2C236&#038;ssl=1\" src=\"https:\/\/i0.wp.com\/cloud.alqueria.es\/wp-content\/uploads\/sites\/8\/2020\/05\/tejer-rojos-2.jpg?w=215&#038;h=215&#038;crop=1&#038;ssl=1\" srcset=\"https:\/\/cloud.alqueria.es\/wp-content\/uploads\/sites\/8\/2020\/05\/tejer-rojos-2.jpg 236w, https:\/\/cloud.alqueria.es\/wp-content\/uploads\/sites\/8\/2020\/05\/tejer-rojos-2.jpg 150w\" width=\"215\" height=\"215\" loading=\"lazy\" data-original-width=\"215\" data-original-height=\"215\" itemprop=\"http:\/\/schema.org\/image\" title=\"tejer rojos 2\" alt=\"tejer rojos 2\" style=\"width: 215px; height: 215px;\" \/> <\/a> <\/div> <\/div> <!-- close group --> <\/div> <!-- close row --> <\/div>\n<p><span style=\"color: #000080\"><em>Ten\u00e9is que poner mucha atenci\u00f3n, calma y paciencia al pasar las tiras por las rajas,\u00a0 ser\u00eda por una si, por otra no y as\u00ed hasta llegar al otro extremo. Ensaya y si te equivocas no pasa nada. Una vez las hayas metido todas, puedes pegar los extremos para que no se salgan.<\/em><\/span><\/p>\n<p><img data-recalc-dims=\"1\" decoding=\"async\" data-attachment-id=\"26250\" data-permalink=\"https:\/\/www.alqueria.es\/blogs\/alqueriarojaverde\/2020\/05\/28\/trabajamos-la-motricidad-fina\/tejer-rojos-4\/\" data-orig-file=\"https:\/\/i0.wp.com\/cloud.alqueria.es\/wp-content\/uploads\/sites\/8\/2020\/05\/tejer-rojos-4.jpg?fit=236%2C531&amp;ssl=1\" data-orig-size=\"236,531\" data-comments-opened=\"1\" data-image-meta=\"{&quot;aperture&quot;:&quot;0&quot;,&quot;credit&quot;:&quot;&quot;,&quot;camera&quot;:&quot;&quot;,&quot;caption&quot;:&quot;&quot;,&quot;created_timestamp&quot;:&quot;0&quot;,&quot;copyright&quot;:&quot;&quot;,&quot;focal_length&quot;:&quot;0&quot;,&quot;iso&quot;:&quot;0&quot;,&quot;shutter_speed&quot;:&quot;0&quot;,&quot;title&quot;:&quot;&quot;,&quot;orientation&quot;:&quot;0&quot;}\" data-image-title=\"tejer rojos 4\" data-image-description=\"\" data-image-caption=\"\" data-large-file=\"https:\/\/i0.wp.com\/cloud.alqueria.es\/wp-content\/uploads\/sites\/8\/2020\/05\/tejer-rojos-4.jpg?fit=236%2C531&amp;ssl=1\" class=\"aligncenter size-full wp-image-26250\" src=\"https:\/\/i0.wp.com\/cloud.alqueria.es\/wp-content\/uploads\/sites\/8\/2020\/05\/tejer-rojos-4.jpg?resize=236%2C531&#038;ssl=1\" alt=\"\" width=\"236\" height=\"531\" srcset=\"https:\/\/cloud.alqueria.es\/wp-content\/uploads\/sites\/8\/2020\/05\/tejer-rojos-4.jpg 236w, https:\/\/cloud.alqueria.es\/wp-content\/uploads\/sites\/8\/2020\/05\/tejer-rojos-4.jpg 133w\" sizes=\"(max-width: 236px) 100vw, 236px\" \/><\/p>\n<p><span style=\"color: #000080\"><em>Seguir trabajando tan bien y tan lindo como veo en vuestro blog.<\/em><\/span><\/p>\n<p><span style=\"color: #000080\"><em>Un besote muy fuerte para todos<\/em><\/span><\/p>\n<p><span style=\"color: #000080\"><em>Charito<\/em><\/span><\/p>\n<p><strong><span style=\"color: #000000\">\u00bfHab\u00e9is visto qu\u00e9 actividad m\u00e1s creativa y f\u00e1cil de realizar? Puede ser un dibujo como el del pez que servir\u00e1 par decorar vuestra habitaci\u00f3n.<\/span><\/strong><\/p>\n<p>Para cuando teng\u00e1is un ratito de tranquilidad y desacanso, me gustar\u00eda que vierais este corto tan entra\u00f1able<strong>\u00abHair Love\u00bb\u00a0<\/strong> en familia. Est\u00e1 lleno de emociones y significados y\u00a0 este a\u00f1o ha ganado un \u00d3scar\u00a0 al mejor cortometraje de animaci\u00f3n.<\/p>\n<p>Cuenta la historia de un adorable pap\u00e1 afroamericano que se enfrenta a la \u201cdif\u00edcil\u201d tarea de tener que peinar a su hija por primera vez y <strong>aborda los estereotipos negativos<\/strong>\u00a0que existen alrededor del pelo natural y de los padres de piel de color. Al mismo tiempo,\u00a0<em>Hair Love<\/em>\u00a0<strong>representa la belleza de una familia y de una mam\u00e1 que sobrevive al c\u00e1ncer.<\/strong><\/p>\n<p><span class=\"embed-youtube\" style=\"text-align:center; display: block;\"><div class=\"a25-CTUOC-hidding-box\" data-original-content=\"&lt;iframe loading=&quot;lazy&quot; class=&quot;youtube-player&quot; width=&quot;474&quot; height=&quot;267&quot; src=&quot;https:\/\/www.youtube.com\/embed\/kNw8V_Fkw28?version=3&amp;#038;rel=1&amp;#038;showsearch=0&amp;#038;showinfo=1&amp;#038;iv_load_policy=1&amp;#038;fs=1&amp;#038;hl=es-ES&amp;#038;autohide=2&amp;#038;wmode=transparent&quot; allowfullscreen=&quot;true&quot; style=&quot;border:0;&quot; sandbox=&quot;allow-scripts allow-same-origin allow-popups allow-presentation allow-popups-to-escape-sandbox&quot;&gt;&lt;\/iframe&gt;\">Esta p\u00e1gina incluye contenido multimedia que requiere aceptar todas las cookies. Pulse aqu\u00ed para abrir la configuraci\u00f3n de cookies.<\/div><\/span><\/p>\n<p>Espero que os haya gustado, Ma\u00f1ana os dejar\u00e9 un nuevo v\u00eddeo.<\/p>\n<p><strong><span style=\"color: #000000\">Que pas\u00e9is un buen d\u00eda.<\/span><\/strong><\/p>\n<p><strong><span style=\"color: #000000\">Carmen<\/span><\/strong><\/p>\n","protected":false},"excerpt":{"rendered":"<p>Hola mis rojitos, \u00bfQu\u00e9 tal llev\u00e1is la semana? Espero que est\u00e9is disfrutando con las actividades al aire libre y con las propuestas que vamos proponiendo cada d\u00eda. Hoy vamos a dedicar esta entrada a nuestro Taller creativo en el que vamos a trabajar la motricidad fina tan importante en estas edades. Son \u00a0movimientos del cuerpo &hellip; <a href=\"https:\/\/www.alqueria.es\/blogs\/alqueriarojaverde\/2020\/05\/28\/trabajamos-la-motricidad-fina\/\" class=\"more-link\">Seguir leyendo <span class=\"screen-reader-text\">TRABAJAMOS LA MOTRICIDAD FINA<\/span> <span class=\"meta-nav\">&rarr;<\/span><\/a><\/p>\n","protected":false},"author":19,"featured_media":0,"comment_status":"open","ping_status":"open","sticky":false,"template":"","format":"standard","meta":{"jetpack_post_was_ever_published":false,"_jetpack_newsletter_access":"","_jetpack_dont_email_post_to_subs":false,"_jetpack_newsletter_tier_id":0,"_jetpack_memberships_contains_paywalled_content":false,"_jetpack_memberships_contains_paid_content":false,"footnotes":"","jetpack_publicize_message":"","jetpack_publicize_feature_enabled":true,"jetpack_social_post_already_shared":true,"jetpack_social_options":{"image_generator_settings":{"template":"highway","default_image_id":0,"font":"","enabled":false},"version":2}},"categories":[6],"tags":[953,853,952],"class_list":["post-26190","post","type-post","status-publish","format-standard","hentry","category-clase-roja-4-5-anos","tag-corto-hair-love","tag-motricidad-fina","tag-taller-creativo-tejer"],"jetpack_publicize_connections":[],"jetpack_featured_media_url":"","jetpack_sharing_enabled":true,"jetpack_shortlink":"https:\/\/wp.me\/p4lFbP-6Oq","_links":{"self":[{"href":"https:\/\/www.alqueria.es\/blogs\/alqueriarojaverde\/wp-json\/wp\/v2\/posts\/26190","targetHints":{"allow":["GET"]}}],"collection":[{"href":"https:\/\/www.alqueria.es\/blogs\/alqueriarojaverde\/wp-json\/wp\/v2\/posts"}],"about":[{"href":"https:\/\/www.alqueria.es\/blogs\/alqueriarojaverde\/wp-json\/wp\/v2\/types\/post"}],"author":[{"embeddable":true,"href":"https:\/\/www.alqueria.es\/blogs\/alqueriarojaverde\/wp-json\/wp\/v2\/users\/19"}],"replies":[{"embeddable":true,"href":"https:\/\/www.alqueria.es\/blogs\/alqueriarojaverde\/wp-json\/wp\/v2\/comments?post=26190"}],"version-history":[{"count":3,"href":"https:\/\/www.alqueria.es\/blogs\/alqueriarojaverde\/wp-json\/wp\/v2\/posts\/26190\/revisions"}],"predecessor-version":[{"id":26261,"href":"https:\/\/www.alqueria.es\/blogs\/alqueriarojaverde\/wp-json\/wp\/v2\/posts\/26190\/revisions\/26261"}],"wp:attachment":[{"href":"https:\/\/www.alqueria.es\/blogs\/alqueriarojaverde\/wp-json\/wp\/v2\/media?parent=26190"}],"wp:term":[{"taxonomy":"category","embeddable":true,"href":"https:\/\/www.alqueria.es\/blogs\/alqueriarojaverde\/wp-json\/wp\/v2\/categories?post=26190"},{"taxonomy":"post_tag","embeddable":true,"href":"https:\/\/www.alqueria.es\/blogs\/alqueriarojaverde\/wp-json\/wp\/v2\/tags?post=26190"}],"curies":[{"name":"wp","href":"https:\/\/api.w.org\/{rel}","templated":true}]}}