{"id":26255,"date":"2020-05-29T08:39:54","date_gmt":"2020-05-29T06:39:54","guid":{"rendered":"http:\/\/www.alqueria.es\/blogs\/alqueriarojaverde\/?p=26255"},"modified":"2020-05-29T08:39:54","modified_gmt":"2020-05-29T06:39:54","slug":"ya-esta-aqui-el-fin-de-semana","status":"publish","type":"post","link":"https:\/\/www.alqueria.es\/blogs\/alqueriarojaverde\/2020\/05\/29\/ya-esta-aqui-el-fin-de-semana\/","title":{"rendered":"\u00a1YA EST\u00c1 AQU\u00cd EL FIN DE SEMANA!"},"content":{"rendered":"<p><em><strong><span style=\"color: #008000\"><img data-recalc-dims=\"1\" decoding=\"async\" data-attachment-id=\"26132\" data-permalink=\"https:\/\/www.alqueria.es\/blogs\/alqueriarojaverde\/2020\/05\/22\/cuidamos-el-medioambiente-y-nuestro-cuerpo\/felizfinde47\/\" data-orig-file=\"https:\/\/i0.wp.com\/cloud.alqueria.es\/wp-content\/uploads\/sites\/8\/2020\/05\/FelizFinde47.jpg?fit=465%2C463&amp;ssl=1\" data-orig-size=\"465,463\" data-comments-opened=\"1\" data-image-meta=\"{&quot;aperture&quot;:&quot;0&quot;,&quot;credit&quot;:&quot;&quot;,&quot;camera&quot;:&quot;&quot;,&quot;caption&quot;:&quot;&quot;,&quot;created_timestamp&quot;:&quot;0&quot;,&quot;copyright&quot;:&quot;&quot;,&quot;focal_length&quot;:&quot;0&quot;,&quot;iso&quot;:&quot;0&quot;,&quot;shutter_speed&quot;:&quot;0&quot;,&quot;title&quot;:&quot;&quot;,&quot;orientation&quot;:&quot;0&quot;}\" data-image-title=\"FelizFinde47\" data-image-description=\"\" data-image-caption=\"\" data-large-file=\"https:\/\/i0.wp.com\/cloud.alqueria.es\/wp-content\/uploads\/sites\/8\/2020\/05\/FelizFinde47.jpg?fit=465%2C463&amp;ssl=1\" class=\"alignright size-medium wp-image-26132\" src=\"https:\/\/i0.wp.com\/cloud.alqueria.es\/wp-content\/uploads\/sites\/8\/2020\/05\/FelizFinde47-300x300.jpg?resize=300%2C300&#038;ssl=1\" alt=\"\" width=\"300\" height=\"300\" srcset=\"https:\/\/cloud.alqueria.es\/wp-content\/uploads\/sites\/8\/2020\/05\/FelizFinde47.jpg 300w, https:\/\/cloud.alqueria.es\/wp-content\/uploads\/sites\/8\/2020\/05\/FelizFinde47.jpg 150w, https:\/\/cloud.alqueria.es\/wp-content\/uploads\/sites\/8\/2020\/05\/FelizFinde47.jpg 465w\" sizes=\"(max-width: 300px) 100vw, 300px\" \/>\u00a1Buenos d\u00edas verdecitos!<\/span><\/strong><\/em><\/p>\n<p><em><strong>Se acerca el fin de semana y toca \u00abdejar un poquito de lado\u00bb las rutinas que tienen que ver con cole<\/strong><\/em>.<\/p>\n<p>Esta semana hab\u00e9is hecho un repaso a todas aquellas acciones que realiz\u00e1is en beneficio de mantener ciertos h\u00e1bitos saludables \u00a0y os tengo que felicitar por el esfuerzo y la motivaci\u00f3n.<\/p>\n<p>Algunos me hab\u00e9is hecho llegar las fotograf\u00edas de vuestros trabajos o h\u00e1bitos y otros no, pero como he tenido la oportunidad de hablar con casi todos, s\u00e9 que en mayor o menor medida hab\u00e9is trabajado sobre la propuesta \u00a1felicidades! Aqu\u00ed os dejo las \u00faltimas fotos que he recibido:<\/p>\n<p class=\"jetpack-slideshow-noscript robots-nocontent\">El pase de diapositivas requiere JavaScript.<\/p><div id=\"gallery-26255-1-slideshow\" class=\"jetpack-slideshow-window jetpack-slideshow jetpack-slideshow-black\" data-trans=\"fade\" data-autostart=\"1\" data-gallery=\"[{&quot;src&quot;:&quot;https:\\\/\\\/i0.wp.com\\\/cloud.alqueria.es\\\/wp-content\\\/uploads\\\/sites\\\/8\\\/2020\\\/05\\\/Reloj-solar-Claudio.jpg?fit=1024%2C768\\u0026ssl=1&quot;,&quot;id&quot;:&quot;26275&quot;,&quot;title&quot;:&quot;Reloj solar Claudio&quot;,&quot;alt&quot;:&quot;&quot;,&quot;caption&quot;:&quot;Reloj de sol de Claudio&quot;,&quot;itemprop&quot;:&quot;image&quot;},{&quot;src&quot;:&quot;https:\\\/\\\/i0.wp.com\\\/cloud.alqueria.es\\\/wp-content\\\/uploads\\\/sites\\\/8\\\/2020\\\/05\\\/In%C3%A9s-trabajando.jpg?fit=1024%2C766\\u0026ssl=1&quot;,&quot;id&quot;:&quot;26281&quot;,&quot;title&quot;:&quot;In\\u00e9s trabajando&quot;,&quot;alt&quot;:&quot;&quot;,&quot;caption&quot;:&quot;&quot;,&quot;itemprop&quot;:&quot;image&quot;},{&quot;src&quot;:&quot;https:\\\/\\\/i0.wp.com\\\/cloud.alqueria.es\\\/wp-content\\\/uploads\\\/sites\\\/8\\\/2020\\\/05\\\/pir%C3%A1mide-In%C3%A9s.jpg?fit=1024%2C766\\u0026ssl=1&quot;,&quot;id&quot;:&quot;26280&quot;,&quot;title&quot;:&quot;pir\\u00e1mide In\\u00e9s&quot;,&quot;alt&quot;:&quot;&quot;,&quot;caption&quot;:&quot;&quot;,&quot;itemprop&quot;:&quot;image&quot;},{&quot;src&quot;:&quot;https:\\\/\\\/i0.wp.com\\\/cloud.alqueria.es\\\/wp-content\\\/uploads\\\/sites\\\/8\\\/2020\\\/05\\\/men%C3%BA-In%C3%A9s.jpg?fit=1024%2C636\\u0026ssl=1&quot;,&quot;id&quot;:&quot;26279&quot;,&quot;title&quot;:&quot;men\\u00fa In\\u00e9s&quot;,&quot;alt&quot;:&quot;&quot;,&quot;caption&quot;:&quot;Men\\u00fa semanal de In\\u00e9s&quot;,&quot;itemprop&quot;:&quot;image&quot;}]\" itemscope itemtype=\"https:\/\/schema.org\/ImageGallery\"><\/div>\n<p><em><strong><span style=\"color: #ff6600\">La videoconferencia de ayer estuvo genial<\/span><\/strong><\/em>, <em><strong>\u00a1vaya control de la numeraci\u00f3n ten\u00e9is ya!<\/strong>\u00a0E<\/em>xtraordinario tambi\u00e9n el trabajo conjunto para la resoluci\u00f3n del problema:<em><strong> \u00abQuiero cambiar de sitio los muebles de mi habitaci\u00f3n \u00bfqu\u00e9 pasos debo dar antes de ponerme a moverlos de un lado a otro?\u00bb \u00a0<\/strong><\/em>La elocuencia de algunas respuestas provocaron nuestras risas, no fue para menos, ya quisieran algunos adultos tener la capacidad de pararse a reflexionar sobre una acci\u00f3n antes de realizarla y adem\u00e1s, hacerlo de forma tan minuciosa.<\/p>\n<ol>\n<li>Barrer la habitaci\u00f3n para que est\u00e9 muy limpia.<\/li>\n<li>Tranquilizarnos para pensar mejor qu\u00e9 hacer.<\/li>\n<li>Clasificar qu\u00e9 cosas queremos quedarnos y cu\u00e1les regalar, reciclar o donar.<\/li>\n<li>Pensar qu\u00e9 cosas quiero meter dentro de la habitaci\u00f3n y qu\u00e9 es lo que quiero mover de sitio.<\/li>\n<li>Medir los muebles que queremos intercambiar.<\/li>\n<\/ol>\n<p><strong><em><span style=\"color: #ff6600\">Juntos tuvimos oportunidad de descubrir distintas unidades de medida para la longitud,<\/span><\/em><\/strong> como los palmos, una goma de pelo, una cuerda y el metro (que es la que se utiliza internacionalmente). Tras algunas pruebas con nuestros escritorios, pantallas de ordenador y otros enseres cercanos, quedamos en realizar un registro de:<\/p>\n<ul>\n<li>Altura<\/li>\n<li>Peso<\/li>\n<li>N\u00famero de zapato<\/li>\n<li>Edad<\/li>\n<\/ul>\n<p>Aqu\u00ed os dejo una plantilla que he encontrado por Internet y he adaptado para vosotros (pinchando sobre la imagen pod\u00e9is descargarla):<\/p>\n<p><img data-recalc-dims=\"1\" decoding=\"async\" data-attachment-id=\"26277\" data-permalink=\"https:\/\/www.alqueria.es\/blogs\/alqueriarojaverde\/2020\/05\/29\/ya-esta-aqui-el-fin-de-semana\/mido-y-peso\/\" data-orig-file=\"https:\/\/i0.wp.com\/cloud.alqueria.es\/wp-content\/uploads\/sites\/8\/2020\/05\/mido-y-peso.jpg?fit=378%2C545&amp;ssl=1\" data-orig-size=\"378,545\" data-comments-opened=\"1\" data-image-meta=\"{&quot;aperture&quot;:&quot;0&quot;,&quot;credit&quot;:&quot;&quot;,&quot;camera&quot;:&quot;&quot;,&quot;caption&quot;:&quot;&quot;,&quot;created_timestamp&quot;:&quot;0&quot;,&quot;copyright&quot;:&quot;&quot;,&quot;focal_length&quot;:&quot;0&quot;,&quot;iso&quot;:&quot;0&quot;,&quot;shutter_speed&quot;:&quot;0&quot;,&quot;title&quot;:&quot;&quot;,&quot;orientation&quot;:&quot;1&quot;}\" data-image-title=\"mido y peso\" data-image-description=\"\" data-image-caption=\"\" data-large-file=\"https:\/\/i0.wp.com\/cloud.alqueria.es\/wp-content\/uploads\/sites\/8\/2020\/05\/mido-y-peso.jpg?fit=378%2C545&amp;ssl=1\" class=\"aligncenter size-full wp-image-26277\" src=\"https:\/\/i0.wp.com\/cloud.alqueria.es\/wp-content\/uploads\/sites\/8\/2020\/05\/mido-y-peso.jpg?resize=378%2C545&#038;ssl=1\" alt=\"\" width=\"378\" height=\"545\" srcset=\"https:\/\/cloud.alqueria.es\/wp-content\/uploads\/sites\/8\/2020\/05\/mido-y-peso.jpg 378w, https:\/\/cloud.alqueria.es\/wp-content\/uploads\/sites\/8\/2020\/05\/mido-y-peso.jpg 208w\" sizes=\"(max-width: 378px) 100vw, 378px\" \/><\/p>\n<p>Pod\u00e9is utilizarla o inventar una propia. Lo importante es ir familiariz\u00e1ndonos con la utilidad que tienen los n\u00fameros en nuestra vida cotidiana, mucho m\u00e1s all\u00e1 de las operaciones aritm\u00e9ticas solamente.<\/p>\n<p><em><strong><span style=\"color: #0000ff\">Y como os chiflan los retos, all\u00e1 va otro:<\/span><\/strong><\/em><\/p>\n<p><em><strong>\u00a1A ver si encontr\u00e1is \u00ablas matem\u00e1ticas\u00bb dentro de este v\u00eddeo!<\/strong><\/em><\/p>\n<div class=\"embed-vimeo\" style=\"text-align: center;\"><div class=\"a25-CTUOC-hidding-box\" data-original-content=\"&lt;iframe loading=&quot;lazy&quot; src=&quot;https:\/\/player.vimeo.com\/video\/423376936&quot; width=&quot;640&quot; height=&quot;361&quot; frameborder=&quot;0&quot; webkitallowfullscreen mozallowfullscreen allowfullscreen&gt;&lt;\/iframe&gt;\">Esta p\u00e1gina incluye contenido multimedia que requiere aceptar todas las cookies. Pulse aqu\u00ed para abrir la configuraci\u00f3n de cookies.<\/div><\/div>\n<p><em><strong><span style=\"color: #ff00ff\">\u00a1Buen fin de semana! y un mont\u00f3n de besitos virtuales de vuestra profe, que os quiere un mont\u00f3n.<\/span><\/strong><\/em><\/p>\n<p>Esther Justicia.<\/p>\n","protected":false},"excerpt":{"rendered":"<p>\u00a1Buenos d\u00edas verdecitos! Se acerca el fin de semana y toca \u00abdejar un poquito de lado\u00bb las rutinas que tienen que ver con cole. Esta semana hab\u00e9is hecho un repaso a todas aquellas acciones que realiz\u00e1is en beneficio de mantener ciertos h\u00e1bitos saludables \u00a0y os tengo que felicitar por el esfuerzo y la motivaci\u00f3n. Algunos &hellip; <a href=\"https:\/\/www.alqueria.es\/blogs\/alqueriarojaverde\/2020\/05\/29\/ya-esta-aqui-el-fin-de-semana\/\" class=\"more-link\">Seguir leyendo <span class=\"screen-reader-text\">\u00a1YA EST\u00c1 AQU\u00cd EL FIN DE SEMANA!<\/span> <span class=\"meta-nav\">&rarr;<\/span><\/a><\/p>\n","protected":false},"author":19,"featured_media":0,"comment_status":"open","ping_status":"open","sticky":false,"template":"","format":"standard","meta":{"jetpack_post_was_ever_published":false,"_jetpack_newsletter_access":"","_jetpack_dont_email_post_to_subs":false,"_jetpack_newsletter_tier_id":0,"_jetpack_memberships_contains_paywalled_content":false,"_jetpack_memberships_contains_paid_content":false,"footnotes":"","jetpack_publicize_message":"","jetpack_publicize_feature_enabled":true,"jetpack_social_post_already_shared":true,"jetpack_social_options":{"image_generator_settings":{"template":"highway","default_image_id":0,"font":"","enabled":false},"version":2}},"categories":[7,13],"tags":[951,958],"class_list":["post-26255","post","type-post","status-publish","format-standard","hentry","category-clase-verde-5-6-anos","category-inicio","tag-recetas-saludables","tag-unidades-de-medida"],"jetpack_publicize_connections":[],"jetpack_featured_media_url":"","jetpack_sharing_enabled":true,"jetpack_shortlink":"https:\/\/wp.me\/p4lFbP-6Pt","_links":{"self":[{"href":"https:\/\/www.alqueria.es\/blogs\/alqueriarojaverde\/wp-json\/wp\/v2\/posts\/26255","targetHints":{"allow":["GET"]}}],"collection":[{"href":"https:\/\/www.alqueria.es\/blogs\/alqueriarojaverde\/wp-json\/wp\/v2\/posts"}],"about":[{"href":"https:\/\/www.alqueria.es\/blogs\/alqueriarojaverde\/wp-json\/wp\/v2\/types\/post"}],"author":[{"embeddable":true,"href":"https:\/\/www.alqueria.es\/blogs\/alqueriarojaverde\/wp-json\/wp\/v2\/users\/19"}],"replies":[{"embeddable":true,"href":"https:\/\/www.alqueria.es\/blogs\/alqueriarojaverde\/wp-json\/wp\/v2\/comments?post=26255"}],"version-history":[{"count":4,"href":"https:\/\/www.alqueria.es\/blogs\/alqueriarojaverde\/wp-json\/wp\/v2\/posts\/26255\/revisions"}],"predecessor-version":[{"id":26282,"href":"https:\/\/www.alqueria.es\/blogs\/alqueriarojaverde\/wp-json\/wp\/v2\/posts\/26255\/revisions\/26282"}],"wp:attachment":[{"href":"https:\/\/www.alqueria.es\/blogs\/alqueriarojaverde\/wp-json\/wp\/v2\/media?parent=26255"}],"wp:term":[{"taxonomy":"category","embeddable":true,"href":"https:\/\/www.alqueria.es\/blogs\/alqueriarojaverde\/wp-json\/wp\/v2\/categories?post=26255"},{"taxonomy":"post_tag","embeddable":true,"href":"https:\/\/www.alqueria.es\/blogs\/alqueriarojaverde\/wp-json\/wp\/v2\/tags?post=26255"}],"curies":[{"name":"wp","href":"https:\/\/api.w.org\/{rel}","templated":true}]}}