{"id":26580,"date":"2020-06-15T08:53:03","date_gmt":"2020-06-15T06:53:03","guid":{"rendered":"http:\/\/www.alqueria.es\/blogs\/alqueriarojaverde\/?p=26580"},"modified":"2020-06-15T08:53:03","modified_gmt":"2020-06-15T06:53:03","slug":"se-acercan-las-vacaciones-de-verano","status":"publish","type":"post","link":"https:\/\/www.alqueria.es\/blogs\/alqueriarojaverde\/2020\/06\/15\/se-acercan-las-vacaciones-de-verano\/","title":{"rendered":"SE ACERCAN LAS VACACIONES DE VERANO"},"content":{"rendered":"<p style=\"text-align: center\"><strong>Buenos d\u00edas chicos y chicas de la clase roja.<\/strong><\/p>\n<p><img data-recalc-dims=\"1\" decoding=\"async\" data-attachment-id=\"26588\" data-permalink=\"https:\/\/www.alqueria.es\/blogs\/alqueriarojaverde\/2020\/06\/15\/se-acercan-las-vacaciones-de-verano\/descarga-80\/\" data-orig-file=\"https:\/\/i0.wp.com\/cloud.alqueria.es\/wp-content\/uploads\/sites\/8\/2020\/06\/descarga-3.jpg?fit=275%2C184&amp;ssl=1\" data-orig-size=\"275,184\" data-comments-opened=\"1\" data-image-meta=\"{&quot;aperture&quot;:&quot;0&quot;,&quot;credit&quot;:&quot;&quot;,&quot;camera&quot;:&quot;&quot;,&quot;caption&quot;:&quot;&quot;,&quot;created_timestamp&quot;:&quot;0&quot;,&quot;copyright&quot;:&quot;&quot;,&quot;focal_length&quot;:&quot;0&quot;,&quot;iso&quot;:&quot;0&quot;,&quot;shutter_speed&quot;:&quot;0&quot;,&quot;title&quot;:&quot;&quot;,&quot;orientation&quot;:&quot;0&quot;}\" data-image-title=\"descarga\" data-image-description=\"\" data-image-caption=\"\" data-large-file=\"https:\/\/i0.wp.com\/cloud.alqueria.es\/wp-content\/uploads\/sites\/8\/2020\/06\/descarga-3.jpg?fit=275%2C184&amp;ssl=1\" class=\"aligncenter size-full wp-image-26588\" src=\"https:\/\/i0.wp.com\/cloud.alqueria.es\/wp-content\/uploads\/sites\/8\/2020\/06\/descarga-3.jpg?resize=275%2C184&#038;ssl=1\" alt=\"\" width=\"275\" height=\"184\" \/><\/p>\n<p><strong><span style=\"color: #000000\">\u00bfQu\u00e9 tal el fin de semana? Espero que os gustara la sorpresa que el viernes os dejamos con tanto cari\u00f1o\u00a0 las profes de toda la etapa de infantil.<\/span><\/strong><\/p>\n<p>Como ya sab\u00e9is se acerca el final del trimestre y con \u00e9l finaliza el paso por la clase roja. Estos \u00faltimos meses han sido algo peculiares manteniendo este distanciamiento que ha hecho algo raro nuestro proceso de ense\u00f1anza-aprendizaje. Pero tengo que decir que gracias a vosotros, familias, ha sido posible que los haya sentido muy cerca y participativos en todo momento.<\/p>\n<p>Esta semana la vamos a dedicar al <strong><span style=\"color: #000080\">VERANO,<\/span><\/strong> como la pr\u00f3xima estaci\u00f3n que sucede a la primavera.<\/p>\n<p>Si estuvi\u00e9ramos en el cole, comenzar\u00edamos con nuestra Asamblea matinal en la que cada uno aportar\u00eda sus ideas previas sobre esta estaci\u00f3n del a\u00f1o, las caracter\u00edsticas que tiene: clima, ropa que utilizamos, animales del mar, el sol, el calor&#8230;&#8230; Saldr\u00edan diferentes propuestas de juego como \u00abvamos a la playa\u00bb o \u00abvamos de viaje\u00bb y a partir de ah\u00ed comenzar\u00edamos a trabajar en este tema.<\/p>\n<p><strong><span style=\"color: #000000\">Rojitos lo primero os voy a dejar un v\u00eddeo para recordar las distintas estaciones del a\u00f1o:<\/span><\/strong><\/p>\n<p><span class=\"embed-youtube\" style=\"text-align:center; display: block;\"><div class=\"a25-CTUOC-hidding-box\" data-original-content=\"&lt;iframe loading=&quot;lazy&quot; class=&quot;youtube-player&quot; width=&quot;474&quot; height=&quot;267&quot; src=&quot;https:\/\/www.youtube.com\/embed\/QJ97O6xDXKY?version=3&amp;#038;rel=1&amp;#038;showsearch=0&amp;#038;showinfo=1&amp;#038;iv_load_policy=1&amp;#038;fs=1&amp;#038;hl=es-ES&amp;#038;autohide=2&amp;#038;wmode=transparent&quot; allowfullscreen=&quot;true&quot; style=&quot;border:0;&quot; sandbox=&quot;allow-scripts allow-same-origin allow-popups allow-presentation allow-popups-to-escape-sandbox&quot;&gt;&lt;\/iframe&gt;\">Esta p\u00e1gina incluye contenido multimedia que requiere aceptar todas las cookies. Pulse aqu\u00ed para abrir la configuraci\u00f3n de cookies.<\/div><\/span><\/p>\n<p><strong><span style=\"color: #000000\">Y un cuento muy bonito sobre el verano con\u00a0 m\u00fasica cl\u00e1sica de Vivaldi:<\/span><\/strong><\/p>\n<p><span class=\"embed-youtube\" style=\"text-align:center; display: block;\"><div class=\"a25-CTUOC-hidding-box\" data-original-content=\"&lt;iframe loading=&quot;lazy&quot; class=&quot;youtube-player&quot; width=&quot;474&quot; height=&quot;267&quot; src=&quot;https:\/\/www.youtube.com\/embed\/MkOwy7mfEEo?version=3&amp;#038;rel=1&amp;#038;showsearch=0&amp;#038;showinfo=1&amp;#038;iv_load_policy=1&amp;#038;fs=1&amp;#038;hl=es-ES&amp;#038;autohide=2&amp;#038;wmode=transparent&quot; allowfullscreen=&quot;true&quot; style=&quot;border:0;&quot; sandbox=&quot;allow-scripts allow-same-origin allow-popups allow-presentation allow-popups-to-escape-sandbox&quot;&gt;&lt;\/iframe&gt;\">Esta p\u00e1gina incluye contenido multimedia que requiere aceptar todas las cookies. Pulse aqu\u00ed para abrir la configuraci\u00f3n de cookies.<\/div><\/span><\/p>\n<p><strong><span style=\"color: #000000\">Tambi\u00e9n os a\u00f1ado los dibujos realizados por algunos compa\u00f1eros y compa\u00f1eras sobre la figura humana, mirad qu\u00e9 bien representan las diferentes partes del cuerpo:<\/span><\/strong><\/p>\n<div class=\"tiled-gallery type-rectangular tiled-gallery-unresized\" data-original-width=\"474\" data-carousel-extra='{&quot;blog_id&quot;:8,&quot;permalink&quot;:&quot;https:\\\/\\\/www.alqueria.es\\\/blogs\\\/alqueriarojaverde\\\/2020\\\/06\\\/15\\\/se-acercan-las-vacaciones-de-verano\\\/&quot;,&quot;likes_blog_id&quot;:64268569}' itemscope itemtype=\"http:\/\/schema.org\/ImageGallery\" > <div class=\"gallery-row\" style=\"width: 474px; height: 209px;\" data-original-width=\"474\" data-original-height=\"209\" > <div class=\"gallery-group images-1\" style=\"width: 158px; height: 209px;\" data-original-width=\"158\" data-original-height=\"209\" > <div class=\"tiled-gallery-item tiled-gallery-item-small\" itemprop=\"associatedMedia\" itemscope itemtype=\"http:\/\/schema.org\/ImageObject\"> <a href=\"https:\/\/www.alqueria.es\/blogs\/alqueriarojaverde\/2020\/06\/15\/se-acercan-las-vacaciones-de-verano\/img-20200603-wa0017\/\" border=\"0\" itemprop=\"url\"> <meta itemprop=\"width\" content=\"154\"> <meta itemprop=\"height\" content=\"205\"> <img decoding=\"async\" class=\"\" data-attachment-id=\"26586\" data-orig-file=\"https:\/\/cloud.alqueria.es\/wp-content\/uploads\/sites\/8\/2020\/06\/IMG-20200603-WA0017.jpg\" data-orig-size=\"768,1024\" data-comments-opened=\"1\" data-image-meta=\"{&quot;aperture&quot;:&quot;0&quot;,&quot;credit&quot;:&quot;&quot;,&quot;camera&quot;:&quot;&quot;,&quot;caption&quot;:&quot;&quot;,&quot;created_timestamp&quot;:&quot;0&quot;,&quot;copyright&quot;:&quot;&quot;,&quot;focal_length&quot;:&quot;0&quot;,&quot;iso&quot;:&quot;0&quot;,&quot;shutter_speed&quot;:&quot;0&quot;,&quot;title&quot;:&quot;&quot;,&quot;orientation&quot;:&quot;0&quot;}\" data-image-title=\"IMG-20200603-WA0017\" data-image-description=\"\" data-medium-file=\"https:\/\/i0.wp.com\/cloud.alqueria.es\/wp-content\/uploads\/sites\/8\/2020\/06\/IMG-20200603-WA0017.jpg?fit=225%2C300&#038;ssl=1\" data-large-file=\"https:\/\/i0.wp.com\/cloud.alqueria.es\/wp-content\/uploads\/sites\/8\/2020\/06\/IMG-20200603-WA0017.jpg?fit=474%2C632&#038;ssl=1\" src=\"https:\/\/i0.wp.com\/cloud.alqueria.es\/wp-content\/uploads\/sites\/8\/2020\/06\/IMG-20200603-WA0017.jpg?w=154&#038;h=205&#038;ssl=1\" srcset=\"https:\/\/cloud.alqueria.es\/wp-content\/uploads\/sites\/8\/2020\/06\/IMG-20200603-WA0017.jpg 768w, https:\/\/cloud.alqueria.es\/wp-content\/uploads\/sites\/8\/2020\/06\/IMG-20200603-WA0017.jpg 225w\" width=\"154\" height=\"205\" loading=\"lazy\" data-original-width=\"154\" data-original-height=\"205\" itemprop=\"http:\/\/schema.org\/image\" title=\"IMG-20200603-WA0017\" alt=\"IMG-20200603-WA0017\" style=\"width: 154px; height: 205px;\" \/> <\/a> <\/div> <\/div> <!-- close group --> <div class=\"gallery-group images-1\" style=\"width: 158px; height: 209px;\" data-original-width=\"158\" data-original-height=\"209\" > <div class=\"tiled-gallery-item tiled-gallery-item-small\" itemprop=\"associatedMedia\" itemscope itemtype=\"http:\/\/schema.org\/ImageObject\"> <a href=\"https:\/\/www.alqueria.es\/blogs\/alqueriarojaverde\/2020\/06\/15\/se-acercan-las-vacaciones-de-verano\/img_4609-2\/\" border=\"0\" itemprop=\"url\"> <meta itemprop=\"width\" content=\"154\"> <meta itemprop=\"height\" content=\"205\"> <img decoding=\"async\" class=\"\" data-attachment-id=\"26584\" data-orig-file=\"https:\/\/cloud.alqueria.es\/wp-content\/uploads\/sites\/8\/2020\/06\/IMG_4609-1.jpg\" data-orig-size=\"480,640\" data-comments-opened=\"1\" data-image-meta=\"{&quot;aperture&quot;:&quot;1.8&quot;,&quot;credit&quot;:&quot;&quot;,&quot;camera&quot;:&quot;iPhone 7&quot;,&quot;caption&quot;:&quot;&quot;,&quot;created_timestamp&quot;:&quot;1591273731&quot;,&quot;copyright&quot;:&quot;&quot;,&quot;focal_length&quot;:&quot;3.99&quot;,&quot;iso&quot;:&quot;100&quot;,&quot;shutter_speed&quot;:&quot;0.058823529411765&quot;,&quot;title&quot;:&quot;&quot;,&quot;orientation&quot;:&quot;1&quot;}\" data-image-title=\"IMG_4609\" data-image-description=\"\" data-medium-file=\"https:\/\/i0.wp.com\/cloud.alqueria.es\/wp-content\/uploads\/sites\/8\/2020\/06\/IMG_4609-1.jpg?fit=225%2C300&#038;ssl=1\" data-large-file=\"https:\/\/i0.wp.com\/cloud.alqueria.es\/wp-content\/uploads\/sites\/8\/2020\/06\/IMG_4609-1.jpg?fit=474%2C632&#038;ssl=1\" src=\"https:\/\/i0.wp.com\/cloud.alqueria.es\/wp-content\/uploads\/sites\/8\/2020\/06\/IMG_4609-1.jpg?w=154&#038;h=205&#038;ssl=1\" srcset=\"https:\/\/cloud.alqueria.es\/wp-content\/uploads\/sites\/8\/2020\/06\/IMG_4609-1.jpg 480w, https:\/\/cloud.alqueria.es\/wp-content\/uploads\/sites\/8\/2020\/06\/IMG_4609-1.jpg 225w\" width=\"154\" height=\"205\" loading=\"lazy\" data-original-width=\"154\" data-original-height=\"205\" itemprop=\"http:\/\/schema.org\/image\" title=\"IMG_4609\" alt=\"IMG_4609\" style=\"width: 154px; height: 205px;\" \/> <\/a> <\/div> <\/div> <!-- close group --> <div class=\"gallery-group images-1\" style=\"width: 158px; height: 209px;\" data-original-width=\"158\" data-original-height=\"209\" > <div class=\"tiled-gallery-item tiled-gallery-item-small\" itemprop=\"associatedMedia\" itemscope itemtype=\"http:\/\/schema.org\/ImageObject\"> <a href=\"https:\/\/www.alqueria.es\/blogs\/alqueriarojaverde\/2020\/06\/15\/se-acercan-las-vacaciones-de-verano\/img_4617-2\/\" border=\"0\" itemprop=\"url\"> <meta itemprop=\"width\" content=\"154\"> <meta itemprop=\"height\" content=\"205\"> <img decoding=\"async\" class=\"\" data-attachment-id=\"26585\" data-orig-file=\"https:\/\/cloud.alqueria.es\/wp-content\/uploads\/sites\/8\/2020\/06\/IMG_4617.jpg\" data-orig-size=\"480,640\" data-comments-opened=\"1\" data-image-meta=\"{&quot;aperture&quot;:&quot;1.8&quot;,&quot;credit&quot;:&quot;&quot;,&quot;camera&quot;:&quot;iPhone 7&quot;,&quot;caption&quot;:&quot;&quot;,&quot;created_timestamp&quot;:&quot;1591354494&quot;,&quot;copyright&quot;:&quot;&quot;,&quot;focal_length&quot;:&quot;3.99&quot;,&quot;iso&quot;:&quot;32&quot;,&quot;shutter_speed&quot;:&quot;0.02&quot;,&quot;title&quot;:&quot;&quot;,&quot;orientation&quot;:&quot;1&quot;}\" data-image-title=\"IMG_4617\" data-image-description=\"\" data-medium-file=\"https:\/\/i0.wp.com\/cloud.alqueria.es\/wp-content\/uploads\/sites\/8\/2020\/06\/IMG_4617.jpg?fit=225%2C300&#038;ssl=1\" data-large-file=\"https:\/\/i0.wp.com\/cloud.alqueria.es\/wp-content\/uploads\/sites\/8\/2020\/06\/IMG_4617.jpg?fit=474%2C632&#038;ssl=1\" src=\"https:\/\/i0.wp.com\/cloud.alqueria.es\/wp-content\/uploads\/sites\/8\/2020\/06\/IMG_4617.jpg?w=154&#038;h=205&#038;ssl=1\" srcset=\"https:\/\/cloud.alqueria.es\/wp-content\/uploads\/sites\/8\/2020\/06\/IMG_4617.jpg 480w, https:\/\/cloud.alqueria.es\/wp-content\/uploads\/sites\/8\/2020\/06\/IMG_4617.jpg 225w\" width=\"154\" height=\"205\" loading=\"lazy\" data-original-width=\"154\" data-original-height=\"205\" itemprop=\"http:\/\/schema.org\/image\" title=\"IMG_4617\" alt=\"IMG_4617\" style=\"width: 154px; height: 205px;\" \/> <\/a> <\/div> <\/div> <!-- close group --> <\/div> <!-- close row --> <\/div>\n<p><strong><span style=\"color: #000000\">Y para terminar,<\/span><\/strong><\/p>\n<p><strong><span style=\"color: #000000\">Como os dije hace un par de\u00a0 semanas, en el momento en el que se produjera la transformaci\u00f3n del gusano en mariposa os lo iba a ense\u00f1ar, pues aqu\u00ed lo ten\u00e9is, para\u00a0 observar el ciclo vital de los gusanos de seda. Con este v\u00eddeo y el anterior en el que pudimos ver\u00a0 c\u00f3mo los gusanos hac\u00edan el capullo, tendr\u00e9is una visi\u00f3n general de todo el proceso de Metamorfosis, espero que os guste:<\/span><\/strong><\/p>\n<p><div class=\"a25-CTUOC-hidding-box\" data-original-content=\"&lt;iframe loading=&quot;lazy&quot; title=&quot;METAMORFOSIS GUSANOS DE SEDA&quot; src=&quot;https:\/\/player.vimeo.com\/video\/429055846?dnt=1&amp;amp;app_id=122963&quot; width=&quot;474&quot; height=&quot;356&quot; frameborder=&quot;0&quot; allow=&quot;autoplay; fullscreen; picture-in-picture; clipboard-write&quot;&gt;&lt;\/iframe&gt;\">Esta p\u00e1gina incluye contenido multimedia que requiere aceptar todas las cookies. Pulse aqu\u00ed para abrir la configuraci\u00f3n de cookies.<\/div><\/p>\n<p>https:\/\/vimeo.com\/#<\/p>\n<p><span style=\"color: #000000\"><span style=\"color: #000000\"><b>Hasta ma\u00f1ana,<\/b><\/span><\/span><\/p>\n<p><strong><span style=\"color: #000000\">Carmen<\/span><\/strong><\/p>\n","protected":false},"excerpt":{"rendered":"<p>Buenos d\u00edas chicos y chicas de la clase roja. \u00bfQu\u00e9 tal el fin de semana? Espero que os gustara la sorpresa que el viernes os dejamos con tanto cari\u00f1o\u00a0 las profes de toda la etapa de infantil. Como ya sab\u00e9is se acerca el final del trimestre y con \u00e9l finaliza el paso por la clase &hellip; <a href=\"https:\/\/www.alqueria.es\/blogs\/alqueriarojaverde\/2020\/06\/15\/se-acercan-las-vacaciones-de-verano\/\" class=\"more-link\">Seguir leyendo <span class=\"screen-reader-text\">SE ACERCAN LAS VACACIONES DE VERANO<\/span> <span class=\"meta-nav\">&rarr;<\/span><\/a><\/p>\n","protected":false},"author":19,"featured_media":0,"comment_status":"open","ping_status":"open","sticky":false,"template":"","format":"standard","meta":{"jetpack_post_was_ever_published":false,"_jetpack_newsletter_access":"","_jetpack_dont_email_post_to_subs":false,"_jetpack_newsletter_tier_id":0,"_jetpack_memberships_contains_paywalled_content":false,"_jetpack_memberships_contains_paid_content":false,"footnotes":"","jetpack_publicize_message":"","jetpack_publicize_feature_enabled":true,"jetpack_social_post_already_shared":true,"jetpack_social_options":{"image_generator_settings":{"template":"highway","default_image_id":0,"font":"","enabled":false},"version":2}},"categories":[6],"tags":[995,996,997],"class_list":["post-26580","post","type-post","status-publish","format-standard","hentry","category-clase-roja-4-5-anos","tag-el-verano","tag-estaciones-del-ano","tag-metamorfosis-de-los-gusanos-de-seda"],"jetpack_publicize_connections":[],"jetpack_featured_media_url":"","jetpack_sharing_enabled":true,"jetpack_shortlink":"https:\/\/wp.me\/p4lFbP-6UI","_links":{"self":[{"href":"https:\/\/www.alqueria.es\/blogs\/alqueriarojaverde\/wp-json\/wp\/v2\/posts\/26580","targetHints":{"allow":["GET"]}}],"collection":[{"href":"https:\/\/www.alqueria.es\/blogs\/alqueriarojaverde\/wp-json\/wp\/v2\/posts"}],"about":[{"href":"https:\/\/www.alqueria.es\/blogs\/alqueriarojaverde\/wp-json\/wp\/v2\/types\/post"}],"author":[{"embeddable":true,"href":"https:\/\/www.alqueria.es\/blogs\/alqueriarojaverde\/wp-json\/wp\/v2\/users\/19"}],"replies":[{"embeddable":true,"href":"https:\/\/www.alqueria.es\/blogs\/alqueriarojaverde\/wp-json\/wp\/v2\/comments?post=26580"}],"version-history":[{"count":5,"href":"https:\/\/www.alqueria.es\/blogs\/alqueriarojaverde\/wp-json\/wp\/v2\/posts\/26580\/revisions"}],"predecessor-version":[{"id":26601,"href":"https:\/\/www.alqueria.es\/blogs\/alqueriarojaverde\/wp-json\/wp\/v2\/posts\/26580\/revisions\/26601"}],"wp:attachment":[{"href":"https:\/\/www.alqueria.es\/blogs\/alqueriarojaverde\/wp-json\/wp\/v2\/media?parent=26580"}],"wp:term":[{"taxonomy":"category","embeddable":true,"href":"https:\/\/www.alqueria.es\/blogs\/alqueriarojaverde\/wp-json\/wp\/v2\/categories?post=26580"},{"taxonomy":"post_tag","embeddable":true,"href":"https:\/\/www.alqueria.es\/blogs\/alqueriarojaverde\/wp-json\/wp\/v2\/tags?post=26580"}],"curies":[{"name":"wp","href":"https:\/\/api.w.org\/{rel}","templated":true}]}}