{"id":26603,"date":"2020-06-16T09:10:10","date_gmt":"2020-06-16T07:10:10","guid":{"rendered":"http:\/\/www.alqueria.es\/blogs\/alqueriarojaverde\/?p=26603"},"modified":"2020-06-16T09:10:10","modified_gmt":"2020-06-16T07:10:10","slug":"que-estacion-del-ano-os-gusta-mas","status":"publish","type":"post","link":"https:\/\/www.alqueria.es\/blogs\/alqueriarojaverde\/2020\/06\/16\/que-estacion-del-ano-os-gusta-mas\/","title":{"rendered":"\u00bfQU\u00c9 ESTACI\u00d3N DEL A\u00d1O OS GUSTA M\u00c1S?"},"content":{"rendered":"<p><strong><span style=\"color: #000080\">Buenos d\u00edas chicos y chicas,\u00a0<\/span><\/strong><\/p>\n<p><strong><span style=\"color: #000080\">\u00bfQu\u00e9 estaci\u00f3n del a\u00f1o os gusta m\u00e1s?<\/span><\/strong><\/p>\n<p><strong><span style=\"color: #000080\">A m\u00ed, EL VERANO.<\/span><\/strong><\/p>\n<div class=\"mod\" lang=\"es-ES\" data-md=\"61\">\n<div class=\"LGOjhe\" role=\"heading\" data-attrid=\"wa:\/description\" data-hveid=\"CA0QAw\"><span class=\"ILfuVd\" style=\"color: #008080\"><span class=\"e24Kjd\">El verano es la estaci\u00f3n del a\u00f1o que tiene lugar entre la primavera y el oto\u00f1o. Se trata de la \u00e9poca m\u00e1s calurosa del a\u00f1o, con las temperaturas m\u00e1s altas. El verano tiene lugar entre junio, julio y agosto.<\/span><\/span><\/div>\n<div role=\"heading\" data-attrid=\"wa:\/description\" data-hveid=\"CA0QAw\"><strong><span style=\"color: #000080\">Para que os sea entretenido os dejo este peque\u00f1o v\u00eddeo donde se explican caracter\u00edsticas m\u00e1s importantes de esta estaci\u00f3n que en breve estar\u00e1 con nosotros:<\/span><\/strong><\/div>\n<\/div>\n<div class=\"g\">\n<div class=\"rc\" data-hveid=\"CA0QBA\" data-ved=\"2ahUKEwjuv9_h2IXqAhWS2BQKHX-xBI0QFSgCMAJ6BAgNEAQ\"><\/div>\n<\/div>\n<p>&nbsp;<\/p>\n<p><span class=\"embed-youtube\" style=\"text-align:center; display: block;\"><div class=\"a25-CTUOC-hidding-box\" data-original-content=\"&lt;iframe loading=&quot;lazy&quot; class=&quot;youtube-player&quot; width=&quot;474&quot; height=&quot;267&quot; src=&quot;https:\/\/www.youtube.com\/embed\/spgVqmIAy6A?version=3&amp;#038;rel=1&amp;#038;showsearch=0&amp;#038;showinfo=1&amp;#038;iv_load_policy=1&amp;#038;fs=1&amp;#038;hl=es-ES&amp;#038;autohide=2&amp;#038;wmode=transparent&quot; allowfullscreen=&quot;true&quot; style=&quot;border:0;&quot; sandbox=&quot;allow-scripts allow-same-origin allow-popups allow-presentation allow-popups-to-escape-sandbox&quot;&gt;&lt;\/iframe&gt;\">Esta p\u00e1gina incluye contenido multimedia que requiere aceptar todas las cookies. Pulse aqu\u00ed para abrir la configuraci\u00f3n de cookies.<\/div><\/span><\/p>\n<p><strong><span style=\"color: #000080\">Me gustar\u00eda conocer cu\u00e1l es vuestra estaci\u00f3n del a\u00f1o favorita y por qu\u00e9. Como dentro de un ratito nos vemos en nuestra \u00faltima sesi\u00f3n de zoom, pod\u00e9is cont\u00e1rmelo y podemos compartir nuestras ideas todos juntos.\u00a0<\/span><\/strong><\/p>\n<p><strong><span style=\"color: #000000\">Os dejo algunas adivinanzas sobre las estaciones del a\u00f1o, haber qui\u00e9n las acierta:<\/span><\/strong><\/p>\n<ul>\n<li><span style=\"color: #008080\">EL SOL TIENE FR\u00cdO Y NO QUIERE SALIR;<\/span><\/li>\n<\/ul>\n<p><span style=\"color: #008080\">METIDO ENTRE LAS NUBES SE HA PUESTO A DORMIR.<\/span><\/p>\n<ul>\n<li><span style=\"color: #800080\">\u00a0NO SOY ESTACI\u00d3N DE METRO,<\/span><\/li>\n<\/ul>\n<p><span style=\"color: #800080\"> NI SOY ESTACI\u00d3N DE TREN,<img data-recalc-dims=\"1\" decoding=\"async\" data-attachment-id=\"26604\" data-permalink=\"https:\/\/www.alqueria.es\/blogs\/alqueriarojaverde\/2020\/06\/16\/que-estacion-del-ano-os-gusta-mas\/images-8-3\/\" data-orig-file=\"https:\/\/i0.wp.com\/cloud.alqueria.es\/wp-content\/uploads\/sites\/8\/2020\/06\/images-8.jpg?fit=299%2C169&amp;ssl=1\" data-orig-size=\"299,169\" data-comments-opened=\"1\" data-image-meta=\"{&quot;aperture&quot;:&quot;0&quot;,&quot;credit&quot;:&quot;&quot;,&quot;camera&quot;:&quot;&quot;,&quot;caption&quot;:&quot;&quot;,&quot;created_timestamp&quot;:&quot;0&quot;,&quot;copyright&quot;:&quot;&quot;,&quot;focal_length&quot;:&quot;0&quot;,&quot;iso&quot;:&quot;0&quot;,&quot;shutter_speed&quot;:&quot;0&quot;,&quot;title&quot;:&quot;&quot;,&quot;orientation&quot;:&quot;0&quot;}\" data-image-title=\"images (8)\" data-image-description=\"\" data-image-caption=\"\" data-large-file=\"https:\/\/i0.wp.com\/cloud.alqueria.es\/wp-content\/uploads\/sites\/8\/2020\/06\/images-8.jpg?fit=299%2C169&amp;ssl=1\" class=\"alignright size-full wp-image-26604\" src=\"https:\/\/i0.wp.com\/cloud.alqueria.es\/wp-content\/uploads\/sites\/8\/2020\/06\/images-8.jpg?resize=299%2C169&#038;ssl=1\" alt=\"\" width=\"299\" height=\"169\" \/><\/span><\/p>\n<p><span style=\"color: #800080\">PERO SOY UNA ESTACI\u00d3N<\/span><\/p>\n<p><span style=\"color: #800080\">DONDE MIL FLORES SE VEN.<\/span><\/p>\n<ul>\n<li><span style=\"color: #ff6600\">YA SE FUE EL VERANO,<\/span><\/li>\n<\/ul>\n<p><span style=\"color: #ff6600\">Y ESTE OTRO LLEGA,<\/span><\/p>\n<p><span style=\"color: #ff6600\">COMO LLUVIA DE ORO<\/span><\/p>\n<p><span style=\"color: #ff6600\">CAEN LAS HOJAS SECAS.<\/span><\/p>\n<ul>\n<li><span style=\"color: #008000\">TODOS ESPERAN MI LLEGADA,\u00a0<\/span><\/li>\n<\/ul>\n<p><span style=\"color: #008000\">PUES TRAIGO LAS VACACIONES,<\/span><\/p>\n<p><span style=\"color: #008000\">CONMIGO LLEGA TAMBI\u00c9N<\/span><\/p>\n<p><span style=\"color: #008000\"> EL CALOR, HELADOS Y DIVERSIONES<\/span><\/p>\n<p><span style=\"color: #008000\">\u00bfQUI\u00c9N SOY?<\/span><\/p>\n<p><strong><span style=\"color: #000000\">Y para que os acord\u00e9is de D\u00e9bora y su Ingl\u00e9s, vamos a repasar vocabulario sobre la ropa que solemos ponernos en verano:<\/span><\/strong><\/p>\n<p><span class=\"embed-youtube\" style=\"text-align:center; display: block;\"><div class=\"a25-CTUOC-hidding-box\" data-original-content=\"&lt;iframe loading=&quot;lazy&quot; class=&quot;youtube-player&quot; width=&quot;474&quot; height=&quot;267&quot; src=&quot;https:\/\/www.youtube.com\/embed\/_M2BGJjFVKw?version=3&amp;#038;rel=1&amp;#038;showsearch=0&amp;#038;showinfo=1&amp;#038;iv_load_policy=1&amp;#038;fs=1&amp;#038;hl=es-ES&amp;#038;autohide=2&amp;#038;wmode=transparent&quot; allowfullscreen=&quot;true&quot; style=&quot;border:0;&quot; sandbox=&quot;allow-scripts allow-same-origin allow-popups allow-presentation allow-popups-to-escape-sandbox&quot;&gt;&lt;\/iframe&gt;\">Esta p\u00e1gina incluye contenido multimedia que requiere aceptar todas las cookies. Pulse aqu\u00ed para abrir la configuraci\u00f3n de cookies.<\/div><\/span><\/p>\n<p><strong><span style=\"color: #000000\">Y sobre las cosas que podemos hacer en verano:<\/span><\/strong><\/p>\n<p><span class=\"embed-youtube\" style=\"text-align:center; display: block;\"><div class=\"a25-CTUOC-hidding-box\" data-original-content=\"&lt;iframe loading=&quot;lazy&quot; class=&quot;youtube-player&quot; width=&quot;474&quot; height=&quot;267&quot; src=&quot;https:\/\/www.youtube.com\/embed\/mVhh0oATqBI?version=3&amp;#038;rel=1&amp;#038;showsearch=0&amp;#038;showinfo=1&amp;#038;iv_load_policy=1&amp;#038;fs=1&amp;#038;hl=es-ES&amp;#038;autohide=2&amp;#038;wmode=transparent&quot; allowfullscreen=&quot;true&quot; style=&quot;border:0;&quot; sandbox=&quot;allow-scripts allow-same-origin allow-popups allow-presentation allow-popups-to-escape-sandbox&quot;&gt;&lt;\/iframe&gt;\">Esta p\u00e1gina incluye contenido multimedia que requiere aceptar todas las cookies. Pulse aqu\u00ed para abrir la configuraci\u00f3n de cookies.<\/div><\/span><\/p>\n<p><strong>Ma\u00f1ana os dejar\u00e9 ideas de algunos juegos que pod\u00e9is hacer y disfrutar en verano.<\/strong><\/p>\n<p><strong>Nos vemos en un momento,<\/strong><\/p>\n<p><strong>Carmen<\/strong><\/p>\n<p>&nbsp;<\/p>\n<p>&nbsp;<\/p>\n","protected":false},"excerpt":{"rendered":"<p>Buenos d\u00edas chicos y chicas,\u00a0 \u00bfQu\u00e9 estaci\u00f3n del a\u00f1o os gusta m\u00e1s? A m\u00ed, EL VERANO. El verano es la estaci\u00f3n del a\u00f1o que tiene lugar entre la primavera y el oto\u00f1o. Se trata de la \u00e9poca m\u00e1s calurosa del a\u00f1o, con las temperaturas m\u00e1s altas. El verano tiene lugar entre junio, julio y agosto. &hellip; <a href=\"https:\/\/www.alqueria.es\/blogs\/alqueriarojaverde\/2020\/06\/16\/que-estacion-del-ano-os-gusta-mas\/\" class=\"more-link\">Seguir leyendo <span class=\"screen-reader-text\">\u00bfQU\u00c9 ESTACI\u00d3N DEL A\u00d1O OS GUSTA M\u00c1S?<\/span> <span class=\"meta-nav\">&rarr;<\/span><\/a><\/p>\n","protected":false},"author":19,"featured_media":0,"comment_status":"open","ping_status":"open","sticky":false,"template":"","format":"standard","meta":{"jetpack_post_was_ever_published":false,"_jetpack_newsletter_access":"","_jetpack_dont_email_post_to_subs":false,"_jetpack_newsletter_tier_id":0,"_jetpack_memberships_contains_paywalled_content":false,"_jetpack_memberships_contains_paid_content":false,"footnotes":"","jetpack_publicize_message":"","jetpack_publicize_feature_enabled":true,"jetpack_social_post_already_shared":true,"jetpack_social_options":{"image_generator_settings":{"template":"highway","default_image_id":0,"font":"","enabled":false},"version":2}},"categories":[6],"tags":[995,996,998,852],"class_list":["post-26603","post","type-post","status-publish","format-standard","hentry","category-clase-roja-4-5-anos","tag-el-verano","tag-estaciones-del-ano","tag-verano","tag-vocabulario-en-ingles"],"jetpack_publicize_connections":[],"jetpack_featured_media_url":"","jetpack_sharing_enabled":true,"jetpack_shortlink":"https:\/\/wp.me\/p4lFbP-6V5","_links":{"self":[{"href":"https:\/\/www.alqueria.es\/blogs\/alqueriarojaverde\/wp-json\/wp\/v2\/posts\/26603","targetHints":{"allow":["GET"]}}],"collection":[{"href":"https:\/\/www.alqueria.es\/blogs\/alqueriarojaverde\/wp-json\/wp\/v2\/posts"}],"about":[{"href":"https:\/\/www.alqueria.es\/blogs\/alqueriarojaverde\/wp-json\/wp\/v2\/types\/post"}],"author":[{"embeddable":true,"href":"https:\/\/www.alqueria.es\/blogs\/alqueriarojaverde\/wp-json\/wp\/v2\/users\/19"}],"replies":[{"embeddable":true,"href":"https:\/\/www.alqueria.es\/blogs\/alqueriarojaverde\/wp-json\/wp\/v2\/comments?post=26603"}],"version-history":[{"count":1,"href":"https:\/\/www.alqueria.es\/blogs\/alqueriarojaverde\/wp-json\/wp\/v2\/posts\/26603\/revisions"}],"predecessor-version":[{"id":26605,"href":"https:\/\/www.alqueria.es\/blogs\/alqueriarojaverde\/wp-json\/wp\/v2\/posts\/26603\/revisions\/26605"}],"wp:attachment":[{"href":"https:\/\/www.alqueria.es\/blogs\/alqueriarojaverde\/wp-json\/wp\/v2\/media?parent=26603"}],"wp:term":[{"taxonomy":"category","embeddable":true,"href":"https:\/\/www.alqueria.es\/blogs\/alqueriarojaverde\/wp-json\/wp\/v2\/categories?post=26603"},{"taxonomy":"post_tag","embeddable":true,"href":"https:\/\/www.alqueria.es\/blogs\/alqueriarojaverde\/wp-json\/wp\/v2\/tags?post=26603"}],"curies":[{"name":"wp","href":"https:\/\/api.w.org\/{rel}","templated":true}]}}