{"id":26608,"date":"2020-06-16T12:39:59","date_gmt":"2020-06-16T10:39:59","guid":{"rendered":"http:\/\/www.alqueria.es\/blogs\/alqueriarojaverde\/?p=26608"},"modified":"2020-06-16T12:39:59","modified_gmt":"2020-06-16T10:39:59","slug":"recordamos-nuestro-paso-por-la-etapa-de-educacion-infantil","status":"publish","type":"post","link":"https:\/\/www.alqueria.es\/blogs\/alqueriarojaverde\/2020\/06\/16\/recordamos-nuestro-paso-por-la-etapa-de-educacion-infantil\/","title":{"rendered":"\u00a1RECORDAMOS NUESTRO PASO POR LA ETAPA DE EDUCACI\u00d3N INFANTIL!"},"content":{"rendered":"<p><img data-recalc-dims=\"1\" decoding=\"async\" data-attachment-id=\"26609\" data-permalink=\"https:\/\/www.alqueria.es\/blogs\/alqueriarojaverde\/2020\/06\/16\/recordamos-nuestro-paso-por-la-etapa-de-educacion-infantil\/paso-por-infantil\/\" data-orig-file=\"https:\/\/i0.wp.com\/cloud.alqueria.es\/wp-content\/uploads\/sites\/8\/2020\/06\/PASO-POR-INFANTIL.jpg?fit=725%2C508&amp;ssl=1\" data-orig-size=\"725,508\" data-comments-opened=\"1\" data-image-meta=\"{&quot;aperture&quot;:&quot;0&quot;,&quot;credit&quot;:&quot;&quot;,&quot;camera&quot;:&quot;&quot;,&quot;caption&quot;:&quot;&quot;,&quot;created_timestamp&quot;:&quot;0&quot;,&quot;copyright&quot;:&quot;&quot;,&quot;focal_length&quot;:&quot;0&quot;,&quot;iso&quot;:&quot;0&quot;,&quot;shutter_speed&quot;:&quot;0&quot;,&quot;title&quot;:&quot;&quot;,&quot;orientation&quot;:&quot;1&quot;}\" data-image-title=\"PASO POR INFANTIL\" data-image-description=\"\" data-image-caption=\"\" data-large-file=\"https:\/\/i0.wp.com\/cloud.alqueria.es\/wp-content\/uploads\/sites\/8\/2020\/06\/PASO-POR-INFANTIL.jpg?fit=474%2C332&amp;ssl=1\" class=\"alignleft size-medium wp-image-26609\" src=\"https:\/\/i0.wp.com\/cloud.alqueria.es\/wp-content\/uploads\/sites\/8\/2020\/06\/PASO-POR-INFANTIL-300x210.jpg?resize=300%2C210&#038;ssl=1\" alt=\"\" width=\"300\" height=\"210\" srcset=\"https:\/\/cloud.alqueria.es\/wp-content\/uploads\/sites\/8\/2020\/06\/PASO-POR-INFANTIL.jpg 300w, https:\/\/cloud.alqueria.es\/wp-content\/uploads\/sites\/8\/2020\/06\/PASO-POR-INFANTIL.jpg 725w\" sizes=\"(max-width: 300px) 100vw, 300px\" \/><em><strong><span style=\"color: #008000\">Buenos d\u00edas de nuevo verdecitos y familias.<\/span><\/strong><\/em><\/p>\n<p>Hace tan s\u00f3lo unos minutos hemos tenido oportunidad de reunirnos nuevamente por videoconferencia y hemos vuelto a pasar un ratito juntos, que estoy convencida os ha emocionado tanto como a m\u00ed (aunque cada uno lo manifieste en una forma distinta).<\/p>\n<p>No he podido evitar emocionarme (ya sab\u00e9is que soy de l\u00e1grima f\u00e1cil) al ver la cantidad de momentos que hab\u00e9is seleccionado para conformar ese<em><strong><span style=\"color: #008000\"> \u00abmural recordatorio\u00bb<\/span><\/strong><\/em> del paso de vuestros hijos e hijas por la etapa de Educaci\u00f3n Infantil.<\/p>\n<p>Es importante tener presente que los recuerdos no se anclan en lugares sino en personas y as\u00ed ha quedado plasmado en vuestros trabajos. En todos y cada uno de ellos se reflejan experiencias y vivencias con \u00a0compa\u00f1eros de clase, de cursos superiores, con los beb\u00e9s del cole, con familias, con profes, etc.<\/p>\n<p><img data-recalc-dims=\"1\" decoding=\"async\" data-attachment-id=\"26610\" data-permalink=\"https:\/\/www.alqueria.es\/blogs\/alqueriarojaverde\/2020\/06\/16\/recordamos-nuestro-paso-por-la-etapa-de-educacion-infantil\/equipo-manos-ninos\/\" data-orig-file=\"https:\/\/i0.wp.com\/cloud.alqueria.es\/wp-content\/uploads\/sites\/8\/2020\/06\/EQUIPO-MANOS-NI%C3%91OS.jpg?fit=512%2C328&amp;ssl=1\" data-orig-size=\"512,328\" data-comments-opened=\"1\" data-image-meta=\"{&quot;aperture&quot;:&quot;0&quot;,&quot;credit&quot;:&quot;&quot;,&quot;camera&quot;:&quot;&quot;,&quot;caption&quot;:&quot;&quot;,&quot;created_timestamp&quot;:&quot;0&quot;,&quot;copyright&quot;:&quot;BeTa-Artworks - Fotolia&quot;,&quot;focal_length&quot;:&quot;0&quot;,&quot;iso&quot;:&quot;0&quot;,&quot;shutter_speed&quot;:&quot;0&quot;,&quot;title&quot;:&quot;&quot;,&quot;orientation&quot;:&quot;0&quot;}\" data-image-title=\"EQUIPO MANOS NI\u00d1OS\" data-image-description=\"\" data-image-caption=\"\" data-large-file=\"https:\/\/i0.wp.com\/cloud.alqueria.es\/wp-content\/uploads\/sites\/8\/2020\/06\/EQUIPO-MANOS-NI%C3%91OS.jpg?fit=474%2C304&amp;ssl=1\" class=\"aligncenter size-medium wp-image-26610\" src=\"https:\/\/i0.wp.com\/cloud.alqueria.es\/wp-content\/uploads\/sites\/8\/2020\/06\/EQUIPO-MANOS-NI%C3%91OS-300x192.jpg?resize=300%2C192&#038;ssl=1\" alt=\"\" width=\"300\" height=\"192\" srcset=\"https:\/\/cloud.alqueria.es\/wp-content\/uploads\/sites\/8\/2020\/06\/EQUIPO-MANOS-NI%C3%91OS.jpg 300w, https:\/\/cloud.alqueria.es\/wp-content\/uploads\/sites\/8\/2020\/06\/EQUIPO-MANOS-NI%C3%91OS.jpg 512w\" sizes=\"(max-width: 300px) 100vw, 300px\" \/><\/p>\n<p>Os dejo el v\u00eddeo que hemos proyectado en la sesi\u00f3n, para que pod\u00e1is verlo en casa tranquilamente y disfrut\u00e9is, no s\u00f3lo de vuestra selecci\u00f3n sino tambi\u00e9n de la que han realizado el resto de compa\u00f1eros y compa\u00f1eras de grupo.<\/p>\n<p style=\"text-align: center\"><em><strong><span style=\"color: #008000\">\u00a1Form\u00e1is un gran equipo, seguid as\u00ed!<\/span><\/strong><\/em><\/p>\n<div class=\"embed-vimeo\" style=\"text-align: center;\"><div class=\"a25-CTUOC-hidding-box\" data-original-content=\"&lt;iframe loading=&quot;lazy&quot; src=&quot;https:\/\/player.vimeo.com\/video\/429572241&quot; width=&quot;640&quot; height=&quot;360&quot; frameborder=&quot;0&quot; webkitallowfullscreen mozallowfullscreen allowfullscreen&gt;&lt;\/iframe&gt;\">Esta p\u00e1gina incluye contenido multimedia que requiere aceptar todas las cookies. Pulse aqu\u00ed para abrir la configuraci\u00f3n de cookies.<\/div><\/div>\n<p>Algunas personas piensan que recordar es algo parecido a vivir dos veces, ya que evocamos no s\u00f3lo momentos sino las emociones asociadas a ellos. Yo me quedar\u00e9 con nuestro encuentro de hoy de una manera especial, como os he cantado <em><strong>\u00abTengo una hormiguita en la barriga, que me est\u00e1 haciendo cosquillitas y no me deja ni hablar\u00bb.<\/strong><\/em><\/p>\n<p>Ahora os dejo las \u00faltimas fotos recibidas de nuestra pasada propuesta \u00abel circo\u00bb, esta vez de Carlos y su familia.<\/p>\n<p class=\"jetpack-slideshow-noscript robots-nocontent\">El pase de diapositivas requiere JavaScript.<\/p><div id=\"gallery-26608-1-slideshow\" class=\"jetpack-slideshow-window jetpack-slideshow jetpack-slideshow-black\" data-trans=\"fade\" data-autostart=\"1\" data-gallery=\"[{&quot;src&quot;:&quot;https:\\\/\\\/i0.wp.com\\\/cloud.alqueria.es\\\/wp-content\\\/uploads\\\/sites\\\/8\\\/2020\\\/06\\\/IMG_20200611_191332.jpg?fit=1024%2C768\\u0026ssl=1&quot;,&quot;id&quot;:&quot;26613&quot;,&quot;title&quot;:&quot;IMG_20200611_191332&quot;,&quot;alt&quot;:&quot;&quot;,&quot;caption&quot;:&quot;&quot;,&quot;itemprop&quot;:&quot;image&quot;},{&quot;src&quot;:&quot;https:\\\/\\\/i0.wp.com\\\/cloud.alqueria.es\\\/wp-content\\\/uploads\\\/sites\\\/8\\\/2020\\\/06\\\/IMG_20200611_181115.jpg?fit=1024%2C768\\u0026ssl=1&quot;,&quot;id&quot;:&quot;26614&quot;,&quot;title&quot;:&quot;IMG_20200611_181115&quot;,&quot;alt&quot;:&quot;&quot;,&quot;caption&quot;:&quot;&quot;,&quot;itemprop&quot;:&quot;image&quot;},{&quot;src&quot;:&quot;https:\\\/\\\/i0.wp.com\\\/cloud.alqueria.es\\\/wp-content\\\/uploads\\\/sites\\\/8\\\/2020\\\/06\\\/IMG_20200611_192112.jpg?fit=1024%2C768\\u0026ssl=1&quot;,&quot;id&quot;:&quot;26612&quot;,&quot;title&quot;:&quot;IMG_20200611_192112&quot;,&quot;alt&quot;:&quot;&quot;,&quot;caption&quot;:&quot;&quot;,&quot;itemprop&quot;:&quot;image&quot;},{&quot;src&quot;:&quot;https:\\\/\\\/i0.wp.com\\\/cloud.alqueria.es\\\/wp-content\\\/uploads\\\/sites\\\/8\\\/2020\\\/06\\\/IMG_20200611_192925.jpg?fit=1024%2C768\\u0026ssl=1&quot;,&quot;id&quot;:&quot;26611&quot;,&quot;title&quot;:&quot;IMG_20200611_192925&quot;,&quot;alt&quot;:&quot;&quot;,&quot;caption&quot;:&quot;&quot;,&quot;itemprop&quot;:&quot;image&quot;}]\" itemscope itemtype=\"https:\/\/schema.org\/ImageGallery\"><\/div>\n<p>Por \u00faltimo unas aclaraciones de cara a las siguientes actividades:<\/p>\n<ul>\n<li><strong><span style=\"color: #0000ff\">Audio \u00bb Mis deseos para&#8230; \u00bb\u00a0<\/span><\/strong>. Su duraci\u00f3n no debe exceder de un minuto, conteniendo un mensaje en el que cada uno exprese un deseo para su grupo de compa\u00f1eros y compa\u00f1eras, as\u00ed como para su profe (yo, je). En el montaje incluir\u00e9 el nombre, as\u00ed que si no quieren no es necesario presentarse, aunque tampoco est\u00e1 de m\u00e1s hacerlo. <span style=\"color: #0000ff\">Se entrega hoy.<\/span><\/li>\n<li><strong><span style=\"color: #0000ff\"><span style=\"color: #ff6600\">Din\u00e1mica del agradecimiento \u00abGracias por&#8230;\u00bb.<\/span><span style=\"color: #333333\">\u00a0<\/span><\/span><\/strong><span style=\"color: #0000ff\"><span style=\"color: #333333\">Esto no es necesario que me lo envi\u00e9is, ya que ser\u00e1 el contenido de nuestra videoconferencia del pr\u00f3ximo jueves. Para agilizar las intervenciones es conveniente que cada uno haya pensado previamente qu\u00e9 quiere a agradecer a todos y cada uno de sus compa\u00f1eros, compa\u00f1eras y profe. Yo tambi\u00e9n realizar\u00e9 una intervenci\u00f3n al respecto.<\/span><\/span><\/li>\n<\/ul>\n<p><em><strong>Me despido hasta ma\u00f1ana, no sin antes daros las gracias por este medio, por si a alguien no le ha llegado mi anterior comunicaci\u00f3n, por vuestro generoso gesto de agradecimiento hacia m\u00ed y el bonito detalle. \u00a1Me encanta!<\/strong><\/em><\/p>\n<p>Esther Justicia.<\/p>\n","protected":false},"excerpt":{"rendered":"<p>Buenos d\u00edas de nuevo verdecitos y familias. Hace tan s\u00f3lo unos minutos hemos tenido oportunidad de reunirnos nuevamente por videoconferencia y hemos vuelto a pasar un ratito juntos, que estoy convencida os ha emocionado tanto como a m\u00ed (aunque cada uno lo manifieste en una forma distinta). No he podido evitar emocionarme (ya sab\u00e9is que &hellip; <a href=\"https:\/\/www.alqueria.es\/blogs\/alqueriarojaverde\/2020\/06\/16\/recordamos-nuestro-paso-por-la-etapa-de-educacion-infantil\/\" class=\"more-link\">Seguir leyendo <span class=\"screen-reader-text\">\u00a1RECORDAMOS NUESTRO PASO POR LA ETAPA DE EDUCACI\u00d3N INFANTIL!<\/span> <span class=\"meta-nav\">&rarr;<\/span><\/a><\/p>\n","protected":false},"author":19,"featured_media":0,"comment_status":"open","ping_status":"open","sticky":false,"template":"","format":"standard","meta":{"jetpack_post_was_ever_published":false,"_jetpack_newsletter_access":"","_jetpack_dont_email_post_to_subs":false,"_jetpack_newsletter_tier_id":0,"_jetpack_memberships_contains_paywalled_content":false,"_jetpack_memberships_contains_paid_content":false,"footnotes":"","jetpack_publicize_message":"","jetpack_publicize_feature_enabled":true,"jetpack_social_post_already_shared":true,"jetpack_social_options":{"image_generator_settings":{"template":"highway","default_image_id":0,"font":"","enabled":false},"version":2}},"categories":[7,13],"tags":[999,994],"class_list":["post-26608","post","type-post","status-publish","format-standard","hentry","category-clase-verde-5-6-anos","category-inicio","tag-album-de-recuerdos-de-infantil","tag-cierre-etapa-infantil"],"jetpack_publicize_connections":[],"jetpack_featured_media_url":"","jetpack_sharing_enabled":true,"jetpack_shortlink":"https:\/\/wp.me\/p4lFbP-6Va","_links":{"self":[{"href":"https:\/\/www.alqueria.es\/blogs\/alqueriarojaverde\/wp-json\/wp\/v2\/posts\/26608","targetHints":{"allow":["GET"]}}],"collection":[{"href":"https:\/\/www.alqueria.es\/blogs\/alqueriarojaverde\/wp-json\/wp\/v2\/posts"}],"about":[{"href":"https:\/\/www.alqueria.es\/blogs\/alqueriarojaverde\/wp-json\/wp\/v2\/types\/post"}],"author":[{"embeddable":true,"href":"https:\/\/www.alqueria.es\/blogs\/alqueriarojaverde\/wp-json\/wp\/v2\/users\/19"}],"replies":[{"embeddable":true,"href":"https:\/\/www.alqueria.es\/blogs\/alqueriarojaverde\/wp-json\/wp\/v2\/comments?post=26608"}],"version-history":[{"count":2,"href":"https:\/\/www.alqueria.es\/blogs\/alqueriarojaverde\/wp-json\/wp\/v2\/posts\/26608\/revisions"}],"predecessor-version":[{"id":26630,"href":"https:\/\/www.alqueria.es\/blogs\/alqueriarojaverde\/wp-json\/wp\/v2\/posts\/26608\/revisions\/26630"}],"wp:attachment":[{"href":"https:\/\/www.alqueria.es\/blogs\/alqueriarojaverde\/wp-json\/wp\/v2\/media?parent=26608"}],"wp:term":[{"taxonomy":"category","embeddable":true,"href":"https:\/\/www.alqueria.es\/blogs\/alqueriarojaverde\/wp-json\/wp\/v2\/categories?post=26608"},{"taxonomy":"post_tag","embeddable":true,"href":"https:\/\/www.alqueria.es\/blogs\/alqueriarojaverde\/wp-json\/wp\/v2\/tags?post=26608"}],"curies":[{"name":"wp","href":"https:\/\/api.w.org\/{rel}","templated":true}]}}