{"id":26821,"date":"2020-09-18T18:35:34","date_gmt":"2020-09-18T16:35:34","guid":{"rendered":"http:\/\/www.alqueria.es\/blogs\/alqueriarojaverde\/?p=26821"},"modified":"2020-09-18T18:35:34","modified_gmt":"2020-09-18T16:35:34","slug":"la-adaptacion-del-grupo-marcha-fenomenal","status":"publish","type":"post","link":"https:\/\/www.alqueria.es\/blogs\/alqueriarojaverde\/2020\/09\/18\/la-adaptacion-del-grupo-marcha-fenomenal\/","title":{"rendered":"\u00a1LA ADAPTACI\u00d3N DEL GRUPO MARCHA FENOMENAL!"},"content":{"rendered":"<p>Buenas tardes,<\/p>\n<p>Tras el d\u00eda festivo reanudamos la semana con energ\u00eda y ganas de seguir interaccionando con materiales nuevos, acerc\u00e1ndonos a lo que ser\u00e1n nuestros talleres del pr\u00f3ximo mes y por supuesto a seguir viviendo experiencias incre\u00edbles en compa\u00f1\u00eda de nuestros compa\u00f1eros y compa\u00f1eras.<\/p>\n<p><img data-recalc-dims=\"1\" decoding=\"async\" data-attachment-id=\"26848\" data-permalink=\"https:\/\/www.alqueria.es\/blogs\/alqueriarojaverde\/2020\/09\/18\/la-adaptacion-del-grupo-marcha-fenomenal\/asamblea-9\/\" data-orig-file=\"https:\/\/i0.wp.com\/cloud.alqueria.es\/wp-content\/uploads\/sites\/8\/2020\/09\/asamblea.png?fit=253%2C199&amp;ssl=1\" data-orig-size=\"253,199\" data-comments-opened=\"1\" data-image-meta=\"{&quot;aperture&quot;:&quot;0&quot;,&quot;credit&quot;:&quot;&quot;,&quot;camera&quot;:&quot;&quot;,&quot;caption&quot;:&quot;&quot;,&quot;created_timestamp&quot;:&quot;0&quot;,&quot;copyright&quot;:&quot;&quot;,&quot;focal_length&quot;:&quot;0&quot;,&quot;iso&quot;:&quot;0&quot;,&quot;shutter_speed&quot;:&quot;0&quot;,&quot;title&quot;:&quot;&quot;,&quot;orientation&quot;:&quot;0&quot;}\" data-image-title=\"asamblea\" data-image-description=\"\" data-image-caption=\"\" data-large-file=\"https:\/\/i0.wp.com\/cloud.alqueria.es\/wp-content\/uploads\/sites\/8\/2020\/09\/asamblea.png?fit=253%2C199&amp;ssl=1\" class=\"alignleft size-full wp-image-26848\" src=\"https:\/\/i0.wp.com\/cloud.alqueria.es\/wp-content\/uploads\/sites\/8\/2020\/09\/asamblea.png?resize=253%2C199&#038;ssl=1\" alt=\"\" width=\"253\" height=\"199\" \/>Nuestras <em><strong><span style=\"color: #008000\">asambleas<\/span> <\/strong><\/em>diarias est\u00e1n dando lugar a tratar temas muy diversos, relacionados con el g\u00e9nero (juegos de chicos o chicas), el cuidado personal y respeto al otro, las normas de juego en el parque&#8230; Todos se muestran muy participativos y narran tambi\u00e9n hechos que acontecen en el ambiente familiar, siendo capaces de establecer interrelaciones entre tem\u00e1ticas o vivencias.<\/p>\n<p>La ma\u00f1ana de los mi\u00e9rcoles transcurre entre las \u00e1reas de<em><strong> I<\/strong><strong>ngl\u00e9s<\/strong><\/em> y <em><strong><span style=\"color: #0000ff\">M<\/span><\/strong><strong><span style=\"color: #0000ff\">\u00fasica<\/span><\/strong><\/em>. Ya que el otro d\u00eda os dej\u00e9 una breve rese\u00f1a de ingl\u00e9s, os comento que en m\u00fasica estuvieron hablando de las notas musicales, su simbolog\u00eda, su nomenclatura y c\u00f3mo se pod\u00eda ascender o descender a trav\u00e9s de ellas, entre otras muchas cosas. Os dejo el enlace de un peque\u00f1o v\u00eddeo proyectado por Elena.<\/p>\n<p><span class=\"embed-youtube\" style=\"text-align:center; display: block;\"><div class=\"a25-CTUOC-hidding-box\" data-original-content=\"&lt;iframe loading=&quot;lazy&quot; class=&quot;youtube-player&quot; width=&quot;474&quot; height=&quot;267&quot; src=&quot;https:\/\/www.youtube.com\/embed\/Xy1qRk6QkJg?version=3&amp;#038;rel=1&amp;#038;showsearch=0&amp;#038;showinfo=1&amp;#038;iv_load_policy=1&amp;#038;fs=1&amp;#038;hl=es-ES&amp;#038;autohide=2&amp;#038;wmode=transparent&quot; allowfullscreen=&quot;true&quot; style=&quot;border:0;&quot; sandbox=&quot;allow-scripts allow-same-origin allow-popups allow-presentation allow-popups-to-escape-sandbox&quot;&gt;&lt;\/iframe&gt;\">Esta p\u00e1gina incluye contenido multimedia que requiere aceptar todas las cookies. Pulse aqu\u00ed para abrir la configuraci\u00f3n de cookies.<\/div><\/span><\/p>\n<p><img data-recalc-dims=\"1\" decoding=\"async\" data-attachment-id=\"26842\" data-permalink=\"https:\/\/www.alqueria.es\/blogs\/alqueriarojaverde\/2020\/09\/18\/la-adaptacion-del-grupo-marcha-fenomenal\/arbol-reunion\/\" data-orig-file=\"https:\/\/i0.wp.com\/cloud.alqueria.es\/wp-content\/uploads\/sites\/8\/2020\/09\/arbol-reunion.jpg?fit=650%2C300&amp;ssl=1\" data-orig-size=\"650,300\" data-comments-opened=\"1\" data-image-meta=\"{&quot;aperture&quot;:&quot;0&quot;,&quot;credit&quot;:&quot;&quot;,&quot;camera&quot;:&quot;&quot;,&quot;caption&quot;:&quot;&quot;,&quot;created_timestamp&quot;:&quot;0&quot;,&quot;copyright&quot;:&quot;&quot;,&quot;focal_length&quot;:&quot;0&quot;,&quot;iso&quot;:&quot;0&quot;,&quot;shutter_speed&quot;:&quot;0&quot;,&quot;title&quot;:&quot;&quot;,&quot;orientation&quot;:&quot;0&quot;}\" data-image-title=\"\u00e1rbol reuni\u00f3n\" data-image-description=\"\" data-image-caption=\"\" data-large-file=\"https:\/\/i0.wp.com\/cloud.alqueria.es\/wp-content\/uploads\/sites\/8\/2020\/09\/arbol-reunion.jpg?fit=474%2C219&amp;ssl=1\" class=\"alignright size-medium wp-image-26842\" src=\"https:\/\/i0.wp.com\/cloud.alqueria.es\/wp-content\/uploads\/sites\/8\/2020\/09\/arbol-reunion-300x138.jpg?resize=300%2C138&#038;ssl=1\" alt=\"\" width=\"300\" height=\"138\" srcset=\"https:\/\/cloud.alqueria.es\/wp-content\/uploads\/sites\/8\/2020\/09\/arbol-reunion.jpg 300w, https:\/\/cloud.alqueria.es\/wp-content\/uploads\/sites\/8\/2020\/09\/arbol-reunion.jpg 650w\" sizes=\"(max-width: 300px) 100vw, 300px\" \/>Por la tarde presentamos de manera oficial lo que ser\u00e1 nuestro <em><strong><span style=\"color: #008000\">taller de bibliteca,\u00a0<\/span><\/strong><\/em><span style=\"color: #333333\">que siempre que el tiempo lo permita va a ser en el espacio exterior <em><strong>\u00ab\u00e1rbol reuni\u00f3n\u00bb.<\/strong><\/em> En esta ocasi\u00f3n disfrutaron del placer de escuchar\u00a0<span style=\"color: #008000\"> \u00abEl circo de los cuentos\u00bb.<\/span> Una historia relacionada con la animaci\u00f3n a la lectura y el fomento de la imaginaci\u00f3n. Terminamos inventando historias disparatadas, de piratas que convert\u00edan sus barcos en coches f\u00f3rmula 1 y llegaban hasta nuestro cole y de una ni\u00f1a a la que encantaban los cuentos y siempre quer\u00eda m\u00e1s y m\u00e1s.<\/span><\/p>\n<p><img data-recalc-dims=\"1\" decoding=\"async\" data-attachment-id=\"26843\" data-permalink=\"https:\/\/www.alqueria.es\/blogs\/alqueriarojaverde\/2020\/09\/18\/la-adaptacion-del-grupo-marcha-fenomenal\/circo-cuentos\/\" data-orig-file=\"https:\/\/i0.wp.com\/cloud.alqueria.es\/wp-content\/uploads\/sites\/8\/2020\/09\/circo-cuentos.jpg?fit=260%2C235&amp;ssl=1\" data-orig-size=\"260,235\" data-comments-opened=\"1\" data-image-meta=\"{&quot;aperture&quot;:&quot;0&quot;,&quot;credit&quot;:&quot;&quot;,&quot;camera&quot;:&quot;&quot;,&quot;caption&quot;:&quot;&quot;,&quot;created_timestamp&quot;:&quot;0&quot;,&quot;copyright&quot;:&quot;&quot;,&quot;focal_length&quot;:&quot;0&quot;,&quot;iso&quot;:&quot;0&quot;,&quot;shutter_speed&quot;:&quot;0&quot;,&quot;title&quot;:&quot;&quot;,&quot;orientation&quot;:&quot;0&quot;}\" data-image-title=\"circo cuentos\" data-image-description=\"\" data-image-caption=\"\" data-large-file=\"https:\/\/i0.wp.com\/cloud.alqueria.es\/wp-content\/uploads\/sites\/8\/2020\/09\/circo-cuentos.jpg?fit=260%2C235&amp;ssl=1\" class=\"aligncenter wp-image-26843 size-thumbnail\" src=\"https:\/\/i0.wp.com\/cloud.alqueria.es\/wp-content\/uploads\/sites\/8\/2020\/09\/circo-cuentos-150x150.jpg?resize=150%2C150&#038;ssl=1\" alt=\"\" width=\"150\" height=\"150\" \/><\/p>\n<p><img data-recalc-dims=\"1\" decoding=\"async\" data-attachment-id=\"26844\" data-permalink=\"https:\/\/www.alqueria.es\/blogs\/alqueriarojaverde\/2020\/09\/18\/la-adaptacion-del-grupo-marcha-fenomenal\/ninos-jugando-espacio_1639-5015\/\" data-orig-file=\"https:\/\/i0.wp.com\/cloud.alqueria.es\/wp-content\/uploads\/sites\/8\/2020\/09\/ninos-jugando-espacio_1639-5015.jpg?fit=626%2C452&amp;ssl=1\" data-orig-size=\"626,452\" data-comments-opened=\"1\" data-image-meta=\"{&quot;aperture&quot;:&quot;0&quot;,&quot;credit&quot;:&quot;&quot;,&quot;camera&quot;:&quot;&quot;,&quot;caption&quot;:&quot;&quot;,&quot;created_timestamp&quot;:&quot;0&quot;,&quot;copyright&quot;:&quot;&quot;,&quot;focal_length&quot;:&quot;0&quot;,&quot;iso&quot;:&quot;0&quot;,&quot;shutter_speed&quot;:&quot;0&quot;,&quot;title&quot;:&quot;&quot;,&quot;orientation&quot;:&quot;0&quot;}\" data-image-title=\"ninos-jugando-espacio_1639-5015\" data-image-description=\"\" data-image-caption=\"\" data-large-file=\"https:\/\/i0.wp.com\/cloud.alqueria.es\/wp-content\/uploads\/sites\/8\/2020\/09\/ninos-jugando-espacio_1639-5015.jpg?fit=474%2C342&amp;ssl=1\" class=\"alignleft size-medium wp-image-26844\" src=\"https:\/\/i0.wp.com\/cloud.alqueria.es\/wp-content\/uploads\/sites\/8\/2020\/09\/ninos-jugando-espacio_1639-5015-300x217.jpg?resize=300%2C217&#038;ssl=1\" alt=\"\" width=\"300\" height=\"217\" srcset=\"https:\/\/cloud.alqueria.es\/wp-content\/uploads\/sites\/8\/2020\/09\/ninos-jugando-espacio_1639-5015.jpg 300w, https:\/\/cloud.alqueria.es\/wp-content\/uploads\/sites\/8\/2020\/09\/ninos-jugando-espacio_1639-5015.jpg 626w\" sizes=\"(max-width: 300px) 100vw, 300px\" \/>La jornada del jueves la iniciamos con un peque\u00f1o avance m\u00e1s, dentro de la <span style=\"color: #008000\">formaci\u00f3n del alumnado en torno al protocolo Covid-19<\/span>. A trav\u00e9s de una din\u00e1mica de <em><strong><span style=\"color: #008000\">Role Play<\/span><\/strong><\/em> les present\u00e9 \u00abla sala de descanso\u00bb y c\u00f3mo ser\u00eda la actuaci\u00f3n en el caso que durante la jornada escolar se diese la circunstancia de tener que utilizarla. En nuestra pr\u00f3xima reuni\u00f3n os dar\u00e9 algunos detalles e inquietudes que les surgieron.<\/p>\n<p>Decidimos<em><strong><span style=\"color: #008000\"> jugar al espacio,<\/span><\/strong><\/em> ya que dentro de esa din\u00e1mica nombr\u00e9 que la persona encargada de custodiarles y acompa\u00f1arles en la sala de descanso, vendr\u00eda ataviada cual \u00abastronauta\u00bb. Claro est\u00e1, que el inter\u00e9s por el espacio estaba latente en algunos, as\u00ed que fue el detonante para decidir el juego simb\u00f3lico.<\/p>\n<p class=\"jetpack-slideshow-noscript robots-nocontent\">El pase de diapositivas requiere JavaScript.<\/p><div id=\"gallery-26821-1-slideshow\" class=\"jetpack-slideshow-window jetpack-slideshow jetpack-slideshow-black\" data-trans=\"fade\" data-autostart=\"1\" data-gallery=\"[{&quot;src&quot;:&quot;https:\\\/\\\/i0.wp.com\\\/cloud.alqueria.es\\\/wp-content\\\/uploads\\\/sites\\\/8\\\/2020\\\/09\\\/20200917_101313.jpg?fit=1024%2C768\\u0026ssl=1&quot;,&quot;id&quot;:&quot;26841&quot;,&quot;title&quot;:&quot;20200917_101313&quot;,&quot;alt&quot;:&quot;&quot;,&quot;caption&quot;:&quot;&quot;,&quot;itemprop&quot;:&quot;image&quot;},{&quot;src&quot;:&quot;https:\\\/\\\/i0.wp.com\\\/cloud.alqueria.es\\\/wp-content\\\/uploads\\\/sites\\\/8\\\/2020\\\/09\\\/20200917_100557.jpg?fit=1024%2C768\\u0026ssl=1&quot;,&quot;id&quot;:&quot;26840&quot;,&quot;title&quot;:&quot;20200917_100557&quot;,&quot;alt&quot;:&quot;&quot;,&quot;caption&quot;:&quot;&quot;,&quot;itemprop&quot;:&quot;image&quot;},{&quot;src&quot;:&quot;https:\\\/\\\/i0.wp.com\\\/cloud.alqueria.es\\\/wp-content\\\/uploads\\\/sites\\\/8\\\/2020\\\/09\\\/20200917_100246.jpg?fit=1024%2C768\\u0026ssl=1&quot;,&quot;id&quot;:&quot;26839&quot;,&quot;title&quot;:&quot;20200917_100246&quot;,&quot;alt&quot;:&quot;&quot;,&quot;caption&quot;:&quot;&quot;,&quot;itemprop&quot;:&quot;image&quot;},{&quot;src&quot;:&quot;https:\\\/\\\/i0.wp.com\\\/cloud.alqueria.es\\\/wp-content\\\/uploads\\\/sites\\\/8\\\/2020\\\/09\\\/20200917_095700.jpg?fit=1024%2C768\\u0026ssl=1&quot;,&quot;id&quot;:&quot;26838&quot;,&quot;title&quot;:&quot;20200917_095700&quot;,&quot;alt&quot;:&quot;&quot;,&quot;caption&quot;:&quot;&quot;,&quot;itemprop&quot;:&quot;image&quot;},{&quot;src&quot;:&quot;https:\\\/\\\/i0.wp.com\\\/cloud.alqueria.es\\\/wp-content\\\/uploads\\\/sites\\\/8\\\/2020\\\/09\\\/20200917_095556.jpg?fit=1024%2C768\\u0026ssl=1&quot;,&quot;id&quot;:&quot;26837&quot;,&quot;title&quot;:&quot;20200917_095556&quot;,&quot;alt&quot;:&quot;&quot;,&quot;caption&quot;:&quot;&quot;,&quot;itemprop&quot;:&quot;image&quot;},{&quot;src&quot;:&quot;https:\\\/\\\/i0.wp.com\\\/cloud.alqueria.es\\\/wp-content\\\/uploads\\\/sites\\\/8\\\/2020\\\/09\\\/20200917_095449.jpg?fit=1024%2C768\\u0026ssl=1&quot;,&quot;id&quot;:&quot;26836&quot;,&quot;title&quot;:&quot;20200917_095449&quot;,&quot;alt&quot;:&quot;&quot;,&quot;caption&quot;:&quot;&quot;,&quot;itemprop&quot;:&quot;image&quot;},{&quot;src&quot;:&quot;https:\\\/\\\/i0.wp.com\\\/cloud.alqueria.es\\\/wp-content\\\/uploads\\\/sites\\\/8\\\/2020\\\/09\\\/20200917_095435.jpg?fit=1024%2C768\\u0026ssl=1&quot;,&quot;id&quot;:&quot;26835&quot;,&quot;title&quot;:&quot;20200917_095435&quot;,&quot;alt&quot;:&quot;&quot;,&quot;caption&quot;:&quot;&quot;,&quot;itemprop&quot;:&quot;image&quot;}]\" itemscope itemtype=\"https:\/\/schema.org\/ImageGallery\"><\/div>\n<p>En el<span style=\"color: #008000\"> taller de la tarde<\/span> tuvimos oportunidad de interaccionar con las <em><strong><span style=\"color: #008000\">\u00e1reas alfab\u00e9tica y l\u00f3gica-matem\u00e1tica<\/span><\/strong><\/em>. A trav\u00e9s de juegos relacionados con sus nombres, algunas palabras conocidas, la canci\u00f3n del alfabeto (en espa\u00f1ol e ingl\u00e9s), la correspondencia entre el n\u00famero de d\u00edas que tiene la semana y cu\u00e1ntos somos en clase, la cantidad de chicos y chicas que componen el grupo clase, los d\u00edas que faltan para que llegue el oto\u00f1o&#8230;<\/p>\n<div class=\"tiled-gallery type-square tiled-gallery-unresized\" data-original-width=\"474\" data-carousel-extra='{&quot;blog_id&quot;:8,&quot;permalink&quot;:&quot;https:\\\/\\\/www.alqueria.es\\\/blogs\\\/alqueriarojaverde\\\/2020\\\/09\\\/18\\\/la-adaptacion-del-grupo-marcha-fenomenal\\\/&quot;,&quot;likes_blog_id&quot;:64268569}' itemscope itemtype=\"http:\/\/schema.org\/ImageGallery\" > <div class=\"gallery-row\" style=\"width: 474px; height: 237px;\" data-original-width=\"474\" data-original-height=\"237\" > <div class=\"gallery-group\" style=\"width: 237px; height: 237px;\" data-original-width=\"237\" data-original-height=\"237\" > <div class=\"tiled-gallery-item \" itemprop=\"associatedMedia\" itemscope itemtype=\"http:\/\/schema.org\/ImageObject\"> <a href=\"https:\/\/www.alqueria.es\/blogs\/alqueriarojaverde\/2020\/09\/18\/la-adaptacion-del-grupo-marcha-fenomenal\/letras-9\/\" border=\"0\" itemprop=\"url\"> <meta itemprop=\"width\" content=\"233\"> <meta itemprop=\"height\" content=\"233\"> <img decoding=\"async\" class=\"\" data-attachment-id=\"26845\" data-orig-file=\"https:\/\/cloud.alqueria.es\/wp-content\/uploads\/sites\/8\/2020\/09\/letras.jpg\" data-orig-size=\"522,483\" data-comments-opened=\"1\" data-image-meta=\"{&quot;aperture&quot;:&quot;0&quot;,&quot;credit&quot;:&quot;&quot;,&quot;camera&quot;:&quot;&quot;,&quot;caption&quot;:&quot;&quot;,&quot;created_timestamp&quot;:&quot;0&quot;,&quot;copyright&quot;:&quot;&quot;,&quot;focal_length&quot;:&quot;0&quot;,&quot;iso&quot;:&quot;0&quot;,&quot;shutter_speed&quot;:&quot;0&quot;,&quot;title&quot;:&quot;&quot;,&quot;orientation&quot;:&quot;0&quot;}\" data-image-title=\"letras\" data-image-description=\"\" data-medium-file=\"https:\/\/i0.wp.com\/cloud.alqueria.es\/wp-content\/uploads\/sites\/8\/2020\/09\/letras.jpg?fit=300%2C278&#038;ssl=1\" data-large-file=\"https:\/\/i0.wp.com\/cloud.alqueria.es\/wp-content\/uploads\/sites\/8\/2020\/09\/letras.jpg?fit=474%2C439&#038;ssl=1\" src=\"https:\/\/i0.wp.com\/cloud.alqueria.es\/wp-content\/uploads\/sites\/8\/2020\/09\/letras.jpg?w=233&#038;h=233&#038;crop=1&#038;ssl=1\" srcset=\"https:\/\/cloud.alqueria.es\/wp-content\/uploads\/sites\/8\/2020\/09\/letras.jpg 150w, https:\/\/cloud.alqueria.es\/wp-content\/uploads\/sites\/8\/2020\/09\/letras.jpg 466w\" width=\"233\" height=\"233\" loading=\"lazy\" data-original-width=\"233\" data-original-height=\"233\" itemprop=\"http:\/\/schema.org\/image\" title=\"letras\" alt=\"letras\" style=\"width: 233px; height: 233px;\" \/> <\/a> <\/div> <\/div> <div class=\"gallery-group\" style=\"width: 237px; height: 237px;\" data-original-width=\"237\" data-original-height=\"237\" > <div class=\"tiled-gallery-item \" itemprop=\"associatedMedia\" itemscope itemtype=\"http:\/\/schema.org\/ImageObject\"> <a href=\"https:\/\/www.alqueria.es\/blogs\/alqueriarojaverde\/2020\/09\/18\/la-adaptacion-del-grupo-marcha-fenomenal\/numeros-dados\/\" border=\"0\" itemprop=\"url\"> <meta itemprop=\"width\" content=\"233\"> <meta itemprop=\"height\" content=\"233\"> <img decoding=\"async\" class=\"\" data-attachment-id=\"26846\" data-orig-file=\"https:\/\/cloud.alqueria.es\/wp-content\/uploads\/sites\/8\/2020\/09\/numeros-dados.png\" data-orig-size=\"261,193\" data-comments-opened=\"1\" data-image-meta=\"{&quot;aperture&quot;:&quot;0&quot;,&quot;credit&quot;:&quot;&quot;,&quot;camera&quot;:&quot;&quot;,&quot;caption&quot;:&quot;&quot;,&quot;created_timestamp&quot;:&quot;0&quot;,&quot;copyright&quot;:&quot;&quot;,&quot;focal_length&quot;:&quot;0&quot;,&quot;iso&quot;:&quot;0&quot;,&quot;shutter_speed&quot;:&quot;0&quot;,&quot;title&quot;:&quot;&quot;,&quot;orientation&quot;:&quot;0&quot;}\" data-image-title=\"n\u00fameros dados\" data-image-description=\"\" data-medium-file=\"https:\/\/i0.wp.com\/cloud.alqueria.es\/wp-content\/uploads\/sites\/8\/2020\/09\/numeros-dados.png?fit=261%2C193&#038;ssl=1\" data-large-file=\"https:\/\/i0.wp.com\/cloud.alqueria.es\/wp-content\/uploads\/sites\/8\/2020\/09\/numeros-dados.png?fit=261%2C193&#038;ssl=1\" src=\"https:\/\/i0.wp.com\/cloud.alqueria.es\/wp-content\/uploads\/sites\/8\/2020\/09\/numeros-dados.png?w=233&#038;h=233&#038;crop=1&#038;ssl=1\" width=\"233\" height=\"233\" loading=\"lazy\" data-original-width=\"233\" data-original-height=\"233\" itemprop=\"http:\/\/schema.org\/image\" title=\"n\u00fameros dados\" alt=\"n\u00fameros dados\" style=\"width: 233px; height: 233px;\" \/> <\/a> <\/div> <\/div> <\/div> <\/div>\n<p>Para terminar, y a petici\u00f3n de ellos, utilizamos material destinado al desarrollo de las citadas \u00e1reas, que compartieron fenomenal e incluso establecieron turnos de disfrute.<\/p>\n<p class=\"jetpack-slideshow-noscript robots-nocontent\">El pase de diapositivas requiere JavaScript.<\/p><div id=\"gallery-26821-2-slideshow\" class=\"jetpack-slideshow-window jetpack-slideshow jetpack-slideshow-black\" data-trans=\"fade\" data-autostart=\"1\" data-gallery=\"[{&quot;src&quot;:&quot;https:\\\/\\\/i0.wp.com\\\/cloud.alqueria.es\\\/wp-content\\\/uploads\\\/sites\\\/8\\\/2020\\\/09\\\/20200917_153522.jpg?fit=1024%2C768\\u0026ssl=1&quot;,&quot;id&quot;:&quot;26857&quot;,&quot;title&quot;:&quot;20200917_153522&quot;,&quot;alt&quot;:&quot;&quot;,&quot;caption&quot;:&quot;&quot;,&quot;itemprop&quot;:&quot;image&quot;},{&quot;src&quot;:&quot;https:\\\/\\\/i0.wp.com\\\/cloud.alqueria.es\\\/wp-content\\\/uploads\\\/sites\\\/8\\\/2020\\\/09\\\/20200917_153528.jpg?fit=1024%2C768\\u0026ssl=1&quot;,&quot;id&quot;:&quot;26858&quot;,&quot;title&quot;:&quot;20200917_153528&quot;,&quot;alt&quot;:&quot;&quot;,&quot;caption&quot;:&quot;&quot;,&quot;itemprop&quot;:&quot;image&quot;},{&quot;src&quot;:&quot;https:\\\/\\\/i0.wp.com\\\/cloud.alqueria.es\\\/wp-content\\\/uploads\\\/sites\\\/8\\\/2020\\\/09\\\/20200917_153607.jpg?fit=1024%2C768\\u0026ssl=1&quot;,&quot;id&quot;:&quot;26859&quot;,&quot;title&quot;:&quot;20200917_153607&quot;,&quot;alt&quot;:&quot;&quot;,&quot;caption&quot;:&quot;&quot;,&quot;itemprop&quot;:&quot;image&quot;},{&quot;src&quot;:&quot;https:\\\/\\\/i0.wp.com\\\/cloud.alqueria.es\\\/wp-content\\\/uploads\\\/sites\\\/8\\\/2020\\\/09\\\/20200917_153624.jpg?fit=1024%2C768\\u0026ssl=1&quot;,&quot;id&quot;:&quot;26860&quot;,&quot;title&quot;:&quot;20200917_153624&quot;,&quot;alt&quot;:&quot;&quot;,&quot;caption&quot;:&quot;&quot;,&quot;itemprop&quot;:&quot;image&quot;},{&quot;src&quot;:&quot;https:\\\/\\\/i0.wp.com\\\/cloud.alqueria.es\\\/wp-content\\\/uploads\\\/sites\\\/8\\\/2020\\\/09\\\/20200917_153641.jpg?fit=1024%2C768\\u0026ssl=1&quot;,&quot;id&quot;:&quot;26861&quot;,&quot;title&quot;:&quot;20200917_153641&quot;,&quot;alt&quot;:&quot;&quot;,&quot;caption&quot;:&quot;&quot;,&quot;itemprop&quot;:&quot;image&quot;},{&quot;src&quot;:&quot;https:\\\/\\\/i0.wp.com\\\/cloud.alqueria.es\\\/wp-content\\\/uploads\\\/sites\\\/8\\\/2020\\\/09\\\/20200917_153747.jpg?fit=1024%2C768\\u0026ssl=1&quot;,&quot;id&quot;:&quot;26862&quot;,&quot;title&quot;:&quot;20200917_153747&quot;,&quot;alt&quot;:&quot;&quot;,&quot;caption&quot;:&quot;&quot;,&quot;itemprop&quot;:&quot;image&quot;}]\" itemscope itemtype=\"https:\/\/schema.org\/ImageGallery\"><\/div>\n<p>Cerramos la semana con:<\/p>\n<ul>\n<li>\u00a0Nuestra clase de <span style=\"color: #0000ff\">Educaci\u00f3n f\u00edsica,<\/span> en un espacio distinto (debido a las inclemencias del tiempo) y llevando a cabo juegos enfocados a las habilidades del equilibrio, coordinaci\u00f3n y lanzamientos-recepciones. Ya os contar\u00e1n que hoy he sido yo \u00abla profe de Educaci\u00f3n f\u00edsica\u00bb, nos lo hemos pasado genial.<\/li>\n<li>Otra de las sesiones de idioma ingl\u00e9s.<\/li>\n<li>Lectura silenciosa por equipos de trabajo (que ya est\u00e1n establecidos, tras una semana de prueba) y &#8230;<\/li>\n<li>Un ratito\u00a0 de juego libre.<\/li>\n<\/ul>\n<p><em><strong><span style=\"color: #ff00ff\">NOTA:<\/span> <\/strong><\/em>El pr\u00f3ximo jueves ser\u00e1 nuestra <span style=\"color: #ff00ff\">reuni\u00f3n de presentaci\u00f3n del programa pedag\u00f3gico<\/span> para este curso (os ha debido llegar la convocatoria desde Direcci\u00f3n de Centro).<\/p>\n<p>\u00a1Buen fin de semana!,<\/p>\n<p>Esther Justicia.<\/p>\n<p>&nbsp;<\/p>\n<p>&nbsp;<\/p>\n<p>&nbsp;<\/p>\n<p>&nbsp;<\/p>\n","protected":false},"excerpt":{"rendered":"<p>Buenas tardes, Tras el d\u00eda festivo reanudamos la semana con energ\u00eda y ganas de seguir interaccionando con materiales nuevos, acerc\u00e1ndonos a lo que ser\u00e1n nuestros talleres del pr\u00f3ximo mes y por supuesto a seguir viviendo experiencias incre\u00edbles en compa\u00f1\u00eda de nuestros compa\u00f1eros y compa\u00f1eras. Nuestras asambleas diarias est\u00e1n dando lugar a tratar temas muy diversos, &hellip; <a href=\"https:\/\/www.alqueria.es\/blogs\/alqueriarojaverde\/2020\/09\/18\/la-adaptacion-del-grupo-marcha-fenomenal\/\" class=\"more-link\">Seguir leyendo <span class=\"screen-reader-text\">\u00a1LA ADAPTACI\u00d3N DEL GRUPO MARCHA FENOMENAL!<\/span> <span class=\"meta-nav\">&rarr;<\/span><\/a><\/p>\n","protected":false},"author":19,"featured_media":0,"comment_status":"open","ping_status":"open","sticky":false,"template":"","format":"standard","meta":{"jetpack_post_was_ever_published":false,"_jetpack_newsletter_access":"","_jetpack_dont_email_post_to_subs":false,"_jetpack_newsletter_tier_id":0,"_jetpack_memberships_contains_paywalled_content":false,"_jetpack_memberships_contains_paid_content":false,"footnotes":"","jetpack_publicize_message":"","jetpack_publicize_feature_enabled":true,"jetpack_social_post_already_shared":true,"jetpack_social_options":{"image_generator_settings":{"template":"highway","default_image_id":0,"font":"","enabled":false},"version":2}},"categories":[7,13],"tags":[395,1020,648,1019],"class_list":["post-26821","post","type-post","status-publish","format-standard","hentry","category-clase-verde-5-6-anos","category-inicio","tag-alfabetizacion-en-infantil","tag-formacion-covid-al-alumnado","tag-logica-matematica-en-infantil","tag-promocion-a-la-lectura"],"jetpack_publicize_connections":[],"jetpack_featured_media_url":"","jetpack_sharing_enabled":true,"jetpack_shortlink":"https:\/\/wp.me\/p4lFbP-6YB","_links":{"self":[{"href":"https:\/\/www.alqueria.es\/blogs\/alqueriarojaverde\/wp-json\/wp\/v2\/posts\/26821","targetHints":{"allow":["GET"]}}],"collection":[{"href":"https:\/\/www.alqueria.es\/blogs\/alqueriarojaverde\/wp-json\/wp\/v2\/posts"}],"about":[{"href":"https:\/\/www.alqueria.es\/blogs\/alqueriarojaverde\/wp-json\/wp\/v2\/types\/post"}],"author":[{"embeddable":true,"href":"https:\/\/www.alqueria.es\/blogs\/alqueriarojaverde\/wp-json\/wp\/v2\/users\/19"}],"replies":[{"embeddable":true,"href":"https:\/\/www.alqueria.es\/blogs\/alqueriarojaverde\/wp-json\/wp\/v2\/comments?post=26821"}],"version-history":[{"count":5,"href":"https:\/\/www.alqueria.es\/blogs\/alqueriarojaverde\/wp-json\/wp\/v2\/posts\/26821\/revisions"}],"predecessor-version":[{"id":26863,"href":"https:\/\/www.alqueria.es\/blogs\/alqueriarojaverde\/wp-json\/wp\/v2\/posts\/26821\/revisions\/26863"}],"wp:attachment":[{"href":"https:\/\/www.alqueria.es\/blogs\/alqueriarojaverde\/wp-json\/wp\/v2\/media?parent=26821"}],"wp:term":[{"taxonomy":"category","embeddable":true,"href":"https:\/\/www.alqueria.es\/blogs\/alqueriarojaverde\/wp-json\/wp\/v2\/categories?post=26821"},{"taxonomy":"post_tag","embeddable":true,"href":"https:\/\/www.alqueria.es\/blogs\/alqueriarojaverde\/wp-json\/wp\/v2\/tags?post=26821"}],"curies":[{"name":"wp","href":"https:\/\/api.w.org\/{rel}","templated":true}]}}