{"id":2755,"date":"2013-02-24T18:01:11","date_gmt":"2013-02-24T17:01:11","guid":{"rendered":"http:\/\/alqueriarojaverde.wordpress.com\/?p=2755"},"modified":"2014-02-24T11:50:19","modified_gmt":"2014-02-24T11:50:19","slug":"expertosas-clase-verde-11","status":"publish","type":"post","link":"https:\/\/www.alqueria.es\/blogs\/alqueriarojaverde\/2013\/02\/24\/expertosas-clase-verde-11\/","title":{"rendered":"EXPERTOS\/AS  CLASE VERDE"},"content":{"rendered":"<p><a href=\"http:\/\/alqueriarojaverde.files.wordpress.com\/2013\/02\/images.jpg\"><img data-recalc-dims=\"1\" decoding=\"async\" data-attachment-id=\"2758\" data-permalink=\"https:\/\/www.alqueria.es\/blogs\/alqueriarojaverde\/images-2\/\" data-orig-file=\"https:\/\/i0.wp.com\/www.alqueria.es\/blogs\/alqueriarojaverde\/wp-content\/uploads\/sites\/8\/2013\/02\/images.jpg?fit=202%2C249&amp;ssl=1\" data-orig-size=\"202,249\" data-comments-opened=\"1\" data-image-meta=\"{&quot;aperture&quot;:&quot;0&quot;,&quot;credit&quot;:&quot;&quot;,&quot;camera&quot;:&quot;&quot;,&quot;caption&quot;:&quot;&quot;,&quot;created_timestamp&quot;:&quot;0&quot;,&quot;copyright&quot;:&quot;&quot;,&quot;focal_length&quot;:&quot;0&quot;,&quot;iso&quot;:&quot;0&quot;,&quot;shutter_speed&quot;:&quot;0&quot;,&quot;title&quot;:&quot;&quot;}\" data-image-title=\"images\" data-image-description=\"\" data-image-caption=\"\" data-large-file=\"https:\/\/i0.wp.com\/www.alqueria.es\/blogs\/alqueriarojaverde\/wp-content\/uploads\/sites\/8\/2013\/02\/images.jpg?fit=202%2C249&amp;ssl=1\" class=\"alignright size-thumbnail wp-image-2758\" alt=\"images\" src=\"https:\/\/i0.wp.com\/cloud.alqueria.es\/wp-content\/uploads\/sites\/8\/2013\/02\/images1.jpg?resize=121%2C150&#038;ssl=1\" width=\"121\" height=\"150\" \/><\/a><\/p>\n<p><span style=\"font-family:Verdana, sans-serif\">EXPERTA: <span style=\"color:#ff0000\">DANIELA<\/span><\/span><\/p>\n<p><span style=\"font-family:Verdana, sans-serif\">TEMA: <span style=\"color:#ff0000\">HALLOWEEN<\/span><\/span><\/p>\n<p><span style=\"font-family:Verdana, sans-serif\">FECHA:<span style=\"color:#ff0000\"> 21-2-13<\/span><\/span><\/p>\n<p>&nbsp;<\/p>\n<p><span style=\"font-family:Verdana, sans-serif\">Daniela comienza su <span style=\"color:#ff0000\"><em><strong>exposici\u00f3n<\/strong><\/em><\/span> con un tema que a ella le encanta y le apasiona, la fiesta de halloween. Nos cuenta que esta fiesta se celebra el 31 de octubre, v\u00edspera de todos los santos.<\/span><\/p>\n<p><span style=\"font-family:Verdana, sans-serif\">Decoraban las casas y se disfrazaban de miedo.<\/span><\/p>\n<p><span style=\"font-family:Verdana, sans-serif\">Comenzaron con esta fiesta los Celtas hace 2.500 a\u00f1os.<\/span><\/p>\n<p><span style=\"font-family:Verdana, sans-serif\">Empez\u00f3 a celebrarse en E.Unidos y luego vino aqu\u00ed. <\/span><\/p>\n<p><span style=\"font-family:Verdana, sans-serif\">Ese d\u00eda los ni\u00f1os se disfrazan y piden caramelos por las casas, diciendo !Truco o trato!<\/span><\/p>\n<p><span style=\"font-family:Verdana, sans-serif\">Los adornos de halloween son las calabazas que iluminaban el camino de los esp\u00edritus para alejarlos del pueblo.<\/span><\/p>\n<p><span style=\"font-family:Verdana, sans-serif\">Sus compa\u00f1eros\/as al terminar la exposici\u00f3n le dan un gran aplauso y le <span style=\"color:#0000ff\"><em><strong>preguntan<\/strong><\/em><\/span> lo siguiente:<\/span><\/p>\n<p><span style=\"font-family:Verdana, sans-serif\">Marta: \u00bfPor qu\u00e9 hacen lo de las calabazas?<\/span><\/p>\n<p><span style=\"font-family:Verdana, sans-serif\">Esther:\u00bfPor qu\u00e9 segu\u00edan la luz de las calabazas?<\/span><\/p>\n<p><span style=\"font-family:Verdana, sans-serif\">Pedro: \u00bfPor qu\u00e9 se disfrazan de miedo? \u00bf Qui\u00e9n lo invent\u00f3?<\/span><\/p>\n<p><span style=\"font-family:Verdana, sans-serif\">Francisco: \u00bfPor qu\u00e9 hay murci\u00e9lagos?<\/span><\/p>\n<p><span style=\"font-family:Verdana, sans-serif\">Pepe: \u00bfCu\u00e1ntos a\u00f1os existi\u00f3 halloween?<\/span><\/p>\n<p><span style=\"font-family:Verdana, sans-serif\">Abril: \u00bfPor qu\u00e9 hay disfraces?<\/span><\/p>\n<p><span style=\"font-family:Verdana, sans-serif\">Dario: \u00bfPor qu\u00e9 le ponen vela a la calabaza?<\/span><\/p>\n<p><span style=\"font-family:Verdana, sans-serif\">Daniel:\u00bfPor qu\u00e9 a la calabaza hay que hacerle cara?<\/span><\/p>\n<p><span style=\"font-family:Verdana, sans-serif\">Vega: \u00bfCu\u00e1l es el disfraz m\u00e1s terror\u00edfico del mundo?<\/span><\/p>\n<p><span style=\"font-family:Verdana, sans-serif\">Daniela le contesta que LOS ZOMBIS.<\/span><\/p>\n<p><span style=\"font-family:Verdana, sans-serif\">Se abre un breve debate sobre estos personajes.<\/span><\/p>\n<p><span style=\"font-family:Verdana, sans-serif\">\u00a1Los zombis no existen dicen algunos! <\/span><\/p>\n<p><span style=\"font-family:Verdana, sans-serif\">Leo, replica diciendo que no pero que si existen los esp\u00edritus.<\/span><\/p>\n<p><span style=\"font-family:Verdana, sans-serif\">Vega muy resuelta nos dice \u00a1Os voy a contar un chiste de esp\u00edritus! Con ayuda de unos y de otros terminan el relato-chiste.<\/span><\/p>\n<p><span style=\"font-family:Verdana, sans-serif\">Tambi\u00e9n hay desacuerdo entre que, si los murci\u00e9lagos son lo mismo que los vampiros.<\/span><\/p>\n<p><span style=\"font-family:Verdana, sans-serif\">Despu\u00e9s muchos <span style=\"color:#008000\"><em><strong>cuentan an\u00e9cdotas<\/strong><\/em><\/span> de las fiestas de halloween a las que han asistido. De los que les da m\u00e1s miedo, como el personaje que lleva la cabeza en la mano, o de un espantap\u00e1jaros.<\/span><\/p>\n<p><span style=\"font-family:Verdana, sans-serif\">Para <span style=\"color:#ff00ff\"><em><strong>el juego<\/strong> <\/em><\/span>todos se disfrazan y maquillan. Hay fantasmas, novias cad\u00e1ver, zombis, murci\u00e9lagos, vampiros etc. que juegan y bailan en gran armon\u00eda.<\/span><\/p>\n<p><span style=\"font-family:Verdana, sans-serif\">En sus <em><strong><span style=\"color:#ff6600\">dibujos<\/span> <\/strong><\/em>se refleja a lo que ha jugado cada uno\/a.<\/span><\/p>\n<p><span style=\"font-family:Verdana, sans-serif\">En el <em><strong><span style=\"color:#800080\">taller de la tarde<\/span><\/strong><\/em>, coloreamos muchos de esos personajes y tambi\u00e9n recortamos im\u00e1genes sobre el tema.<\/span><\/p>\n<p><span style=\"font-family:Verdana, sans-serif\"><span style=\"color:#ff0000\">\u00a1Muchas felicidades Daniela! Ya eres una gran experta. Nos has ense\u00f1ado muchas cosas que no sab\u00edamos sobre esta fiesta. Has echo que a nosotros\/as tambi\u00e9n nos emocione tanto como a ti.<\/span> <\/span><\/p>\n<p class=\"jetpack-slideshow-noscript robots-nocontent\">El pase de diapositivas requiere JavaScript.<\/p><div id=\"gallery-2755-1-slideshow\" class=\"jetpack-slideshow-window jetpack-slideshow jetpack-slideshow-black\" data-trans=\"fade\" data-autostart=\"1\" data-gallery=\"[{&quot;src&quot;:&quot;https:\\\/\\\/i0.wp.com\\\/www.alqueria.es\\\/blogs\\\/alqueriarojaverde\\\/wp-content\\\/uploads\\\/sites\\\/8\\\/2013\\\/02\\\/1-daniela.jpg?fit=768%2C1024\\u0026ssl=1&quot;,&quot;id&quot;:&quot;2827&quot;,&quot;title&quot;:&quot;1 daniela&quot;,&quot;alt&quot;:&quot;&quot;,&quot;caption&quot;:&quot;&quot;,&quot;itemprop&quot;:&quot;image&quot;},{&quot;src&quot;:&quot;https:\\\/\\\/i0.wp.com\\\/www.alqueria.es\\\/blogs\\\/alqueriarojaverde\\\/wp-content\\\/uploads\\\/sites\\\/8\\\/2013\\\/02\\\/2-exposicion.jpg?fit=768%2C1024\\u0026ssl=1&quot;,&quot;id&quot;:&quot;2828&quot;,&quot;title&quot;:&quot;2 exposicion&quot;,&quot;alt&quot;:&quot;&quot;,&quot;caption&quot;:&quot;&quot;,&quot;itemprop&quot;:&quot;image&quot;},{&quot;src&quot;:&quot;https:\\\/\\\/i0.wp.com\\\/www.alqueria.es\\\/blogs\\\/alqueriarojaverde\\\/wp-content\\\/uploads\\\/sites\\\/8\\\/2013\\\/02\\\/3-materiales.jpg?fit=1024%2C768\\u0026ssl=1&quot;,&quot;id&quot;:&quot;2829&quot;,&quot;title&quot;:&quot;3 materiales&quot;,&quot;alt&quot;:&quot;&quot;,&quot;caption&quot;:&quot;&quot;,&quot;itemprop&quot;:&quot;image&quot;},{&quot;src&quot;:&quot;https:\\\/\\\/i0.wp.com\\\/www.alqueria.es\\\/blogs\\\/alqueriarojaverde\\\/wp-content\\\/uploads\\\/sites\\\/8\\\/2013\\\/02\\\/5-materiales.jpg?fit=1024%2C768\\u0026ssl=1&quot;,&quot;id&quot;:&quot;2830&quot;,&quot;title&quot;:&quot;5 materiales&quot;,&quot;alt&quot;:&quot;&quot;,&quot;caption&quot;:&quot;&quot;,&quot;itemprop&quot;:&quot;image&quot;},{&quot;src&quot;:&quot;https:\\\/\\\/i0.wp.com\\\/www.alqueria.es\\\/blogs\\\/alqueriarojaverde\\\/wp-content\\\/uploads\\\/sites\\\/8\\\/2013\\\/02\\\/6-disfraces.jpg?fit=1024%2C768\\u0026ssl=1&quot;,&quot;id&quot;:&quot;2831&quot;,&quot;title&quot;:&quot;6 disfraces&quot;,&quot;alt&quot;:&quot;&quot;,&quot;caption&quot;:&quot;&quot;,&quot;itemprop&quot;:&quot;image&quot;},{&quot;src&quot;:&quot;https:\\\/\\\/i0.wp.com\\\/www.alqueria.es\\\/blogs\\\/alqueriarojaverde\\\/wp-content\\\/uploads\\\/sites\\\/8\\\/2013\\\/02\\\/8-abril.jpg?fit=1024%2C768\\u0026ssl=1&quot;,&quot;id&quot;:&quot;2832&quot;,&quot;title&quot;:&quot;8 abril&quot;,&quot;alt&quot;:&quot;&quot;,&quot;caption&quot;:&quot;&quot;,&quot;itemprop&quot;:&quot;image&quot;},{&quot;src&quot;:&quot;https:\\\/\\\/i0.wp.com\\\/www.alqueria.es\\\/blogs\\\/alqueriarojaverde\\\/wp-content\\\/uploads\\\/sites\\\/8\\\/2013\\\/02\\\/11-calabaza.jpg?fit=1024%2C768\\u0026ssl=1&quot;,&quot;id&quot;:&quot;2833&quot;,&quot;title&quot;:&quot;11 calabaza&quot;,&quot;alt&quot;:&quot;&quot;,&quot;caption&quot;:&quot;&quot;,&quot;itemprop&quot;:&quot;image&quot;},{&quot;src&quot;:&quot;https:\\\/\\\/i0.wp.com\\\/www.alqueria.es\\\/blogs\\\/alqueriarojaverde\\\/wp-content\\\/uploads\\\/sites\\\/8\\\/2013\\\/02\\\/12-las-chicas.jpg?fit=1024%2C768\\u0026ssl=1&quot;,&quot;id&quot;:&quot;2834&quot;,&quot;title&quot;:&quot;12 las chicas&quot;,&quot;alt&quot;:&quot;&quot;,&quot;caption&quot;:&quot;&quot;,&quot;itemprop&quot;:&quot;image&quot;},{&quot;src&quot;:&quot;https:\\\/\\\/i0.wp.com\\\/www.alqueria.es\\\/blogs\\\/alqueriarojaverde\\\/wp-content\\\/uploads\\\/sites\\\/8\\\/2013\\\/02\\\/12-rafa.jpg?fit=1024%2C768\\u0026ssl=1&quot;,&quot;id&quot;:&quot;2835&quot;,&quot;title&quot;:&quot;12 rafa&quot;,&quot;alt&quot;:&quot;&quot;,&quot;caption&quot;:&quot;&quot;,&quot;itemprop&quot;:&quot;image&quot;},{&quot;src&quot;:&quot;https:\\\/\\\/i0.wp.com\\\/www.alqueria.es\\\/blogs\\\/alqueriarojaverde\\\/wp-content\\\/uploads\\\/sites\\\/8\\\/2013\\\/02\\\/13-pedro-dario.jpg?fit=1024%2C768\\u0026ssl=1&quot;,&quot;id&quot;:&quot;2836&quot;,&quot;title&quot;:&quot;13 pedro dario&quot;,&quot;alt&quot;:&quot;&quot;,&quot;caption&quot;:&quot;&quot;,&quot;itemprop&quot;:&quot;image&quot;},{&quot;src&quot;:&quot;https:\\\/\\\/i0.wp.com\\\/www.alqueria.es\\\/blogs\\\/alqueriarojaverde\\\/wp-content\\\/uploads\\\/sites\\\/8\\\/2013\\\/02\\\/14-los-chicos.jpg?fit=1024%2C768\\u0026ssl=1&quot;,&quot;id&quot;:&quot;2837&quot;,&quot;title&quot;:&quot;14 los chicos&quot;,&quot;alt&quot;:&quot;&quot;,&quot;caption&quot;:&quot;&quot;,&quot;itemprop&quot;:&quot;image&quot;},{&quot;src&quot;:&quot;https:\\\/\\\/i0.wp.com\\\/www.alqueria.es\\\/blogs\\\/alqueriarojaverde\\\/wp-content\\\/uploads\\\/sites\\\/8\\\/2013\\\/02\\\/15-cartulina-1.jpg?fit=1024%2C768\\u0026ssl=1&quot;,&quot;id&quot;:&quot;2838&quot;,&quot;title&quot;:&quot;15 cartulina 1&quot;,&quot;alt&quot;:&quot;&quot;,&quot;caption&quot;:&quot;&quot;,&quot;itemprop&quot;:&quot;image&quot;},{&quot;src&quot;:&quot;https:\\\/\\\/i0.wp.com\\\/www.alqueria.es\\\/blogs\\\/alqueriarojaverde\\\/wp-content\\\/uploads\\\/sites\\\/8\\\/2013\\\/02\\\/16-cartulina-2.jpg?fit=1024%2C768\\u0026ssl=1&quot;,&quot;id&quot;:&quot;2839&quot;,&quot;title&quot;:&quot;16 cartulina 2&quot;,&quot;alt&quot;:&quot;&quot;,&quot;caption&quot;:&quot;&quot;,&quot;itemprop&quot;:&quot;image&quot;}]\" itemscope itemtype=\"https:\/\/schema.org\/ImageGallery\"><\/div>\n<p><span style=\"font-family:Verdana, sans-serif\">Rosario Garc\u00eda-Valenzuela Morell <\/span><\/p>\n<p>&nbsp;<\/p>\n<p>&nbsp;<\/p>\n<p>&nbsp;<\/p>\n","protected":false},"excerpt":{"rendered":"<p>EXPERTA: DANIELA TEMA: HALLOWEEN FECHA: 21-2-13 &nbsp; Daniela comienza su exposici\u00f3n con un tema que a ella le encanta y le apasiona, la fiesta de halloween. Nos cuenta que esta fiesta se celebra el 31 de octubre, v\u00edspera de todos los santos. Decoraban las casas y se disfrazaban de miedo. Comenzaron con esta fiesta los &hellip; <a href=\"https:\/\/www.alqueria.es\/blogs\/alqueriarojaverde\/2013\/02\/24\/expertosas-clase-verde-11\/\" class=\"more-link\">Seguir leyendo <span class=\"screen-reader-text\">EXPERTOS\/AS  CLASE VERDE<\/span> <span class=\"meta-nav\">&rarr;<\/span><\/a><\/p>\n","protected":false},"author":19,"featured_media":0,"comment_status":"open","ping_status":"open","sticky":false,"template":"","format":"standard","meta":{"jetpack_post_was_ever_published":false,"_jetpack_newsletter_access":"","_jetpack_dont_email_post_to_subs":false,"_jetpack_newsletter_tier_id":0,"_jetpack_memberships_contains_paywalled_content":false,"_jetpack_memberships_contains_paid_content":false,"footnotes":"","jetpack_publicize_message":"","jetpack_publicize_feature_enabled":true,"jetpack_social_post_already_shared":false,"jetpack_social_options":{"image_generator_settings":{"template":"highway","default_image_id":0,"font":"","enabled":false},"version":2}},"categories":[7,11,13,15],"tags":[],"class_list":["post-2755","post","type-post","status-publish","format-standard","hentry","category-clase-verde-5-6-anos","category-expertosas-clase-verde","category-inicio","category-noticias"],"jetpack_publicize_connections":[],"jetpack_featured_media_url":"","jetpack_sharing_enabled":true,"jetpack_shortlink":"https:\/\/wp.me\/p4lFbP-Ir","_links":{"self":[{"href":"https:\/\/www.alqueria.es\/blogs\/alqueriarojaverde\/wp-json\/wp\/v2\/posts\/2755","targetHints":{"allow":["GET"]}}],"collection":[{"href":"https:\/\/www.alqueria.es\/blogs\/alqueriarojaverde\/wp-json\/wp\/v2\/posts"}],"about":[{"href":"https:\/\/www.alqueria.es\/blogs\/alqueriarojaverde\/wp-json\/wp\/v2\/types\/post"}],"author":[{"embeddable":true,"href":"https:\/\/www.alqueria.es\/blogs\/alqueriarojaverde\/wp-json\/wp\/v2\/users\/19"}],"replies":[{"embeddable":true,"href":"https:\/\/www.alqueria.es\/blogs\/alqueriarojaverde\/wp-json\/wp\/v2\/comments?post=2755"}],"version-history":[{"count":0,"href":"https:\/\/www.alqueria.es\/blogs\/alqueriarojaverde\/wp-json\/wp\/v2\/posts\/2755\/revisions"}],"wp:attachment":[{"href":"https:\/\/www.alqueria.es\/blogs\/alqueriarojaverde\/wp-json\/wp\/v2\/media?parent=2755"}],"wp:term":[{"taxonomy":"category","embeddable":true,"href":"https:\/\/www.alqueria.es\/blogs\/alqueriarojaverde\/wp-json\/wp\/v2\/categories?post=2755"},{"taxonomy":"post_tag","embeddable":true,"href":"https:\/\/www.alqueria.es\/blogs\/alqueriarojaverde\/wp-json\/wp\/v2\/tags?post=2755"}],"curies":[{"name":"wp","href":"https:\/\/api.w.org\/{rel}","templated":true}]}}