{"id":28659,"date":"2021-02-01T14:14:12","date_gmt":"2021-02-01T13:14:12","guid":{"rendered":"http:\/\/www.alqueria.es\/blogs\/alqueriarojaverde\/?p=28659"},"modified":"2021-02-01T14:14:12","modified_gmt":"2021-02-01T13:14:12","slug":"nueva-propuesta-y-celebracion-del-dia-de-la-paz","status":"publish","type":"post","link":"https:\/\/www.alqueria.es\/blogs\/alqueriarojaverde\/2021\/02\/01\/nueva-propuesta-y-celebracion-del-dia-de-la-paz\/","title":{"rendered":"\u00a1NUEVA PROPUESTA Y CELEBRACI\u00d3N DEL D\u00cdA DE LA PAZ!"},"content":{"rendered":"<p><em><strong><span style=\"color: #ff00ff\">\u00a1Buenas tardes!<\/span><\/strong><\/em><\/p>\n<p>Inauguramos nuevo mes y tambi\u00e9n <em><strong><span style=\"color: #008000\">nueva propuesta de juego-aprendizaje \u00bb LA ALHAMBRA\u00bb.<\/span><\/strong><\/em><\/p>\n<p><span style=\"color: #333333\">En la asamblea de inicio de jornada, en la que narramos lo acontecido el fin de semana, Claudia y Daniel han contado que en estos d\u00edas sin cole hab\u00edan tenido oportunidad de visitarla y nos han dado algunos detalles de c\u00f3mo era, qu\u00e9 han visto &#8230; Luc\u00eda se ha sumado aportando algunas leyendas que aprendi\u00f3 en una visita guiada hace poco tiempo, con motivo del cumplea\u00f1os de su hermana. En acci\u00f3n ha aparecido tambi\u00e9n un playmobil \u00abmedieval\u00bb que han regalado sus primas a Mateo de la T. y acto seguido Mateo A. nos cuenta que ha visto un documental de la Alhambra y que no es recta sino curva. As\u00ed que por siete votos a tres (que luego se han metido de lleno con entusiasmo) han decidido jugar a la Alhambra.<\/span><\/p>\n<p><img data-recalc-dims=\"1\" decoding=\"async\" data-attachment-id=\"28684\" data-permalink=\"https:\/\/www.alqueria.es\/blogs\/alqueriarojaverde\/2021\/02\/01\/nueva-propuesta-y-celebracion-del-dia-de-la-paz\/la-alhambra-3\/\" data-orig-file=\"https:\/\/i0.wp.com\/cloud.alqueria.es\/wp-content\/uploads\/sites\/8\/2021\/01\/La-Alhambra.jpg?fit=1024%2C690&amp;ssl=1\" data-orig-size=\"1024,690\" data-comments-opened=\"1\" data-image-meta=\"{&quot;aperture&quot;:&quot;0&quot;,&quot;credit&quot;:&quot;&quot;,&quot;camera&quot;:&quot;&quot;,&quot;caption&quot;:&quot;&quot;,&quot;created_timestamp&quot;:&quot;0&quot;,&quot;copyright&quot;:&quot;Copyright, Area25 IT, 2016. All rights reserved. Contact: www.area25.es&quot;,&quot;focal_length&quot;:&quot;0&quot;,&quot;iso&quot;:&quot;0&quot;,&quot;shutter_speed&quot;:&quot;0&quot;,&quot;title&quot;:&quot;&quot;,&quot;orientation&quot;:&quot;0&quot;}\" data-image-title=\"La Alhambra\" data-image-description=\"\" data-image-caption=\"\" data-large-file=\"https:\/\/i0.wp.com\/cloud.alqueria.es\/wp-content\/uploads\/sites\/8\/2021\/01\/La-Alhambra.jpg?fit=474%2C319&amp;ssl=1\" class=\"aligncenter size-full wp-image-28684\" src=\"https:\/\/i0.wp.com\/cloud.alqueria.es\/wp-content\/uploads\/sites\/8\/2021\/01\/La-Alhambra.jpg?resize=474%2C319&#038;ssl=1\" alt=\"\" width=\"474\" height=\"319\" srcset=\"https:\/\/cloud.alqueria.es\/wp-content\/uploads\/sites\/8\/2021\/01\/La-Alhambra.jpg 1024w, https:\/\/cloud.alqueria.es\/wp-content\/uploads\/sites\/8\/2021\/01\/La-Alhambra.jpg 300w, https:\/\/cloud.alqueria.es\/wp-content\/uploads\/sites\/8\/2021\/01\/La-Alhambra.jpg 768w, https:\/\/cloud.alqueria.es\/wp-content\/uploads\/sites\/8\/2021\/01\/La-Alhambra.jpg 948w\" sizes=\"(max-width: 474px) 100vw, 474px\" \/><\/p>\n<p>Las ideas previas no iban m\u00e1s all\u00e1 de que era una fortaleza, que antes viv\u00edan unos reyes que ya han fallecido y que tiene muchas salas y torres con banderas. As\u00ed que el juego simb\u00f3lico en torno al tema ha consistido en un despliegue de material para hacer murallas, torres y hasta hemos reconvertido la cueva prehist\u00f3rica en una torre a medio construir. La asignaci\u00f3n de roles ha estado algo re\u00f1ida \u00a1todos quer\u00edan ser reyes y reinas!, ja, ja, ja.<\/p>\n<p class=\"jetpack-slideshow-noscript robots-nocontent\">El pase de diapositivas requiere JavaScript.<\/p><div id=\"gallery-28659-1-slideshow\" class=\"jetpack-slideshow-window jetpack-slideshow jetpack-slideshow-black\" data-trans=\"fade\" data-autostart=\"1\" data-gallery=\"[{&quot;src&quot;:&quot;https:\\\/\\\/i0.wp.com\\\/cloud.alqueria.es\\\/wp-content\\\/uploads\\\/sites\\\/8\\\/2021\\\/01\\\/20210201_105311-1.jpg?fit=1024%2C768\\u0026ssl=1&quot;,&quot;id&quot;:&quot;28683&quot;,&quot;title&quot;:&quot;20210201_105311&quot;,&quot;alt&quot;:&quot;&quot;,&quot;caption&quot;:&quot;&quot;,&quot;itemprop&quot;:&quot;image&quot;},{&quot;src&quot;:&quot;https:\\\/\\\/i0.wp.com\\\/cloud.alqueria.es\\\/wp-content\\\/uploads\\\/sites\\\/8\\\/2021\\\/01\\\/20210201_105949.jpg?fit=1024%2C768\\u0026ssl=1&quot;,&quot;id&quot;:&quot;28680&quot;,&quot;title&quot;:&quot;20210201_105949&quot;,&quot;alt&quot;:&quot;&quot;,&quot;caption&quot;:&quot;&quot;,&quot;itemprop&quot;:&quot;image&quot;},{&quot;src&quot;:&quot;https:\\\/\\\/i0.wp.com\\\/cloud.alqueria.es\\\/wp-content\\\/uploads\\\/sites\\\/8\\\/2021\\\/01\\\/20210201_105429.jpg?fit=1024%2C768\\u0026ssl=1&quot;,&quot;id&quot;:&quot;28678&quot;,&quot;title&quot;:&quot;20210201_105429&quot;,&quot;alt&quot;:&quot;&quot;,&quot;caption&quot;:&quot;&quot;,&quot;itemprop&quot;:&quot;image&quot;},{&quot;src&quot;:&quot;https:\\\/\\\/i0.wp.com\\\/cloud.alqueria.es\\\/wp-content\\\/uploads\\\/sites\\\/8\\\/2021\\\/01\\\/20210201_105454-e1612184232586.jpg?fit=768%2C1024\\u0026ssl=1&quot;,&quot;id&quot;:&quot;28679&quot;,&quot;title&quot;:&quot;20210201_105454&quot;,&quot;alt&quot;:&quot;&quot;,&quot;caption&quot;:&quot;&quot;,&quot;itemprop&quot;:&quot;image&quot;},{&quot;src&quot;:&quot;https:\\\/\\\/i0.wp.com\\\/cloud.alqueria.es\\\/wp-content\\\/uploads\\\/sites\\\/8\\\/2021\\\/01\\\/20210201_105258.jpg?fit=1024%2C768\\u0026ssl=1&quot;,&quot;id&quot;:&quot;28676&quot;,&quot;title&quot;:&quot;20210201_105258&quot;,&quot;alt&quot;:&quot;&quot;,&quot;caption&quot;:&quot;&quot;,&quot;itemprop&quot;:&quot;image&quot;},{&quot;src&quot;:&quot;https:\\\/\\\/i0.wp.com\\\/cloud.alqueria.es\\\/wp-content\\\/uploads\\\/sites\\\/8\\\/2021\\\/01\\\/20210201_110043.jpg?fit=1024%2C768\\u0026ssl=1&quot;,&quot;id&quot;:&quot;28681&quot;,&quot;title&quot;:&quot;20210201_110043&quot;,&quot;alt&quot;:&quot;&quot;,&quot;caption&quot;:&quot;&quot;,&quot;itemprop&quot;:&quot;image&quot;}]\" itemscope itemtype=\"https:\/\/schema.org\/ImageGallery\"><\/div>\n<p>Tras la asamblea de asociaci\u00f3n, en la que cada uno expone a qu\u00e9 ha jugado exactamente, con qui\u00e9n, los posibles conflictos y su resoluci\u00f3n&#8230; realizan la expresi\u00f3n gr\u00e1fica, en la que ya han avanzado bastante con el tama\u00f1o de las graf\u00edas para su nombre y apellidos, as\u00ed como en los distintos detalles que incluyen.<\/p>\n<p><img data-recalc-dims=\"1\" decoding=\"async\" data-attachment-id=\"28682\" data-permalink=\"https:\/\/www.alqueria.es\/blogs\/alqueriarojaverde\/2021\/02\/01\/nueva-propuesta-y-celebracion-del-dia-de-la-paz\/20210201_112708\/\" data-orig-file=\"https:\/\/i0.wp.com\/cloud.alqueria.es\/wp-content\/uploads\/sites\/8\/2021\/01\/20210201_112708.jpg?fit=1024%2C768&amp;ssl=1\" data-orig-size=\"1024,768\" data-comments-opened=\"1\" data-image-meta=\"{&quot;aperture&quot;:&quot;0&quot;,&quot;credit&quot;:&quot;&quot;,&quot;camera&quot;:&quot;&quot;,&quot;caption&quot;:&quot;&quot;,&quot;created_timestamp&quot;:&quot;0&quot;,&quot;copyright&quot;:&quot;&quot;,&quot;focal_length&quot;:&quot;0&quot;,&quot;iso&quot;:&quot;0&quot;,&quot;shutter_speed&quot;:&quot;0&quot;,&quot;title&quot;:&quot;&quot;,&quot;orientation&quot;:&quot;0&quot;}\" data-image-title=\"20210201_112708\" data-image-description=\"\" data-image-caption=\"\" data-large-file=\"https:\/\/i0.wp.com\/cloud.alqueria.es\/wp-content\/uploads\/sites\/8\/2021\/01\/20210201_112708.jpg?fit=474%2C356&amp;ssl=1\" class=\"aligncenter size-full wp-image-28682\" src=\"https:\/\/i0.wp.com\/cloud.alqueria.es\/wp-content\/uploads\/sites\/8\/2021\/01\/20210201_112708.jpg?resize=474%2C356&#038;ssl=1\" alt=\"\" width=\"474\" height=\"356\" srcset=\"https:\/\/cloud.alqueria.es\/wp-content\/uploads\/sites\/8\/2021\/01\/20210201_112708.jpg 1024w, https:\/\/cloud.alqueria.es\/wp-content\/uploads\/sites\/8\/2021\/01\/20210201_112708.jpg 300w, https:\/\/cloud.alqueria.es\/wp-content\/uploads\/sites\/8\/2021\/01\/20210201_112708.jpg 768w, https:\/\/cloud.alqueria.es\/wp-content\/uploads\/sites\/8\/2021\/01\/20210201_112708.jpg 948w\" sizes=\"(max-width: 474px) 100vw, 474px\" \/><\/p>\n<p class=\"jetpack-slideshow-noscript robots-nocontent\">El pase de diapositivas requiere JavaScript.<\/p><div id=\"gallery-28659-2-slideshow\" class=\"jetpack-slideshow-window jetpack-slideshow jetpack-slideshow-black\" data-trans=\"fade\" data-autostart=\"1\" data-gallery=\"[{&quot;src&quot;:&quot;https:\\\/\\\/i0.wp.com\\\/cloud.alqueria.es\\\/wp-content\\\/uploads\\\/sites\\\/8\\\/2021\\\/02\\\/20210201_140032.jpg?fit=1024%2C768\\u0026ssl=1&quot;,&quot;id&quot;:&quot;28685&quot;,&quot;title&quot;:&quot;20210201_140032&quot;,&quot;alt&quot;:&quot;&quot;,&quot;caption&quot;:&quot;&quot;,&quot;itemprop&quot;:&quot;image&quot;},{&quot;src&quot;:&quot;https:\\\/\\\/i0.wp.com\\\/cloud.alqueria.es\\\/wp-content\\\/uploads\\\/sites\\\/8\\\/2021\\\/02\\\/20210201_140042.jpg?fit=1024%2C768\\u0026ssl=1&quot;,&quot;id&quot;:&quot;28686&quot;,&quot;title&quot;:&quot;20210201_140042&quot;,&quot;alt&quot;:&quot;&quot;,&quot;caption&quot;:&quot;&quot;,&quot;itemprop&quot;:&quot;image&quot;},{&quot;src&quot;:&quot;https:\\\/\\\/i0.wp.com\\\/cloud.alqueria.es\\\/wp-content\\\/uploads\\\/sites\\\/8\\\/2021\\\/02\\\/20210201_140048.jpg?fit=1024%2C768\\u0026ssl=1&quot;,&quot;id&quot;:&quot;28687&quot;,&quot;title&quot;:&quot;20210201_140048&quot;,&quot;alt&quot;:&quot;&quot;,&quot;caption&quot;:&quot;&quot;,&quot;itemprop&quot;:&quot;image&quot;},{&quot;src&quot;:&quot;https:\\\/\\\/i0.wp.com\\\/cloud.alqueria.es\\\/wp-content\\\/uploads\\\/sites\\\/8\\\/2021\\\/02\\\/20210201_140053.jpg?fit=1024%2C768\\u0026ssl=1&quot;,&quot;id&quot;:&quot;28688&quot;,&quot;title&quot;:&quot;20210201_140053&quot;,&quot;alt&quot;:&quot;&quot;,&quot;caption&quot;:&quot;&quot;,&quot;itemprop&quot;:&quot;image&quot;},{&quot;src&quot;:&quot;https:\\\/\\\/i0.wp.com\\\/cloud.alqueria.es\\\/wp-content\\\/uploads\\\/sites\\\/8\\\/2021\\\/02\\\/20210201_140100.jpg?fit=1024%2C768\\u0026ssl=1&quot;,&quot;id&quot;:&quot;28689&quot;,&quot;title&quot;:&quot;20210201_140100&quot;,&quot;alt&quot;:&quot;&quot;,&quot;caption&quot;:&quot;&quot;,&quot;itemprop&quot;:&quot;image&quot;},{&quot;src&quot;:&quot;https:\\\/\\\/i0.wp.com\\\/cloud.alqueria.es\\\/wp-content\\\/uploads\\\/sites\\\/8\\\/2021\\\/02\\\/20210201_140106.jpg?fit=1024%2C768\\u0026ssl=1&quot;,&quot;id&quot;:&quot;28690&quot;,&quot;title&quot;:&quot;20210201_140106&quot;,&quot;alt&quot;:&quot;&quot;,&quot;caption&quot;:&quot;&quot;,&quot;itemprop&quot;:&quot;image&quot;},{&quot;src&quot;:&quot;https:\\\/\\\/i0.wp.com\\\/cloud.alqueria.es\\\/wp-content\\\/uploads\\\/sites\\\/8\\\/2021\\\/02\\\/20210201_140113.jpg?fit=1024%2C768\\u0026ssl=1&quot;,&quot;id&quot;:&quot;28691&quot;,&quot;title&quot;:&quot;20210201_140113&quot;,&quot;alt&quot;:&quot;&quot;,&quot;caption&quot;:&quot;&quot;,&quot;itemprop&quot;:&quot;image&quot;},{&quot;src&quot;:&quot;https:\\\/\\\/i0.wp.com\\\/cloud.alqueria.es\\\/wp-content\\\/uploads\\\/sites\\\/8\\\/2021\\\/02\\\/20210201_140120.jpg?fit=1024%2C768\\u0026ssl=1&quot;,&quot;id&quot;:&quot;28692&quot;,&quot;title&quot;:&quot;20210201_140120&quot;,&quot;alt&quot;:&quot;&quot;,&quot;caption&quot;:&quot;&quot;,&quot;itemprop&quot;:&quot;image&quot;},{&quot;src&quot;:&quot;https:\\\/\\\/i0.wp.com\\\/cloud.alqueria.es\\\/wp-content\\\/uploads\\\/sites\\\/8\\\/2021\\\/02\\\/20210201_140127.jpg?fit=1024%2C768\\u0026ssl=1&quot;,&quot;id&quot;:&quot;28693&quot;,&quot;title&quot;:&quot;20210201_140127&quot;,&quot;alt&quot;:&quot;&quot;,&quot;caption&quot;:&quot;&quot;,&quot;itemprop&quot;:&quot;image&quot;},{&quot;src&quot;:&quot;https:\\\/\\\/i0.wp.com\\\/cloud.alqueria.es\\\/wp-content\\\/uploads\\\/sites\\\/8\\\/2021\\\/02\\\/20210201_140133.jpg?fit=1024%2C768\\u0026ssl=1&quot;,&quot;id&quot;:&quot;28694&quot;,&quot;title&quot;:&quot;20210201_140133&quot;,&quot;alt&quot;:&quot;&quot;,&quot;caption&quot;:&quot;&quot;,&quot;itemprop&quot;:&quot;image&quot;}]\" itemscope itemtype=\"https:\/\/schema.org\/ImageGallery\"><\/div>\n<p><em><span style=\"color: #ff6600\">En los pr\u00f3ximos d\u00edas iremos combinando el inter\u00e9s surgido en torno a este tema, con los ensayos de nuestra chirigota (de la que tan solo tenemos elegidos los temas y algunas estrofas) y tambi\u00e9n con los talleres creativos que ambientar\u00e1n el aula para la fiesta de Carnaval del pr\u00f3ximo d\u00eda 19<\/span><\/em> (este curso de car\u00e1cter interno, dadas las circunstancias).<\/p>\n<p><span style=\"color: #0000ff\">En otro orden de cosas, os comento de manera general c\u00f3mo celebramos el pasado viernes el d\u00eda de la Paz, en especial en el ciclo 3-6 a\u00f1os.<\/span><\/p>\n<p>El d\u00eda 30 de enero se celebra el\u00a0<a href=\"https:\/\/www.unicef.es\/educa\/dias-mundiales\/dia-escolar-no-violencia-paz#:~:text=D%C3%ADa%20de%20la%20Paz&amp;text=El%2030%20de%20enero%20se,recordar%20el%2030%20de%20enero.\"><em><strong><span style=\"color: #0000ff\">d\u00eda Internacional de la Paz y la no violencia<\/span><\/strong><\/em>.\u00a0\u00a0<\/a>que desde 1993 est\u00e1 reconocido por la ONU.<\/p>\n<p><img data-recalc-dims=\"1\" decoding=\"async\" data-attachment-id=\"28660\" data-permalink=\"https:\/\/www.alqueria.es\/blogs\/alqueriarojaverde\/2021\/02\/01\/nueva-propuesta-y-celebracion-del-dia-de-la-paz\/dia_no_violencia_paz\/\" data-orig-file=\"https:\/\/i0.wp.com\/cloud.alqueria.es\/wp-content\/uploads\/sites\/8\/2021\/01\/dia_no_violencia_paz.jpg?fit=728%2C473&amp;ssl=1\" data-orig-size=\"728,473\" data-comments-opened=\"1\" data-image-meta=\"{&quot;aperture&quot;:&quot;0&quot;,&quot;credit&quot;:&quot;&quot;,&quot;camera&quot;:&quot;&quot;,&quot;caption&quot;:&quot;&quot;,&quot;created_timestamp&quot;:&quot;0&quot;,&quot;copyright&quot;:&quot;&quot;,&quot;focal_length&quot;:&quot;0&quot;,&quot;iso&quot;:&quot;0&quot;,&quot;shutter_speed&quot;:&quot;0&quot;,&quot;title&quot;:&quot;&quot;,&quot;orientation&quot;:&quot;0&quot;}\" data-image-title=\"dia_no_violencia_paz\" data-image-description=\"\" data-image-caption=\"\" data-large-file=\"https:\/\/i0.wp.com\/cloud.alqueria.es\/wp-content\/uploads\/sites\/8\/2021\/01\/dia_no_violencia_paz.jpg?fit=474%2C308&amp;ssl=1\" class=\"alignright size-medium wp-image-28660\" src=\"https:\/\/i0.wp.com\/cloud.alqueria.es\/wp-content\/uploads\/sites\/8\/2021\/01\/dia_no_violencia_paz-300x195.jpg?resize=300%2C195&#038;ssl=1\" alt=\"\" width=\"300\" height=\"195\" srcset=\"https:\/\/cloud.alqueria.es\/wp-content\/uploads\/sites\/8\/2021\/01\/dia_no_violencia_paz.jpg 300w, https:\/\/cloud.alqueria.es\/wp-content\/uploads\/sites\/8\/2021\/01\/dia_no_violencia_paz.jpg 728w\" sizes=\"(max-width: 300px) 100vw, 300px\" \/>En nuestro centro, cada curso aprovechamos para trabajar los objetivos que engloba, con una \u00fanica actividad com\u00fan para las etapas de Infantil y Primaria, en la que todo el alumnado participa en grupos heterog\u00e9neos de edad.<\/p>\n<p>Este a\u00f1o hemos prescindido de esa conformaci\u00f3n de grupos, para mantener la coherencia con el protocolo establecido en relaci\u00f3n a la prevenci\u00f3n del Covid-19. \u00a0Sin embargo s\u00ed que nos ha parecido oportuno otorgar una connotaci\u00f3n especial, que estuviera en sinton\u00eda con la situaci\u00f3n de pandemia que estamos viviendo, relacionando el significado de la palabra paz con el agradecimiento y la armon\u00eda (en cuanto a la convivencia se refiere).<\/p>\n<p>Tomando de referencia los estudios que la Neurociencia est\u00e1 realizando desde hace d\u00e9cadas, cuando una persona se encuentra en \u00absituaci\u00f3n de peligro\u00bb su cerebro est\u00e1 configurado para defenderse y por tanto entra en modo \u00abalerta\u00bb. Este cerebro primitivo o reptiliano, como algunos lo denominan, es totalmente reactivo ante ese peligro que acecha y tiende a huir del hecho que se est\u00e1 produciendo o a enfrentarse al mismo. Ambas decisiones vienen determinadas por sendas emociones, que si bien no debemos catalogar como negativas, s\u00ed que podemos decir que no son beneficiosas a largo plazo si no aprendemos a gestionarlas. Este continuo estado de alerta no nos permite detenernos a tomar conciencia de lo que ocurre en nuestro d\u00eda a d\u00eda y gestionar las distintas emociones que nos sobrevienen de una forma efectiva ni positiva. Ello puede conllevar la generaci\u00f3n de un clima de convivencia algo hostil y que determinar\u00e1 todas nuestras decisiones y actuaciones para con nosotros y con los dem\u00e1s.<\/p>\n<p>Con intenci\u00f3n de crear o mantener un clima de convivencia en paz, armon\u00eda y agradecimiento, hacia las peque\u00f1as cosas cotidianas que suceden y que pasamos por alto, presentamos al alumnado la inclusi\u00f3n de un <span style=\"color: #0000ff\">\u00abBOTE \u00a0O CAJA DE LOS AGRADECIMIENTOS\u00bb<\/span> en el aula. Cada clase sistematizar\u00e1 su uso en funci\u00f3n de la edad a la que va referida. Nosotros en el grupo verde incluiremos cada tarde unas cuantas cosas que hayan sucedido durante la jornada que nos hayan generado felicidad y que queramos agradecer. Yo las escribir\u00e9 en papeles individuales de colores y las leeremos nada m\u00e1s comenzar la siguiente jornada, de manera que empecemos el d\u00eda focaliz\u00e1ndonos en los aspectos m\u00e1s positivos de lo que acontece en el entorno escolar.<\/p>\n<p><img data-recalc-dims=\"1\" decoding=\"async\" data-attachment-id=\"28663\" data-permalink=\"https:\/\/www.alqueria.es\/blogs\/alqueriarojaverde\/2021\/02\/01\/nueva-propuesta-y-celebracion-del-dia-de-la-paz\/caja-de-los-agradecimientos\/\" data-orig-file=\"https:\/\/i0.wp.com\/cloud.alqueria.es\/wp-content\/uploads\/sites\/8\/2021\/01\/Caja-de-los-agradecimientos.jpg?fit=1024%2C768&amp;ssl=1\" data-orig-size=\"1024,768\" data-comments-opened=\"1\" data-image-meta=\"{&quot;aperture&quot;:&quot;0&quot;,&quot;credit&quot;:&quot;&quot;,&quot;camera&quot;:&quot;&quot;,&quot;caption&quot;:&quot;&quot;,&quot;created_timestamp&quot;:&quot;0&quot;,&quot;copyright&quot;:&quot;&quot;,&quot;focal_length&quot;:&quot;0&quot;,&quot;iso&quot;:&quot;0&quot;,&quot;shutter_speed&quot;:&quot;0&quot;,&quot;title&quot;:&quot;&quot;,&quot;orientation&quot;:&quot;0&quot;}\" data-image-title=\"Caja de los agradecimientos\" data-image-description=\"\" data-image-caption=\"\" data-large-file=\"https:\/\/i0.wp.com\/cloud.alqueria.es\/wp-content\/uploads\/sites\/8\/2021\/01\/Caja-de-los-agradecimientos.jpg?fit=474%2C356&amp;ssl=1\" class=\"alignleft size-thumbnail wp-image-28663\" src=\"https:\/\/i0.wp.com\/cloud.alqueria.es\/wp-content\/uploads\/sites\/8\/2021\/01\/Caja-de-los-agradecimientos-150x150.jpg?resize=150%2C150&#038;ssl=1\" alt=\"\" width=\"150\" height=\"150\" srcset=\"https:\/\/cloud.alqueria.es\/wp-content\/uploads\/sites\/8\/2021\/01\/Caja-de-los-agradecimientos.jpg 150w, https:\/\/cloud.alqueria.es\/wp-content\/uploads\/sites\/8\/2021\/01\/Caja-de-los-agradecimientos.jpg 300w, https:\/\/cloud.alqueria.es\/wp-content\/uploads\/sites\/8\/2021\/01\/Caja-de-los-agradecimientos.jpg 450w\" sizes=\"(max-width: 150px) 100vw, 150px\" \/><\/p>\n<p>Esta ser\u00e1 nuestra caja, que iremos decorando poco a poco con detalles personales de cada uno de los componentes que formamos el grupo verde.<\/p>\n<p>Os animo a que lo traslad\u00e9is a vuestros hogares, ya que es una poderosa herramienta para ser conscientes de mil y una cosas que \u00abpasan por alto\u00bb cada d\u00eda y que sin embargo nos hacen sentir bien.<\/p>\n<p><img data-recalc-dims=\"1\" decoding=\"async\" data-attachment-id=\"28661\" data-permalink=\"https:\/\/www.alqueria.es\/blogs\/alqueriarojaverde\/2021\/02\/01\/nueva-propuesta-y-celebracion-del-dia-de-la-paz\/cosquillas-para-el-corazon\/\" data-orig-file=\"https:\/\/i0.wp.com\/cloud.alqueria.es\/wp-content\/uploads\/sites\/8\/2021\/01\/Cosquillas-para-el-corazon.jpg?fit=760%2C1000&amp;ssl=1\" data-orig-size=\"760,1000\" data-comments-opened=\"1\" data-image-meta=\"{&quot;aperture&quot;:&quot;0&quot;,&quot;credit&quot;:&quot;&quot;,&quot;camera&quot;:&quot;&quot;,&quot;caption&quot;:&quot;&quot;,&quot;created_timestamp&quot;:&quot;0&quot;,&quot;copyright&quot;:&quot;&quot;,&quot;focal_length&quot;:&quot;0&quot;,&quot;iso&quot;:&quot;0&quot;,&quot;shutter_speed&quot;:&quot;0&quot;,&quot;title&quot;:&quot;&quot;,&quot;orientation&quot;:&quot;0&quot;}\" data-image-title=\"Cosquillas para el coraz\u00f3n\" data-image-description=\"\" data-image-caption=\"\" data-large-file=\"https:\/\/i0.wp.com\/cloud.alqueria.es\/wp-content\/uploads\/sites\/8\/2021\/01\/Cosquillas-para-el-corazon.jpg?fit=474%2C624&amp;ssl=1\" class=\"alignright wp-image-28661 size-medium\" src=\"https:\/\/i0.wp.com\/cloud.alqueria.es\/wp-content\/uploads\/sites\/8\/2021\/01\/Cosquillas-para-el-corazon-228x300.jpg?resize=228%2C300&#038;ssl=1\" alt=\"\" width=\"228\" height=\"300\" srcset=\"https:\/\/cloud.alqueria.es\/wp-content\/uploads\/sites\/8\/2021\/01\/Cosquillas-para-el-corazon.jpg 228w, https:\/\/cloud.alqueria.es\/wp-content\/uploads\/sites\/8\/2021\/01\/Cosquillas-para-el-corazon.jpg 760w\" sizes=\"(max-width: 228px) 100vw, 228px\" \/>Con ayuda de este ejemplar, en especial del primer cuento <em><span style=\"color: #0000ff\">\u00abMERMELADA DE FELICIDAD\u00bb,<\/span><\/em> \u00a0hemos presentado al alumnado del 3-6 la propuesta. La historia es un s\u00edmil muy cercano a nuestro objetivo y las ilustraciones han contribuido a que sea m\u00e1s significativo para las edades m\u00e1s tempranas.<\/p>\n<p><img data-recalc-dims=\"1\" decoding=\"async\" data-attachment-id=\"28670\" data-permalink=\"https:\/\/www.alqueria.es\/blogs\/alqueriarojaverde\/2021\/01\/29\/dia-de-la-paz-2\/img-20210129-wa0003\/\" data-orig-file=\"https:\/\/i0.wp.com\/cloud.alqueria.es\/wp-content\/uploads\/sites\/8\/2021\/01\/IMG-20210129-WA0003.jpg?fit=1024%2C768&amp;ssl=1\" data-orig-size=\"1024,768\" data-comments-opened=\"1\" data-image-meta=\"{&quot;aperture&quot;:&quot;0&quot;,&quot;credit&quot;:&quot;&quot;,&quot;camera&quot;:&quot;&quot;,&quot;caption&quot;:&quot;&quot;,&quot;created_timestamp&quot;:&quot;0&quot;,&quot;copyright&quot;:&quot;&quot;,&quot;focal_length&quot;:&quot;0&quot;,&quot;iso&quot;:&quot;0&quot;,&quot;shutter_speed&quot;:&quot;0&quot;,&quot;title&quot;:&quot;&quot;,&quot;orientation&quot;:&quot;0&quot;}\" data-image-title=\"IMG-20210129-WA0003\" data-image-description=\"\" data-image-caption=\"\" data-large-file=\"https:\/\/i0.wp.com\/cloud.alqueria.es\/wp-content\/uploads\/sites\/8\/2021\/01\/IMG-20210129-WA0003.jpg?fit=474%2C356&amp;ssl=1\" class=\"aligncenter size-full wp-image-28670\" src=\"https:\/\/i0.wp.com\/cloud.alqueria.es\/wp-content\/uploads\/sites\/8\/2021\/01\/IMG-20210129-WA0003.jpg?resize=474%2C356&#038;ssl=1\" alt=\"\" width=\"474\" height=\"356\" srcset=\"https:\/\/cloud.alqueria.es\/wp-content\/uploads\/sites\/8\/2021\/01\/IMG-20210129-WA0003.jpg 1024w, https:\/\/cloud.alqueria.es\/wp-content\/uploads\/sites\/8\/2021\/01\/IMG-20210129-WA0003.jpg 300w, https:\/\/cloud.alqueria.es\/wp-content\/uploads\/sites\/8\/2021\/01\/IMG-20210129-WA0003.jpg 768w, https:\/\/cloud.alqueria.es\/wp-content\/uploads\/sites\/8\/2021\/01\/IMG-20210129-WA0003.jpg 948w\" sizes=\"(max-width: 474px) 100vw, 474px\" \/><\/p>\n<p><img data-recalc-dims=\"1\" decoding=\"async\" data-attachment-id=\"28669\" data-permalink=\"https:\/\/www.alqueria.es\/blogs\/alqueriarojaverde\/2021\/01\/29\/dia-de-la-paz-2\/img-20210129-wa0021\/\" data-orig-file=\"https:\/\/i0.wp.com\/cloud.alqueria.es\/wp-content\/uploads\/sites\/8\/2021\/01\/IMG-20210129-WA0021.jpg?fit=1024%2C497&amp;ssl=1\" data-orig-size=\"1024,497\" data-comments-opened=\"1\" data-image-meta=\"{&quot;aperture&quot;:&quot;0&quot;,&quot;credit&quot;:&quot;&quot;,&quot;camera&quot;:&quot;&quot;,&quot;caption&quot;:&quot;&quot;,&quot;created_timestamp&quot;:&quot;0&quot;,&quot;copyright&quot;:&quot;&quot;,&quot;focal_length&quot;:&quot;0&quot;,&quot;iso&quot;:&quot;0&quot;,&quot;shutter_speed&quot;:&quot;0&quot;,&quot;title&quot;:&quot;&quot;,&quot;orientation&quot;:&quot;0&quot;}\" data-image-title=\"IMG-20210129-WA0021\" data-image-description=\"\" data-image-caption=\"\" data-large-file=\"https:\/\/i0.wp.com\/cloud.alqueria.es\/wp-content\/uploads\/sites\/8\/2021\/01\/IMG-20210129-WA0021.jpg?fit=474%2C230&amp;ssl=1\" class=\"aligncenter size-full wp-image-28669\" src=\"https:\/\/i0.wp.com\/cloud.alqueria.es\/wp-content\/uploads\/sites\/8\/2021\/01\/IMG-20210129-WA0021.jpg?resize=474%2C230&#038;ssl=1\" alt=\"\" width=\"474\" height=\"230\" srcset=\"https:\/\/cloud.alqueria.es\/wp-content\/uploads\/sites\/8\/2021\/01\/IMG-20210129-WA0021.jpg 1024w, https:\/\/cloud.alqueria.es\/wp-content\/uploads\/sites\/8\/2021\/01\/IMG-20210129-WA0021.jpg 300w, https:\/\/cloud.alqueria.es\/wp-content\/uploads\/sites\/8\/2021\/01\/IMG-20210129-WA0021.jpg 768w, https:\/\/cloud.alqueria.es\/wp-content\/uploads\/sites\/8\/2021\/01\/IMG-20210129-WA0021.jpg 948w\" sizes=\"(max-width: 474px) 100vw, 474px\" \/><\/p>\n<p>En la etapa de Primaria la presentaci\u00f3n fue a trav\u00e9s del visionado de <a href=\"https:\/\/elpais.com\/cultura\/2008\/03\/27\/videos\/1206572401_870215.html\"><em><strong>\u00abLa flor m\u00e1s grande del mundo\u00bb<\/strong><\/em><\/a>, cortometraje basado en el libro de Jos\u00e9 Saramago con el mismo nombre y que muestra el objetivo a trav\u00e9s de la met\u00e1fora y el simbolismo. Si quer\u00e9is verla s\u00f3lo ten\u00e9is que pinchar sobre el enlace.<\/p>\n<p style=\"text-align: center\"><strong><span style=\"color: #ff00ff\">\u00a1El jueves se reanuda la actividad de las conferencias-experto!<\/span><\/strong><\/p>\n<p>Esther Justicia.<\/p>\n<p>&nbsp;<\/p>\n<p>&nbsp;<\/p>\n<p>&nbsp;<\/p>\n","protected":false},"excerpt":{"rendered":"<p>\u00a1Buenas tardes! Inauguramos nuevo mes y tambi\u00e9n nueva propuesta de juego-aprendizaje \u00bb LA ALHAMBRA\u00bb. En la asamblea de inicio de jornada, en la que narramos lo acontecido el fin de semana, Claudia y Daniel han contado que en estos d\u00edas sin cole hab\u00edan tenido oportunidad de visitarla y nos han dado algunos detalles de c\u00f3mo &hellip; <a href=\"https:\/\/www.alqueria.es\/blogs\/alqueriarojaverde\/2021\/02\/01\/nueva-propuesta-y-celebracion-del-dia-de-la-paz\/\" class=\"more-link\">Seguir leyendo <span class=\"screen-reader-text\">\u00a1NUEVA PROPUESTA Y CELEBRACI\u00d3N DEL D\u00cdA DE LA PAZ!<\/span> <span class=\"meta-nav\">&rarr;<\/span><\/a><\/p>\n","protected":false},"author":19,"featured_media":0,"comment_status":"open","ping_status":"open","sticky":false,"template":"","format":"standard","meta":{"jetpack_post_was_ever_published":false,"_jetpack_newsletter_access":"","_jetpack_dont_email_post_to_subs":false,"_jetpack_newsletter_tier_id":0,"_jetpack_memberships_contains_paywalled_content":false,"_jetpack_memberships_contains_paid_content":false,"footnotes":"","jetpack_publicize_message":"","jetpack_publicize_feature_enabled":true,"jetpack_social_post_already_shared":true,"jetpack_social_options":{"image_generator_settings":{"template":"highway","default_image_id":0,"font":"","enabled":false},"version":2}},"categories":[7,13],"tags":[1146,193,1145,1149],"class_list":["post-28659","post","type-post","status-publish","format-standard","hentry","category-clase-verde-5-6-anos","category-inicio","tag-cosquillas-para-el-corazon-educacion-emocional","tag-dia-de-la-paz-y-la-no-violencia","tag-la-flor-mas-grande-del-mundo","tag-metodo-de-propuestas-la-alhambra"],"jetpack_publicize_connections":[],"jetpack_featured_media_url":"","jetpack_sharing_enabled":true,"jetpack_shortlink":"https:\/\/wp.me\/p4lFbP-7sf","_links":{"self":[{"href":"https:\/\/www.alqueria.es\/blogs\/alqueriarojaverde\/wp-json\/wp\/v2\/posts\/28659","targetHints":{"allow":["GET"]}}],"collection":[{"href":"https:\/\/www.alqueria.es\/blogs\/alqueriarojaverde\/wp-json\/wp\/v2\/posts"}],"about":[{"href":"https:\/\/www.alqueria.es\/blogs\/alqueriarojaverde\/wp-json\/wp\/v2\/types\/post"}],"author":[{"embeddable":true,"href":"https:\/\/www.alqueria.es\/blogs\/alqueriarojaverde\/wp-json\/wp\/v2\/users\/19"}],"replies":[{"embeddable":true,"href":"https:\/\/www.alqueria.es\/blogs\/alqueriarojaverde\/wp-json\/wp\/v2\/comments?post=28659"}],"version-history":[{"count":7,"href":"https:\/\/www.alqueria.es\/blogs\/alqueriarojaverde\/wp-json\/wp\/v2\/posts\/28659\/revisions"}],"predecessor-version":[{"id":28695,"href":"https:\/\/www.alqueria.es\/blogs\/alqueriarojaverde\/wp-json\/wp\/v2\/posts\/28659\/revisions\/28695"}],"wp:attachment":[{"href":"https:\/\/www.alqueria.es\/blogs\/alqueriarojaverde\/wp-json\/wp\/v2\/media?parent=28659"}],"wp:term":[{"taxonomy":"category","embeddable":true,"href":"https:\/\/www.alqueria.es\/blogs\/alqueriarojaverde\/wp-json\/wp\/v2\/categories?post=28659"},{"taxonomy":"post_tag","embeddable":true,"href":"https:\/\/www.alqueria.es\/blogs\/alqueriarojaverde\/wp-json\/wp\/v2\/tags?post=28659"}],"curies":[{"name":"wp","href":"https:\/\/api.w.org\/{rel}","templated":true}]}}