{"id":29828,"date":"2021-04-10T09:38:43","date_gmt":"2021-04-10T07:38:43","guid":{"rendered":"https:\/\/www.alqueria.es\/blogs\/alqueriarojaverde\/?p=29828"},"modified":"2021-04-10T10:00:35","modified_gmt":"2021-04-10T08:00:35","slug":"vaya-comienzo-de-trimestre","status":"publish","type":"post","link":"https:\/\/www.alqueria.es\/blogs\/alqueriarojaverde\/2021\/04\/10\/vaya-comienzo-de-trimestre\/","title":{"rendered":"\u00a1VAYA COMIENZO DE TRIMESTRE!"},"content":{"rendered":"<p>\u00a1Buenos d\u00edas familias!<\/p>\n<p><strong>Hemos comenzado este trimestre con la energ\u00eda totalmente renovada (yo dir\u00eda que casi desbordante, je) , tras los d\u00edas de vacaciones, y gran ilusi\u00f3n por seguir compartiendo experiencias que promocionan aprendizajes significativos.<\/strong><\/p>\n<div class=\"tiled-gallery type-circle tiled-gallery-unresized\" data-original-width=\"474\" data-carousel-extra='{&quot;blog_id&quot;:8,&quot;permalink&quot;:&quot;https:\\\/\\\/www.alqueria.es\\\/blogs\\\/alqueriarojaverde\\\/2021\\\/04\\\/10\\\/vaya-comienzo-de-trimestre\\\/&quot;,&quot;likes_blog_id&quot;:64268569}' itemscope itemtype=\"http:\/\/schema.org\/ImageGallery\" > <div class=\"gallery-row\" style=\"width: 474px; height: 237px;\" data-original-width=\"474\" data-original-height=\"237\" > <div class=\"gallery-group\" style=\"width: 237px; height: 237px;\" data-original-width=\"237\" data-original-height=\"237\" > <div class=\"tiled-gallery-item \" itemprop=\"associatedMedia\" itemscope itemtype=\"http:\/\/schema.org\/ImageObject\"> <a href=\"https:\/\/www.alqueria.es\/blogs\/alqueriarojaverde\/2021\/04\/10\/vaya-comienzo-de-trimestre\/feliz-nino-lindo-nina-fresca-plena-energia_97632-1377\/\" border=\"0\" itemprop=\"url\"> <meta itemprop=\"width\" content=\"233\"> <meta itemprop=\"height\" content=\"233\"> <img decoding=\"async\" class=\"\" data-attachment-id=\"29856\" data-orig-file=\"https:\/\/cloud.alqueria.es\/wp-content\/uploads\/sites\/8\/2021\/04\/feliz-nino-lindo-nina-fresca-plena-energia_97632-1377.jpg\" data-orig-size=\"338,338\" data-comments-opened=\"1\" data-image-meta=\"{&quot;aperture&quot;:&quot;0&quot;,&quot;credit&quot;:&quot;&quot;,&quot;camera&quot;:&quot;&quot;,&quot;caption&quot;:&quot;&quot;,&quot;created_timestamp&quot;:&quot;0&quot;,&quot;copyright&quot;:&quot;&quot;,&quot;focal_length&quot;:&quot;0&quot;,&quot;iso&quot;:&quot;0&quot;,&quot;shutter_speed&quot;:&quot;0&quot;,&quot;title&quot;:&quot;&quot;,&quot;orientation&quot;:&quot;0&quot;}\" data-image-title=\"feliz-nino-lindo-nina-fresca-plena-energia_97632-1377\" data-image-description=\"\" data-medium-file=\"https:\/\/i0.wp.com\/cloud.alqueria.es\/wp-content\/uploads\/sites\/8\/2021\/04\/feliz-nino-lindo-nina-fresca-plena-energia_97632-1377.jpg?fit=300%2C300&#038;ssl=1\" data-large-file=\"https:\/\/i0.wp.com\/cloud.alqueria.es\/wp-content\/uploads\/sites\/8\/2021\/04\/feliz-nino-lindo-nina-fresca-plena-energia_97632-1377.jpg?fit=338%2C338&#038;ssl=1\" src=\"https:\/\/i0.wp.com\/cloud.alqueria.es\/wp-content\/uploads\/sites\/8\/2021\/04\/feliz-nino-lindo-nina-fresca-plena-energia_97632-1377.jpg?w=233&#038;h=233&#038;crop=1&#038;ssl=1\" srcset=\"https:\/\/cloud.alqueria.es\/wp-content\/uploads\/sites\/8\/2021\/04\/feliz-nino-lindo-nina-fresca-plena-energia_97632-1377.jpg 338w, https:\/\/cloud.alqueria.es\/wp-content\/uploads\/sites\/8\/2021\/04\/feliz-nino-lindo-nina-fresca-plena-energia_97632-1377.jpg 300w, https:\/\/cloud.alqueria.es\/wp-content\/uploads\/sites\/8\/2021\/04\/feliz-nino-lindo-nina-fresca-plena-energia_97632-1377.jpg 150w\" width=\"233\" height=\"233\" loading=\"lazy\" data-original-width=\"233\" data-original-height=\"233\" itemprop=\"http:\/\/schema.org\/image\" title=\"feliz-nino-lindo-nina-fresca-plena-energia_97632-1377\" alt=\"feliz-nino-lindo-nina-fresca-plena-energia_97632-1377\" style=\"width: 233px; height: 233px;\" \/> <\/a> <\/div> <\/div> <div class=\"gallery-group\" style=\"width: 237px; height: 237px;\" data-original-width=\"237\" data-original-height=\"237\" > <div class=\"tiled-gallery-item \" itemprop=\"associatedMedia\" itemscope itemtype=\"http:\/\/schema.org\/ImageObject\"> <a href=\"https:\/\/www.alqueria.es\/blogs\/alqueriarojaverde\/2021\/04\/10\/vaya-comienzo-de-trimestre\/feliz-lindo-nino-nino-idea-lampara-signo_97632-2798\/\" border=\"0\" itemprop=\"url\"> <meta itemprop=\"width\" content=\"233\"> <meta itemprop=\"height\" content=\"233\"> <img decoding=\"async\" class=\"\" data-attachment-id=\"29855\" data-orig-file=\"https:\/\/cloud.alqueria.es\/wp-content\/uploads\/sites\/8\/2021\/04\/feliz-lindo-nino-nino-idea-lampara-signo_97632-2798.jpg\" data-orig-size=\"626,755\" data-comments-opened=\"1\" data-image-meta=\"{&quot;aperture&quot;:&quot;0&quot;,&quot;credit&quot;:&quot;&quot;,&quot;camera&quot;:&quot;&quot;,&quot;caption&quot;:&quot;&quot;,&quot;created_timestamp&quot;:&quot;0&quot;,&quot;copyright&quot;:&quot;&quot;,&quot;focal_length&quot;:&quot;0&quot;,&quot;iso&quot;:&quot;0&quot;,&quot;shutter_speed&quot;:&quot;0&quot;,&quot;title&quot;:&quot;&quot;,&quot;orientation&quot;:&quot;0&quot;}\" data-image-title=\"feliz-lindo-nino-nino-idea-lampara-signo_97632-2798\" data-image-description=\"\" data-medium-file=\"https:\/\/i0.wp.com\/cloud.alqueria.es\/wp-content\/uploads\/sites\/8\/2021\/04\/feliz-lindo-nino-nino-idea-lampara-signo_97632-2798.jpg?fit=249%2C300&#038;ssl=1\" data-large-file=\"https:\/\/i0.wp.com\/cloud.alqueria.es\/wp-content\/uploads\/sites\/8\/2021\/04\/feliz-lindo-nino-nino-idea-lampara-signo_97632-2798.jpg?fit=474%2C572&#038;ssl=1\" src=\"https:\/\/i0.wp.com\/cloud.alqueria.es\/wp-content\/uploads\/sites\/8\/2021\/04\/feliz-lindo-nino-nino-idea-lampara-signo_97632-2798.jpg?w=233&#038;h=233&#038;crop=1&#038;ssl=1\" srcset=\"https:\/\/cloud.alqueria.es\/wp-content\/uploads\/sites\/8\/2021\/04\/feliz-lindo-nino-nino-idea-lampara-signo_97632-2798.jpg 150w, https:\/\/cloud.alqueria.es\/wp-content\/uploads\/sites\/8\/2021\/04\/feliz-lindo-nino-nino-idea-lampara-signo_97632-2798.jpg 466w\" width=\"233\" height=\"233\" loading=\"lazy\" data-original-width=\"233\" data-original-height=\"233\" itemprop=\"http:\/\/schema.org\/image\" title=\"feliz-lindo-nino-nino-idea-lampara-signo_97632-2798\" alt=\"feliz-lindo-nino-nino-idea-lampara-signo_97632-2798\" style=\"width: 233px; height: 233px;\" \/> <\/a> <\/div> <\/div> <\/div> <\/div>\n<p>El <em><strong><span style=\"color: #ff6600\">lunes<\/span><\/strong><\/em>, la asamblea de inicio de la jornada tuvo una extensi\u00f3n m\u00e1s amplia de lo habitual. La necesidad de<em><span style=\"color: #ff6600\"> compartir las vivencias<\/span><\/em> con el resto del grupo y narrarlas con todo lujo de detalles, nos mantuvo atentos buena parte de la ma\u00f1ana, dejando un tiempo reducido al juego libre en el aula.<\/p>\n<p>Aprovechando el momento de tareas del \u00abs\u00faper\u00bb, realizamos el cambio de mes y <em><span style=\"color: #ff6600\">planificamos todas aquellas actividades significativ<\/span><span style=\"color: #ff6600\">as<\/span><\/em>, con objeto de crear seguridad en el transcurso de nuestras jornadas escolares y adem\u00e1s \u00abentrenarnos\u00bb en la dif\u00edcil de tarea de organizar o secuenciar actividades, para rentabilizar tiempos y conseguir objetivos. En d\u00edas sucesivos hemos ido incluyendo algunas m\u00e1s.<\/p>\n<p><img data-recalc-dims=\"1\" decoding=\"async\" data-attachment-id=\"29884\" data-permalink=\"https:\/\/www.alqueria.es\/blogs\/alqueriarojaverde\/2021\/04\/10\/vaya-comienzo-de-trimestre\/20210406_120229\/\" data-orig-file=\"https:\/\/i0.wp.com\/cloud.alqueria.es\/wp-content\/uploads\/sites\/8\/2021\/04\/20210406_120229.jpg?fit=768%2C1024&amp;ssl=1\" data-orig-size=\"768,1024\" data-comments-opened=\"1\" data-image-meta=\"{&quot;aperture&quot;:&quot;0&quot;,&quot;credit&quot;:&quot;&quot;,&quot;camera&quot;:&quot;&quot;,&quot;caption&quot;:&quot;&quot;,&quot;created_timestamp&quot;:&quot;0&quot;,&quot;copyright&quot;:&quot;&quot;,&quot;focal_length&quot;:&quot;0&quot;,&quot;iso&quot;:&quot;0&quot;,&quot;shutter_speed&quot;:&quot;0&quot;,&quot;title&quot;:&quot;&quot;,&quot;orientation&quot;:&quot;1&quot;}\" data-image-title=\"20210406_120229\" data-image-description=\"\" data-image-caption=\"\" data-large-file=\"https:\/\/i0.wp.com\/cloud.alqueria.es\/wp-content\/uploads\/sites\/8\/2021\/04\/20210406_120229.jpg?fit=474%2C632&amp;ssl=1\" class=\"aligncenter size-medium wp-image-29884\" src=\"https:\/\/i0.wp.com\/cloud.alqueria.es\/wp-content\/uploads\/sites\/8\/2021\/04\/20210406_120229-225x300.jpg?resize=225%2C300&#038;ssl=1\" alt=\"\" width=\"225\" height=\"300\" srcset=\"https:\/\/cloud.alqueria.es\/wp-content\/uploads\/sites\/8\/2021\/04\/20210406_120229.jpg 225w, https:\/\/cloud.alqueria.es\/wp-content\/uploads\/sites\/8\/2021\/04\/20210406_120229.jpg 768w\" sizes=\"(max-width: 225px) 100vw, 225px\" \/><\/p>\n<p>Lo m\u00e1s significativo del d\u00eda tuvo lugar en el parque, ya que el paisaje que nos encontramos era totalmente primaveral. Nuestros \u00e1rboles ya est\u00e1n frondosos, las cal\u00e9ndulas han florecido, los lirios est\u00e1n en su mayor esplendor&#8230;<\/p>\n<p class=\"jetpack-slideshow-noscript robots-nocontent\">El pase de diapositivas requiere JavaScript.<\/p><div id=\"gallery-29828-1-slideshow\" class=\"jetpack-slideshow-window jetpack-slideshow jetpack-slideshow-black\" data-trans=\"fade\" data-autostart=\"1\" data-gallery=\"[{&quot;src&quot;:&quot;https:\\\/\\\/i0.wp.com\\\/cloud.alqueria.es\\\/wp-content\\\/uploads\\\/sites\\\/8\\\/2021\\\/04\\\/20210405_145757.jpg?fit=1024%2C768\\u0026ssl=1&quot;,&quot;id&quot;:&quot;29880&quot;,&quot;title&quot;:&quot;20210405_145757&quot;,&quot;alt&quot;:&quot;&quot;,&quot;caption&quot;:&quot;Cal\\u00e9ndulas&quot;,&quot;itemprop&quot;:&quot;image&quot;},{&quot;src&quot;:&quot;https:\\\/\\\/i0.wp.com\\\/cloud.alqueria.es\\\/wp-content\\\/uploads\\\/sites\\\/8\\\/2021\\\/04\\\/20210405_145638.jpg?fit=768%2C1024\\u0026ssl=1&quot;,&quot;id&quot;:&quot;29879&quot;,&quot;title&quot;:&quot;20210405_145638&quot;,&quot;alt&quot;:&quot;&quot;,&quot;caption&quot;:&quot;Lirios&quot;,&quot;itemprop&quot;:&quot;image&quot;},{&quot;src&quot;:&quot;https:\\\/\\\/i0.wp.com\\\/cloud.alqueria.es\\\/wp-content\\\/uploads\\\/sites\\\/8\\\/2021\\\/04\\\/20210405_150107.jpg?fit=1024%2C768\\u0026ssl=1&quot;,&quot;id&quot;:&quot;29881&quot;,&quot;title&quot;:&quot;20210405_150107&quot;,&quot;alt&quot;:&quot;&quot;,&quot;caption&quot;:&quot;Habas&quot;,&quot;itemprop&quot;:&quot;image&quot;},{&quot;src&quot;:&quot;https:\\\/\\\/i0.wp.com\\\/cloud.alqueria.es\\\/wp-content\\\/uploads\\\/sites\\\/8\\\/2021\\\/04\\\/20210405_150236.jpg?fit=1024%2C768\\u0026ssl=1&quot;,&quot;id&quot;:&quot;29882&quot;,&quot;title&quot;:&quot;20210405_150236&quot;,&quot;alt&quot;:&quot;&quot;,&quot;caption&quot;:&quot;\\u00bfQu\\u00e9 ricas nuestras habas?&quot;,&quot;itemprop&quot;:&quot;image&quot;}]\" itemscope itemtype=\"https:\/\/schema.org\/ImageGallery\"><\/div>\n<p>No ten\u00e9is m\u00e1s que ver sus caras de alegr\u00eda, tras haber disfrutado en este entorno y en compa\u00f1\u00eda de sus amigos y amigas.<\/p>\n<p><img data-recalc-dims=\"1\" decoding=\"async\" data-attachment-id=\"29877\" data-permalink=\"https:\/\/www.alqueria.es\/blogs\/alqueriarojaverde\/2021\/04\/10\/vaya-comienzo-de-trimestre\/20210405_122514\/\" data-orig-file=\"https:\/\/i0.wp.com\/cloud.alqueria.es\/wp-content\/uploads\/sites\/8\/2021\/04\/20210405_122514.jpg?fit=1024%2C768&amp;ssl=1\" data-orig-size=\"1024,768\" data-comments-opened=\"1\" data-image-meta=\"{&quot;aperture&quot;:&quot;0&quot;,&quot;credit&quot;:&quot;&quot;,&quot;camera&quot;:&quot;&quot;,&quot;caption&quot;:&quot;&quot;,&quot;created_timestamp&quot;:&quot;0&quot;,&quot;copyright&quot;:&quot;&quot;,&quot;focal_length&quot;:&quot;0&quot;,&quot;iso&quot;:&quot;0&quot;,&quot;shutter_speed&quot;:&quot;0&quot;,&quot;title&quot;:&quot;&quot;,&quot;orientation&quot;:&quot;1&quot;}\" data-image-title=\"20210405_122514\" data-image-description=\"\" data-image-caption=\"\" data-large-file=\"https:\/\/i0.wp.com\/cloud.alqueria.es\/wp-content\/uploads\/sites\/8\/2021\/04\/20210405_122514.jpg?fit=474%2C356&amp;ssl=1\" class=\"aligncenter size-full wp-image-29877\" src=\"https:\/\/i0.wp.com\/cloud.alqueria.es\/wp-content\/uploads\/sites\/8\/2021\/04\/20210405_122514.jpg?resize=474%2C356&#038;ssl=1\" alt=\"\" width=\"474\" height=\"356\" srcset=\"https:\/\/cloud.alqueria.es\/wp-content\/uploads\/sites\/8\/2021\/04\/20210405_122514.jpg 1024w, https:\/\/cloud.alqueria.es\/wp-content\/uploads\/sites\/8\/2021\/04\/20210405_122514.jpg 300w, https:\/\/cloud.alqueria.es\/wp-content\/uploads\/sites\/8\/2021\/04\/20210405_122514.jpg 768w, https:\/\/cloud.alqueria.es\/wp-content\/uploads\/sites\/8\/2021\/04\/20210405_122514.jpg 948w\" sizes=\"(max-width: 474px) 100vw, 474px\" \/><\/p>\n<div data-carousel-extra='{&quot;blog_id&quot;:8,&quot;permalink&quot;:&quot;https:\/\/www.alqueria.es\/blogs\/alqueriarojaverde\/2021\/04\/10\/vaya-comienzo-de-trimestre\/&quot;}' id='gallery-3' class='gallery galleryid-29828 gallery-columns-3 gallery-size-large'><figure class='gallery-item'>\n\t\t\t<div class='gallery-icon landscape'>\n\t\t\t\t<a href='https:\/\/www.alqueria.es\/blogs\/alqueriarojaverde\/2021\/04\/10\/vaya-comienzo-de-trimestre\/20210405_131529\/'><img data-recalc-dims=\"1\" decoding=\"async\" width=\"474\" height=\"356\" src=\"https:\/\/i0.wp.com\/cloud.alqueria.es\/wp-content\/uploads\/sites\/8\/2021\/04\/20210405_131529.jpg?resize=474%2C356&#038;ssl=1\" class=\"attachment-large size-large\" alt=\"\" srcset=\"https:\/\/cloud.alqueria.es\/wp-content\/uploads\/sites\/8\/2021\/04\/20210405_131529.jpg 1024w, https:\/\/cloud.alqueria.es\/wp-content\/uploads\/sites\/8\/2021\/04\/20210405_131529.jpg 300w, https:\/\/cloud.alqueria.es\/wp-content\/uploads\/sites\/8\/2021\/04\/20210405_131529.jpg 768w, https:\/\/cloud.alqueria.es\/wp-content\/uploads\/sites\/8\/2021\/04\/20210405_131529.jpg 948w\" sizes=\"(max-width: 474px) 100vw, 474px\" data-attachment-id=\"29878\" data-permalink=\"https:\/\/www.alqueria.es\/blogs\/alqueriarojaverde\/2021\/04\/10\/vaya-comienzo-de-trimestre\/20210405_131529\/\" data-orig-file=\"https:\/\/i0.wp.com\/cloud.alqueria.es\/wp-content\/uploads\/sites\/8\/2021\/04\/20210405_131529.jpg?fit=1024%2C768&amp;ssl=1\" data-orig-size=\"1024,768\" data-comments-opened=\"1\" data-image-meta=\"{&quot;aperture&quot;:&quot;0&quot;,&quot;credit&quot;:&quot;&quot;,&quot;camera&quot;:&quot;&quot;,&quot;caption&quot;:&quot;&quot;,&quot;created_timestamp&quot;:&quot;0&quot;,&quot;copyright&quot;:&quot;&quot;,&quot;focal_length&quot;:&quot;0&quot;,&quot;iso&quot;:&quot;0&quot;,&quot;shutter_speed&quot;:&quot;0&quot;,&quot;title&quot;:&quot;&quot;,&quot;orientation&quot;:&quot;1&quot;}\" data-image-title=\"20210405_131529\" data-image-description=\"\" data-image-caption=\"\" data-large-file=\"https:\/\/i0.wp.com\/cloud.alqueria.es\/wp-content\/uploads\/sites\/8\/2021\/04\/20210405_131529.jpg?fit=474%2C356&amp;ssl=1\" \/><\/a>\n\t\t\t<\/div><\/figure><figure class='gallery-item'>\n\t\t\t<div class='gallery-icon landscape'>\n\t\t\t\t<a href='https:\/\/www.alqueria.es\/blogs\/alqueriarojaverde\/2021\/04\/10\/vaya-comienzo-de-trimestre\/20210405_115247\/'><img data-recalc-dims=\"1\" decoding=\"async\" width=\"474\" height=\"356\" src=\"https:\/\/i0.wp.com\/cloud.alqueria.es\/wp-content\/uploads\/sites\/8\/2021\/04\/20210405_115247.jpg?resize=474%2C356&#038;ssl=1\" class=\"attachment-large size-large\" alt=\"\" srcset=\"https:\/\/cloud.alqueria.es\/wp-content\/uploads\/sites\/8\/2021\/04\/20210405_115247.jpg 1024w, https:\/\/cloud.alqueria.es\/wp-content\/uploads\/sites\/8\/2021\/04\/20210405_115247.jpg 300w, https:\/\/cloud.alqueria.es\/wp-content\/uploads\/sites\/8\/2021\/04\/20210405_115247.jpg 768w, https:\/\/cloud.alqueria.es\/wp-content\/uploads\/sites\/8\/2021\/04\/20210405_115247.jpg 948w\" sizes=\"(max-width: 474px) 100vw, 474px\" data-attachment-id=\"29876\" data-permalink=\"https:\/\/www.alqueria.es\/blogs\/alqueriarojaverde\/2021\/04\/10\/vaya-comienzo-de-trimestre\/20210405_115247\/\" data-orig-file=\"https:\/\/i0.wp.com\/cloud.alqueria.es\/wp-content\/uploads\/sites\/8\/2021\/04\/20210405_115247.jpg?fit=1024%2C768&amp;ssl=1\" data-orig-size=\"1024,768\" data-comments-opened=\"1\" data-image-meta=\"{&quot;aperture&quot;:&quot;0&quot;,&quot;credit&quot;:&quot;&quot;,&quot;camera&quot;:&quot;&quot;,&quot;caption&quot;:&quot;&quot;,&quot;created_timestamp&quot;:&quot;0&quot;,&quot;copyright&quot;:&quot;&quot;,&quot;focal_length&quot;:&quot;0&quot;,&quot;iso&quot;:&quot;0&quot;,&quot;shutter_speed&quot;:&quot;0&quot;,&quot;title&quot;:&quot;&quot;,&quot;orientation&quot;:&quot;1&quot;}\" data-image-title=\"20210405_115247\" data-image-description=\"\" data-image-caption=\"\" data-large-file=\"https:\/\/i0.wp.com\/cloud.alqueria.es\/wp-content\/uploads\/sites\/8\/2021\/04\/20210405_115247.jpg?fit=474%2C356&amp;ssl=1\" \/><\/a>\n\t\t\t<\/div><\/figure>\n\t\t<\/div>\n\n<p style=\"text-align: left\">El <span style=\"color: #339966\"><em><strong>martes<\/strong><\/em><\/span>, disfrutamos buena parte de la ma\u00f1ana del material de juego simb\u00f3lico, llevando a cabo propuestas en torno a los personajes-casitas y tambi\u00e9n a las ambulancias-veterinarios.<\/p>\n<p style=\"text-align: center\">\u00a1Imaginaci\u00f3n no les falta!<\/p>\n<p><em><strong>Todos los cursos, este mes de abril ha estado destinado casi por completo al trabajo en torno al<span style=\"color: #ff00ff\"> vivero<\/span>, llevando a cabo un proyecto com\u00fan de ciclo en el que obten\u00edamos plantas a partir de los ejemplares disponibles en nuestro jard\u00edn, parque e incluso del entorno familiar. Ejemplares que cuid\u00e1bamos durante meses y como finalizaci\u00f3n del mismo mont\u00e1bamos una tienda en la que el acto de compra-venta aportaba una magn\u00edfica ocasi\u00f3n de poner en pr\u00e1ctica algunos contenidos aritm\u00e9ticos y matem\u00e1ticos, obteniendo tambi\u00e9n un beneficio econ\u00f3mico, que destin\u00e1bamos a la compra de ejemplares de lectura para seguir dotando la biblioteca del centro. Este curso, la necesaria adaptaci\u00f3n nos \u00abobliga\u00bb a no llevar a cabo el acto de compra-venta, aunque se trabajar\u00e1n de igual forma todos los contenidos interdisciplinares que el mencionado proyecto incluye (medioambientales, cient\u00edficos, matem\u00e1ticos, creativos, sociales&#8230;)<\/strong><\/em><\/p>\n<p>Aprovechando que en clase disponemos de plantas ornamentales (crasas, cintas y aloe) les planteo el siguiente interrogante<span style=\"color: #339966\">\u00a0<em>\u00bfAlguien se ha dado cuenta que nuestras dos macetas de cintas son muy distintas en tama\u00f1o y a principio de curso eran pr\u00e1cticamente iguales?<\/em><\/span><\/p>\n<p>A partir de ah\u00ed realizamos una lluvia de hip\u00f3tesis sobre porqu\u00e9 podr\u00eda estar sucediendo eso, verbalizando todo tipo de afirmaciones. Desde que<em> \u00abcada planta crece a un ritmo distinto, igual que nuestros cerebros\u00bb<\/em> hasta que <em>\u00abpuede ser que cuando las dividiste, Esther,\u00a0 no hicieras las mitades igual\u00bb,<\/em> pasando por la incidencia de la luz solar, la cantidad de agua de riego&#8230; Total, que al final el tema deriv\u00f3 en una verbalizaci\u00f3n y tratamiento de las ideas previas que ten\u00edamos en relaci\u00f3n a las plantas en general:<\/p>\n<ul>\n<li>Cuidados: alimentaci\u00f3n.<\/li>\n<li>Tipos.<\/li>\n<li>Partes.<\/li>\n<li>Utilidades&#8230;<\/li>\n<\/ul>\n<div class=\"tiled-gallery type-square tiled-gallery-unresized\" data-original-width=\"474\" data-carousel-extra='{&quot;blog_id&quot;:8,&quot;permalink&quot;:&quot;https:\\\/\\\/www.alqueria.es\\\/blogs\\\/alqueriarojaverde\\\/2021\\\/04\\\/10\\\/vaya-comienzo-de-trimestre\\\/&quot;,&quot;likes_blog_id&quot;:64268569}' itemscope itemtype=\"http:\/\/schema.org\/ImageGallery\" > <div class=\"gallery-row\" style=\"width: 474px; height: 237px;\" data-original-width=\"474\" data-original-height=\"237\" > <div class=\"gallery-group\" style=\"width: 237px; height: 237px;\" data-original-width=\"237\" data-original-height=\"237\" > <div class=\"tiled-gallery-item \" itemprop=\"associatedMedia\" itemscope itemtype=\"http:\/\/schema.org\/ImageObject\"> <a href=\"https:\/\/www.alqueria.es\/blogs\/alqueriarojaverde\/2021\/04\/10\/vaya-comienzo-de-trimestre\/20210409_092814\/\" border=\"0\" itemprop=\"url\"> <meta itemprop=\"width\" content=\"233\"> <meta itemprop=\"height\" content=\"233\"> <img decoding=\"async\" class=\"\" data-attachment-id=\"29912\" data-orig-file=\"https:\/\/cloud.alqueria.es\/wp-content\/uploads\/sites\/8\/2021\/04\/20210409_092814.jpg\" data-orig-size=\"1024,768\" data-comments-opened=\"1\" data-image-meta=\"{&quot;aperture&quot;:&quot;0&quot;,&quot;credit&quot;:&quot;&quot;,&quot;camera&quot;:&quot;&quot;,&quot;caption&quot;:&quot;&quot;,&quot;created_timestamp&quot;:&quot;0&quot;,&quot;copyright&quot;:&quot;&quot;,&quot;focal_length&quot;:&quot;0&quot;,&quot;iso&quot;:&quot;0&quot;,&quot;shutter_speed&quot;:&quot;0&quot;,&quot;title&quot;:&quot;&quot;,&quot;orientation&quot;:&quot;1&quot;}\" data-image-title=\"20210409_092814\" data-image-description=\"\" data-medium-file=\"https:\/\/i0.wp.com\/cloud.alqueria.es\/wp-content\/uploads\/sites\/8\/2021\/04\/20210409_092814.jpg?fit=300%2C225&#038;ssl=1\" data-large-file=\"https:\/\/i0.wp.com\/cloud.alqueria.es\/wp-content\/uploads\/sites\/8\/2021\/04\/20210409_092814.jpg?fit=474%2C356&#038;ssl=1\" src=\"https:\/\/i0.wp.com\/cloud.alqueria.es\/wp-content\/uploads\/sites\/8\/2021\/04\/20210409_092814.jpg?w=233&#038;h=233&#038;crop=1&#038;ssl=1\" srcset=\"https:\/\/cloud.alqueria.es\/wp-content\/uploads\/sites\/8\/2021\/04\/20210409_092814.jpg 150w, https:\/\/cloud.alqueria.es\/wp-content\/uploads\/sites\/8\/2021\/04\/20210409_092814.jpg 466w, https:\/\/cloud.alqueria.es\/wp-content\/uploads\/sites\/8\/2021\/04\/20210409_092814.jpg 699w\" width=\"233\" height=\"233\" loading=\"lazy\" data-original-width=\"233\" data-original-height=\"233\" itemprop=\"http:\/\/schema.org\/image\" title=\"20210409_092814\" alt=\"Hoja compuesta\" style=\"width: 233px; height: 233px;\" \/> <\/a> <div class=\"tiled-gallery-caption\" itemprop=\"caption description\"> Hoja compuesta <\/div> <\/div> <\/div> <div class=\"gallery-group\" style=\"width: 237px; height: 237px;\" data-original-width=\"237\" data-original-height=\"237\" > <div class=\"tiled-gallery-item \" itemprop=\"associatedMedia\" itemscope itemtype=\"http:\/\/schema.org\/ImageObject\"> <a href=\"https:\/\/www.alqueria.es\/blogs\/alqueriarojaverde\/2021\/04\/10\/vaya-comienzo-de-trimestre\/20210406_092152\/\" border=\"0\" itemprop=\"url\"> <meta itemprop=\"width\" content=\"233\"> <meta itemprop=\"height\" content=\"233\"> <img decoding=\"async\" class=\"\" data-attachment-id=\"29883\" data-orig-file=\"https:\/\/cloud.alqueria.es\/wp-content\/uploads\/sites\/8\/2021\/04\/20210406_092152.jpg\" data-orig-size=\"1024,768\" data-comments-opened=\"1\" data-image-meta=\"{&quot;aperture&quot;:&quot;0&quot;,&quot;credit&quot;:&quot;&quot;,&quot;camera&quot;:&quot;&quot;,&quot;caption&quot;:&quot;&quot;,&quot;created_timestamp&quot;:&quot;0&quot;,&quot;copyright&quot;:&quot;&quot;,&quot;focal_length&quot;:&quot;0&quot;,&quot;iso&quot;:&quot;0&quot;,&quot;shutter_speed&quot;:&quot;0&quot;,&quot;title&quot;:&quot;&quot;,&quot;orientation&quot;:&quot;1&quot;}\" data-image-title=\"20210406_092152\" data-image-description=\"\" data-medium-file=\"https:\/\/i0.wp.com\/cloud.alqueria.es\/wp-content\/uploads\/sites\/8\/2021\/04\/20210406_092152.jpg?fit=300%2C225&#038;ssl=1\" data-large-file=\"https:\/\/i0.wp.com\/cloud.alqueria.es\/wp-content\/uploads\/sites\/8\/2021\/04\/20210406_092152.jpg?fit=474%2C356&#038;ssl=1\" src=\"https:\/\/i0.wp.com\/cloud.alqueria.es\/wp-content\/uploads\/sites\/8\/2021\/04\/20210406_092152.jpg?w=233&#038;h=233&#038;crop=1&#038;ssl=1\" srcset=\"https:\/\/cloud.alqueria.es\/wp-content\/uploads\/sites\/8\/2021\/04\/20210406_092152.jpg 150w, https:\/\/cloud.alqueria.es\/wp-content\/uploads\/sites\/8\/2021\/04\/20210406_092152.jpg 466w, https:\/\/cloud.alqueria.es\/wp-content\/uploads\/sites\/8\/2021\/04\/20210406_092152.jpg 699w\" width=\"233\" height=\"233\" loading=\"lazy\" data-original-width=\"233\" data-original-height=\"233\" itemprop=\"http:\/\/schema.org\/image\" title=\"20210406_092152\" alt=\"Crecimiento de las crasas\" style=\"width: 233px; height: 233px;\" \/> <\/a> <div class=\"tiled-gallery-caption\" itemprop=\"caption description\"> Crecimiento de las crasas <\/div> <\/div> <\/div> <\/div> <\/div>\n<p>El <em><strong><span style=\"color: #339966\">taller creativo<\/span><\/strong><\/em> estuvo enfocado en el <em><span style=\"color: #339966\">teatro<\/span><\/em>, tratando entre otros aspectos:<\/p>\n<ul>\n<li>Qu\u00e9 es un teatro.<\/li>\n<li>Qui\u00e9n se inventa los teatros o de d\u00f3nde salen las historias que representan.<\/li>\n<li>Qui\u00e9n interviene en un teatro: actores y actrices, narradores y narradoras.<\/li>\n<li>La importancia del vestuario y el decorado, de cara al p\u00fablico que lo recibe&#8230;<\/li>\n<\/ul>\n<p>Nos detuvimos un poquito tambi\u00e9n en recordar que <em><span style=\"color: #339966\">nuestro teatro est\u00e1 basado en una antigua leyenda africana,<\/span><\/em> qu\u00e9 es una leyenda, qu\u00e9 mensaje queremos transmitir (cuidado al medioambiente, necesidad de compartir con los dem\u00e1s, aprender de los errores, etc.) y porqu\u00e9 hab\u00edamos adaptado el final que ya conoc\u00edamos (desde el \u00e1rea de m\u00fasica), que por cierto aconsejo preguntarles a los protagonistas del mismo, que os lo explicar\u00e1n genial.<\/p>\n<p>Finalmente llevamos a cabo un<em><span style=\"color: #339966\"> primer ensayo<\/span><\/em> para probar\/decidir aspectos b\u00e1sicos del mismo, de cara a los siguientes ensayos.<\/p>\n<p><img data-recalc-dims=\"1\" decoding=\"async\" data-attachment-id=\"29875\" data-permalink=\"https:\/\/www.alqueria.es\/blogs\/alqueriarojaverde\/2021\/04\/10\/vaya-comienzo-de-trimestre\/cartel20calculo20mental1\/\" data-orig-file=\"https:\/\/i0.wp.com\/cloud.alqueria.es\/wp-content\/uploads\/sites\/8\/2021\/04\/cartel20calculo20mental1.jpg?fit=1024%2C789&amp;ssl=1\" data-orig-size=\"1024,789\" data-comments-opened=\"1\" data-image-meta=\"{&quot;aperture&quot;:&quot;0&quot;,&quot;credit&quot;:&quot;&quot;,&quot;camera&quot;:&quot;&quot;,&quot;caption&quot;:&quot;&quot;,&quot;created_timestamp&quot;:&quot;0&quot;,&quot;copyright&quot;:&quot;&quot;,&quot;focal_length&quot;:&quot;0&quot;,&quot;iso&quot;:&quot;0&quot;,&quot;shutter_speed&quot;:&quot;0&quot;,&quot;title&quot;:&quot;&quot;,&quot;orientation&quot;:&quot;0&quot;}\" data-image-title=\"cartel20calculo20mental1\" data-image-description=\"\" data-image-caption=\"\" data-large-file=\"https:\/\/i0.wp.com\/cloud.alqueria.es\/wp-content\/uploads\/sites\/8\/2021\/04\/cartel20calculo20mental1.jpg?fit=474%2C365&amp;ssl=1\" class=\"alignleft size-medium wp-image-29875\" src=\"https:\/\/i0.wp.com\/cloud.alqueria.es\/wp-content\/uploads\/sites\/8\/2021\/04\/cartel20calculo20mental1-300x231.jpg?resize=300%2C231&#038;ssl=1\" alt=\"\" width=\"300\" height=\"231\" srcset=\"https:\/\/cloud.alqueria.es\/wp-content\/uploads\/sites\/8\/2021\/04\/cartel20calculo20mental1.jpg 300w, https:\/\/cloud.alqueria.es\/wp-content\/uploads\/sites\/8\/2021\/04\/cartel20calculo20mental1.jpg 768w, https:\/\/cloud.alqueria.es\/wp-content\/uploads\/sites\/8\/2021\/04\/cartel20calculo20mental1.jpg 1024w, https:\/\/cloud.alqueria.es\/wp-content\/uploads\/sites\/8\/2021\/04\/cartel20calculo20mental1.jpg 948w\" sizes=\"(max-width: 300px) 100vw, 300px\" \/>El <em><strong><span style=\"color: #800080\">mi\u00e9rcoles<\/span><\/strong><\/em> a primera hora, antes de las clases de ingl\u00e9s y m\u00fasica, seguimos practicando nuestros problemas de <em><span style=\"color: #800080\">c\u00e1lculo global<\/span><\/em>, prestando especial atenci\u00f3n al enunciado de los mismos, ya que las cantidades siguen siendo iguales o inferiores a cinco y por tanto la dificultad no est\u00e1 en la operaci\u00f3n aritm\u00e9tica a llevar a cabo.<\/p>\n<p>Aprovechamos que por la tarde nos quedamos en el parque para nuestro <em><span style=\"color: #800080\">taller de biblioteca<\/span><\/em> y dedicamos un ratito a descubrir <em><span style=\"color: #800080\">c\u00f3mo son las ra\u00edces de las cintas<\/span> <\/em>y dividir nuestras macetas en varias m\u00e1s peque\u00f1as. Aprendiendo as\u00ed que esta variedad de planta <em><span style=\"color: #800080\">no puede reproducirse por esqueje<\/span><\/em>, tal como hicimos con las crasas.<\/p>\n<p class=\"jetpack-slideshow-noscript robots-nocontent\">El pase de diapositivas requiere JavaScript.<\/p><div id=\"gallery-29828-2-slideshow\" class=\"jetpack-slideshow-window jetpack-slideshow jetpack-slideshow-black\" data-trans=\"fade\" data-autostart=\"1\" data-gallery=\"[{&quot;src&quot;:&quot;https:\\\/\\\/i0.wp.com\\\/cloud.alqueria.es\\\/wp-content\\\/uploads\\\/sites\\\/8\\\/2021\\\/04\\\/20210407_115439.jpg?fit=768%2C1024\\u0026ssl=1&quot;,&quot;id&quot;:&quot;29871&quot;,&quot;title&quot;:&quot;20210407_115439&quot;,&quot;alt&quot;:&quot;&quot;,&quot;caption&quot;:&quot;Nuestra maceta&quot;,&quot;itemprop&quot;:&quot;image&quot;},{&quot;src&quot;:&quot;https:\\\/\\\/i0.wp.com\\\/cloud.alqueria.es\\\/wp-content\\\/uploads\\\/sites\\\/8\\\/2021\\\/04\\\/20210407_121517.jpg?fit=1024%2C768\\u0026ssl=1&quot;,&quot;id&quot;:&quot;29885&quot;,&quot;title&quot;:&quot;20210407_121517&quot;,&quot;alt&quot;:&quot;&quot;,&quot;caption&quot;:&quot;Extracci\\u00f3n de nuevas plantas&quot;,&quot;itemprop&quot;:&quot;image&quot;},{&quot;src&quot;:&quot;https:\\\/\\\/i0.wp.com\\\/cloud.alqueria.es\\\/wp-content\\\/uploads\\\/sites\\\/8\\\/2021\\\/04\\\/20210407_155621.jpg?fit=1024%2C768\\u0026ssl=1&quot;,&quot;id&quot;:&quot;29872&quot;,&quot;title&quot;:&quot;20210407_155621&quot;,&quot;alt&quot;:&quot;&quot;,&quot;caption&quot;:&quot;Siembra&quot;,&quot;itemprop&quot;:&quot;image&quot;},{&quot;src&quot;:&quot;https:\\\/\\\/i0.wp.com\\\/cloud.alqueria.es\\\/wp-content\\\/uploads\\\/sites\\\/8\\\/2021\\\/04\\\/20210407_155630.jpg?fit=1024%2C768\\u0026ssl=1&quot;,&quot;id&quot;:&quot;29873&quot;,&quot;title&quot;:&quot;20210407_155630&quot;,&quot;alt&quot;:&quot;&quot;,&quot;caption&quot;:&quot;Nos ayudamos unos a otros&quot;,&quot;itemprop&quot;:&quot;image&quot;},{&quot;src&quot;:&quot;https:\\\/\\\/i0.wp.com\\\/cloud.alqueria.es\\\/wp-content\\\/uploads\\\/sites\\\/8\\\/2021\\\/04\\\/20210407_155641.jpg?fit=1024%2C768\\u0026ssl=1&quot;,&quot;id&quot;:&quot;29874&quot;,&quot;title&quot;:&quot;20210407_155641&quot;,&quot;alt&quot;:&quot;&quot;,&quot;caption&quot;:&quot;Cu\\u00e1ntas plantas nuevas&quot;,&quot;itemprop&quot;:&quot;image&quot;}]\" itemscope itemtype=\"https:\/\/schema.org\/ImageGallery\"><\/div>\n<p>Como <em><span style=\"color: #800080\">actividad de fomento a la lectura<\/span><\/em>, en esta ocasi\u00f3n no utilizamos un ejemplar para leer sino que hablamos sobre lo que sab\u00edamos acerca de <strong><em><span style=\"color: #800080\">los c\u00f3mics y el peri\u00f3dico<\/span><\/em><\/strong>. Entre todos y todas fuimos reuniendo ideas como \u00e9stas:<\/p>\n<ul>\n<li>El c\u00f3mic normalmente se escribe en may\u00fasculas<\/li>\n<li>Cada p\u00e1gina est\u00e1 dividida en \u00abcuadritos\u00bb que se llaman vi\u00f1etas<\/li>\n<li>Los personajes suelen hablar entre ellos, no es una historia que cuenta otra persona<\/li>\n<li>El texto aparece encima de cada personaje, dentro de un \u00abbocadillo\u00bb<\/li>\n<li>Existen distintos tipos de bocadillo en funci\u00f3n de si lo que el personaje est\u00e1 haciendo es pensar, hablar, gritar, susurrar&#8230;<\/li>\n<\/ul>\n<p><img data-recalc-dims=\"1\" decoding=\"async\" data-attachment-id=\"29860\" data-permalink=\"https:\/\/www.alqueria.es\/blogs\/alqueriarojaverde\/2021\/04\/10\/vaya-comienzo-de-trimestre\/b68440628ff5720a72ef180805b8efdd\/\" data-orig-file=\"https:\/\/i0.wp.com\/cloud.alqueria.es\/wp-content\/uploads\/sites\/8\/2021\/04\/b68440628ff5720a72ef180805b8efdd.jpg?fit=1024%2C787&amp;ssl=1\" data-orig-size=\"1024,787\" data-comments-opened=\"1\" data-image-meta=\"{&quot;aperture&quot;:&quot;0&quot;,&quot;credit&quot;:&quot;&quot;,&quot;camera&quot;:&quot;&quot;,&quot;caption&quot;:&quot;&quot;,&quot;created_timestamp&quot;:&quot;0&quot;,&quot;copyright&quot;:&quot;&quot;,&quot;focal_length&quot;:&quot;0&quot;,&quot;iso&quot;:&quot;0&quot;,&quot;shutter_speed&quot;:&quot;0&quot;,&quot;title&quot;:&quot;&quot;,&quot;orientation&quot;:&quot;0&quot;}\" data-image-title=\"b68440628ff5720a72ef180805b8efdd\" data-image-description=\"\" data-image-caption=\"\" data-large-file=\"https:\/\/i0.wp.com\/cloud.alqueria.es\/wp-content\/uploads\/sites\/8\/2021\/04\/b68440628ff5720a72ef180805b8efdd.jpg?fit=474%2C364&amp;ssl=1\" class=\"aligncenter size-medium wp-image-29860\" src=\"https:\/\/i0.wp.com\/cloud.alqueria.es\/wp-content\/uploads\/sites\/8\/2021\/04\/b68440628ff5720a72ef180805b8efdd-300x231.jpg?resize=300%2C231&#038;ssl=1\" alt=\"\" width=\"300\" height=\"231\" srcset=\"https:\/\/cloud.alqueria.es\/wp-content\/uploads\/sites\/8\/2021\/04\/b68440628ff5720a72ef180805b8efdd.jpg 300w, https:\/\/cloud.alqueria.es\/wp-content\/uploads\/sites\/8\/2021\/04\/b68440628ff5720a72ef180805b8efdd.jpg 768w, https:\/\/cloud.alqueria.es\/wp-content\/uploads\/sites\/8\/2021\/04\/b68440628ff5720a72ef180805b8efdd.jpg 1024w, https:\/\/cloud.alqueria.es\/wp-content\/uploads\/sites\/8\/2021\/04\/b68440628ff5720a72ef180805b8efdd.jpg 948w\" sizes=\"(max-width: 300px) 100vw, 300px\" \/><\/p>\n<ul>\n<li>El peri\u00f3dico no tiene portada y contraportada \u00abduras\u00bb como los libros<\/li>\n<li>No aparecen dibujos sino fotograf\u00edas<\/li>\n<li>Normalmente es en blanco y negro<\/li>\n<li>Hay muchas letras<\/li>\n<li>Lo que tiene son noticias<\/li>\n<\/ul>\n<p><img data-recalc-dims=\"1\" decoding=\"async\" data-attachment-id=\"29861\" data-permalink=\"https:\/\/www.alqueria.es\/blogs\/alqueriarojaverde\/2021\/04\/10\/vaya-comienzo-de-trimestre\/diari\/\" data-orig-file=\"https:\/\/i0.wp.com\/cloud.alqueria.es\/wp-content\/uploads\/sites\/8\/2021\/04\/diari.jpg?fit=500%2C500&amp;ssl=1\" data-orig-size=\"500,500\" data-comments-opened=\"1\" data-image-meta=\"{&quot;aperture&quot;:&quot;0&quot;,&quot;credit&quot;:&quot;Picasa 3.0&quot;,&quot;camera&quot;:&quot;&quot;,&quot;caption&quot;:&quot;&quot;,&quot;created_timestamp&quot;:&quot;0&quot;,&quot;copyright&quot;:&quot;&quot;,&quot;focal_length&quot;:&quot;0&quot;,&quot;iso&quot;:&quot;0&quot;,&quot;shutter_speed&quot;:&quot;0&quot;,&quot;title&quot;:&quot;&quot;,&quot;orientation&quot;:&quot;0&quot;}\" data-image-title=\"diari\" data-image-description=\"\" data-image-caption=\"\" data-large-file=\"https:\/\/i0.wp.com\/cloud.alqueria.es\/wp-content\/uploads\/sites\/8\/2021\/04\/diari.jpg?fit=474%2C474&amp;ssl=1\" class=\"aligncenter wp-image-29861\" src=\"https:\/\/i0.wp.com\/cloud.alqueria.es\/wp-content\/uploads\/sites\/8\/2021\/04\/diari-300x300.jpg?resize=264%2C264&#038;ssl=1\" alt=\"\" width=\"264\" height=\"264\" srcset=\"https:\/\/cloud.alqueria.es\/wp-content\/uploads\/sites\/8\/2021\/04\/diari.jpg 300w, https:\/\/cloud.alqueria.es\/wp-content\/uploads\/sites\/8\/2021\/04\/diari.jpg 150w, https:\/\/cloud.alqueria.es\/wp-content\/uploads\/sites\/8\/2021\/04\/diari.jpg 500w\" sizes=\"(max-width: 264px) 100vw, 264px\" \/><\/p>\n<p style=\"text-align: center\"><em><strong><span style=\"color: #ff00ff\">Aunque nuestro proyecto de aula para la Semana de la lectura est\u00e1 enfocado principalmente en el mencionado teatro, trabajaremos a lo largo de todo el mes estos dos tipos de textos como fomento a la lectura y acercamiento a la funcionalidad de la escritura, entre otras muchas cosas.<\/span><\/strong><\/em><\/p>\n<p>El\u00a0<span style=\"color: #993300\">jueves,<\/span> dedicamos buena parte de la ma\u00f1ana a <em><span style=\"color: #993300\"><strong>ensayar el teatro.<\/strong>\u00a0<\/span><\/em>Llegamos a acuerdos importantes como: <em><span style=\"color: #993300\">lugar de colocaci\u00f3n de los distintos personajes una vez en escena, orden de intervenci\u00f3n y por tanto de espera tras el escenario, gesticulaci\u00f3n y entonaci\u00f3n que acompa\u00f1an a nuestra expresi\u00f3n oral y pr\u00e1ctica de la improvisaci\u00f3n si se nos olvida algo.<\/span><\/em><\/p>\n<p class=\"jetpack-slideshow-noscript robots-nocontent\">El pase de diapositivas requiere JavaScript.<\/p><div id=\"gallery-29828-3-slideshow\" class=\"jetpack-slideshow-window jetpack-slideshow jetpack-slideshow-black\" data-trans=\"fade\" data-autostart=\"1\" data-gallery=\"[{&quot;src&quot;:&quot;https:\\\/\\\/i0.wp.com\\\/cloud.alqueria.es\\\/wp-content\\\/uploads\\\/sites\\\/8\\\/2021\\\/04\\\/20210408_100837.jpg?fit=1024%2C768\\u0026ssl=1&quot;,&quot;id&quot;:&quot;29892&quot;,&quot;title&quot;:&quot;20210408_100837&quot;,&quot;alt&quot;:&quot;&quot;,&quot;caption&quot;:&quot;El narrador practicando&quot;,&quot;itemprop&quot;:&quot;image&quot;},{&quot;src&quot;:&quot;https:\\\/\\\/i0.wp.com\\\/cloud.alqueria.es\\\/wp-content\\\/uploads\\\/sites\\\/8\\\/2021\\\/04\\\/20210408_100906.jpg?fit=1024%2C768\\u0026ssl=1&quot;,&quot;id&quot;:&quot;29891&quot;,&quot;title&quot;:&quot;20210408_100906&quot;,&quot;alt&quot;:&quot;&quot;,&quot;caption&quot;:&quot;Nuestros beb\\u00e9s hacen de p\\u00fablico&quot;,&quot;itemprop&quot;:&quot;image&quot;},{&quot;src&quot;:&quot;https:\\\/\\\/i0.wp.com\\\/cloud.alqueria.es\\\/wp-content\\\/uploads\\\/sites\\\/8\\\/2021\\\/04\\\/20210408_101244.jpg?fit=1024%2C768\\u0026ssl=1&quot;,&quot;id&quot;:&quot;29890&quot;,&quot;title&quot;:&quot;20210408_101244&quot;,&quot;alt&quot;:&quot;&quot;,&quot;caption&quot;:&quot;Da comienzo la funci\\u00f3n&quot;,&quot;itemprop&quot;:&quot;image&quot;},{&quot;src&quot;:&quot;https:\\\/\\\/i0.wp.com\\\/cloud.alqueria.es\\\/wp-content\\\/uploads\\\/sites\\\/8\\\/2021\\\/04\\\/20210408_101317.jpg?fit=1024%2C768\\u0026ssl=1&quot;,&quot;id&quot;:&quot;29889&quot;,&quot;title&quot;:&quot;20210408_101317&quot;,&quot;alt&quot;:&quot;&quot;,&quot;caption&quot;:&quot;Los personajes van entrando en escena&quot;,&quot;itemprop&quot;:&quot;image&quot;},{&quot;src&quot;:&quot;https:\\\/\\\/i0.wp.com\\\/cloud.alqueria.es\\\/wp-content\\\/uploads\\\/sites\\\/8\\\/2021\\\/04\\\/20210408_101932.jpg?fit=1024%2C768\\u0026ssl=1&quot;,&quot;id&quot;:&quot;29888&quot;,&quot;title&quot;:&quot;20210408_101932&quot;,&quot;alt&quot;:&quot;&quot;,&quot;caption&quot;:&quot;Di\\u00e1logos entre personajes&quot;,&quot;itemprop&quot;:&quot;image&quot;},{&quot;src&quot;:&quot;https:\\\/\\\/i0.wp.com\\\/cloud.alqueria.es\\\/wp-content\\\/uploads\\\/sites\\\/8\\\/2021\\\/04\\\/20210408_102047.jpg?fit=1024%2C768\\u0026ssl=1&quot;,&quot;id&quot;:&quot;29887&quot;,&quot;title&quot;:&quot;20210408_102047&quot;,&quot;alt&quot;:&quot;&quot;,&quot;caption&quot;:&quot;Practicando los movimientos&quot;,&quot;itemprop&quot;:&quot;image&quot;},{&quot;src&quot;:&quot;https:\\\/\\\/i0.wp.com\\\/cloud.alqueria.es\\\/wp-content\\\/uploads\\\/sites\\\/8\\\/2021\\\/04\\\/20210408_102644.jpg?fit=1024%2C768\\u0026ssl=1&quot;,&quot;id&quot;:&quot;29886&quot;,&quot;title&quot;:&quot;20210408_102644&quot;,&quot;alt&quot;:&quot;&quot;,&quot;caption&quot;:&quot;\\u00a1Nos merecemos un aplauso!&quot;,&quot;itemprop&quot;:&quot;image&quot;}]\" itemscope itemtype=\"https:\/\/schema.org\/ImageGallery\"><\/div>\n<p>Nuestra especialista del centro en el \u00e1rea de art\u00edstica, Ana, nos hab\u00eda preparado (a petici\u00f3n nuestra) un <span style=\"color: #800000\"><em>engobe para pintar nuestros platos de arcilla <\/em><\/span>(que hicimos en la propuesta de la Prehistoria y que ella ya nos ha cocido en el horno de cer\u00e1mica que hay en el cole). As\u00ed que improvisamos un <strong><em><span style=\"color: #800000\">taller creativo<\/span><\/em><\/strong> para darles color y volver a cocerlos en el horno, de manera que se conviertan en aut\u00e9nticos \u00abplatos de cer\u00e1mica\u00bb. La t\u00e9cnica no es nada sencilla, ya que el pincel no puede realizar el movimiento de arrastre que normalmente utilizamos en nuestra producciones creativas sino que debe depositar una peque\u00f1a cantidad de pigmento en la zona que queremos cubrir, cuidando adem\u00e1s que no sea excesiva para que al cocerse no forme pompas y se descascarille. Con intenci\u00f3n de integrar, adem\u00e1s de contenidos art\u00edstico-pl\u00e1sticos y por supuesto psicomotrices finos, otros, realizamos un dise\u00f1o a l\u00e1piz para dividir la superficie a pintar, de modo que el espacio quede m\u00e1s o menos proporcionado en color, poniendo en pr\u00e1ctica aspectos del \u00e1rea matem\u00e1tica.<\/p>\n<p class=\"jetpack-slideshow-noscript robots-nocontent\">El pase de diapositivas requiere JavaScript.<\/p><div id=\"gallery-29828-4-slideshow\" class=\"jetpack-slideshow-window jetpack-slideshow jetpack-slideshow-black\" data-trans=\"fade\" data-autostart=\"1\" data-gallery=\"[{&quot;src&quot;:&quot;https:\\\/\\\/i0.wp.com\\\/cloud.alqueria.es\\\/wp-content\\\/uploads\\\/sites\\\/8\\\/2021\\\/04\\\/20210408_104501.jpg?fit=1024%2C768\\u0026ssl=1&quot;,&quot;id&quot;:&quot;29897&quot;,&quot;title&quot;:&quot;20210408_104501&quot;,&quot;alt&quot;:&quot;&quot;,&quot;caption&quot;:&quot;Decidimos el dise\\u00f1o&quot;,&quot;itemprop&quot;:&quot;image&quot;},{&quot;src&quot;:&quot;https:\\\/\\\/i0.wp.com\\\/cloud.alqueria.es\\\/wp-content\\\/uploads\\\/sites\\\/8\\\/2021\\\/04\\\/20210408_104426-1.jpg?fit=1024%2C768\\u0026ssl=1&quot;,&quot;id&quot;:&quot;29898&quot;,&quot;title&quot;:&quot;20210408_104426&quot;,&quot;alt&quot;:&quot;&quot;,&quot;caption&quot;:&quot;Utilizamos \\u00abel dedo m\\u00e1gico\\u00bb para probar c\\u00f3mo queda&quot;,&quot;itemprop&quot;:&quot;image&quot;},{&quot;src&quot;:&quot;https:\\\/\\\/i0.wp.com\\\/cloud.alqueria.es\\\/wp-content\\\/uploads\\\/sites\\\/8\\\/2021\\\/04\\\/20210408_104633.jpg?fit=1024%2C768\\u0026ssl=1&quot;,&quot;id&quot;:&quot;29899&quot;,&quot;title&quot;:&quot;20210408_104633&quot;,&quot;alt&quot;:&quot;&quot;,&quot;caption&quot;:&quot;Dibujamos el dise\\u00f1o elegido&quot;,&quot;itemprop&quot;:&quot;image&quot;},{&quot;src&quot;:&quot;https:\\\/\\\/i0.wp.com\\\/cloud.alqueria.es\\\/wp-content\\\/uploads\\\/sites\\\/8\\\/2021\\\/04\\\/20210408_110146.jpg?fit=1024%2C768\\u0026ssl=1&quot;,&quot;id&quot;:&quot;29896&quot;,&quot;title&quot;:&quot;20210408_110146&quot;,&quot;alt&quot;:&quot;&quot;,&quot;caption&quot;:&quot;Damos color primero a los elementos m\\u00e1s peque\\u00f1os&quot;,&quot;itemprop&quot;:&quot;image&quot;},{&quot;src&quot;:&quot;https:\\\/\\\/i0.wp.com\\\/cloud.alqueria.es\\\/wp-content\\\/uploads\\\/sites\\\/8\\\/2021\\\/04\\\/20210408_110155.jpg?fit=1024%2C768\\u0026ssl=1&quot;,&quot;id&quot;:&quot;29895&quot;,&quot;title&quot;:&quot;20210408_110155&quot;,&quot;alt&quot;:&quot;&quot;,&quot;caption&quot;:&quot;Compartimos materiales&quot;,&quot;itemprop&quot;:&quot;image&quot;},{&quot;src&quot;:&quot;https:\\\/\\\/i0.wp.com\\\/cloud.alqueria.es\\\/wp-content\\\/uploads\\\/sites\\\/8\\\/2021\\\/04\\\/20210408_111214.jpg?fit=1024%2C768\\u0026ssl=1&quot;,&quot;id&quot;:&quot;29894&quot;,&quot;title&quot;:&quot;20210408_111214&quot;,&quot;alt&quot;:&quot;&quot;,&quot;caption&quot;:&quot;Retocamos algunos huecos&quot;,&quot;itemprop&quot;:&quot;image&quot;}]\" itemscope itemtype=\"https:\/\/schema.org\/ImageGallery\"><\/div>\n<p>Con el taller de la tarde nos pusimos en contacto con <em><strong><span style=\"color: #800000\">las medidas.<\/span><\/strong><\/em> Necesitamos realizar el <em><span style=\"color: #800000\">decorado para el teatro<\/span><\/em> y no sabemos c\u00f3mo debe ser de largo el papel a utilizar. En primer lugar bajamos hasta el lugar de realizaci\u00f3n y decidimos d\u00f3nde lo vamos a colocar, d\u00f3nde estaremos nosotros y d\u00f3nde se colocar\u00e1 el p\u00fablico, utilizando para ello unas l\u00edneas equidistantes que dividen el suelo de ese espacio.<\/p>\n<p><img data-recalc-dims=\"1\" decoding=\"async\" data-attachment-id=\"29901\" data-permalink=\"https:\/\/www.alqueria.es\/blogs\/alqueriarojaverde\/2021\/04\/10\/vaya-comienzo-de-trimestre\/20210408_152221\/\" data-orig-file=\"https:\/\/i0.wp.com\/cloud.alqueria.es\/wp-content\/uploads\/sites\/8\/2021\/04\/20210408_152221.jpg?fit=1024%2C768&amp;ssl=1\" data-orig-size=\"1024,768\" data-comments-opened=\"1\" data-image-meta=\"{&quot;aperture&quot;:&quot;0&quot;,&quot;credit&quot;:&quot;&quot;,&quot;camera&quot;:&quot;&quot;,&quot;caption&quot;:&quot;&quot;,&quot;created_timestamp&quot;:&quot;0&quot;,&quot;copyright&quot;:&quot;&quot;,&quot;focal_length&quot;:&quot;0&quot;,&quot;iso&quot;:&quot;0&quot;,&quot;shutter_speed&quot;:&quot;0&quot;,&quot;title&quot;:&quot;&quot;,&quot;orientation&quot;:&quot;1&quot;}\" data-image-title=\"20210408_152221\" data-image-description=\"\" data-image-caption=\"\" data-large-file=\"https:\/\/i0.wp.com\/cloud.alqueria.es\/wp-content\/uploads\/sites\/8\/2021\/04\/20210408_152221.jpg?fit=474%2C356&amp;ssl=1\" class=\"aligncenter size-full wp-image-29901\" src=\"https:\/\/i0.wp.com\/cloud.alqueria.es\/wp-content\/uploads\/sites\/8\/2021\/04\/20210408_152221.jpg?resize=474%2C356&#038;ssl=1\" alt=\"\" width=\"474\" height=\"356\" srcset=\"https:\/\/cloud.alqueria.es\/wp-content\/uploads\/sites\/8\/2021\/04\/20210408_152221.jpg 1024w, https:\/\/cloud.alqueria.es\/wp-content\/uploads\/sites\/8\/2021\/04\/20210408_152221.jpg 300w, https:\/\/cloud.alqueria.es\/wp-content\/uploads\/sites\/8\/2021\/04\/20210408_152221.jpg 768w, https:\/\/cloud.alqueria.es\/wp-content\/uploads\/sites\/8\/2021\/04\/20210408_152221.jpg 948w\" sizes=\"(max-width: 474px) 100vw, 474px\" \/><\/p>\n<p>Despu\u00e9s, con ayuda de una cinta m\u00e9trica conocemos cuanto mide el espacio en el que ir\u00e1 el decorado. Vamos buscando los n\u00fameros que indican los metros (que aparecen en color rojo y son muy evidentes) y luego nuestro compa\u00f1ero M\u00e1ximo nos ayuda a saber que no llegamos a seis metros, sino que s\u00f3lo tenemos 50 (la mitad de 100). Nosotros nos quedamos con el n\u00famero global (5 metros y 50 cent\u00edmetros), para trasladarlo encima de un papel continuo y cortar la extensi\u00f3n necesaria.<\/p>\n<p class=\"jetpack-slideshow-noscript robots-nocontent\">El pase de diapositivas requiere JavaScript.<\/p><div id=\"gallery-29828-5-slideshow\" class=\"jetpack-slideshow-window jetpack-slideshow jetpack-slideshow-black\" data-trans=\"fade\" data-autostart=\"1\" data-gallery=\"[{&quot;src&quot;:&quot;https:\\\/\\\/i0.wp.com\\\/cloud.alqueria.es\\\/wp-content\\\/uploads\\\/sites\\\/8\\\/2021\\\/04\\\/20210408_152137.jpg?fit=1024%2C768\\u0026ssl=1&quot;,&quot;id&quot;:&quot;29900&quot;,&quot;title&quot;:&quot;20210408_152137&quot;,&quot;alt&quot;:&quot;&quot;,&quot;caption&quot;:&quot;&quot;,&quot;itemprop&quot;:&quot;image&quot;},{&quot;src&quot;:&quot;https:\\\/\\\/i0.wp.com\\\/cloud.alqueria.es\\\/wp-content\\\/uploads\\\/sites\\\/8\\\/2021\\\/04\\\/20210408_155501.jpg?fit=1024%2C768\\u0026ssl=1&quot;,&quot;id&quot;:&quot;29904&quot;,&quot;title&quot;:&quot;20210408_155501&quot;,&quot;alt&quot;:&quot;&quot;,&quot;caption&quot;:&quot;&quot;,&quot;itemprop&quot;:&quot;image&quot;},{&quot;src&quot;:&quot;https:\\\/\\\/i0.wp.com\\\/cloud.alqueria.es\\\/wp-content\\\/uploads\\\/sites\\\/8\\\/2021\\\/04\\\/20210408_155749.jpg?fit=1024%2C768\\u0026ssl=1&quot;,&quot;id&quot;:&quot;29905&quot;,&quot;title&quot;:&quot;20210408_155749&quot;,&quot;alt&quot;:&quot;&quot;,&quot;caption&quot;:&quot;&quot;,&quot;itemprop&quot;:&quot;image&quot;},{&quot;src&quot;:&quot;https:\\\/\\\/i0.wp.com\\\/cloud.alqueria.es\\\/wp-content\\\/uploads\\\/sites\\\/8\\\/2021\\\/04\\\/20210408_155008.jpg?fit=768%2C1024\\u0026ssl=1&quot;,&quot;id&quot;:&quot;29902&quot;,&quot;title&quot;:&quot;20210408_155008&quot;,&quot;alt&quot;:&quot;&quot;,&quot;caption&quot;:&quot;&quot;,&quot;itemprop&quot;:&quot;image&quot;},{&quot;src&quot;:&quot;https:\\\/\\\/i0.wp.com\\\/cloud.alqueria.es\\\/wp-content\\\/uploads\\\/sites\\\/8\\\/2021\\\/04\\\/20210408_155018.jpg?fit=1024%2C768\\u0026ssl=1&quot;,&quot;id&quot;:&quot;29903&quot;,&quot;title&quot;:&quot;20210408_155018&quot;,&quot;alt&quot;:&quot;&quot;,&quot;caption&quot;:&quot;&quot;,&quot;itemprop&quot;:&quot;image&quot;}]\" itemscope itemtype=\"https:\/\/schema.org\/ImageGallery\"><\/div>\n<p>Ayer <em><strong><span style=\"color: #00ccff\">viernes,<\/span><\/strong><\/em> disfrutaron m\u00e1s si cabe de la <em><span style=\"color: #00ccff\">clase de Educaci\u00f3n f\u00edsica<\/span><\/em>, ya que Alberto est\u00e1 totalmente recuperado de su lesi\u00f3n y vuelve a ser nuestro profe de Educaci\u00f3n f\u00edsica (lo han echado mucho de menos).<\/p>\n<p><img data-recalc-dims=\"1\" decoding=\"async\" data-attachment-id=\"29913\" data-permalink=\"https:\/\/www.alqueria.es\/blogs\/alqueriarojaverde\/2021\/04\/10\/vaya-comienzo-de-trimestre\/20210409_102742\/\" data-orig-file=\"https:\/\/i0.wp.com\/cloud.alqueria.es\/wp-content\/uploads\/sites\/8\/2021\/04\/20210409_102742.jpg?fit=1024%2C768&amp;ssl=1\" data-orig-size=\"1024,768\" data-comments-opened=\"1\" data-image-meta=\"{&quot;aperture&quot;:&quot;0&quot;,&quot;credit&quot;:&quot;&quot;,&quot;camera&quot;:&quot;&quot;,&quot;caption&quot;:&quot;&quot;,&quot;created_timestamp&quot;:&quot;0&quot;,&quot;copyright&quot;:&quot;&quot;,&quot;focal_length&quot;:&quot;0&quot;,&quot;iso&quot;:&quot;0&quot;,&quot;shutter_speed&quot;:&quot;0&quot;,&quot;title&quot;:&quot;&quot;,&quot;orientation&quot;:&quot;1&quot;}\" data-image-title=\"20210409_102742\" data-image-description=\"\" data-image-caption=\"\" data-large-file=\"https:\/\/i0.wp.com\/cloud.alqueria.es\/wp-content\/uploads\/sites\/8\/2021\/04\/20210409_102742.jpg?fit=474%2C356&amp;ssl=1\" class=\"aligncenter size-full wp-image-29913\" src=\"https:\/\/i0.wp.com\/cloud.alqueria.es\/wp-content\/uploads\/sites\/8\/2021\/04\/20210409_102742.jpg?resize=474%2C356&#038;ssl=1\" alt=\"\" width=\"474\" height=\"356\" srcset=\"https:\/\/cloud.alqueria.es\/wp-content\/uploads\/sites\/8\/2021\/04\/20210409_102742.jpg 1024w, https:\/\/cloud.alqueria.es\/wp-content\/uploads\/sites\/8\/2021\/04\/20210409_102742.jpg 300w, https:\/\/cloud.alqueria.es\/wp-content\/uploads\/sites\/8\/2021\/04\/20210409_102742.jpg 768w, https:\/\/cloud.alqueria.es\/wp-content\/uploads\/sites\/8\/2021\/04\/20210409_102742.jpg 948w\" sizes=\"(max-width: 474px) 100vw, 474px\" \/><\/p>\n<p>La lluvia no hizo acto de presencia, as\u00ed que nos fuimos a nuestra <em><span style=\"color: #00ccff\">salida mensual a la vega<\/span><\/em>. Dimos un agradable paseo hasta el r\u00edo Genil, tomando all\u00ed la fruta de media ma\u00f1ana \u00a0y cantamos cumplea\u00f1os feliz al \u00abduende de los cumples\u00bb que vive en el gran \u00e1rbol, para que recuerde que seguimos en el cole y no se vaya a vivir a ning\u00fan otro lugar.<\/p>\n<p class=\"jetpack-slideshow-noscript robots-nocontent\">El pase de diapositivas requiere JavaScript.<\/p><div id=\"gallery-29828-6-slideshow\" class=\"jetpack-slideshow-window jetpack-slideshow jetpack-slideshow-black\" data-trans=\"fade\" data-autostart=\"1\" data-gallery=\"[{&quot;src&quot;:&quot;https:\\\/\\\/i0.wp.com\\\/cloud.alqueria.es\\\/wp-content\\\/uploads\\\/sites\\\/8\\\/2021\\\/04\\\/20210409_103840.jpg?fit=1024%2C768\\u0026ssl=1&quot;,&quot;id&quot;:&quot;29911&quot;,&quot;title&quot;:&quot;20210409_103840&quot;,&quot;alt&quot;:&quot;&quot;,&quot;caption&quot;:&quot;Dispuestos para salir&quot;,&quot;itemprop&quot;:&quot;image&quot;},{&quot;src&quot;:&quot;https:\\\/\\\/i0.wp.com\\\/cloud.alqueria.es\\\/wp-content\\\/uploads\\\/sites\\\/8\\\/2021\\\/04\\\/20210409_104457.jpg?fit=1024%2C768\\u0026ssl=1&quot;,&quot;id&quot;:&quot;29910&quot;,&quot;title&quot;:&quot;20210409_104457&quot;,&quot;alt&quot;:&quot;&quot;,&quot;caption&quot;:&quot;El campo se est\\u00e1 llenando de flores&quot;,&quot;itemprop&quot;:&quot;image&quot;},{&quot;src&quot;:&quot;https:\\\/\\\/i0.wp.com\\\/cloud.alqueria.es\\\/wp-content\\\/uploads\\\/sites\\\/8\\\/2021\\\/04\\\/20210409_105343.jpg?fit=1024%2C768\\u0026ssl=1&quot;,&quot;id&quot;:&quot;29909&quot;,&quot;title&quot;:&quot;20210409_105343&quot;,&quot;alt&quot;:&quot;&quot;,&quot;caption&quot;:&quot;\\u00bfNos escuchar\\u00e1 el duende?&quot;,&quot;itemprop&quot;:&quot;image&quot;},{&quot;src&quot;:&quot;https:\\\/\\\/i0.wp.com\\\/cloud.alqueria.es\\\/wp-content\\\/uploads\\\/sites\\\/8\\\/2021\\\/04\\\/20210409_105803.jpg?fit=1024%2C768\\u0026ssl=1&quot;,&quot;id&quot;:&quot;29908&quot;,&quot;title&quot;:&quot;20210409_105803&quot;,&quot;alt&quot;:&quot;&quot;,&quot;caption&quot;:&quot;Disfrutamos de paseos en un entorno privilegiado&quot;,&quot;itemprop&quot;:&quot;image&quot;},{&quot;src&quot;:&quot;https:\\\/\\\/i0.wp.com\\\/cloud.alqueria.es\\\/wp-content\\\/uploads\\\/sites\\\/8\\\/2021\\\/04\\\/20210409_110345.jpg?fit=1024%2C768\\u0026ssl=1&quot;,&quot;id&quot;:&quot;29907&quot;,&quot;title&quot;:&quot;20210409_110345&quot;,&quot;alt&quot;:&quot;&quot;,&quot;caption&quot;:&quot;Fruta en la vega de Granada&quot;,&quot;itemprop&quot;:&quot;image&quot;},{&quot;src&quot;:&quot;https:\\\/\\\/i0.wp.com\\\/cloud.alqueria.es\\\/wp-content\\\/uploads\\\/sites\\\/8\\\/2021\\\/04\\\/20210409_111911.jpg?fit=1024%2C768\\u0026ssl=1&quot;,&quot;id&quot;:&quot;29906&quot;,&quot;title&quot;:&quot;20210409_111911&quot;,&quot;alt&quot;:&quot;&quot;,&quot;caption&quot;:&quot;Presenciamos un entrenamiento de marcha atl\\u00e9tica&quot;,&quot;itemprop&quot;:&quot;image&quot;}]\" itemscope itemtype=\"https:\/\/schema.org\/ImageGallery\"><\/div>\n<p>Y para finalizar esta semana tan intensa, compartimos con el resto del ciclo nuestra <em><strong><span style=\"color: #00ccff\">tarde cooperativa.<\/span><\/strong><\/em><\/p>\n<p><img data-recalc-dims=\"1\" decoding=\"async\" data-attachment-id=\"29864\" data-permalink=\"https:\/\/www.alqueria.es\/blogs\/alqueriarojaverde\/2021\/04\/09\/salida-a-la-vega-y-otras-actividades\/img-20210409-wa0036\/\" data-orig-file=\"https:\/\/i0.wp.com\/cloud.alqueria.es\/wp-content\/uploads\/sites\/8\/2021\/04\/IMG-20210409-WA0036.jpg?fit=1024%2C768&amp;ssl=1\" data-orig-size=\"1024,768\" data-comments-opened=\"1\" data-image-meta=\"{&quot;aperture&quot;:&quot;0&quot;,&quot;credit&quot;:&quot;&quot;,&quot;camera&quot;:&quot;&quot;,&quot;caption&quot;:&quot;&quot;,&quot;created_timestamp&quot;:&quot;0&quot;,&quot;copyright&quot;:&quot;&quot;,&quot;focal_length&quot;:&quot;0&quot;,&quot;iso&quot;:&quot;0&quot;,&quot;shutter_speed&quot;:&quot;0&quot;,&quot;title&quot;:&quot;&quot;,&quot;orientation&quot;:&quot;0&quot;}\" data-image-title=\"IMG-20210409-WA0036\" data-image-description=\"\" data-image-caption=\"\" data-large-file=\"https:\/\/i0.wp.com\/cloud.alqueria.es\/wp-content\/uploads\/sites\/8\/2021\/04\/IMG-20210409-WA0036.jpg?fit=474%2C356&amp;ssl=1\" class=\"aligncenter size-full wp-image-29864\" src=\"https:\/\/i0.wp.com\/cloud.alqueria.es\/wp-content\/uploads\/sites\/8\/2021\/04\/IMG-20210409-WA0036.jpg?resize=474%2C356&#038;ssl=1\" alt=\"\" width=\"474\" height=\"356\" srcset=\"https:\/\/cloud.alqueria.es\/wp-content\/uploads\/sites\/8\/2021\/04\/IMG-20210409-WA0036.jpg 1024w, https:\/\/cloud.alqueria.es\/wp-content\/uploads\/sites\/8\/2021\/04\/IMG-20210409-WA0036.jpg 300w, https:\/\/cloud.alqueria.es\/wp-content\/uploads\/sites\/8\/2021\/04\/IMG-20210409-WA0036.jpg 768w, https:\/\/cloud.alqueria.es\/wp-content\/uploads\/sites\/8\/2021\/04\/IMG-20210409-WA0036.jpg 948w\" sizes=\"(max-width: 474px) 100vw, 474px\" \/><\/p>\n<p>En ella tenemos oportunidad de fijar nuestros aprendizajes de la semana, en cuanto a las plantas se refiere, verbalizando al resto de grupos todo lo que hemos descubierto\/aprendido de ellas. <img data-recalc-dims=\"1\" decoding=\"async\" data-attachment-id=\"29859\" data-permalink=\"https:\/\/www.alqueria.es\/blogs\/alqueriarojaverde\/2021\/04\/09\/salida-a-la-vega-y-otras-actividades\/screenshot_20210409-121115_chrome\/\" data-orig-file=\"https:\/\/i0.wp.com\/cloud.alqueria.es\/wp-content\/uploads\/sites\/8\/2021\/04\/Screenshot_20210409-121115_Chrome.jpg?fit=1024%2C879&amp;ssl=1\" data-orig-size=\"1024,879\" data-comments-opened=\"1\" data-image-meta=\"{&quot;aperture&quot;:&quot;0&quot;,&quot;credit&quot;:&quot;&quot;,&quot;camera&quot;:&quot;&quot;,&quot;caption&quot;:&quot;&quot;,&quot;created_timestamp&quot;:&quot;0&quot;,&quot;copyright&quot;:&quot;&quot;,&quot;focal_length&quot;:&quot;0&quot;,&quot;iso&quot;:&quot;0&quot;,&quot;shutter_speed&quot;:&quot;0&quot;,&quot;title&quot;:&quot;&quot;,&quot;orientation&quot;:&quot;0&quot;}\" data-image-title=\"Screenshot_20210409-121115_Chrome\" data-image-description=\"\" data-image-caption=\"\" data-large-file=\"https:\/\/i0.wp.com\/cloud.alqueria.es\/wp-content\/uploads\/sites\/8\/2021\/04\/Screenshot_20210409-121115_Chrome.jpg?fit=474%2C407&amp;ssl=1\" class=\"alignright size-medium wp-image-29859\" src=\"https:\/\/i0.wp.com\/cloud.alqueria.es\/wp-content\/uploads\/sites\/8\/2021\/04\/Screenshot_20210409-121115_Chrome-300x258.jpg?resize=300%2C258&#038;ssl=1\" alt=\"\" width=\"300\" height=\"258\" srcset=\"https:\/\/cloud.alqueria.es\/wp-content\/uploads\/sites\/8\/2021\/04\/Screenshot_20210409-121115_Chrome.jpg 300w, https:\/\/cloud.alqueria.es\/wp-content\/uploads\/sites\/8\/2021\/04\/Screenshot_20210409-121115_Chrome.jpg 768w, https:\/\/cloud.alqueria.es\/wp-content\/uploads\/sites\/8\/2021\/04\/Screenshot_20210409-121115_Chrome.jpg 1024w, https:\/\/cloud.alqueria.es\/wp-content\/uploads\/sites\/8\/2021\/04\/Screenshot_20210409-121115_Chrome.jpg 948w\" sizes=\"(max-width: 300px) 100vw, 300px\" \/>Acompa\u00f1amos a los otros grupos a trasplantar guisantes, calabacines y berenjenas, que el grupo rojo hab\u00eda sembrado en clase y finalmente damos lectura al diploma que nos han entregado por haber ganado el segundo premio del concurso \u00abCOOPI UNA MASCOTA PARA INFANTIL\u00bb organizado por ACES, que ya os cont\u00e9 hace bastantes semanas. El dibujo seleccionado ha sido el \u00abGato de colores\u00bb de Joakim, as\u00ed que desde aqu\u00ed le damos la enhorabuena y las gracias por hacer a nuestro cole merecedor de dicho reconocimiento.<\/p>\n<div class=\"tiled-gallery type-square tiled-gallery-unresized\" data-original-width=\"474\" data-carousel-extra='{&quot;blog_id&quot;:8,&quot;permalink&quot;:&quot;https:\\\/\\\/www.alqueria.es\\\/blogs\\\/alqueriarojaverde\\\/2021\\\/04\\\/10\\\/vaya-comienzo-de-trimestre\\\/&quot;,&quot;likes_blog_id&quot;:64268569}' itemscope itemtype=\"http:\/\/schema.org\/ImageGallery\" > <div class=\"gallery-row\" style=\"width: 474px; height: 158px;\" data-original-width=\"474\" data-original-height=\"158\" > <div class=\"gallery-group\" style=\"width: 158px; height: 158px;\" data-original-width=\"158\" data-original-height=\"158\" > <div class=\"tiled-gallery-item \" itemprop=\"associatedMedia\" itemscope itemtype=\"http:\/\/schema.org\/ImageObject\"> <a href=\"https:\/\/www.alqueria.es\/blogs\/alqueriarojaverde\/2021\/04\/09\/salida-a-la-vega-y-otras-actividades\/img-20210409-wa0034\/\" border=\"0\" itemprop=\"url\"> <meta itemprop=\"width\" content=\"154\"> <meta itemprop=\"height\" content=\"154\"> <img decoding=\"async\" class=\"\" data-attachment-id=\"29863\" data-orig-file=\"https:\/\/cloud.alqueria.es\/wp-content\/uploads\/sites\/8\/2021\/04\/IMG-20210409-WA0034.jpg\" data-orig-size=\"1024,768\" data-comments-opened=\"1\" data-image-meta=\"{&quot;aperture&quot;:&quot;0&quot;,&quot;credit&quot;:&quot;&quot;,&quot;camera&quot;:&quot;&quot;,&quot;caption&quot;:&quot;&quot;,&quot;created_timestamp&quot;:&quot;0&quot;,&quot;copyright&quot;:&quot;&quot;,&quot;focal_length&quot;:&quot;0&quot;,&quot;iso&quot;:&quot;0&quot;,&quot;shutter_speed&quot;:&quot;0&quot;,&quot;title&quot;:&quot;&quot;,&quot;orientation&quot;:&quot;0&quot;}\" data-image-title=\"IMG-20210409-WA0034\" data-image-description=\"\" data-medium-file=\"https:\/\/i0.wp.com\/cloud.alqueria.es\/wp-content\/uploads\/sites\/8\/2021\/04\/IMG-20210409-WA0034.jpg?fit=300%2C225&#038;ssl=1\" data-large-file=\"https:\/\/i0.wp.com\/cloud.alqueria.es\/wp-content\/uploads\/sites\/8\/2021\/04\/IMG-20210409-WA0034.jpg?fit=474%2C356&#038;ssl=1\" src=\"https:\/\/i0.wp.com\/cloud.alqueria.es\/wp-content\/uploads\/sites\/8\/2021\/04\/IMG-20210409-WA0034.jpg?w=154&#038;h=154&#038;crop=1&#038;ssl=1\" srcset=\"https:\/\/cloud.alqueria.es\/wp-content\/uploads\/sites\/8\/2021\/04\/IMG-20210409-WA0034.jpg 150w, https:\/\/cloud.alqueria.es\/wp-content\/uploads\/sites\/8\/2021\/04\/IMG-20210409-WA0034.jpg 308w, https:\/\/cloud.alqueria.es\/wp-content\/uploads\/sites\/8\/2021\/04\/IMG-20210409-WA0034.jpg 462w\" width=\"154\" height=\"154\" loading=\"lazy\" data-original-width=\"154\" data-original-height=\"154\" itemprop=\"http:\/\/schema.org\/image\" title=\"IMG-20210409-WA0034\" alt=\"IMG-20210409-WA0034\" style=\"width: 154px; height: 154px;\" \/> <\/a> <\/div> <\/div> <div class=\"gallery-group\" style=\"width: 158px; height: 158px;\" data-original-width=\"158\" data-original-height=\"158\" > <div class=\"tiled-gallery-item \" itemprop=\"associatedMedia\" itemscope itemtype=\"http:\/\/schema.org\/ImageObject\"> <a href=\"https:\/\/www.alqueria.es\/blogs\/alqueriarojaverde\/2021\/04\/09\/salida-a-la-vega-y-otras-actividades\/img-20210409-wa0038\/\" border=\"0\" itemprop=\"url\"> <meta itemprop=\"width\" content=\"154\"> <meta itemprop=\"height\" content=\"154\"> <img decoding=\"async\" class=\"\" data-attachment-id=\"29866\" data-orig-file=\"https:\/\/cloud.alqueria.es\/wp-content\/uploads\/sites\/8\/2021\/04\/IMG-20210409-WA0038.jpg\" data-orig-size=\"1024,768\" data-comments-opened=\"1\" data-image-meta=\"{&quot;aperture&quot;:&quot;0&quot;,&quot;credit&quot;:&quot;&quot;,&quot;camera&quot;:&quot;&quot;,&quot;caption&quot;:&quot;&quot;,&quot;created_timestamp&quot;:&quot;0&quot;,&quot;copyright&quot;:&quot;&quot;,&quot;focal_length&quot;:&quot;0&quot;,&quot;iso&quot;:&quot;0&quot;,&quot;shutter_speed&quot;:&quot;0&quot;,&quot;title&quot;:&quot;&quot;,&quot;orientation&quot;:&quot;0&quot;}\" data-image-title=\"IMG-20210409-WA0038\" data-image-description=\"\" data-medium-file=\"https:\/\/i0.wp.com\/cloud.alqueria.es\/wp-content\/uploads\/sites\/8\/2021\/04\/IMG-20210409-WA0038.jpg?fit=300%2C225&#038;ssl=1\" data-large-file=\"https:\/\/i0.wp.com\/cloud.alqueria.es\/wp-content\/uploads\/sites\/8\/2021\/04\/IMG-20210409-WA0038.jpg?fit=474%2C356&#038;ssl=1\" src=\"https:\/\/i0.wp.com\/cloud.alqueria.es\/wp-content\/uploads\/sites\/8\/2021\/04\/IMG-20210409-WA0038.jpg?w=154&#038;h=154&#038;crop=1&#038;ssl=1\" srcset=\"https:\/\/cloud.alqueria.es\/wp-content\/uploads\/sites\/8\/2021\/04\/IMG-20210409-WA0038.jpg 150w, https:\/\/cloud.alqueria.es\/wp-content\/uploads\/sites\/8\/2021\/04\/IMG-20210409-WA0038.jpg 308w, https:\/\/cloud.alqueria.es\/wp-content\/uploads\/sites\/8\/2021\/04\/IMG-20210409-WA0038.jpg 462w\" width=\"154\" height=\"154\" loading=\"lazy\" data-original-width=\"154\" data-original-height=\"154\" itemprop=\"http:\/\/schema.org\/image\" title=\"IMG-20210409-WA0038\" alt=\"IMG-20210409-WA0038\" style=\"width: 154px; height: 154px;\" \/> <\/a> <\/div> <\/div> <div class=\"gallery-group\" style=\"width: 158px; height: 158px;\" data-original-width=\"158\" data-original-height=\"158\" > <div class=\"tiled-gallery-item \" itemprop=\"associatedMedia\" itemscope itemtype=\"http:\/\/schema.org\/ImageObject\"> <a href=\"https:\/\/www.alqueria.es\/blogs\/alqueriarojaverde\/2021\/04\/09\/salida-a-la-vega-y-otras-actividades\/img-20210409-wa0040\/\" border=\"0\" itemprop=\"url\"> <meta itemprop=\"width\" content=\"154\"> <meta itemprop=\"height\" content=\"154\"> <img decoding=\"async\" class=\"\" data-attachment-id=\"29868\" data-orig-file=\"https:\/\/cloud.alqueria.es\/wp-content\/uploads\/sites\/8\/2021\/04\/IMG-20210409-WA0040.jpg\" data-orig-size=\"1024,768\" data-comments-opened=\"1\" data-image-meta=\"{&quot;aperture&quot;:&quot;0&quot;,&quot;credit&quot;:&quot;&quot;,&quot;camera&quot;:&quot;&quot;,&quot;caption&quot;:&quot;&quot;,&quot;created_timestamp&quot;:&quot;0&quot;,&quot;copyright&quot;:&quot;&quot;,&quot;focal_length&quot;:&quot;0&quot;,&quot;iso&quot;:&quot;0&quot;,&quot;shutter_speed&quot;:&quot;0&quot;,&quot;title&quot;:&quot;&quot;,&quot;orientation&quot;:&quot;0&quot;}\" data-image-title=\"IMG-20210409-WA0040\" data-image-description=\"\" data-medium-file=\"https:\/\/i0.wp.com\/cloud.alqueria.es\/wp-content\/uploads\/sites\/8\/2021\/04\/IMG-20210409-WA0040.jpg?fit=300%2C225&#038;ssl=1\" data-large-file=\"https:\/\/i0.wp.com\/cloud.alqueria.es\/wp-content\/uploads\/sites\/8\/2021\/04\/IMG-20210409-WA0040.jpg?fit=474%2C356&#038;ssl=1\" src=\"https:\/\/i0.wp.com\/cloud.alqueria.es\/wp-content\/uploads\/sites\/8\/2021\/04\/IMG-20210409-WA0040.jpg?w=154&#038;h=154&#038;crop=1&#038;ssl=1\" srcset=\"https:\/\/cloud.alqueria.es\/wp-content\/uploads\/sites\/8\/2021\/04\/IMG-20210409-WA0040.jpg 150w, https:\/\/cloud.alqueria.es\/wp-content\/uploads\/sites\/8\/2021\/04\/IMG-20210409-WA0040.jpg 308w, https:\/\/cloud.alqueria.es\/wp-content\/uploads\/sites\/8\/2021\/04\/IMG-20210409-WA0040.jpg 462w\" width=\"154\" height=\"154\" loading=\"lazy\" data-original-width=\"154\" data-original-height=\"154\" itemprop=\"http:\/\/schema.org\/image\" title=\"IMG-20210409-WA0040\" alt=\"IMG-20210409-WA0040\" style=\"width: 154px; height: 154px;\" \/> <\/a> <\/div> <\/div> <\/div> <\/div>\n<p>Nos vamos de fin de semana merendando un delicioso yogur con bizcocho. Ambos hechos de forma casera por nuestras cocineras que nos cuidan y quieren un mont\u00f3n.<\/p>\n<p><img data-recalc-dims=\"1\" decoding=\"async\" data-attachment-id=\"29865\" data-permalink=\"https:\/\/www.alqueria.es\/blogs\/alqueriarojaverde\/2021\/04\/09\/salida-a-la-vega-y-otras-actividades\/img-20210409-wa0035\/\" data-orig-file=\"https:\/\/i0.wp.com\/cloud.alqueria.es\/wp-content\/uploads\/sites\/8\/2021\/04\/IMG-20210409-WA0035.jpg?fit=1024%2C768&amp;ssl=1\" data-orig-size=\"1024,768\" data-comments-opened=\"1\" data-image-meta=\"{&quot;aperture&quot;:&quot;0&quot;,&quot;credit&quot;:&quot;&quot;,&quot;camera&quot;:&quot;&quot;,&quot;caption&quot;:&quot;&quot;,&quot;created_timestamp&quot;:&quot;0&quot;,&quot;copyright&quot;:&quot;&quot;,&quot;focal_length&quot;:&quot;0&quot;,&quot;iso&quot;:&quot;0&quot;,&quot;shutter_speed&quot;:&quot;0&quot;,&quot;title&quot;:&quot;&quot;,&quot;orientation&quot;:&quot;0&quot;}\" data-image-title=\"IMG-20210409-WA0035\" data-image-description=\"\" data-image-caption=\"\" data-large-file=\"https:\/\/i0.wp.com\/cloud.alqueria.es\/wp-content\/uploads\/sites\/8\/2021\/04\/IMG-20210409-WA0035.jpg?fit=474%2C356&amp;ssl=1\" class=\"aligncenter size-full wp-image-29865\" src=\"https:\/\/i0.wp.com\/cloud.alqueria.es\/wp-content\/uploads\/sites\/8\/2021\/04\/IMG-20210409-WA0035.jpg?resize=474%2C356&#038;ssl=1\" alt=\"\" width=\"474\" height=\"356\" srcset=\"https:\/\/cloud.alqueria.es\/wp-content\/uploads\/sites\/8\/2021\/04\/IMG-20210409-WA0035.jpg 1024w, https:\/\/cloud.alqueria.es\/wp-content\/uploads\/sites\/8\/2021\/04\/IMG-20210409-WA0035.jpg 300w, https:\/\/cloud.alqueria.es\/wp-content\/uploads\/sites\/8\/2021\/04\/IMG-20210409-WA0035.jpg 768w, https:\/\/cloud.alqueria.es\/wp-content\/uploads\/sites\/8\/2021\/04\/IMG-20210409-WA0035.jpg 948w\" sizes=\"(max-width: 474px) 100vw, 474px\" \/><\/p>\n<p>\u00a1Buen fin de semana!,<\/p>\n<p>Esther Justicia.<\/p>\n","protected":false},"excerpt":{"rendered":"<p>\u00a1Buenos d\u00edas familias! Hemos comenzado este trimestre con la energ\u00eda totalmente renovada (yo dir\u00eda que casi desbordante, je) , tras los d\u00edas de vacaciones, y gran ilusi\u00f3n por seguir compartiendo experiencias que promocionan aprendizajes significativos. El lunes, la asamblea de inicio de la jornada tuvo una extensi\u00f3n m\u00e1s amplia de lo habitual. La necesidad de &hellip; <a href=\"https:\/\/www.alqueria.es\/blogs\/alqueriarojaverde\/2021\/04\/10\/vaya-comienzo-de-trimestre\/\" class=\"more-link\">Seguir leyendo <span class=\"screen-reader-text\">\u00a1VAYA COMIENZO DE TRIMESTRE!<\/span> <span class=\"meta-nav\">&rarr;<\/span><\/a><\/p>\n","protected":false},"author":19,"featured_media":0,"comment_status":"open","ping_status":"open","sticky":false,"template":"","format":"standard","meta":{"jetpack_post_was_ever_published":false,"_jetpack_newsletter_access":"","_jetpack_dont_email_post_to_subs":false,"_jetpack_newsletter_tier_id":0,"_jetpack_memberships_contains_paywalled_content":false,"_jetpack_memberships_contains_paid_content":false,"footnotes":"","jetpack_publicize_message":"","jetpack_publicize_feature_enabled":true,"jetpack_social_post_already_shared":true,"jetpack_social_options":{"image_generator_settings":{"template":"highway","default_image_id":0,"font":"","enabled":false},"version":2}},"categories":[7,13],"tags":[1220,1219,412,1221,408,1203],"class_list":["post-29828","post","type-post","status-publish","format-standard","hentry","category-clase-verde-5-6-anos","category-inicio","tag-acercamiento-al-proceso-alfabetizador","tag-el-vivero-trabajo-medioambiental","tag-fomento-de-la-lectura-en-infantil","tag-taller-de-ceramica","tag-trabajo-cooperativo","tag-trabajo-por-proyectos-en-infantil"],"jetpack_publicize_connections":[],"jetpack_featured_media_url":"","jetpack_sharing_enabled":true,"jetpack_shortlink":"https:\/\/wp.me\/p4lFbP-7L6","_links":{"self":[{"href":"https:\/\/www.alqueria.es\/blogs\/alqueriarojaverde\/wp-json\/wp\/v2\/posts\/29828","targetHints":{"allow":["GET"]}}],"collection":[{"href":"https:\/\/www.alqueria.es\/blogs\/alqueriarojaverde\/wp-json\/wp\/v2\/posts"}],"about":[{"href":"https:\/\/www.alqueria.es\/blogs\/alqueriarojaverde\/wp-json\/wp\/v2\/types\/post"}],"author":[{"embeddable":true,"href":"https:\/\/www.alqueria.es\/blogs\/alqueriarojaverde\/wp-json\/wp\/v2\/users\/19"}],"replies":[{"embeddable":true,"href":"https:\/\/www.alqueria.es\/blogs\/alqueriarojaverde\/wp-json\/wp\/v2\/comments?post=29828"}],"version-history":[{"count":6,"href":"https:\/\/www.alqueria.es\/blogs\/alqueriarojaverde\/wp-json\/wp\/v2\/posts\/29828\/revisions"}],"predecessor-version":[{"id":29916,"href":"https:\/\/www.alqueria.es\/blogs\/alqueriarojaverde\/wp-json\/wp\/v2\/posts\/29828\/revisions\/29916"}],"wp:attachment":[{"href":"https:\/\/www.alqueria.es\/blogs\/alqueriarojaverde\/wp-json\/wp\/v2\/media?parent=29828"}],"wp:term":[{"taxonomy":"category","embeddable":true,"href":"https:\/\/www.alqueria.es\/blogs\/alqueriarojaverde\/wp-json\/wp\/v2\/categories?post=29828"},{"taxonomy":"post_tag","embeddable":true,"href":"https:\/\/www.alqueria.es\/blogs\/alqueriarojaverde\/wp-json\/wp\/v2\/tags?post=29828"}],"curies":[{"name":"wp","href":"https:\/\/api.w.org\/{rel}","templated":true}]}}