{"id":30356,"date":"2021-05-03T16:03:25","date_gmt":"2021-05-03T14:03:25","guid":{"rendered":"https:\/\/www.alqueria.es\/blogs\/alqueriarojaverde\/?p=30356"},"modified":"2021-05-03T16:03:25","modified_gmt":"2021-05-03T14:03:25","slug":"dia-de-la-cruz-2021","status":"publish","type":"post","link":"https:\/\/www.alqueria.es\/blogs\/alqueriarojaverde\/2021\/05\/03\/dia-de-la-cruz-2021\/","title":{"rendered":"\u00a1D\u00cdA DE LA CRUZ 2021!"},"content":{"rendered":"<p><img data-recalc-dims=\"1\" decoding=\"async\" data-attachment-id=\"13888\" data-permalink=\"https:\/\/www.alqueria.es\/blogs\/alqueriarojaverde\/2017\/05\/05\/dia-de-la-cruz-3\/alicia-hisp-20170409_091209\/\" data-orig-file=\"https:\/\/i0.wp.com\/cloud.alqueria.es\/wp-content\/uploads\/sites\/8\/2017\/05\/Alicia-Hisp-20170409_091209.jpg?fit=640%2C640&amp;ssl=1\" data-orig-size=\"640,640\" data-comments-opened=\"1\" data-image-meta=\"{&quot;aperture&quot;:&quot;0&quot;,&quot;credit&quot;:&quot;&quot;,&quot;camera&quot;:&quot;&quot;,&quot;caption&quot;:&quot;&quot;,&quot;created_timestamp&quot;:&quot;0&quot;,&quot;copyright&quot;:&quot;&quot;,&quot;focal_length&quot;:&quot;0&quot;,&quot;iso&quot;:&quot;0&quot;,&quot;shutter_speed&quot;:&quot;0&quot;,&quot;title&quot;:&quot;&quot;,&quot;orientation&quot;:&quot;0&quot;}\" data-image-title=\"Alicia-Hisp-20170409_091209\" data-image-description=\"\" data-image-caption=\"\" data-large-file=\"https:\/\/i0.wp.com\/cloud.alqueria.es\/wp-content\/uploads\/sites\/8\/2017\/05\/Alicia-Hisp-20170409_091209.jpg?fit=474%2C474&amp;ssl=1\" class=\"alignleft size-medium wp-image-13888\" src=\"https:\/\/i0.wp.com\/cloud.alqueria.es\/wp-content\/uploads\/sites\/8\/2017\/05\/Alicia-Hisp-20170409_091209.jpg?resize=300%2C300&#038;ssl=1\" alt=\"\" width=\"300\" height=\"300\" srcset=\"https:\/\/cloud.alqueria.es\/wp-content\/uploads\/sites\/8\/2017\/05\/Alicia-Hisp-20170409_091209.jpg 640w, https:\/\/cloud.alqueria.es\/wp-content\/uploads\/sites\/8\/2017\/05\/Alicia-Hisp-20170409_091209.jpg 150w, https:\/\/cloud.alqueria.es\/wp-content\/uploads\/sites\/8\/2017\/05\/Alicia-Hisp-20170409_091209.jpg 300w\" sizes=\"(max-width: 300px) 100vw, 300px\" \/>Comenzamos la semana a lo grande, <em><strong><span style=\"color: #008000\">celebrando el d\u00eda de la Cruz<\/span><\/strong><\/em>, t\u00edpica tradici\u00f3n en nuestra ciudad desde mediados de los a\u00f1os 1600 aproximadamente.<\/p>\n<p>Para ello decoramos de forma minimalista, pero muy representativa, un espacio de nuestro parque en el que poder disfrutarla, preservando el protocolo de utilizaci\u00f3n vigente este curso.<\/p>\n<p>En clase hemos bailado y tocado las palmas desde bien temprano, para ir ensayando las tradicionales sevillanas y los menos atrevidos, el redoble de palmas, je.<\/p>\n<p>Hablamos, sin entrar en demasiados detalles, de algunos elementos incluidos en el montaje de la Cruz de mayo \u00a0y lo que simbolizan. Como el pero con las tijeras hincadas, la bandeja con chavicos (diminutivo de ochavo), los mantones de manila, las flores que suelen adornas la cruz (claveles y clavellinas) y las habas con saladillas.<\/p>\n<p style=\"text-align: center\"><span style=\"color: #008000\"><em><strong>\u00a1A ver qu\u00e9 os cuentan!<\/strong><\/em><\/span><\/p>\n<p>En el jard\u00edn nos hemos hecho una foto grupal, en la que parece que la pose es algo seria, ja, ja, ja \u00a1si es que son muy formales!<\/p>\n<p><img data-recalc-dims=\"1\" decoding=\"async\" data-attachment-id=\"30357\" data-permalink=\"https:\/\/www.alqueria.es\/blogs\/alqueriarojaverde\/2021\/05\/03\/dia-de-la-cruz-2021\/20210503_110603\/\" data-orig-file=\"https:\/\/i0.wp.com\/cloud.alqueria.es\/wp-content\/uploads\/sites\/8\/2021\/05\/20210503_110603.jpg?fit=1024%2C768&amp;ssl=1\" data-orig-size=\"1024,768\" data-comments-opened=\"1\" data-image-meta=\"{&quot;aperture&quot;:&quot;0&quot;,&quot;credit&quot;:&quot;&quot;,&quot;camera&quot;:&quot;&quot;,&quot;caption&quot;:&quot;&quot;,&quot;created_timestamp&quot;:&quot;0&quot;,&quot;copyright&quot;:&quot;&quot;,&quot;focal_length&quot;:&quot;0&quot;,&quot;iso&quot;:&quot;0&quot;,&quot;shutter_speed&quot;:&quot;0&quot;,&quot;title&quot;:&quot;&quot;,&quot;orientation&quot;:&quot;1&quot;}\" data-image-title=\"20210503_110603\" data-image-description=\"\" data-image-caption=\"\" data-large-file=\"https:\/\/i0.wp.com\/cloud.alqueria.es\/wp-content\/uploads\/sites\/8\/2021\/05\/20210503_110603.jpg?fit=474%2C356&amp;ssl=1\" class=\"aligncenter size-full wp-image-30357\" src=\"https:\/\/i0.wp.com\/cloud.alqueria.es\/wp-content\/uploads\/sites\/8\/2021\/05\/20210503_110603.jpg?resize=474%2C356&#038;ssl=1\" alt=\"\" width=\"474\" height=\"356\" srcset=\"https:\/\/cloud.alqueria.es\/wp-content\/uploads\/sites\/8\/2021\/05\/20210503_110603.jpg 1024w, https:\/\/cloud.alqueria.es\/wp-content\/uploads\/sites\/8\/2021\/05\/20210503_110603.jpg 300w, https:\/\/cloud.alqueria.es\/wp-content\/uploads\/sites\/8\/2021\/05\/20210503_110603.jpg 768w, https:\/\/cloud.alqueria.es\/wp-content\/uploads\/sites\/8\/2021\/05\/20210503_110603.jpg 948w\" sizes=\"(max-width: 474px) 100vw, 474px\" \/><\/p>\n<p>Una vez en el parque, con una animada m\u00fasica de fondo, disfrutamos comiendo habas y saladillas y ech\u00e1ndonos alg\u00fan que otro baile.<\/p>\n<p style=\"text-align: center\"><span style=\"color: #008000\"><strong>\u00a1Nos lo hemos pasado muy bien!<\/strong><\/span><\/p>\n<p><img data-recalc-dims=\"1\" decoding=\"async\" data-attachment-id=\"30359\" data-permalink=\"https:\/\/www.alqueria.es\/blogs\/alqueriarojaverde\/2021\/05\/03\/dia-de-la-cruz-2021\/20210503_110917\/\" data-orig-file=\"https:\/\/i0.wp.com\/cloud.alqueria.es\/wp-content\/uploads\/sites\/8\/2021\/05\/20210503_110917.jpg?fit=1024%2C768&amp;ssl=1\" data-orig-size=\"1024,768\" data-comments-opened=\"1\" data-image-meta=\"{&quot;aperture&quot;:&quot;0&quot;,&quot;credit&quot;:&quot;&quot;,&quot;camera&quot;:&quot;&quot;,&quot;caption&quot;:&quot;&quot;,&quot;created_timestamp&quot;:&quot;0&quot;,&quot;copyright&quot;:&quot;&quot;,&quot;focal_length&quot;:&quot;0&quot;,&quot;iso&quot;:&quot;0&quot;,&quot;shutter_speed&quot;:&quot;0&quot;,&quot;title&quot;:&quot;&quot;,&quot;orientation&quot;:&quot;1&quot;}\" data-image-title=\"20210503_110917\" data-image-description=\"\" data-image-caption=\"\" data-large-file=\"https:\/\/i0.wp.com\/cloud.alqueria.es\/wp-content\/uploads\/sites\/8\/2021\/05\/20210503_110917.jpg?fit=474%2C356&amp;ssl=1\" class=\"aligncenter size-full wp-image-30359\" src=\"https:\/\/i0.wp.com\/cloud.alqueria.es\/wp-content\/uploads\/sites\/8\/2021\/05\/20210503_110917.jpg?resize=474%2C356&#038;ssl=1\" alt=\"\" width=\"474\" height=\"356\" srcset=\"https:\/\/cloud.alqueria.es\/wp-content\/uploads\/sites\/8\/2021\/05\/20210503_110917.jpg 1024w, https:\/\/cloud.alqueria.es\/wp-content\/uploads\/sites\/8\/2021\/05\/20210503_110917.jpg 300w, https:\/\/cloud.alqueria.es\/wp-content\/uploads\/sites\/8\/2021\/05\/20210503_110917.jpg 768w, https:\/\/cloud.alqueria.es\/wp-content\/uploads\/sites\/8\/2021\/05\/20210503_110917.jpg 948w\" sizes=\"(max-width: 474px) 100vw, 474px\" \/><\/p>\n<p>Os dejo un peque\u00f1o montaje audiovisual de algunos momentos de la jornada, para acercaros un poquito m\u00e1s nuestras vivencias.<\/p>\n<p><div class=\"a25-CTUOC-hidding-box\" data-original-content=\"&lt;iframe loading=&quot;lazy&quot; title=&quot;D\u00eda de la Cruz 2021 (Colegio Alquer\u00eda. Granada)&quot; src=&quot;https:\/\/player.vimeo.com\/video\/544569386?dnt=1&amp;amp;app_id=122963&quot; width=&quot;474&quot; height=&quot;267&quot; frameborder=&quot;0&quot; allow=&quot;autoplay; fullscreen; picture-in-picture; clipboard-write&quot;&gt;&lt;\/iframe&gt;\">Esta p\u00e1gina incluye contenido multimedia que requiere aceptar todas las cookies. Pulse aqu\u00ed para abrir la configuraci\u00f3n de cookies.<\/div><\/p>\n<p>Saludos,<\/p>\n<p>Esther Justicia.<\/p>\n<p>&nbsp;<\/p>\n<p>&nbsp;<\/p>\n","protected":false},"excerpt":{"rendered":"<p>Comenzamos la semana a lo grande, celebrando el d\u00eda de la Cruz, t\u00edpica tradici\u00f3n en nuestra ciudad desde mediados de los a\u00f1os 1600 aproximadamente. Para ello decoramos de forma minimalista, pero muy representativa, un espacio de nuestro parque en el que poder disfrutarla, preservando el protocolo de utilizaci\u00f3n vigente este curso. En clase hemos bailado &hellip; <a href=\"https:\/\/www.alqueria.es\/blogs\/alqueriarojaverde\/2021\/05\/03\/dia-de-la-cruz-2021\/\" class=\"more-link\">Seguir leyendo <span class=\"screen-reader-text\">\u00a1D\u00cdA DE LA CRUZ 2021!<\/span> <span class=\"meta-nav\">&rarr;<\/span><\/a><\/p>\n","protected":false},"author":19,"featured_media":0,"comment_status":"open","ping_status":"open","sticky":false,"template":"","format":"standard","meta":{"jetpack_post_was_ever_published":false,"_jetpack_newsletter_access":"","_jetpack_dont_email_post_to_subs":false,"_jetpack_newsletter_tier_id":0,"_jetpack_memberships_contains_paywalled_content":false,"_jetpack_memberships_contains_paid_content":false,"footnotes":"","jetpack_publicize_message":"","jetpack_publicize_feature_enabled":true,"jetpack_social_post_already_shared":true,"jetpack_social_options":{"image_generator_settings":{"template":"highway","default_image_id":0,"font":"","enabled":false},"version":2}},"categories":[23,7,13],"tags":[1234],"class_list":["post-30356","post","type-post","status-publish","format-standard","hentry","category-actividades-especiales-y-salidas-clase-verde","category-clase-verde-5-6-anos","category-inicio","tag-dia-de-la-cruz-2021"],"jetpack_publicize_connections":[],"jetpack_featured_media_url":"","jetpack_sharing_enabled":true,"jetpack_shortlink":"https:\/\/wp.me\/p4lFbP-7TC","_links":{"self":[{"href":"https:\/\/www.alqueria.es\/blogs\/alqueriarojaverde\/wp-json\/wp\/v2\/posts\/30356","targetHints":{"allow":["GET"]}}],"collection":[{"href":"https:\/\/www.alqueria.es\/blogs\/alqueriarojaverde\/wp-json\/wp\/v2\/posts"}],"about":[{"href":"https:\/\/www.alqueria.es\/blogs\/alqueriarojaverde\/wp-json\/wp\/v2\/types\/post"}],"author":[{"embeddable":true,"href":"https:\/\/www.alqueria.es\/blogs\/alqueriarojaverde\/wp-json\/wp\/v2\/users\/19"}],"replies":[{"embeddable":true,"href":"https:\/\/www.alqueria.es\/blogs\/alqueriarojaverde\/wp-json\/wp\/v2\/comments?post=30356"}],"version-history":[{"count":2,"href":"https:\/\/www.alqueria.es\/blogs\/alqueriarojaverde\/wp-json\/wp\/v2\/posts\/30356\/revisions"}],"predecessor-version":[{"id":30360,"href":"https:\/\/www.alqueria.es\/blogs\/alqueriarojaverde\/wp-json\/wp\/v2\/posts\/30356\/revisions\/30360"}],"wp:attachment":[{"href":"https:\/\/www.alqueria.es\/blogs\/alqueriarojaverde\/wp-json\/wp\/v2\/media?parent=30356"}],"wp:term":[{"taxonomy":"category","embeddable":true,"href":"https:\/\/www.alqueria.es\/blogs\/alqueriarojaverde\/wp-json\/wp\/v2\/categories?post=30356"},{"taxonomy":"post_tag","embeddable":true,"href":"https:\/\/www.alqueria.es\/blogs\/alqueriarojaverde\/wp-json\/wp\/v2\/tags?post=30356"}],"curies":[{"name":"wp","href":"https:\/\/api.w.org\/{rel}","templated":true}]}}