{"id":30769,"date":"2021-05-24T22:37:37","date_gmt":"2021-05-24T20:37:37","guid":{"rendered":"https:\/\/www.alqueria.es\/blogs\/alqueriarojaverde\/?p=30769"},"modified":"2021-05-24T22:37:37","modified_gmt":"2021-05-24T20:37:37","slug":"viajamos-con-emma-hasta-el-espacio-actividad-de-expresion-oral","status":"publish","type":"post","link":"https:\/\/www.alqueria.es\/blogs\/alqueriarojaverde\/2021\/05\/24\/viajamos-con-emma-hasta-el-espacio-actividad-de-expresion-oral\/","title":{"rendered":"VIAJAMOS CON EMMA HASTA EL ESPACIO (ACTIVIDAD DE EXPRESI\u00d3N ORAL)"},"content":{"rendered":"<p><img data-recalc-dims=\"1\" decoding=\"async\" data-attachment-id=\"30771\" data-permalink=\"https:\/\/www.alqueria.es\/blogs\/alqueriarojaverde\/2021\/05\/24\/viajamos-con-emma-hasta-el-espacio-actividad-de-expresion-oral\/sistema-solar-conjunto-planetas-dibujos-animados-planetas-sistema-solar-sistema-solar-nombres_87946-585\/\" data-orig-file=\"https:\/\/i0.wp.com\/cloud.alqueria.es\/wp-content\/uploads\/sites\/8\/2021\/05\/sistema-solar-conjunto-planetas-dibujos-animados-planetas-sistema-solar-sistema-solar-nombres_87946-585.jpg?fit=626%2C396&amp;ssl=1\" data-orig-size=\"626,396\" data-comments-opened=\"1\" data-image-meta=\"{&quot;aperture&quot;:&quot;0&quot;,&quot;credit&quot;:&quot;&quot;,&quot;camera&quot;:&quot;&quot;,&quot;caption&quot;:&quot;&quot;,&quot;created_timestamp&quot;:&quot;0&quot;,&quot;copyright&quot;:&quot;&quot;,&quot;focal_length&quot;:&quot;0&quot;,&quot;iso&quot;:&quot;0&quot;,&quot;shutter_speed&quot;:&quot;0&quot;,&quot;title&quot;:&quot;&quot;,&quot;orientation&quot;:&quot;0&quot;}\" data-image-title=\"sistema-solar-conjunto-planetas-dibujos-animados-planetas-sistema-solar-sistema-solar-nombres_87946-585\" data-image-description=\"\" data-image-caption=\"\" data-large-file=\"https:\/\/i0.wp.com\/cloud.alqueria.es\/wp-content\/uploads\/sites\/8\/2021\/05\/sistema-solar-conjunto-planetas-dibujos-animados-planetas-sistema-solar-sistema-solar-nombres_87946-585.jpg?fit=474%2C300&amp;ssl=1\" class=\"alignleft size-medium wp-image-30771\" src=\"https:\/\/i0.wp.com\/cloud.alqueria.es\/wp-content\/uploads\/sites\/8\/2021\/05\/sistema-solar-conjunto-planetas-dibujos-animados-planetas-sistema-solar-sistema-solar-nombres_87946-585-300x190.jpg?resize=300%2C190&#038;ssl=1\" alt=\"\" width=\"300\" height=\"190\" srcset=\"https:\/\/cloud.alqueria.es\/wp-content\/uploads\/sites\/8\/2021\/05\/sistema-solar-conjunto-planetas-dibujos-animados-planetas-sistema-solar-sistema-solar-nombres_87946-585.jpg 300w, https:\/\/cloud.alqueria.es\/wp-content\/uploads\/sites\/8\/2021\/05\/sistema-solar-conjunto-planetas-dibujos-animados-planetas-sistema-solar-sistema-solar-nombres_87946-585.jpg 626w\" sizes=\"(max-width: 300px) 100vw, 300px\" \/>Seguimos con las exposiciones orales en torno a la actividad de los \u00abmini-expertos\u00bb y hoy escuchamos a nuestra compa\u00f1era <em><strong><span style=\"color: #008000\">Emma<\/span><\/strong><\/em>, que nos cuenta cositas acerca del <em><strong><span style=\"color: #008000\">espacio.<\/span><\/strong><\/em><\/p>\n<p>Como veis, la composici\u00f3n de la cartulina ha corrido casi entera de su cuenta, incluso nos ha contado porqu\u00e9 ha dividido la misma en cuatro cuadrantes distintos e igualmente la elecci\u00f3n de los colores utilizados.<\/p>\n<p>Es la m\u00e1s peque\u00f1a del grupo, pero le sobra autonom\u00eda y desparpajo para enfrentarse a esta actividad, que ha defendido en un idioma, que no es el suyo natal, con muy buena nota.<\/p>\n<p><img data-recalc-dims=\"1\" decoding=\"async\" data-attachment-id=\"30774\" data-permalink=\"https:\/\/www.alqueria.es\/blogs\/alqueriarojaverde\/2021\/05\/24\/viajamos-con-emma-hasta-el-espacio-actividad-de-expresion-oral\/dsc01439\/\" data-orig-file=\"https:\/\/i0.wp.com\/cloud.alqueria.es\/wp-content\/uploads\/sites\/8\/2021\/05\/DSC01439.jpeg?fit=1024%2C682&amp;ssl=1\" data-orig-size=\"1024,682\" data-comments-opened=\"1\" data-image-meta=\"{&quot;aperture&quot;:&quot;4&quot;,&quot;credit&quot;:&quot;&quot;,&quot;camera&quot;:&quot;ILCE-5000&quot;,&quot;caption&quot;:&quot;&quot;,&quot;created_timestamp&quot;:&quot;1621770739&quot;,&quot;copyright&quot;:&quot;&quot;,&quot;focal_length&quot;:&quot;16&quot;,&quot;iso&quot;:&quot;500&quot;,&quot;shutter_speed&quot;:&quot;0.00625&quot;,&quot;title&quot;:&quot;&quot;,&quot;orientation&quot;:&quot;1&quot;}\" data-image-title=\"DSC01439\" data-image-description=\"\" data-image-caption=\"\" data-large-file=\"https:\/\/i0.wp.com\/cloud.alqueria.es\/wp-content\/uploads\/sites\/8\/2021\/05\/DSC01439.jpeg?fit=474%2C316&amp;ssl=1\" class=\"alignright size-full wp-image-30774\" src=\"https:\/\/i0.wp.com\/cloud.alqueria.es\/wp-content\/uploads\/sites\/8\/2021\/05\/DSC01439.jpeg?resize=474%2C316&#038;ssl=1\" alt=\"\" width=\"474\" height=\"316\" srcset=\"https:\/\/cloud.alqueria.es\/wp-content\/uploads\/sites\/8\/2021\/05\/DSC01439.jpeg 1024w, https:\/\/cloud.alqueria.es\/wp-content\/uploads\/sites\/8\/2021\/05\/DSC01439.jpeg 300w, https:\/\/cloud.alqueria.es\/wp-content\/uploads\/sites\/8\/2021\/05\/DSC01439.jpeg 768w, https:\/\/cloud.alqueria.es\/wp-content\/uploads\/sites\/8\/2021\/05\/DSC01439.jpeg 948w\" sizes=\"(max-width: 474px) 100vw, 474px\" \/><\/p>\n<p>&nbsp;<\/p>\n<div>\n<p>&nbsp;<\/p>\n<p><em><b><img data-recalc-dims=\"1\" decoding=\"async\" data-attachment-id=\"30800\" data-permalink=\"https:\/\/www.alqueria.es\/blogs\/alqueriarojaverde\/2021\/05\/24\/viajamos-con-emma-hasta-el-espacio-actividad-de-expresion-oral\/20210524_093507\/\" data-orig-file=\"https:\/\/i0.wp.com\/cloud.alqueria.es\/wp-content\/uploads\/sites\/8\/2021\/05\/20210524_093507.jpg?fit=1024%2C768&amp;ssl=1\" data-orig-size=\"1024,768\" data-comments-opened=\"1\" data-image-meta=\"{&quot;aperture&quot;:&quot;0&quot;,&quot;credit&quot;:&quot;&quot;,&quot;camera&quot;:&quot;&quot;,&quot;caption&quot;:&quot;&quot;,&quot;created_timestamp&quot;:&quot;0&quot;,&quot;copyright&quot;:&quot;&quot;,&quot;focal_length&quot;:&quot;0&quot;,&quot;iso&quot;:&quot;0&quot;,&quot;shutter_speed&quot;:&quot;0&quot;,&quot;title&quot;:&quot;&quot;,&quot;orientation&quot;:&quot;1&quot;}\" data-image-title=\"20210524_093507\" data-image-description=\"\" data-image-caption=\"\" data-large-file=\"https:\/\/i0.wp.com\/cloud.alqueria.es\/wp-content\/uploads\/sites\/8\/2021\/05\/20210524_093507.jpg?fit=474%2C356&amp;ssl=1\" class=\"alignright size-medium wp-image-30800\" src=\"https:\/\/i0.wp.com\/cloud.alqueria.es\/wp-content\/uploads\/sites\/8\/2021\/05\/20210524_093507-300x225.jpg?resize=300%2C225&#038;ssl=1\" alt=\"\" width=\"300\" height=\"225\" srcset=\"https:\/\/cloud.alqueria.es\/wp-content\/uploads\/sites\/8\/2021\/05\/20210524_093507.jpg 300w, https:\/\/cloud.alqueria.es\/wp-content\/uploads\/sites\/8\/2021\/05\/20210524_093507.jpg 768w, https:\/\/cloud.alqueria.es\/wp-content\/uploads\/sites\/8\/2021\/05\/20210524_093507.jpg 1024w, https:\/\/cloud.alqueria.es\/wp-content\/uploads\/sites\/8\/2021\/05\/20210524_093507.jpg 948w\" sizes=\"(max-width: 300px) 100vw, 300px\" \/><br \/>\n<\/b><\/em><\/p>\n<p><em>\u00abHola, soy Emma y soy experta en el espacio. \u00a0<\/em><\/p>\n<p><em>Ahora os voy a contar el Sistema Solar:<\/em><\/p>\n<ul>\n<li><em>Hay ocho planetas. Antes Plut\u00f3n era un planeta, pero unas personas dijeron que era muy peque\u00f1o y ahora es una estrella.<\/em><\/li>\n<li>Los planetas dan vueltas alrededor del Sol.<\/li>\n<li><em>Se llama as\u00ed porque el Sol est\u00e1 en el centro, es amarillo con puntitos rojos y una l\u00ednea alrededor de color rojo. \u00a0Porque est\u00e1 hecho de gases muy calientes.<\/em><\/li>\n<li><em>Las constelaciones son estrellas que hay en el cielo y pueden ser blancas o amarillas. algunas tienen formas de animales.\u00a0<\/em><\/li>\n<\/ul>\n<p><em>La luna da vueltas alrededor de la Tierra y es m\u00e1s peque\u00f1a que la Tierra.<\/em><\/p>\n<\/div>\n<div><em><b>\u00a0<\/b>Humanos en espacio:<\/em><\/div>\n<div>\n<ul>\n<li><em>S\u00f3lo los astronautas pueden viajar al espacio, porque no hay gravedad, no pueden andar como aqu\u00ed y dan saltos muy grandes.<\/em><\/li>\n<li><em>Para ser astronauta hay que entrenar mucho y tienen un traje especial, con todas estas cosas (dice se\u00f1alando\u00a0distintas partes del traje).<\/em><\/li>\n<li><em>Las primeras personas que viajaron al espacio fueron a la luna.\u00bb<\/em><\/li>\n<\/ul>\n<p><em>Los extraterrestres nadie sabe si existen o no, pero yo creo que no existen.\u00bb<\/em><\/p>\n<\/div>\n<div class=\"tiled-gallery type-square tiled-gallery-unresized\" data-original-width=\"474\" data-carousel-extra='{&quot;blog_id&quot;:8,&quot;permalink&quot;:&quot;https:\\\/\\\/www.alqueria.es\\\/blogs\\\/alqueriarojaverde\\\/2021\\\/05\\\/24\\\/viajamos-con-emma-hasta-el-espacio-actividad-de-expresion-oral\\\/&quot;,&quot;likes_blog_id&quot;:64268569}' itemscope itemtype=\"http:\/\/schema.org\/ImageGallery\" > <div class=\"gallery-row\" style=\"width: 474px; height: 237px;\" data-original-width=\"474\" data-original-height=\"237\" > <div class=\"gallery-group\" style=\"width: 237px; height: 237px;\" data-original-width=\"237\" data-original-height=\"237\" > <div class=\"tiled-gallery-item \" itemprop=\"associatedMedia\" itemscope itemtype=\"http:\/\/schema.org\/ImageObject\"> <a href=\"https:\/\/www.alqueria.es\/blogs\/alqueriarojaverde\/2021\/05\/24\/viajamos-con-emma-hasta-el-espacio-actividad-de-expresion-oral\/20210524_093603\/\" border=\"0\" itemprop=\"url\"> <meta itemprop=\"width\" content=\"233\"> <meta itemprop=\"height\" content=\"233\"> <img decoding=\"async\" class=\"\" data-attachment-id=\"30801\" data-orig-file=\"https:\/\/cloud.alqueria.es\/wp-content\/uploads\/sites\/8\/2021\/05\/20210524_093603.jpg\" data-orig-size=\"1024,768\" data-comments-opened=\"1\" data-image-meta=\"{&quot;aperture&quot;:&quot;0&quot;,&quot;credit&quot;:&quot;&quot;,&quot;camera&quot;:&quot;&quot;,&quot;caption&quot;:&quot;&quot;,&quot;created_timestamp&quot;:&quot;0&quot;,&quot;copyright&quot;:&quot;&quot;,&quot;focal_length&quot;:&quot;0&quot;,&quot;iso&quot;:&quot;0&quot;,&quot;shutter_speed&quot;:&quot;0&quot;,&quot;title&quot;:&quot;&quot;,&quot;orientation&quot;:&quot;1&quot;}\" data-image-title=\"20210524_093603\" data-image-description=\"\" data-medium-file=\"https:\/\/i0.wp.com\/cloud.alqueria.es\/wp-content\/uploads\/sites\/8\/2021\/05\/20210524_093603.jpg?fit=300%2C225&#038;ssl=1\" data-large-file=\"https:\/\/i0.wp.com\/cloud.alqueria.es\/wp-content\/uploads\/sites\/8\/2021\/05\/20210524_093603.jpg?fit=474%2C356&#038;ssl=1\" src=\"https:\/\/i0.wp.com\/cloud.alqueria.es\/wp-content\/uploads\/sites\/8\/2021\/05\/20210524_093603.jpg?w=233&#038;h=233&#038;crop=1&#038;ssl=1\" srcset=\"https:\/\/cloud.alqueria.es\/wp-content\/uploads\/sites\/8\/2021\/05\/20210524_093603.jpg 150w, https:\/\/cloud.alqueria.es\/wp-content\/uploads\/sites\/8\/2021\/05\/20210524_093603.jpg 466w, https:\/\/cloud.alqueria.es\/wp-content\/uploads\/sites\/8\/2021\/05\/20210524_093603.jpg 699w\" width=\"233\" height=\"233\" loading=\"lazy\" data-original-width=\"233\" data-original-height=\"233\" itemprop=\"http:\/\/schema.org\/image\" title=\"20210524_093603\" alt=\"20210524_093603\" style=\"width: 233px; height: 233px;\" \/> <\/a> <\/div> <\/div> <div class=\"gallery-group\" style=\"width: 237px; height: 237px;\" data-original-width=\"237\" data-original-height=\"237\" > <div class=\"tiled-gallery-item \" itemprop=\"associatedMedia\" itemscope itemtype=\"http:\/\/schema.org\/ImageObject\"> <a href=\"https:\/\/www.alqueria.es\/blogs\/alqueriarojaverde\/2021\/05\/24\/viajamos-con-emma-hasta-el-espacio-actividad-de-expresion-oral\/20210524_093617\/\" border=\"0\" itemprop=\"url\"> <meta itemprop=\"width\" content=\"233\"> <meta itemprop=\"height\" content=\"233\"> <img decoding=\"async\" class=\"\" data-attachment-id=\"30802\" data-orig-file=\"https:\/\/cloud.alqueria.es\/wp-content\/uploads\/sites\/8\/2021\/05\/20210524_093617.jpg\" data-orig-size=\"1024,768\" data-comments-opened=\"1\" data-image-meta=\"{&quot;aperture&quot;:&quot;0&quot;,&quot;credit&quot;:&quot;&quot;,&quot;camera&quot;:&quot;&quot;,&quot;caption&quot;:&quot;&quot;,&quot;created_timestamp&quot;:&quot;0&quot;,&quot;copyright&quot;:&quot;&quot;,&quot;focal_length&quot;:&quot;0&quot;,&quot;iso&quot;:&quot;0&quot;,&quot;shutter_speed&quot;:&quot;0&quot;,&quot;title&quot;:&quot;&quot;,&quot;orientation&quot;:&quot;1&quot;}\" data-image-title=\"20210524_093617\" data-image-description=\"\" data-medium-file=\"https:\/\/i0.wp.com\/cloud.alqueria.es\/wp-content\/uploads\/sites\/8\/2021\/05\/20210524_093617.jpg?fit=300%2C225&#038;ssl=1\" data-large-file=\"https:\/\/i0.wp.com\/cloud.alqueria.es\/wp-content\/uploads\/sites\/8\/2021\/05\/20210524_093617.jpg?fit=474%2C356&#038;ssl=1\" src=\"https:\/\/i0.wp.com\/cloud.alqueria.es\/wp-content\/uploads\/sites\/8\/2021\/05\/20210524_093617.jpg?w=233&#038;h=233&#038;crop=1&#038;ssl=1\" srcset=\"https:\/\/cloud.alqueria.es\/wp-content\/uploads\/sites\/8\/2021\/05\/20210524_093617.jpg 150w, https:\/\/cloud.alqueria.es\/wp-content\/uploads\/sites\/8\/2021\/05\/20210524_093617.jpg 466w, https:\/\/cloud.alqueria.es\/wp-content\/uploads\/sites\/8\/2021\/05\/20210524_093617.jpg 699w\" width=\"233\" height=\"233\" loading=\"lazy\" data-original-width=\"233\" data-original-height=\"233\" itemprop=\"http:\/\/schema.org\/image\" title=\"20210524_093617\" alt=\"20210524_093617\" style=\"width: 233px; height: 233px;\" \/> <\/a> <\/div> <\/div> <\/div> <\/div>\n<p>Un sencillo contenido, pero que ha cumplido el objetivo marcado para ella en cuanto a cohesi\u00f3n en su discurso y la utilizaci\u00f3n de un mayor n\u00famero de conectores gramaticales \u00a1prueba superada!<\/p>\n<p>En el juego, la mayor\u00eda ha decidido convertirse en extraterrestres (marcianos) y han puesto la clase \u00abpatas arriba\u00bb literalmente con mesas y sillas, conformando un escenario de juego, que he decidido no mostrar porque era raro, raro&#8230; ja, ja, ja.<\/p>\n<p>Emma y Luc\u00eda en cambio han decidido viajar en un cohete espacial hasta la luna y vivir algunas aventuras espaciales. Para lo que han conformado tambi\u00e9n un espacio de juego un tanto peculiar, pero del que daban todo lujo de detalles.<\/p>\n<p>Las representaciones gr\u00e1ficas evocan distintas partes contenidas en el discurso, para cada cual la que le ha parecido m\u00e1s significativa.<\/p>\n<p class=\"jetpack-slideshow-noscript robots-nocontent\">El pase de diapositivas requiere JavaScript.<\/p><div id=\"gallery-30769-1-slideshow\" class=\"jetpack-slideshow-window jetpack-slideshow jetpack-slideshow-black\" data-trans=\"fade\" data-autostart=\"1\" data-gallery=\"[{&quot;src&quot;:&quot;https:\\\/\\\/i0.wp.com\\\/cloud.alqueria.es\\\/wp-content\\\/uploads\\\/sites\\\/8\\\/2021\\\/05\\\/20210524_133458-e1621888118148.jpg?fit=1024%2C768\\u0026ssl=1&quot;,&quot;id&quot;:&quot;30805&quot;,&quot;title&quot;:&quot;20210524_133458&quot;,&quot;alt&quot;:&quot;&quot;,&quot;caption&quot;:&quot;&quot;,&quot;itemprop&quot;:&quot;image&quot;},{&quot;src&quot;:&quot;https:\\\/\\\/i0.wp.com\\\/cloud.alqueria.es\\\/wp-content\\\/uploads\\\/sites\\\/8\\\/2021\\\/05\\\/20210524_133434-e1621888142241.jpg?fit=1024%2C768\\u0026ssl=1&quot;,&quot;id&quot;:&quot;30804&quot;,&quot;title&quot;:&quot;20210524_133434&quot;,&quot;alt&quot;:&quot;&quot;,&quot;caption&quot;:&quot;&quot;,&quot;itemprop&quot;:&quot;image&quot;},{&quot;src&quot;:&quot;https:\\\/\\\/i0.wp.com\\\/cloud.alqueria.es\\\/wp-content\\\/uploads\\\/sites\\\/8\\\/2021\\\/05\\\/20210524_133412-e1621888161490.jpg?fit=1024%2C768\\u0026ssl=1&quot;,&quot;id&quot;:&quot;30803&quot;,&quot;title&quot;:&quot;20210524_133412&quot;,&quot;alt&quot;:&quot;&quot;,&quot;caption&quot;:&quot;&quot;,&quot;itemprop&quot;:&quot;image&quot;}]\" itemscope itemtype=\"https:\/\/schema.org\/ImageGallery\"><\/div>\n<p>\u00a1Felicidades Emma por tu gran trabajo! y a su familia especialmente dado el h\u00e1ndicap del idioma.<\/p>\n<p><span style=\"color: #ff00ff\"><strong><span style=\"color: #000000\">NOTA:<\/span><\/strong> Esta tarde hab\u00e9is recibido en vuestro correo electr\u00f3nico, la informaci\u00f3n relativa para la salida a la <span style=\"color: #000000\">Granja Escuela \u00abMalpasillo\u00bb<\/span>, que realizaremos el pr\u00f3ximo viernes.<\/span><\/p>\n<p>Como comprobar\u00e9is se sugiere que lleven pantal\u00f3n largo, ya que igual montamos en caballo, burro o similar, ja, ja, ja. Como har\u00e1 calor, recomiendo que sea finito.<\/p>\n<p>Con objeto de poder llevar todo lo necesario ese d\u00eda, este jueves os entregaremos las mochilas, gorras, botellas de agua, bolsas de mascarillas, etc. como normalmente hacemos cada viernes.<\/p>\n<p>Cualquier consulta que necesit\u00e9is hacerme, no dud\u00e9is en comunic\u00e1rmela en estos d\u00edas.<\/p>\n<p>Saludos,<\/p>\n<p>Esther Justicia.<\/p>\n<p style=\"text-align: center\"><em><span style=\"color: #ff0000\">Os animo a realizar la inscripci\u00f3n para nuestras \u00abactividades de verano\u00bb preparadas para el mes de julio,\u00a0<\/span><\/em><em><span style=\"color: #ff0000\">\u00a1lo vamos a pasar en grande!<\/span><\/em><\/p>\n<p>&nbsp;<\/p>\n<p>&nbsp;<\/p>\n","protected":false},"excerpt":{"rendered":"<p>Seguimos con las exposiciones orales en torno a la actividad de los \u00abmini-expertos\u00bb y hoy escuchamos a nuestra compa\u00f1era Emma, que nos cuenta cositas acerca del espacio. Como veis, la composici\u00f3n de la cartulina ha corrido casi entera de su cuenta, incluso nos ha contado porqu\u00e9 ha dividido la misma en cuatro cuadrantes distintos e &hellip; <a href=\"https:\/\/www.alqueria.es\/blogs\/alqueriarojaverde\/2021\/05\/24\/viajamos-con-emma-hasta-el-espacio-actividad-de-expresion-oral\/\" class=\"more-link\">Seguir leyendo <span class=\"screen-reader-text\">VIAJAMOS CON EMMA HASTA EL ESPACIO (ACTIVIDAD DE EXPRESI\u00d3N ORAL)<\/span> <span class=\"meta-nav\">&rarr;<\/span><\/a><\/p>\n","protected":false},"author":19,"featured_media":0,"comment_status":"open","ping_status":"open","sticky":false,"template":"","format":"standard","meta":{"jetpack_post_was_ever_published":false,"_jetpack_newsletter_access":"","_jetpack_dont_email_post_to_subs":false,"_jetpack_newsletter_tier_id":0,"_jetpack_memberships_contains_paywalled_content":false,"_jetpack_memberships_contains_paid_content":false,"footnotes":"","jetpack_publicize_message":"","jetpack_publicize_feature_enabled":true,"jetpack_social_post_already_shared":true,"jetpack_social_options":{"image_generator_settings":{"template":"highway","default_image_id":0,"font":"","enabled":false},"version":2}},"categories":[7,11,13],"tags":[1025,686],"class_list":["post-30769","post","type-post","status-publish","format-standard","hentry","category-clase-verde-5-6-anos","category-expertosas-clase-verde","category-inicio","tag-el-sistema-solar-en-infantil","tag-oratoria-en-infantil"],"jetpack_publicize_connections":[],"jetpack_featured_media_url":"","jetpack_sharing_enabled":true,"jetpack_shortlink":"https:\/\/wp.me\/p4lFbP-80h","_links":{"self":[{"href":"https:\/\/www.alqueria.es\/blogs\/alqueriarojaverde\/wp-json\/wp\/v2\/posts\/30769","targetHints":{"allow":["GET"]}}],"collection":[{"href":"https:\/\/www.alqueria.es\/blogs\/alqueriarojaverde\/wp-json\/wp\/v2\/posts"}],"about":[{"href":"https:\/\/www.alqueria.es\/blogs\/alqueriarojaverde\/wp-json\/wp\/v2\/types\/post"}],"author":[{"embeddable":true,"href":"https:\/\/www.alqueria.es\/blogs\/alqueriarojaverde\/wp-json\/wp\/v2\/users\/19"}],"replies":[{"embeddable":true,"href":"https:\/\/www.alqueria.es\/blogs\/alqueriarojaverde\/wp-json\/wp\/v2\/comments?post=30769"}],"version-history":[{"count":3,"href":"https:\/\/www.alqueria.es\/blogs\/alqueriarojaverde\/wp-json\/wp\/v2\/posts\/30769\/revisions"}],"predecessor-version":[{"id":30806,"href":"https:\/\/www.alqueria.es\/blogs\/alqueriarojaverde\/wp-json\/wp\/v2\/posts\/30769\/revisions\/30806"}],"wp:attachment":[{"href":"https:\/\/www.alqueria.es\/blogs\/alqueriarojaverde\/wp-json\/wp\/v2\/media?parent=30769"}],"wp:term":[{"taxonomy":"category","embeddable":true,"href":"https:\/\/www.alqueria.es\/blogs\/alqueriarojaverde\/wp-json\/wp\/v2\/categories?post=30769"},{"taxonomy":"post_tag","embeddable":true,"href":"https:\/\/www.alqueria.es\/blogs\/alqueriarojaverde\/wp-json\/wp\/v2\/tags?post=30769"}],"curies":[{"name":"wp","href":"https:\/\/api.w.org\/{rel}","templated":true}]}}