{"id":31002,"date":"2021-06-14T18:40:37","date_gmt":"2021-06-14T16:40:37","guid":{"rendered":"https:\/\/www.alqueria.es\/blogs\/alqueriarojaverde\/?p=31002"},"modified":"2021-06-14T18:40:37","modified_gmt":"2021-06-14T16:40:37","slug":"andres-profesion-musico","status":"publish","type":"post","link":"https:\/\/www.alqueria.es\/blogs\/alqueriarojaverde\/2021\/06\/14\/andres-profesion-musico\/","title":{"rendered":"ANDR\u00c9S: PROFESI\u00d3N M\u00daSICO"},"content":{"rendered":"<p>Hola familias,<\/p>\n<p><strong><span style=\"color: #ff00ff\">\u00a1\u00a1Qu\u00e9 poco nos queda para finalizar el curso!!<\/span><\/strong><\/p>\n<p>Comenzamos una semana en la que las actividades protagonistas van a ser:<span style=\"color: #ff00ff\"> las profesiones, cumplea\u00f1os,\u00a0 Sesi\u00f3n de Yoga (21 de junio) y preparaci\u00f3n de la Fiesta Fin de Curso ( 22 de junio)<\/span>. La fiesta\u00a0 se va a realizar el \u00faltimo d\u00eda oficial de curso y la tem\u00e1tica va a estar relacionada con <strong><span style=\"color: #0000ff\">\u00abPERSONAJES FANT\u00c1STICOS\u00bb<\/span><\/strong>, donde tendr\u00e1 cabida cualquier personaje del mundo de la fantas\u00eda para ambientar el d\u00eda con sus disfraces. Como sab\u00e9is hace mucha calor, por lo que los disfraces deber\u00e1n ser adecuados a la temperatura que tenemos en estos momentos.<\/p>\n<p>Hoy iniciamos el lunes contando todo lo que hemos hecho en el fin de semana y compartiendo fotos de dichos momentos con los compa\u00f1eros y compa\u00f1eras.<\/p>\n<p><img data-recalc-dims=\"1\" decoding=\"async\" data-attachment-id=\"31005\" data-permalink=\"https:\/\/www.alqueria.es\/blogs\/alqueriarojaverde\/2021\/06\/14\/andres-profesion-musico\/img-20210614-wa0016\/\" data-orig-file=\"https:\/\/i0.wp.com\/cloud.alqueria.es\/wp-content\/uploads\/sites\/8\/2021\/06\/IMG-20210614-WA0016.jpg?fit=1024%2C576&amp;ssl=1\" data-orig-size=\"1024,576\" data-comments-opened=\"1\" data-image-meta=\"{&quot;aperture&quot;:&quot;0&quot;,&quot;credit&quot;:&quot;&quot;,&quot;camera&quot;:&quot;&quot;,&quot;caption&quot;:&quot;&quot;,&quot;created_timestamp&quot;:&quot;0&quot;,&quot;copyright&quot;:&quot;&quot;,&quot;focal_length&quot;:&quot;0&quot;,&quot;iso&quot;:&quot;0&quot;,&quot;shutter_speed&quot;:&quot;0&quot;,&quot;title&quot;:&quot;&quot;,&quot;orientation&quot;:&quot;0&quot;}\" data-image-title=\"IMG-20210614-WA0016\" data-image-description=\"\" data-image-caption=\"\" data-large-file=\"https:\/\/i0.wp.com\/cloud.alqueria.es\/wp-content\/uploads\/sites\/8\/2021\/06\/IMG-20210614-WA0016.jpg?fit=474%2C267&amp;ssl=1\" class=\"alignleft size-medium wp-image-31005\" src=\"https:\/\/i0.wp.com\/cloud.alqueria.es\/wp-content\/uploads\/sites\/8\/2021\/06\/IMG-20210614-WA0016-300x169.jpg?resize=300%2C169&#038;ssl=1\" alt=\"\" width=\"300\" height=\"169\" srcset=\"https:\/\/cloud.alqueria.es\/wp-content\/uploads\/sites\/8\/2021\/06\/IMG-20210614-WA0016.jpg 300w, https:\/\/cloud.alqueria.es\/wp-content\/uploads\/sites\/8\/2021\/06\/IMG-20210614-WA0016.jpg 768w, https:\/\/cloud.alqueria.es\/wp-content\/uploads\/sites\/8\/2021\/06\/IMG-20210614-WA0016.jpg 1024w, https:\/\/cloud.alqueria.es\/wp-content\/uploads\/sites\/8\/2021\/06\/IMG-20210614-WA0016.jpg 948w\" sizes=\"(max-width: 300px) 100vw, 300px\" \/>Y todos preparados, tenemos la suerte de disfrutar del v\u00eddeo que nos ha mandado <strong><span style=\"color: #ff0000\">Andr\u00e9s<\/span><\/strong> (padre de Andr\u00e9s) sobre su profesi\u00f3n de <span style=\"color: #ff0000\">M\u00fasico.\u00a0<\/span>Andr\u00e9s nos explica qu\u00e9 es la m\u00fasica, c\u00f3mo se hace y para qu\u00e9 sirve. A lo largo de la explicaci\u00f3n nos va poniendo ejemplos a trav\u00e9s de su guitarra de las melod\u00edas que nos pueden\u00a0 transmitir diferentes sentimientos y emociones, pueden acompa\u00f1arnos para dormir, bailar, recordar momentos, acompa\u00f1ando a\u00a0 las escenas de las pel\u00edculas y hasta nos ha improvisado una canci\u00f3n para los rojitos je, je, je.<\/p>\n<p>Andr\u00e9s nos cuenta <em>\u00abque su padre pertenece a un grupo que se llama <span style=\"color: #ff0000\">\u00abNi\u00f1os Mutantes\u00bb<\/span> y que hacen muchos conciertos, que su padre toca la guitarra y que \u00e9l tiene un ukelele que cuando se termine el coronavirus lo va a traer\u00bb.\u00a0<\/em><\/p>\n<p>Lo pasamos fenomenal, tenemos la suerte de que nos dediquen la canci\u00f3n de Errante desde su local de ensayo, \u00a1\u00a1QU\u00c9 SUERTUDOS SOMOS!!<\/p>\n<p class=\"jetpack-slideshow-noscript robots-nocontent\">El pase de diapositivas requiere JavaScript.<\/p><div id=\"gallery-31002-1-slideshow\" class=\"jetpack-slideshow-window jetpack-slideshow jetpack-slideshow-black\" data-trans=\"fade\" data-autostart=\"1\" data-gallery=\"[{&quot;src&quot;:&quot;https:\\\/\\\/i0.wp.com\\\/cloud.alqueria.es\\\/wp-content\\\/uploads\\\/sites\\\/8\\\/2021\\\/06\\\/IMG-20210614-WA0016.jpg?fit=1024%2C576\\u0026ssl=1&quot;,&quot;id&quot;:&quot;31005&quot;,&quot;title&quot;:&quot;IMG-20210614-WA0016&quot;,&quot;alt&quot;:&quot;&quot;,&quot;caption&quot;:&quot;&quot;,&quot;itemprop&quot;:&quot;image&quot;},{&quot;src&quot;:&quot;https:\\\/\\\/i0.wp.com\\\/cloud.alqueria.es\\\/wp-content\\\/uploads\\\/sites\\\/8\\\/2021\\\/06\\\/IMG-20210614-WA0020.jpg?fit=1024%2C576\\u0026ssl=1&quot;,&quot;id&quot;:&quot;31008&quot;,&quot;title&quot;:&quot;IMG-20210614-WA0020&quot;,&quot;alt&quot;:&quot;&quot;,&quot;caption&quot;:&quot;&quot;,&quot;itemprop&quot;:&quot;image&quot;},{&quot;src&quot;:&quot;https:\\\/\\\/i0.wp.com\\\/cloud.alqueria.es\\\/wp-content\\\/uploads\\\/sites\\\/8\\\/2021\\\/06\\\/IMG-20210614-WA0018.jpg?fit=1024%2C576\\u0026ssl=1&quot;,&quot;id&quot;:&quot;31009&quot;,&quot;title&quot;:&quot;IMG-20210614-WA0018&quot;,&quot;alt&quot;:&quot;&quot;,&quot;caption&quot;:&quot;&quot;,&quot;itemprop&quot;:&quot;image&quot;},{&quot;src&quot;:&quot;https:\\\/\\\/i0.wp.com\\\/cloud.alqueria.es\\\/wp-content\\\/uploads\\\/sites\\\/8\\\/2021\\\/06\\\/IMG-20210614-WA0015.jpg?fit=1024%2C576\\u0026ssl=1&quot;,&quot;id&quot;:&quot;31007&quot;,&quot;title&quot;:&quot;IMG-20210614-WA0015&quot;,&quot;alt&quot;:&quot;&quot;,&quot;caption&quot;:&quot;&quot;,&quot;itemprop&quot;:&quot;image&quot;},{&quot;src&quot;:&quot;https:\\\/\\\/i0.wp.com\\\/cloud.alqueria.es\\\/wp-content\\\/uploads\\\/sites\\\/8\\\/2021\\\/06\\\/IMG-20210614-WA0017.jpg?fit=1024%2C576\\u0026ssl=1&quot;,&quot;id&quot;:&quot;31006&quot;,&quot;title&quot;:&quot;IMG-20210614-WA0017&quot;,&quot;alt&quot;:&quot;&quot;,&quot;caption&quot;:&quot;&quot;,&quot;itemprop&quot;:&quot;image&quot;},{&quot;src&quot;:&quot;https:\\\/\\\/i0.wp.com\\\/cloud.alqueria.es\\\/wp-content\\\/uploads\\\/sites\\\/8\\\/2021\\\/06\\\/IMG-20210614-WA0019.jpg?fit=1024%2C576\\u0026ssl=1&quot;,&quot;id&quot;:&quot;31010&quot;,&quot;title&quot;:&quot;IMG-20210614-WA0019&quot;,&quot;alt&quot;:&quot;&quot;,&quot;caption&quot;:&quot;&quot;,&quot;itemprop&quot;:&quot;image&quot;},{&quot;src&quot;:&quot;https:\\\/\\\/i0.wp.com\\\/cloud.alqueria.es\\\/wp-content\\\/uploads\\\/sites\\\/8\\\/2021\\\/06\\\/IMG-20210614-WA0013.jpg?fit=1024%2C576\\u0026ssl=1&quot;,&quot;id&quot;:&quot;31011&quot;,&quot;title&quot;:&quot;IMG-20210614-WA0013&quot;,&quot;alt&quot;:&quot;&quot;,&quot;caption&quot;:&quot;&quot;,&quot;itemprop&quot;:&quot;image&quot;}]\" itemscope itemtype=\"https:\/\/schema.org\/ImageGallery\"><\/div>\n<p>Despu\u00e9s nosotros llevamos a cabo la propuesta de juego bailando y organizando diferentes grupos para cantar y actuar ( con algunos instrumentos improvisados).<\/p>\n<p>https:\/\/vimeo.com\/562798438<\/p>\n<p>Terminamos llevando a cabo la expresi\u00f3n gr\u00e1fica de la profesi\u00f3n, que como pod\u00e9is ver a continuaci\u00f3n, son dibujos cada vez m\u00e1s representativos de a la realidad:<\/p>\n<p class=\"jetpack-slideshow-noscript robots-nocontent\">El pase de diapositivas requiere JavaScript.<\/p><div id=\"gallery-31002-2-slideshow\" class=\"jetpack-slideshow-window jetpack-slideshow jetpack-slideshow-black\" data-trans=\"fade\" data-autostart=\"1\" data-gallery=\"[{&quot;src&quot;:&quot;https:\\\/\\\/i0.wp.com\\\/cloud.alqueria.es\\\/wp-content\\\/uploads\\\/sites\\\/8\\\/2021\\\/06\\\/IMG-20210614-WA0012.jpg?fit=1024%2C734\\u0026ssl=1&quot;,&quot;id&quot;:&quot;31014&quot;,&quot;title&quot;:&quot;IMG-20210614-WA0012&quot;,&quot;alt&quot;:&quot;&quot;,&quot;caption&quot;:&quot;&quot;,&quot;itemprop&quot;:&quot;image&quot;},{&quot;src&quot;:&quot;https:\\\/\\\/i0.wp.com\\\/cloud.alqueria.es\\\/wp-content\\\/uploads\\\/sites\\\/8\\\/2021\\\/06\\\/IMG-20210614-WA0011.jpg?fit=1024%2C701\\u0026ssl=1&quot;,&quot;id&quot;:&quot;31013&quot;,&quot;title&quot;:&quot;IMG-20210614-WA0011&quot;,&quot;alt&quot;:&quot;&quot;,&quot;caption&quot;:&quot;&quot;,&quot;itemprop&quot;:&quot;image&quot;},{&quot;src&quot;:&quot;https:\\\/\\\/i0.wp.com\\\/cloud.alqueria.es\\\/wp-content\\\/uploads\\\/sites\\\/8\\\/2021\\\/06\\\/IMG-20210614-WA0014.jpg?fit=1024%2C706\\u0026ssl=1&quot;,&quot;id&quot;:&quot;31012&quot;,&quot;title&quot;:&quot;IMG-20210614-WA0014&quot;,&quot;alt&quot;:&quot;&quot;,&quot;caption&quot;:&quot;&quot;,&quot;itemprop&quot;:&quot;image&quot;}]\" itemscope itemtype=\"https:\/\/schema.org\/ImageGallery\"><\/div>\n<p><img data-recalc-dims=\"1\" decoding=\"async\" data-attachment-id=\"31015\" data-permalink=\"https:\/\/www.alqueria.es\/blogs\/alqueriarojaverde\/2021\/06\/14\/andres-profesion-musico\/img-20210611-wa0001\/\" data-orig-file=\"https:\/\/i0.wp.com\/cloud.alqueria.es\/wp-content\/uploads\/sites\/8\/2021\/06\/IMG-20210611-WA0001.jpg?fit=768%2C1024&amp;ssl=1\" data-orig-size=\"768,1024\" data-comments-opened=\"1\" data-image-meta=\"{&quot;aperture&quot;:&quot;0&quot;,&quot;credit&quot;:&quot;&quot;,&quot;camera&quot;:&quot;&quot;,&quot;caption&quot;:&quot;&quot;,&quot;created_timestamp&quot;:&quot;0&quot;,&quot;copyright&quot;:&quot;&quot;,&quot;focal_length&quot;:&quot;0&quot;,&quot;iso&quot;:&quot;0&quot;,&quot;shutter_speed&quot;:&quot;0&quot;,&quot;title&quot;:&quot;&quot;,&quot;orientation&quot;:&quot;0&quot;}\" data-image-title=\"IMG-20210611-WA0001\" data-image-description=\"\" data-image-caption=\"\" data-large-file=\"https:\/\/i0.wp.com\/cloud.alqueria.es\/wp-content\/uploads\/sites\/8\/2021\/06\/IMG-20210611-WA0001.jpg?fit=474%2C632&amp;ssl=1\" class=\"alignleft wp-image-31015\" src=\"https:\/\/i0.wp.com\/cloud.alqueria.es\/wp-content\/uploads\/sites\/8\/2021\/06\/IMG-20210611-WA0001-225x300.jpg?resize=180%2C240&#038;ssl=1\" alt=\"\" width=\"180\" height=\"240\" srcset=\"https:\/\/cloud.alqueria.es\/wp-content\/uploads\/sites\/8\/2021\/06\/IMG-20210611-WA0001.jpg 225w, https:\/\/cloud.alqueria.es\/wp-content\/uploads\/sites\/8\/2021\/06\/IMG-20210611-WA0001.jpg 768w\" sizes=\"(max-width: 180px) 100vw, 180px\" \/>Acabamos el curso con la celebraci\u00f3n de los \u00faltimos cumplea\u00f1os, el viernes tuvimos la fiesta de Paula y ma\u00f1ana\u00a0 la de Naia y as\u00ed terminamos con los d\u00edas de significaci\u00f3n especial de la Clase Roja.<\/p>\n<p>Buena semana para todos.<\/p>\n<p>Carmen<\/p>\n<p>&nbsp;<\/p>\n<p>&nbsp;<\/p>\n","protected":false},"excerpt":{"rendered":"<p>Hola familias, \u00a1\u00a1Qu\u00e9 poco nos queda para finalizar el curso!! Comenzamos una semana en la que las actividades protagonistas van a ser: las profesiones, cumplea\u00f1os,\u00a0 Sesi\u00f3n de Yoga (21 de junio) y preparaci\u00f3n de la Fiesta Fin de Curso ( 22 de junio). La fiesta\u00a0 se va a realizar el \u00faltimo d\u00eda oficial de curso &hellip; <a href=\"https:\/\/www.alqueria.es\/blogs\/alqueriarojaverde\/2021\/06\/14\/andres-profesion-musico\/\" class=\"more-link\">Seguir leyendo <span class=\"screen-reader-text\">ANDR\u00c9S: PROFESI\u00d3N M\u00daSICO<\/span> <span class=\"meta-nav\">&rarr;<\/span><\/a><\/p>\n","protected":false},"author":19,"featured_media":0,"comment_status":"open","ping_status":"open","sticky":false,"template":"","format":"standard","meta":{"jetpack_post_was_ever_published":false,"_jetpack_newsletter_access":"","_jetpack_dont_email_post_to_subs":false,"_jetpack_newsletter_tier_id":0,"_jetpack_memberships_contains_paywalled_content":false,"_jetpack_memberships_contains_paid_content":false,"footnotes":"","jetpack_publicize_message":"","jetpack_publicize_feature_enabled":true,"jetpack_social_post_already_shared":true,"jetpack_social_options":{"image_generator_settings":{"template":"highway","default_image_id":0,"font":"","enabled":false},"version":2}},"categories":[6,16],"tags":[619,114],"class_list":["post-31002","post","type-post","status-publish","format-standard","hentry","category-clase-roja-4-5-anos","category-profesiones-clase-roja","tag-colaboracion-familias","tag-las-profesiones"],"jetpack_publicize_connections":[],"jetpack_featured_media_url":"","jetpack_sharing_enabled":true,"jetpack_shortlink":"https:\/\/wp.me\/p4lFbP-842","_links":{"self":[{"href":"https:\/\/www.alqueria.es\/blogs\/alqueriarojaverde\/wp-json\/wp\/v2\/posts\/31002","targetHints":{"allow":["GET"]}}],"collection":[{"href":"https:\/\/www.alqueria.es\/blogs\/alqueriarojaverde\/wp-json\/wp\/v2\/posts"}],"about":[{"href":"https:\/\/www.alqueria.es\/blogs\/alqueriarojaverde\/wp-json\/wp\/v2\/types\/post"}],"author":[{"embeddable":true,"href":"https:\/\/www.alqueria.es\/blogs\/alqueriarojaverde\/wp-json\/wp\/v2\/users\/19"}],"replies":[{"embeddable":true,"href":"https:\/\/www.alqueria.es\/blogs\/alqueriarojaverde\/wp-json\/wp\/v2\/comments?post=31002"}],"version-history":[{"count":3,"href":"https:\/\/www.alqueria.es\/blogs\/alqueriarojaverde\/wp-json\/wp\/v2\/posts\/31002\/revisions"}],"predecessor-version":[{"id":31016,"href":"https:\/\/www.alqueria.es\/blogs\/alqueriarojaverde\/wp-json\/wp\/v2\/posts\/31002\/revisions\/31016"}],"wp:attachment":[{"href":"https:\/\/www.alqueria.es\/blogs\/alqueriarojaverde\/wp-json\/wp\/v2\/media?parent=31002"}],"wp:term":[{"taxonomy":"category","embeddable":true,"href":"https:\/\/www.alqueria.es\/blogs\/alqueriarojaverde\/wp-json\/wp\/v2\/categories?post=31002"},{"taxonomy":"post_tag","embeddable":true,"href":"https:\/\/www.alqueria.es\/blogs\/alqueriarojaverde\/wp-json\/wp\/v2\/tags?post=31002"}],"curies":[{"name":"wp","href":"https:\/\/api.w.org\/{rel}","templated":true}]}}