{"id":3121,"date":"2013-04-22T16:34:30","date_gmt":"2013-04-22T14:34:30","guid":{"rendered":"http:\/\/alqueriarojaverde.wordpress.com\/?p=3121"},"modified":"2014-02-24T11:51:13","modified_gmt":"2014-02-24T11:51:13","slug":"semana-de-la-lectura","status":"publish","type":"post","link":"https:\/\/www.alqueria.es\/blogs\/alqueriarojaverde\/2013\/04\/22\/semana-de-la-lectura\/","title":{"rendered":"SEMANA DE LA LECTURA"},"content":{"rendered":"<p><span style=\"text-decoration:underline;color:#0000ff\">LUNES 22 DE ABRIL DE 2013<\/span><\/p>\n<p><span style=\"color:#ff6600\">Con la proyecci\u00f3n de esta preciosa pel\u00edcula de animaci\u00f3n, que refleja la amistad, los derechos de los ni\u00f1os y el valor, inauguramos de forma oficial nuestra Semana de la Lectura.<\/span><\/p>\n<blockquote><p><a href=\"https:\/\/i0.wp.com\/cloud.alqueria.es\/wp-content\/uploads\/sites\/8\/2013\/04\/azur-y-asmar11.jpg?ssl=1\"><img data-recalc-dims=\"1\" decoding=\"async\" data-attachment-id=\"3122\" data-permalink=\"https:\/\/www.alqueria.es\/blogs\/alqueriarojaverde\/azur-y-asmar1\/\" data-orig-file=\"https:\/\/i0.wp.com\/www.alqueria.es\/blogs\/alqueriarojaverde\/wp-content\/uploads\/sites\/8\/2013\/04\/azur-y-asmar1.jpg?fit=190%2C266&amp;ssl=1\" data-orig-size=\"190,266\" data-comments-opened=\"1\" data-image-meta=\"{&quot;aperture&quot;:&quot;0&quot;,&quot;credit&quot;:&quot;&quot;,&quot;camera&quot;:&quot;&quot;,&quot;caption&quot;:&quot;&quot;,&quot;created_timestamp&quot;:&quot;0&quot;,&quot;copyright&quot;:&quot;&quot;,&quot;focal_length&quot;:&quot;0&quot;,&quot;iso&quot;:&quot;0&quot;,&quot;shutter_speed&quot;:&quot;0&quot;,&quot;title&quot;:&quot;&quot;}\" data-image-title=\"azur y asmar1\" data-image-description=\"\" data-image-caption=\"\" data-large-file=\"https:\/\/i0.wp.com\/www.alqueria.es\/blogs\/alqueriarojaverde\/wp-content\/uploads\/sites\/8\/2013\/04\/azur-y-asmar1.jpg?fit=190%2C266&amp;ssl=1\" class=\"alignleft size-full wp-image-3122\" alt=\"azur y asmar1\" src=\"https:\/\/i0.wp.com\/cloud.alqueria.es\/wp-content\/uploads\/sites\/8\/2013\/04\/azur-y-asmar11.jpg?resize=190%2C266&#038;ssl=1\" width=\"190\" height=\"266\" \/><\/a><\/p>\n<p><strong><em>\u00abHab\u00eda una vez dos ni\u00f1os que fueron criados por la misma mujer: Azur, de rubios cabellos y azulados ojos, era el hijo de un noble; mientras que Asmar, moreno y de ojos negros, era el propio hijo de la nodriza. <\/em><\/strong><\/p>\n<p><strong><em>Los dos crecieron juntos como si fueran hermanos hasta que el destino los separ\u00f3 de un modo brutal. <\/em><\/strong><\/p>\n<p><strong><em>Azur, espoleado por los cuentos que la nodriza le contaba sobre la legendaria Hada de los Djins, no descansar\u00e1 hasta encontrarla. <\/em><\/strong><\/p>\n<p><strong><em>Adultos ambos y ahora convertidos en rivales, aquellos que fueran como hermanos de sangre se embarcar\u00e1n en pos del Hada y a la b\u00fasqueda de m\u00e1gicas tierras, llenas de riesgos y prodigios.\u00bb<\/em><\/strong><\/p>\n<p><span style=\"color:#800080\">Otra actividad llevada a cabo en esta jornada, ha sido la exposici\u00f3n de cuentos en diversos idiomas, a cargo de las familias del centro y un alumno del grupo Rojo (4-5 a\u00f1os). El lugar elegido ha sido la clase amarilla, ya que la lluvia no nos ha permitido disfrutar de nuestro jard\u00edn. Todos los grupos de 2 a 6 a\u00f1os, hemos disfrutado juntos. A continuaci\u00f3n os dejamos los t\u00edtulos de las narraciones que hemos tenido el placer de escuchar.<\/span><\/p>\n<div class=\"tiled-gallery type-rectangular tiled-gallery-unresized\" data-original-width=\"474\" data-carousel-extra='{&quot;blog_id&quot;:8,&quot;permalink&quot;:&quot;https:\\\/\\\/www.alqueria.es\\\/blogs\\\/alqueriarojaverde\\\/2013\\\/04\\\/22\\\/semana-de-la-lectura\\\/&quot;,&quot;likes_blog_id&quot;:64268569}' itemscope itemtype=\"http:\/\/schema.org\/ImageGallery\" > <div class=\"gallery-row\" style=\"width: 474px; height: 113px;\" data-original-width=\"474\" data-original-height=\"113\" > <div class=\"gallery-group images-1\" style=\"width: 111px; height: 113px;\" data-original-width=\"111\" data-original-height=\"113\" > <div class=\"tiled-gallery-item tiled-gallery-item-small\" itemprop=\"associatedMedia\" itemscope itemtype=\"http:\/\/schema.org\/ImageObject\"> <a href=\"https:\/\/www.alqueria.es\/blogs\/alqueriarojaverde\/hansel-y-gretel-holandes\/\" border=\"0\" itemprop=\"url\"> <meta itemprop=\"width\" content=\"107\"> <meta itemprop=\"height\" content=\"109\"> <img decoding=\"async\" class=\"\" data-attachment-id=\"3126\" data-orig-file=\"https:\/\/www.alqueria.es\/blogs\/alqueriarojaverde\/wp-content\/uploads\/sites\/8\/2013\/04\/hansel-y-gretel-holandecc81s.jpg\" data-orig-size=\"222,227\" data-comments-opened=\"1\" data-image-meta=\"{&quot;aperture&quot;:&quot;0&quot;,&quot;credit&quot;:&quot;&quot;,&quot;camera&quot;:&quot;&quot;,&quot;caption&quot;:&quot;&quot;,&quot;created_timestamp&quot;:&quot;0&quot;,&quot;copyright&quot;:&quot;&quot;,&quot;focal_length&quot;:&quot;0&quot;,&quot;iso&quot;:&quot;0&quot;,&quot;shutter_speed&quot;:&quot;0&quot;,&quot;title&quot;:&quot;&quot;}\" data-image-title=\"hansel y gretel holande\u0301s\" data-image-description=\"\" data-medium-file=\"https:\/\/i0.wp.com\/www.alqueria.es\/blogs\/alqueriarojaverde\/wp-content\/uploads\/sites\/8\/2013\/04\/hansel-y-gretel-holandecc81s.jpg?fit=222%2C227&#038;ssl=1\" data-large-file=\"https:\/\/i0.wp.com\/www.alqueria.es\/blogs\/alqueriarojaverde\/wp-content\/uploads\/sites\/8\/2013\/04\/hansel-y-gretel-holandecc81s.jpg?fit=222%2C227&#038;ssl=1\" src=\"https:\/\/i0.wp.com\/www.alqueria.es\/blogs\/alqueriarojaverde\/wp-content\/uploads\/sites\/8\/2013\/04\/hansel-y-gretel-holandecc81s.jpg?w=107&#038;h=109&#038;ssl=1\" width=\"107\" height=\"109\" loading=\"lazy\" data-original-width=\"107\" data-original-height=\"109\" itemprop=\"http:\/\/schema.org\/image\" title=\"hansel y gretel holande\u0301s\" alt=\"hansel y gretel holande\u0301s\" style=\"width: 107px; height: 109px;\" \/> <\/a> <\/div> <\/div> <!-- close group --> <div class=\"gallery-group images-1\" style=\"width: 92px; height: 113px;\" data-original-width=\"92\" data-original-height=\"113\" > <div class=\"tiled-gallery-item tiled-gallery-item-small\" itemprop=\"associatedMedia\" itemscope itemtype=\"http:\/\/schema.org\/ImageObject\"> <a href=\"https:\/\/www.alqueria.es\/blogs\/alqueriarojaverde\/harold-and-the-ingles\/\" border=\"0\" itemprop=\"url\"> <meta itemprop=\"width\" content=\"88\"> <meta itemprop=\"height\" content=\"109\"> <img decoding=\"async\" class=\"\" data-attachment-id=\"3127\" data-orig-file=\"https:\/\/www.alqueria.es\/blogs\/alqueriarojaverde\/wp-content\/uploads\/sites\/8\/2013\/04\/harold-and-the-inglecc81s.jpg\" data-orig-size=\"201,250\" data-comments-opened=\"1\" data-image-meta=\"{&quot;aperture&quot;:&quot;0&quot;,&quot;credit&quot;:&quot;&quot;,&quot;camera&quot;:&quot;&quot;,&quot;caption&quot;:&quot;&quot;,&quot;created_timestamp&quot;:&quot;0&quot;,&quot;copyright&quot;:&quot;&quot;,&quot;focal_length&quot;:&quot;0&quot;,&quot;iso&quot;:&quot;0&quot;,&quot;shutter_speed&quot;:&quot;0&quot;,&quot;title&quot;:&quot;&quot;}\" data-image-title=\"harold and the ingle\u0301s\" data-image-description=\"\" data-medium-file=\"https:\/\/i0.wp.com\/www.alqueria.es\/blogs\/alqueriarojaverde\/wp-content\/uploads\/sites\/8\/2013\/04\/harold-and-the-inglecc81s.jpg?fit=201%2C250&#038;ssl=1\" data-large-file=\"https:\/\/i0.wp.com\/www.alqueria.es\/blogs\/alqueriarojaverde\/wp-content\/uploads\/sites\/8\/2013\/04\/harold-and-the-inglecc81s.jpg?fit=201%2C250&#038;ssl=1\" src=\"https:\/\/i0.wp.com\/www.alqueria.es\/blogs\/alqueriarojaverde\/wp-content\/uploads\/sites\/8\/2013\/04\/harold-and-the-inglecc81s.jpg?w=88&#038;h=109&#038;ssl=1\" width=\"88\" height=\"109\" loading=\"lazy\" data-original-width=\"88\" data-original-height=\"109\" itemprop=\"http:\/\/schema.org\/image\" title=\"harold and the ingle\u0301s\" alt=\"harold and the ingle\u0301s\" style=\"width: 88px; height: 109px;\" \/> <\/a> <\/div> <\/div> <!-- close group --> <div class=\"gallery-group images-1\" style=\"width: 159px; height: 113px;\" data-original-width=\"159\" data-original-height=\"113\" > <div class=\"tiled-gallery-item tiled-gallery-item-small\" itemprop=\"associatedMedia\" itemscope itemtype=\"http:\/\/schema.org\/ImageObject\"> <a href=\"https:\/\/www.alqueria.es\/blogs\/alqueriarojaverde\/el-topo-euskera\/\" border=\"0\" itemprop=\"url\"> <meta itemprop=\"width\" content=\"155\"> <meta itemprop=\"height\" content=\"109\"> <img decoding=\"async\" class=\"\" data-attachment-id=\"3124\" data-orig-file=\"https:\/\/www.alqueria.es\/blogs\/alqueriarojaverde\/wp-content\/uploads\/sites\/8\/2013\/04\/el-topo-euskera.jpg\" data-orig-size=\"268,188\" data-comments-opened=\"1\" data-image-meta=\"{&quot;aperture&quot;:&quot;0&quot;,&quot;credit&quot;:&quot;&quot;,&quot;camera&quot;:&quot;&quot;,&quot;caption&quot;:&quot;&quot;,&quot;created_timestamp&quot;:&quot;0&quot;,&quot;copyright&quot;:&quot;&quot;,&quot;focal_length&quot;:&quot;0&quot;,&quot;iso&quot;:&quot;0&quot;,&quot;shutter_speed&quot;:&quot;0&quot;,&quot;title&quot;:&quot;&quot;}\" data-image-title=\"el topo &amp;#8230; euskera\" data-image-description=\"\" data-medium-file=\"https:\/\/i0.wp.com\/www.alqueria.es\/blogs\/alqueriarojaverde\/wp-content\/uploads\/sites\/8\/2013\/04\/el-topo-euskera.jpg?fit=268%2C188&#038;ssl=1\" data-large-file=\"https:\/\/i0.wp.com\/www.alqueria.es\/blogs\/alqueriarojaverde\/wp-content\/uploads\/sites\/8\/2013\/04\/el-topo-euskera.jpg?fit=268%2C188&#038;ssl=1\" src=\"https:\/\/i0.wp.com\/www.alqueria.es\/blogs\/alqueriarojaverde\/wp-content\/uploads\/sites\/8\/2013\/04\/el-topo-euskera.jpg?w=155&#038;h=109&#038;ssl=1\" width=\"155\" height=\"109\" loading=\"lazy\" data-original-width=\"155\" data-original-height=\"109\" itemprop=\"http:\/\/schema.org\/image\" title=\"el topo ... euskera\" alt=\"el topo ... euskera\" style=\"width: 155px; height: 109px;\" \/> <\/a> <\/div> <\/div> <!-- close group --> <div class=\"gallery-group images-1\" style=\"width: 112px; height: 113px;\" data-original-width=\"112\" data-original-height=\"113\" > <div class=\"tiled-gallery-item tiled-gallery-item-small\" itemprop=\"associatedMedia\" itemscope itemtype=\"http:\/\/schema.org\/ImageObject\"> <a href=\"https:\/\/www.alqueria.es\/blogs\/alqueriarojaverde\/el-gato-con-botas-valenciano\/\" border=\"0\" itemprop=\"url\"> <meta itemprop=\"width\" content=\"108\"> <meta itemprop=\"height\" content=\"109\"> <img decoding=\"async\" class=\"\" data-attachment-id=\"3187\" data-orig-file=\"https:\/\/www.alqueria.es\/blogs\/alqueriarojaverde\/wp-content\/uploads\/sites\/8\/2013\/04\/el-gato-con-botas-valenciano.jpg\" data-orig-size=\"224,225\" data-comments-opened=\"1\" data-image-meta=\"{&quot;aperture&quot;:&quot;0&quot;,&quot;credit&quot;:&quot;&quot;,&quot;camera&quot;:&quot;&quot;,&quot;caption&quot;:&quot;&quot;,&quot;created_timestamp&quot;:&quot;0&quot;,&quot;copyright&quot;:&quot;&quot;,&quot;focal_length&quot;:&quot;0&quot;,&quot;iso&quot;:&quot;0&quot;,&quot;shutter_speed&quot;:&quot;0&quot;,&quot;title&quot;:&quot;&quot;}\" data-image-title=\"el gato con botas valenciano\" data-image-description=\"\" data-medium-file=\"https:\/\/i0.wp.com\/www.alqueria.es\/blogs\/alqueriarojaverde\/wp-content\/uploads\/sites\/8\/2013\/04\/el-gato-con-botas-valenciano.jpg?fit=224%2C225&#038;ssl=1\" data-large-file=\"https:\/\/i0.wp.com\/www.alqueria.es\/blogs\/alqueriarojaverde\/wp-content\/uploads\/sites\/8\/2013\/04\/el-gato-con-botas-valenciano.jpg?fit=224%2C225&#038;ssl=1\" src=\"https:\/\/i0.wp.com\/www.alqueria.es\/blogs\/alqueriarojaverde\/wp-content\/uploads\/sites\/8\/2013\/04\/el-gato-con-botas-valenciano.jpg?w=108&#038;h=109&#038;ssl=1\" srcset=\"https:\/\/i0.wp.com\/www.alqueria.es\/blogs\/alqueriarojaverde\/wp-content\/uploads\/sites\/8\/2013\/04\/el-gato-con-botas-valenciano.jpg?w=224&amp;ssl=1 224w, https:\/\/i0.wp.com\/www.alqueria.es\/blogs\/alqueriarojaverde\/wp-content\/uploads\/sites\/8\/2013\/04\/el-gato-con-botas-valenciano.jpg?resize=150%2C150&amp;ssl=1 150w\" width=\"108\" height=\"109\" loading=\"lazy\" data-original-width=\"108\" data-original-height=\"109\" itemprop=\"http:\/\/schema.org\/image\" title=\"el gato con botas valenciano\" alt=\"el gato con botas valenciano\" style=\"width: 108px; height: 109px;\" \/> <\/a> <\/div> <\/div> <!-- close group --> <\/div> <!-- close row --> <\/div>\n<p><span style=\"color:#00ff00\">Como culminaci\u00f3n de este d\u00eda y haciendo honor a la tradici\u00f3n cultural y popular, disfrutamos en nuestra tarde cooperativa de la Leyenda de San Jorge y el drag\u00f3n, mientras degustamos una rica merienda especial (batidos y tortas de chocolate). En esta ocasi\u00f3n contamos con el apoyo visual de unas l\u00e1minas que ilustran la historia de una forma muy simple.<\/span><\/p>\n<p><a href=\"https:\/\/i0.wp.com\/cloud.alqueria.es\/wp-content\/uploads\/sites\/8\/2013\/04\/sant-jordi1.jpg?ssl=1\"><img data-recalc-dims=\"1\" decoding=\"async\" data-attachment-id=\"3129\" data-permalink=\"https:\/\/www.alqueria.es\/blogs\/alqueriarojaverde\/sant-jordi-2\/\" data-orig-file=\"https:\/\/i0.wp.com\/www.alqueria.es\/blogs\/alqueriarojaverde\/wp-content\/uploads\/sites\/8\/2013\/04\/sant-jordi.jpg?fit=400%2C463&amp;ssl=1\" data-orig-size=\"400,463\" data-comments-opened=\"1\" data-image-meta=\"{&quot;aperture&quot;:&quot;0&quot;,&quot;credit&quot;:&quot;&quot;,&quot;camera&quot;:&quot;&quot;,&quot;caption&quot;:&quot;&quot;,&quot;created_timestamp&quot;:&quot;0&quot;,&quot;copyright&quot;:&quot;&quot;,&quot;focal_length&quot;:&quot;0&quot;,&quot;iso&quot;:&quot;0&quot;,&quot;shutter_speed&quot;:&quot;0&quot;,&quot;title&quot;:&quot;&quot;}\" data-image-title=\"sant-jordi\" data-image-description=\"\" data-image-caption=\"\" data-large-file=\"https:\/\/i0.wp.com\/www.alqueria.es\/blogs\/alqueriarojaverde\/wp-content\/uploads\/sites\/8\/2013\/04\/sant-jordi.jpg?fit=400%2C463&amp;ssl=1\" class=\"aligncenter size-full wp-image-3129\" alt=\"sant-jordi\" src=\"https:\/\/i0.wp.com\/cloud.alqueria.es\/wp-content\/uploads\/sites\/8\/2013\/04\/sant-jordi1.jpg?resize=400%2C463&#038;ssl=1\" width=\"400\" height=\"463\" \/><\/a><\/p>\n<p>&nbsp;<\/p>\n<p>Rosario y Esther<\/p><\/blockquote>\n","protected":false},"excerpt":{"rendered":"<p>LUNES 22 DE ABRIL DE 2013 Con la proyecci\u00f3n de esta preciosa pel\u00edcula de animaci\u00f3n, que refleja la amistad, los derechos de los ni\u00f1os y el valor, inauguramos de forma oficial nuestra Semana de la Lectura. \u00abHab\u00eda una vez dos ni\u00f1os que fueron criados por la misma mujer: Azur, de rubios cabellos y azulados ojos, &hellip; <a href=\"https:\/\/www.alqueria.es\/blogs\/alqueriarojaverde\/2013\/04\/22\/semana-de-la-lectura\/\" class=\"more-link\">Seguir leyendo <span class=\"screen-reader-text\">SEMANA DE LA LECTURA<\/span> <span class=\"meta-nav\">&rarr;<\/span><\/a><\/p>\n","protected":false},"author":19,"featured_media":0,"comment_status":"open","ping_status":"open","sticky":false,"template":"","format":"standard","meta":{"jetpack_post_was_ever_published":false,"_jetpack_newsletter_access":"","_jetpack_dont_email_post_to_subs":false,"_jetpack_newsletter_tier_id":0,"_jetpack_memberships_contains_paywalled_content":false,"_jetpack_memberships_contains_paid_content":false,"footnotes":"","jetpack_publicize_message":"","jetpack_publicize_feature_enabled":true,"jetpack_social_post_already_shared":false,"jetpack_social_options":{"image_generator_settings":{"template":"highway","default_image_id":0,"font":"","enabled":false},"version":2}},"categories":[22,23,6,7,13],"tags":[],"class_list":["post-3121","post","type-post","status-publish","format-standard","hentry","category-actividades-especiales-y-salidas-clase-roja","category-actividades-especiales-y-salidas-clase-verde","category-clase-roja-4-5-anos","category-clase-verde-5-6-anos","category-inicio"],"jetpack_publicize_connections":[],"jetpack_featured_media_url":"","jetpack_sharing_enabled":true,"jetpack_shortlink":"https:\/\/wp.me\/p4lFbP-Ol","_links":{"self":[{"href":"https:\/\/www.alqueria.es\/blogs\/alqueriarojaverde\/wp-json\/wp\/v2\/posts\/3121","targetHints":{"allow":["GET"]}}],"collection":[{"href":"https:\/\/www.alqueria.es\/blogs\/alqueriarojaverde\/wp-json\/wp\/v2\/posts"}],"about":[{"href":"https:\/\/www.alqueria.es\/blogs\/alqueriarojaverde\/wp-json\/wp\/v2\/types\/post"}],"author":[{"embeddable":true,"href":"https:\/\/www.alqueria.es\/blogs\/alqueriarojaverde\/wp-json\/wp\/v2\/users\/19"}],"replies":[{"embeddable":true,"href":"https:\/\/www.alqueria.es\/blogs\/alqueriarojaverde\/wp-json\/wp\/v2\/comments?post=3121"}],"version-history":[{"count":0,"href":"https:\/\/www.alqueria.es\/blogs\/alqueriarojaverde\/wp-json\/wp\/v2\/posts\/3121\/revisions"}],"wp:attachment":[{"href":"https:\/\/www.alqueria.es\/blogs\/alqueriarojaverde\/wp-json\/wp\/v2\/media?parent=3121"}],"wp:term":[{"taxonomy":"category","embeddable":true,"href":"https:\/\/www.alqueria.es\/blogs\/alqueriarojaverde\/wp-json\/wp\/v2\/categories?post=3121"},{"taxonomy":"post_tag","embeddable":true,"href":"https:\/\/www.alqueria.es\/blogs\/alqueriarojaverde\/wp-json\/wp\/v2\/tags?post=3121"}],"curies":[{"name":"wp","href":"https:\/\/api.w.org\/{rel}","templated":true}]}}