{"id":3132,"date":"2013-04-23T11:57:51","date_gmt":"2013-04-23T09:57:51","guid":{"rendered":"http:\/\/alqueriarojaverde.wordpress.com\/?p=3132"},"modified":"2014-02-24T11:51:13","modified_gmt":"2014-02-24T11:51:13","slug":"semana-de-la-lectura-2","status":"publish","type":"post","link":"https:\/\/www.alqueria.es\/blogs\/alqueriarojaverde\/2013\/04\/23\/semana-de-la-lectura-2\/","title":{"rendered":"SEMANA DE LA LECTURA"},"content":{"rendered":"<p><span style=\"text-decoration:underline\"><span style=\"color:#0000ff;text-decoration:underline\">MARTES 23 DE ABRIL DE 2013<\/span><\/span><\/p>\n<p>Dos actividades estrella en la jornada de hoy:<\/p>\n<p><em><span style=\"color:#ff0000\">1. Cuentos multimedia-interactivos, que nos hacen so\u00f1ar y trasladarnos al mundo de la fantas\u00eda a trav\u00e9s de un soporte digital, diferente al tradicionalmente utilizado en las aulas. <\/span><\/em><\/p>\n<p><a href=\"http:\/\/alqueriarojaverde.files.wordpress.com\/2013\/04\/por-cuatro-esquinitas-de-nada.jpg\"><img data-recalc-dims=\"1\" decoding=\"async\" data-attachment-id=\"3128\" data-permalink=\"https:\/\/www.alqueria.es\/blogs\/alqueriarojaverde\/por-cuatro-esquinitas-de-nada\/\" data-orig-file=\"https:\/\/i0.wp.com\/www.alqueria.es\/blogs\/alqueriarojaverde\/wp-content\/uploads\/sites\/8\/2013\/04\/por-cuatro-esquinitas-de-nada.jpg?fit=224%2C225&amp;ssl=1\" data-orig-size=\"224,225\" data-comments-opened=\"1\" data-image-meta=\"{&quot;aperture&quot;:&quot;0&quot;,&quot;credit&quot;:&quot;&quot;,&quot;camera&quot;:&quot;&quot;,&quot;caption&quot;:&quot;&quot;,&quot;created_timestamp&quot;:&quot;0&quot;,&quot;copyright&quot;:&quot;&quot;,&quot;focal_length&quot;:&quot;0&quot;,&quot;iso&quot;:&quot;0&quot;,&quot;shutter_speed&quot;:&quot;0&quot;,&quot;title&quot;:&quot;&quot;}\" data-image-title=\"por cuatro esquinitas de nada\" data-image-description=\"\" data-image-caption=\"\" data-large-file=\"https:\/\/i0.wp.com\/www.alqueria.es\/blogs\/alqueriarojaverde\/wp-content\/uploads\/sites\/8\/2013\/04\/por-cuatro-esquinitas-de-nada.jpg?fit=224%2C225&amp;ssl=1\" class=\"alignleft size-thumbnail wp-image-3128\" alt=\"por cuatro esquinitas de nada\" src=\"https:\/\/i0.wp.com\/cloud.alqueria.es\/wp-content\/uploads\/sites\/8\/2013\/04\/por-cuatro-esquinitas-de-nada1.jpg?resize=150%2C150&#038;ssl=1\" width=\"150\" height=\"150\" \/><\/a><span style=\"color:#00ccff\"><em>POR CUATRO ESQUINITAS DE NADA<\/em> <\/span><\/p>\n<p>Un precioso cuento acerca de la amistad, la diferencia y la exclusi\u00f3n.<\/p>\n<p><em>\u00abCuadradito quiere jugar en casa de sus amigos Redonditos, pero no pasa por la puerta porque&#8230; \u00a1La puerta es redonda como sus amigos!&#8230; \u00bfQu\u00e9 podemos hacer?&#8230;\u00bb<\/em><\/p>\n<p><em><span style=\"color:#00ccff\">EL TREN DE LOS SUE\u00d1OS:<\/span> \u00abCada noche, Leo refunfu\u00f1a cuando llega la hora de irse a la cama porque dice que se aburre un mont\u00f3n. Un buen d\u00eda, su abuelo decide contarle un gran secreto: cuando era ni\u00f1o como \u00e9l viaj\u00f3 hasta lejanas tierras en un tren m\u00e1gico. Pero ese tren solo paraba bajo su ventana cuando se dorm\u00eda profundamente \u00a1Porque al maquinista le encantaba despertar a la gente con su silbato!<a href=\"http:\/\/alqueriarojaverde.files.wordpress.com\/2013\/04\/el-tren-de-los-suencc83os1.jpg\"><img data-recalc-dims=\"1\" decoding=\"async\" data-attachment-id=\"3192\" data-permalink=\"https:\/\/www.alqueria.es\/blogs\/alqueriarojaverde\/el-tren-de-los-suen%cc%83os-2\/\" data-orig-file=\"https:\/\/i0.wp.com\/www.alqueria.es\/blogs\/alqueriarojaverde\/wp-content\/uploads\/sites\/8\/2013\/04\/el-tren-de-los-suencc83os1.jpg?fit=208%2C208&amp;ssl=1\" data-orig-size=\"208,208\" data-comments-opened=\"1\" data-image-meta=\"{&quot;aperture&quot;:&quot;0&quot;,&quot;credit&quot;:&quot;&quot;,&quot;camera&quot;:&quot;&quot;,&quot;caption&quot;:&quot;&quot;,&quot;created_timestamp&quot;:&quot;0&quot;,&quot;copyright&quot;:&quot;&quot;,&quot;focal_length&quot;:&quot;0&quot;,&quot;iso&quot;:&quot;0&quot;,&quot;shutter_speed&quot;:&quot;0&quot;,&quot;title&quot;:&quot;&quot;}\" data-image-title=\"el tren de los suen\u0303os\" data-image-description=\"\" data-image-caption=\"\" data-large-file=\"https:\/\/i0.wp.com\/www.alqueria.es\/blogs\/alqueriarojaverde\/wp-content\/uploads\/sites\/8\/2013\/04\/el-tren-de-los-suencc83os1.jpg?fit=208%2C208&amp;ssl=1\" class=\"alignright size-thumbnail wp-image-3192\" alt=\"el tren de los suen\u0303os\" src=\"https:\/\/i0.wp.com\/cloud.alqueria.es\/wp-content\/uploads\/sites\/8\/2013\/04\/el-tren-de-los-suencc83os11.jpg?resize=150%2C150&#038;ssl=1\" width=\"150\" height=\"150\" \/><\/a><\/em><\/p>\n<p><em>Visitar un volc\u00e1n de chocolate, conocer a un mago experto en fuegos artificiales o dar un paseo por las estrellas, son algunas de las aventuras que podr\u00e1s vivir a bordo de este misteriosos tren. \u00a1Dulces sue\u00f1os!\u00bb<\/em><\/p>\n<p><a href=\"http:\/\/alqueriarojaverde.files.wordpress.com\/2013\/04\/el-domador-miedoso.jpg\"><img data-recalc-dims=\"1\" decoding=\"async\" data-attachment-id=\"3193\" data-permalink=\"https:\/\/www.alqueria.es\/blogs\/alqueriarojaverde\/el-domador-miedoso\/\" data-orig-file=\"https:\/\/i0.wp.com\/www.alqueria.es\/blogs\/alqueriarojaverde\/wp-content\/uploads\/sites\/8\/2013\/04\/el-domador-miedoso.jpg?fit=259%2C195&amp;ssl=1\" data-orig-size=\"259,195\" data-comments-opened=\"1\" data-image-meta=\"{&quot;aperture&quot;:&quot;0&quot;,&quot;credit&quot;:&quot;&quot;,&quot;camera&quot;:&quot;&quot;,&quot;caption&quot;:&quot;&quot;,&quot;created_timestamp&quot;:&quot;0&quot;,&quot;copyright&quot;:&quot;&quot;,&quot;focal_length&quot;:&quot;0&quot;,&quot;iso&quot;:&quot;0&quot;,&quot;shutter_speed&quot;:&quot;0&quot;,&quot;title&quot;:&quot;&quot;}\" data-image-title=\"el domador miedoso\" data-image-description=\"\" data-image-caption=\"\" data-large-file=\"https:\/\/i0.wp.com\/www.alqueria.es\/blogs\/alqueriarojaverde\/wp-content\/uploads\/sites\/8\/2013\/04\/el-domador-miedoso.jpg?fit=259%2C195&amp;ssl=1\" class=\"alignleft size-thumbnail wp-image-3193\" alt=\"el domador miedoso\" src=\"https:\/\/i0.wp.com\/cloud.alqueria.es\/wp-content\/uploads\/sites\/8\/2013\/04\/el-domador-miedoso1.jpg?resize=150%2C112&#038;ssl=1\" width=\"150\" height=\"112\" \/><\/a><em><span style=\"color:#00ccff\">EL DOMADOR MIEDOSO<\/span><\/em><\/p>\n<p><em>\u00abIvo era un domador de leones: vest\u00eda unos pantalones azules de rayas blancas, una levita roja con botones dorados, y llevaba largos bigotes negros. Pero Ivo no era un domador como los dem\u00e1s porque\u2026 \u00a1le daban miedo los leones!\u00bb .<\/em><\/p>\n<p><a href=\"http:\/\/alqueriarojaverde.files.wordpress.com\/2013\/04\/la-pirata-agustina.jpg\"><img data-recalc-dims=\"1\" decoding=\"async\" data-attachment-id=\"3194\" data-permalink=\"https:\/\/www.alqueria.es\/blogs\/alqueriarojaverde\/la-pirata-agustina\/\" data-orig-file=\"https:\/\/i0.wp.com\/www.alqueria.es\/blogs\/alqueriarojaverde\/wp-content\/uploads\/sites\/8\/2013\/04\/la-pirata-agustina.jpg?fit=259%2C195&amp;ssl=1\" data-orig-size=\"259,195\" data-comments-opened=\"1\" data-image-meta=\"{&quot;aperture&quot;:&quot;0&quot;,&quot;credit&quot;:&quot;&quot;,&quot;camera&quot;:&quot;&quot;,&quot;caption&quot;:&quot;&quot;,&quot;created_timestamp&quot;:&quot;0&quot;,&quot;copyright&quot;:&quot;&quot;,&quot;focal_length&quot;:&quot;0&quot;,&quot;iso&quot;:&quot;0&quot;,&quot;shutter_speed&quot;:&quot;0&quot;,&quot;title&quot;:&quot;&quot;}\" data-image-title=\"la pirata agustina\" data-image-description=\"\" data-image-caption=\"\" data-large-file=\"https:\/\/i0.wp.com\/www.alqueria.es\/blogs\/alqueriarojaverde\/wp-content\/uploads\/sites\/8\/2013\/04\/la-pirata-agustina.jpg?fit=259%2C195&amp;ssl=1\" class=\"alignright size-thumbnail wp-image-3194\" alt=\"la pirata agustina\" src=\"https:\/\/i0.wp.com\/cloud.alqueria.es\/wp-content\/uploads\/sites\/8\/2013\/04\/la-pirata-agustina1.jpg?resize=150%2C112&#038;ssl=1\" width=\"150\" height=\"112\" \/><\/a><\/p>\n<p><span style=\"color:#00ccff\"><em>LA PIRATA AGUSTINA<\/em><\/span><\/p>\n<p><em>\u00abAgustina so\u00f1aba cada noche con encontrar el Tesoro de las Monedas Cuadradas, un tesoro escondido en alg\u00fan lugar del mundo. Una ma\u00f1ana, la pirata cogi\u00f3 su catalejo y, junto a su monita Pepa, se dispuso a buscar el Tesoro por los rincones de Puerto Tuerto&#8230;\u00bb <\/em><\/p>\n<p><span style=\"color:#00ff00\">2. Cuento musical\u00a0 y con marionetas: <em><span style=\"color:#00ccff\">\u00abEL SASTRECILLO VALIENTE\u00bb<\/span><\/em>. Un cuento tradicional que sigue haciendo las delicias de los m\u00e1s peque\u00f1os y que hemos tenido el placer de disfrutar con un bonito acompa\u00f1amiento musical.<br \/>\n<\/span><\/p>\n<p><a href=\"https:\/\/i0.wp.com\/cloud.alqueria.es\/wp-content\/uploads\/sites\/8\/2013\/04\/el-sastrecillo-valiente1.jpg?ssl=1\"><img data-recalc-dims=\"1\" decoding=\"async\" data-attachment-id=\"3123\" data-permalink=\"https:\/\/www.alqueria.es\/blogs\/alqueriarojaverde\/el-sastrecillo-valiente\/\" data-orig-file=\"https:\/\/i0.wp.com\/www.alqueria.es\/blogs\/alqueriarojaverde\/wp-content\/uploads\/sites\/8\/2013\/04\/el-sastrecillo-valiente.jpg?fit=268%2C188&amp;ssl=1\" data-orig-size=\"268,188\" data-comments-opened=\"1\" data-image-meta=\"{&quot;aperture&quot;:&quot;0&quot;,&quot;credit&quot;:&quot;&quot;,&quot;camera&quot;:&quot;&quot;,&quot;caption&quot;:&quot;&quot;,&quot;created_timestamp&quot;:&quot;0&quot;,&quot;copyright&quot;:&quot;&quot;,&quot;focal_length&quot;:&quot;0&quot;,&quot;iso&quot;:&quot;0&quot;,&quot;shutter_speed&quot;:&quot;0&quot;,&quot;title&quot;:&quot;&quot;}\" data-image-title=\"el sastrecillo valiente\" data-image-description=\"\" data-image-caption=\"\" data-large-file=\"https:\/\/i0.wp.com\/www.alqueria.es\/blogs\/alqueriarojaverde\/wp-content\/uploads\/sites\/8\/2013\/04\/el-sastrecillo-valiente.jpg?fit=268%2C188&amp;ssl=1\" class=\" wp-image-3123 alignleft\" alt=\"el sastrecillo valiente\" src=\"https:\/\/i0.wp.com\/cloud.alqueria.es\/wp-content\/uploads\/sites\/8\/2013\/04\/el-sastrecillo-valiente1.jpg?resize=214%2C150&#038;ssl=1\" width=\"214\" height=\"150\" \/><\/a><\/p>\n<p><em>\u00abEsta historia nos demuestra que no siempre la fuerza bruta es la mejor soluci\u00f3n. El ingenio, la habilidad y la imaginaci\u00f3n son armas mucho m\u00e1s poderosas para enfrentarse a cualquier dificultad y mucho m\u00e1s a un gigante\u00bb.<\/em><\/p>\n<p style=\"text-align:right\">Rosario y Esther<\/p>\n<p style=\"text-align:left\"><span style=\"color:#ff9900\">P.D.: Los rojitos pueden llevar hoy a casa los marca-p\u00e1ginas que confeccionamos para celebrar el d\u00eda del libro.<\/span><\/p>\n<div class=\"tiled-gallery type-circle tiled-gallery-unresized\" data-original-width=\"474\" data-carousel-extra='{&quot;blog_id&quot;:8,&quot;permalink&quot;:&quot;https:\\\/\\\/www.alqueria.es\\\/blogs\\\/alqueriarojaverde\\\/2013\\\/04\\\/23\\\/semana-de-la-lectura-2\\\/&quot;,&quot;likes_blog_id&quot;:64268569}' itemscope itemtype=\"http:\/\/schema.org\/ImageGallery\" > <div class=\"gallery-row\" style=\"width: 474px; height: 474px;\" data-original-width=\"474\" data-original-height=\"474\" > <div class=\"gallery-group\" style=\"width: 474px; height: 474px;\" data-original-width=\"474\" data-original-height=\"474\" > <div class=\"tiled-gallery-item \" itemprop=\"associatedMedia\" itemscope itemtype=\"http:\/\/schema.org\/ImageObject\"> <a href=\"https:\/\/www.alqueria.es\/blogs\/alqueriarojaverde\/dsc_0510\/\" border=\"0\" itemprop=\"url\"> <meta itemprop=\"width\" content=\"470\"> <meta itemprop=\"height\" content=\"470\"> <img decoding=\"async\" class=\"\" data-attachment-id=\"3199\" data-orig-file=\"https:\/\/www.alqueria.es\/blogs\/alqueriarojaverde\/wp-content\/uploads\/sites\/8\/2013\/04\/dsc_0510.jpg\" data-orig-size=\"1024,768\" data-comments-opened=\"1\" data-image-meta=\"{&quot;aperture&quot;:&quot;0&quot;,&quot;credit&quot;:&quot;&quot;,&quot;camera&quot;:&quot;&quot;,&quot;caption&quot;:&quot;&quot;,&quot;created_timestamp&quot;:&quot;0&quot;,&quot;copyright&quot;:&quot;&quot;,&quot;focal_length&quot;:&quot;0&quot;,&quot;iso&quot;:&quot;0&quot;,&quot;shutter_speed&quot;:&quot;0&quot;,&quot;title&quot;:&quot;&quot;}\" data-image-title=\"DSC_0510\" data-image-description=\"\" data-medium-file=\"https:\/\/i0.wp.com\/www.alqueria.es\/blogs\/alqueriarojaverde\/wp-content\/uploads\/sites\/8\/2013\/04\/dsc_0510.jpg?fit=300%2C225&#038;ssl=1\" data-large-file=\"https:\/\/i0.wp.com\/www.alqueria.es\/blogs\/alqueriarojaverde\/wp-content\/uploads\/sites\/8\/2013\/04\/dsc_0510.jpg?fit=474%2C356&#038;ssl=1\" src=\"https:\/\/i0.wp.com\/www.alqueria.es\/blogs\/alqueriarojaverde\/wp-content\/uploads\/sites\/8\/2013\/04\/dsc_0510.jpg?w=470&#038;h=470&#038;crop=1&#038;ssl=1\" srcset=\"https:\/\/i0.wp.com\/www.alqueria.es\/blogs\/alqueriarojaverde\/wp-content\/uploads\/sites\/8\/2013\/04\/dsc_0510.jpg?resize=150%2C150&amp;ssl=1 150w, https:\/\/i0.wp.com\/www.alqueria.es\/blogs\/alqueriarojaverde\/wp-content\/uploads\/sites\/8\/2013\/04\/dsc_0510.jpg?zoom=2&amp;resize=470%2C470&amp;ssl=1 940w\" width=\"470\" height=\"470\" loading=\"lazy\" data-original-width=\"470\" data-original-height=\"470\" itemprop=\"http:\/\/schema.org\/image\" title=\"DSC_0510\" alt=\"DSC_0510\" style=\"width: 470px; height: 470px;\" \/> <\/a> <\/div> <\/div> <\/div> <\/div>\n","protected":false},"excerpt":{"rendered":"<p>MARTES 23 DE ABRIL DE 2013 Dos actividades estrella en la jornada de hoy: 1. Cuentos multimedia-interactivos, que nos hacen so\u00f1ar y trasladarnos al mundo de la fantas\u00eda a trav\u00e9s de un soporte digital, diferente al tradicionalmente utilizado en las aulas. POR CUATRO ESQUINITAS DE NADA Un precioso cuento acerca de la amistad, la diferencia &hellip; <a href=\"https:\/\/www.alqueria.es\/blogs\/alqueriarojaverde\/2013\/04\/23\/semana-de-la-lectura-2\/\" class=\"more-link\">Seguir leyendo <span class=\"screen-reader-text\">SEMANA DE LA LECTURA<\/span> <span class=\"meta-nav\">&rarr;<\/span><\/a><\/p>\n","protected":false},"author":19,"featured_media":0,"comment_status":"open","ping_status":"open","sticky":false,"template":"","format":"standard","meta":{"jetpack_post_was_ever_published":false,"_jetpack_newsletter_access":"","_jetpack_dont_email_post_to_subs":false,"_jetpack_newsletter_tier_id":0,"_jetpack_memberships_contains_paywalled_content":false,"_jetpack_memberships_contains_paid_content":false,"footnotes":"","jetpack_publicize_message":"","jetpack_publicize_feature_enabled":true,"jetpack_social_post_already_shared":false,"jetpack_social_options":{"image_generator_settings":{"template":"highway","default_image_id":0,"font":"","enabled":false},"version":2}},"categories":[22,23,6,7,13],"tags":[],"class_list":["post-3132","post","type-post","status-publish","format-standard","hentry","category-actividades-especiales-y-salidas-clase-roja","category-actividades-especiales-y-salidas-clase-verde","category-clase-roja-4-5-anos","category-clase-verde-5-6-anos","category-inicio"],"jetpack_publicize_connections":[],"jetpack_featured_media_url":"","jetpack_sharing_enabled":true,"jetpack_shortlink":"https:\/\/wp.me\/p4lFbP-Ow","_links":{"self":[{"href":"https:\/\/www.alqueria.es\/blogs\/alqueriarojaverde\/wp-json\/wp\/v2\/posts\/3132","targetHints":{"allow":["GET"]}}],"collection":[{"href":"https:\/\/www.alqueria.es\/blogs\/alqueriarojaverde\/wp-json\/wp\/v2\/posts"}],"about":[{"href":"https:\/\/www.alqueria.es\/blogs\/alqueriarojaverde\/wp-json\/wp\/v2\/types\/post"}],"author":[{"embeddable":true,"href":"https:\/\/www.alqueria.es\/blogs\/alqueriarojaverde\/wp-json\/wp\/v2\/users\/19"}],"replies":[{"embeddable":true,"href":"https:\/\/www.alqueria.es\/blogs\/alqueriarojaverde\/wp-json\/wp\/v2\/comments?post=3132"}],"version-history":[{"count":0,"href":"https:\/\/www.alqueria.es\/blogs\/alqueriarojaverde\/wp-json\/wp\/v2\/posts\/3132\/revisions"}],"wp:attachment":[{"href":"https:\/\/www.alqueria.es\/blogs\/alqueriarojaverde\/wp-json\/wp\/v2\/media?parent=3132"}],"wp:term":[{"taxonomy":"category","embeddable":true,"href":"https:\/\/www.alqueria.es\/blogs\/alqueriarojaverde\/wp-json\/wp\/v2\/categories?post=3132"},{"taxonomy":"post_tag","embeddable":true,"href":"https:\/\/www.alqueria.es\/blogs\/alqueriarojaverde\/wp-json\/wp\/v2\/tags?post=3132"}],"curies":[{"name":"wp","href":"https:\/\/api.w.org\/{rel}","templated":true}]}}