{"id":3134,"date":"2013-04-24T09:46:55","date_gmt":"2013-04-24T07:46:55","guid":{"rendered":"http:\/\/alqueriarojaverde.wordpress.com\/?p=3134"},"modified":"2013-04-24T09:46:55","modified_gmt":"2013-04-24T07:46:55","slug":"semana-de-la-lectura-3","status":"publish","type":"post","link":"https:\/\/www.alqueria.es\/blogs\/alqueriarojaverde\/2013\/04\/24\/semana-de-la-lectura-3\/","title":{"rendered":"SEMANA DE LA LECTURA"},"content":{"rendered":"<p><span style=\"text-decoration:underline\"><span style=\"color:#0000ff;text-decoration:underline\">MIERCOLES 24 DE ABRIL DE 2013<\/span><\/span><\/p>\n<p><span style=\"color:#00ff00\"><span style=\"color:#800080\">Seguimos conociendo, y a la vez poniendo en pr\u00e1ctica, otras formas diferentes de disfrutar de un cuento. En esta ocasi\u00f3n trabajamos el cuento motor<\/span> <em><span style=\"color:#00ffff\">\u00abUN D\u00cdA EN EL GRAN CIRCO DE ZAGAL\u00bb<\/span><\/em><\/span><\/p>\n<p><span style=\"color:#800080\">Lo realizamos en sesiones individuales, por clase, de manera que las diferentes habilidades se adapten a la edad concreta con la que trabajamos. Nos divertimos de lo lindo haciendo equilibrios, malabares, lanzamientos, desplazamientos y todo ello acompa\u00f1ado de un mont\u00f3n de risas. Aqu\u00ed os dejamos un documento que ilustra una sintes\u00eds de la actividad y que nos ha facilitado el autor de la misma.<\/span><\/p>\n<div class=\"a25-CTUOC-hidding-box\" data-original-content=\"&lt;iframe title=&quot;El gran Circo Zagal&quot; src=&quot;https:\/\/www.slideshare.net\/slideshow\/embed_code\/key\/EWt1aa3qWP5ZHv&quot; width=&quot;427&quot; height=&quot;356&quot; frameborder=&quot;0&quot; marginwidth=&quot;0&quot; marginheight=&quot;0&quot; scrolling=&quot;no&quot; style=&quot;border:1px solid #CCC; border-width:1px; margin-bottom:5px; max-width: 100%;&quot; allowfullscreen&gt; &lt;\/iframe&gt;\">Esta p\u00e1gina incluye contenido multimedia que requiere aceptar todas las cookies. Pulse aqu\u00ed para abrir la configuraci\u00f3n de cookies.<\/div>\n<div style=\"margin-bottom:5px\"> <strong> <a href=\"https:\/\/es.slideshare.net\/slideshow\/el-gran-circo-zagal\/19935791\" title=\"El gran Circo Zagal\" target=\"_blank\">El gran Circo Zagal<\/a> <\/strong> from <strong><a href=\"https:\/\/www.slideshare.net\/estherjus\" target=\"_blank\">Ciclo 3-6 a\u00f1os Colegio Alquer\u00eda<\/a><\/strong> <\/div>\n<p><span style=\"color:#ffcc00\">Tenemos el gusto y placer de escuchar diversos cuentos de la mano de <span style=\"text-decoration:underline\">Rosa Prada de Federica<\/span>, una cuenta-cuentos que ha emocionado y embaucado a los m\u00e1s peque\u00f1os con sus historias. Desde aqu\u00ed, le queremos dar las gracias en nuestro nombre y en el del centro por esta colaboraci\u00f3n tan especial, tambi\u00e9n a la familia Rubiales Toro, por facilitarnos esta colaboraci\u00f3n.<br \/>\n<\/span><\/p>\n<div class=\"tiled-gallery type-rectangular tiled-gallery-unresized\" data-original-width=\"474\" data-carousel-extra='{&quot;blog_id&quot;:8,&quot;permalink&quot;:&quot;https:\\\/\\\/www.alqueria.es\\\/blogs\\\/alqueriarojaverde\\\/2013\\\/04\\\/24\\\/semana-de-la-lectura-3\\\/&quot;,&quot;likes_blog_id&quot;:64268569}' itemscope itemtype=\"http:\/\/schema.org\/ImageGallery\" > <div class=\"gallery-row\" style=\"width: 474px; height: 228px;\" data-original-width=\"474\" data-original-height=\"228\" > <div class=\"gallery-group images-1\" style=\"width: 172px; height: 228px;\" data-original-width=\"172\" data-original-height=\"228\" > <div class=\"tiled-gallery-item tiled-gallery-item-small\" itemprop=\"associatedMedia\" itemscope itemtype=\"http:\/\/schema.org\/ImageObject\"> <a href=\"https:\/\/www.alqueria.es\/blogs\/alqueriarojaverde\/cimg2677\/\" border=\"0\" itemprop=\"url\"> <meta itemprop=\"width\" content=\"168\"> <meta itemprop=\"height\" content=\"224\"> <img decoding=\"async\" class=\"\" data-attachment-id=\"3206\" data-orig-file=\"https:\/\/www.alqueria.es\/blogs\/alqueriarojaverde\/wp-content\/uploads\/sites\/8\/2013\/04\/cimg2677-e1366812424384.jpg\" data-orig-size=\"768,1024\" data-comments-opened=\"1\" data-image-meta=\"{&quot;aperture&quot;:&quot;0&quot;,&quot;credit&quot;:&quot;&quot;,&quot;camera&quot;:&quot;&quot;,&quot;caption&quot;:&quot;&quot;,&quot;created_timestamp&quot;:&quot;0&quot;,&quot;copyright&quot;:&quot;&quot;,&quot;focal_length&quot;:&quot;0&quot;,&quot;iso&quot;:&quot;0&quot;,&quot;shutter_speed&quot;:&quot;0&quot;,&quot;title&quot;:&quot;&quot;}\" data-image-title=\"CIMG2677\" data-image-description=\"\" data-medium-file=\"https:\/\/i0.wp.com\/www.alqueria.es\/blogs\/alqueriarojaverde\/wp-content\/uploads\/sites\/8\/2013\/04\/cimg2677-e1366812424384.jpg?fit=225%2C300&#038;ssl=1\" data-large-file=\"https:\/\/i0.wp.com\/www.alqueria.es\/blogs\/alqueriarojaverde\/wp-content\/uploads\/sites\/8\/2013\/04\/cimg2677-e1366812424384.jpg?fit=474%2C632&#038;ssl=1\" src=\"https:\/\/i0.wp.com\/www.alqueria.es\/blogs\/alqueriarojaverde\/wp-content\/uploads\/sites\/8\/2013\/04\/cimg2677-e1366812424384.jpg?w=168&#038;h=224&#038;ssl=1\" srcset=\"https:\/\/i0.wp.com\/www.alqueria.es\/blogs\/alqueriarojaverde\/wp-content\/uploads\/sites\/8\/2013\/04\/cimg2677-e1366812424384.jpg?w=768&amp;ssl=1 768w, https:\/\/i0.wp.com\/www.alqueria.es\/blogs\/alqueriarojaverde\/wp-content\/uploads\/sites\/8\/2013\/04\/cimg2677-e1366812424384.jpg?resize=225%2C300&amp;ssl=1 225w\" width=\"168\" height=\"224\" loading=\"lazy\" data-original-width=\"168\" data-original-height=\"224\" itemprop=\"http:\/\/schema.org\/image\" title=\"CIMG2677\" alt=\"CIMG2677\" style=\"width: 168px; height: 224px;\" \/> <\/a> <\/div> <\/div> <!-- close group --> <div class=\"gallery-group images-1\" style=\"width: 302px; height: 228px;\" data-original-width=\"302\" data-original-height=\"228\" > <div class=\"tiled-gallery-item tiled-gallery-item-large\" itemprop=\"associatedMedia\" itemscope itemtype=\"http:\/\/schema.org\/ImageObject\"> <a href=\"https:\/\/www.alqueria.es\/blogs\/alqueriarojaverde\/cimg2681\/\" border=\"0\" itemprop=\"url\"> <meta itemprop=\"width\" content=\"298\"> <meta itemprop=\"height\" content=\"224\"> <img decoding=\"async\" class=\"\" data-attachment-id=\"3207\" data-orig-file=\"https:\/\/www.alqueria.es\/blogs\/alqueriarojaverde\/wp-content\/uploads\/sites\/8\/2013\/04\/cimg2681.jpg\" data-orig-size=\"1024,768\" data-comments-opened=\"1\" data-image-meta=\"{&quot;aperture&quot;:&quot;0&quot;,&quot;credit&quot;:&quot;&quot;,&quot;camera&quot;:&quot;&quot;,&quot;caption&quot;:&quot;&quot;,&quot;created_timestamp&quot;:&quot;0&quot;,&quot;copyright&quot;:&quot;&quot;,&quot;focal_length&quot;:&quot;0&quot;,&quot;iso&quot;:&quot;0&quot;,&quot;shutter_speed&quot;:&quot;0&quot;,&quot;title&quot;:&quot;&quot;}\" data-image-title=\"CIMG2681\" data-image-description=\"\" data-medium-file=\"https:\/\/i0.wp.com\/www.alqueria.es\/blogs\/alqueriarojaverde\/wp-content\/uploads\/sites\/8\/2013\/04\/cimg2681.jpg?fit=300%2C225&#038;ssl=1\" data-large-file=\"https:\/\/i0.wp.com\/www.alqueria.es\/blogs\/alqueriarojaverde\/wp-content\/uploads\/sites\/8\/2013\/04\/cimg2681.jpg?fit=474%2C356&#038;ssl=1\" src=\"https:\/\/i0.wp.com\/www.alqueria.es\/blogs\/alqueriarojaverde\/wp-content\/uploads\/sites\/8\/2013\/04\/cimg2681.jpg?w=298&#038;h=224&#038;ssl=1\" srcset=\"https:\/\/i0.wp.com\/www.alqueria.es\/blogs\/alqueriarojaverde\/wp-content\/uploads\/sites\/8\/2013\/04\/cimg2681.jpg?w=1024&amp;ssl=1 1024w, https:\/\/i0.wp.com\/www.alqueria.es\/blogs\/alqueriarojaverde\/wp-content\/uploads\/sites\/8\/2013\/04\/cimg2681.jpg?resize=300%2C225&amp;ssl=1 300w, https:\/\/i0.wp.com\/www.alqueria.es\/blogs\/alqueriarojaverde\/wp-content\/uploads\/sites\/8\/2013\/04\/cimg2681.jpg?w=948&amp;ssl=1 948w\" width=\"298\" height=\"224\" loading=\"lazy\" data-original-width=\"298\" data-original-height=\"224\" itemprop=\"http:\/\/schema.org\/image\" title=\"CIMG2681\" alt=\"CIMG2681\" style=\"width: 298px; height: 224px;\" \/> <\/a> <\/div> <\/div> <!-- close group --> <\/div> <!-- close row --> <\/div>\n<p>Rosario y Esther<\/p>\n<p><span style=\"color:#00ff00\">P.D: El grupo Verde ultima sus <\/span><span style=\"color:#00ff00\">MARCAP\u00c1GINAS, que hoy pueden llevar a casa. <\/span><\/p>\n<div class=\"tiled-gallery type-circle tiled-gallery-unresized\" data-original-width=\"474\" data-carousel-extra='{&quot;blog_id&quot;:8,&quot;permalink&quot;:&quot;https:\\\/\\\/www.alqueria.es\\\/blogs\\\/alqueriarojaverde\\\/2013\\\/04\\\/24\\\/semana-de-la-lectura-3\\\/&quot;,&quot;likes_blog_id&quot;:64268569}' itemscope itemtype=\"http:\/\/schema.org\/ImageGallery\" > <div class=\"gallery-row\" style=\"width: 474px; height: 474px;\" data-original-width=\"474\" data-original-height=\"474\" > <div class=\"gallery-group\" style=\"width: 474px; height: 474px;\" data-original-width=\"474\" data-original-height=\"474\" > <div class=\"tiled-gallery-item \" itemprop=\"associatedMedia\" itemscope itemtype=\"http:\/\/schema.org\/ImageObject\"> <a href=\"https:\/\/www.alqueria.es\/blogs\/alqueriarojaverde\/cimg2689\/\" border=\"0\" itemprop=\"url\"> <meta itemprop=\"width\" content=\"470\"> <meta itemprop=\"height\" content=\"470\"> <img decoding=\"async\" class=\"\" data-attachment-id=\"3208\" data-orig-file=\"https:\/\/www.alqueria.es\/blogs\/alqueriarojaverde\/wp-content\/uploads\/sites\/8\/2013\/04\/cimg2689.jpg\" data-orig-size=\"1024,768\" data-comments-opened=\"1\" data-image-meta=\"{&quot;aperture&quot;:&quot;0&quot;,&quot;credit&quot;:&quot;&quot;,&quot;camera&quot;:&quot;&quot;,&quot;caption&quot;:&quot;&quot;,&quot;created_timestamp&quot;:&quot;0&quot;,&quot;copyright&quot;:&quot;&quot;,&quot;focal_length&quot;:&quot;0&quot;,&quot;iso&quot;:&quot;0&quot;,&quot;shutter_speed&quot;:&quot;0&quot;,&quot;title&quot;:&quot;&quot;}\" data-image-title=\"CIMG2689\" data-image-description=\"\" data-medium-file=\"https:\/\/i0.wp.com\/www.alqueria.es\/blogs\/alqueriarojaverde\/wp-content\/uploads\/sites\/8\/2013\/04\/cimg2689.jpg?fit=300%2C225&#038;ssl=1\" data-large-file=\"https:\/\/i0.wp.com\/www.alqueria.es\/blogs\/alqueriarojaverde\/wp-content\/uploads\/sites\/8\/2013\/04\/cimg2689.jpg?fit=474%2C356&#038;ssl=1\" src=\"https:\/\/i0.wp.com\/www.alqueria.es\/blogs\/alqueriarojaverde\/wp-content\/uploads\/sites\/8\/2013\/04\/cimg2689.jpg?w=470&#038;h=470&#038;crop=1&#038;ssl=1\" srcset=\"https:\/\/i0.wp.com\/www.alqueria.es\/blogs\/alqueriarojaverde\/wp-content\/uploads\/sites\/8\/2013\/04\/cimg2689.jpg?resize=150%2C150&amp;ssl=1 150w, https:\/\/i0.wp.com\/www.alqueria.es\/blogs\/alqueriarojaverde\/wp-content\/uploads\/sites\/8\/2013\/04\/cimg2689.jpg?zoom=2&amp;resize=470%2C470&amp;ssl=1 940w\" width=\"470\" height=\"470\" loading=\"lazy\" data-original-width=\"470\" data-original-height=\"470\" itemprop=\"http:\/\/schema.org\/image\" title=\"CIMG2689\" alt=\"CIMG2689\" style=\"width: 470px; height: 470px;\" \/> <\/a> <\/div> <\/div> <\/div> <\/div>\n","protected":false},"excerpt":{"rendered":"<p>MIERCOLES 24 DE ABRIL DE 2013 Seguimos conociendo, y a la vez poniendo en pr\u00e1ctica, otras formas diferentes de disfrutar de un cuento. En esta ocasi\u00f3n trabajamos el cuento motor \u00abUN D\u00cdA EN EL GRAN CIRCO DE ZAGAL\u00bb Lo realizamos en sesiones individuales, por clase, de manera que las diferentes habilidades se adapten a la &hellip; <a href=\"https:\/\/www.alqueria.es\/blogs\/alqueriarojaverde\/2013\/04\/24\/semana-de-la-lectura-3\/\" class=\"more-link\">Seguir leyendo <span class=\"screen-reader-text\">SEMANA DE LA LECTURA<\/span> <span class=\"meta-nav\">&rarr;<\/span><\/a><\/p>\n","protected":false},"author":19,"featured_media":0,"comment_status":"open","ping_status":"open","sticky":false,"template":"","format":"standard","meta":{"jetpack_post_was_ever_published":false,"_jetpack_newsletter_access":"","_jetpack_dont_email_post_to_subs":false,"_jetpack_newsletter_tier_id":0,"_jetpack_memberships_contains_paywalled_content":false,"_jetpack_memberships_contains_paid_content":false,"footnotes":"","jetpack_publicize_message":"","jetpack_publicize_feature_enabled":true,"jetpack_social_post_already_shared":false,"jetpack_social_options":{"image_generator_settings":{"template":"highway","default_image_id":0,"font":"","enabled":false},"version":2}},"categories":[22,23,6,7,13],"tags":[],"class_list":["post-3134","post","type-post","status-publish","format-standard","hentry","category-actividades-especiales-y-salidas-clase-roja","category-actividades-especiales-y-salidas-clase-verde","category-clase-roja-4-5-anos","category-clase-verde-5-6-anos","category-inicio"],"jetpack_publicize_connections":[],"jetpack_featured_media_url":"","jetpack_sharing_enabled":true,"jetpack_shortlink":"https:\/\/wp.me\/p4lFbP-Oy","_links":{"self":[{"href":"https:\/\/www.alqueria.es\/blogs\/alqueriarojaverde\/wp-json\/wp\/v2\/posts\/3134","targetHints":{"allow":["GET"]}}],"collection":[{"href":"https:\/\/www.alqueria.es\/blogs\/alqueriarojaverde\/wp-json\/wp\/v2\/posts"}],"about":[{"href":"https:\/\/www.alqueria.es\/blogs\/alqueriarojaverde\/wp-json\/wp\/v2\/types\/post"}],"author":[{"embeddable":true,"href":"https:\/\/www.alqueria.es\/blogs\/alqueriarojaverde\/wp-json\/wp\/v2\/users\/19"}],"replies":[{"embeddable":true,"href":"https:\/\/www.alqueria.es\/blogs\/alqueriarojaverde\/wp-json\/wp\/v2\/comments?post=3134"}],"version-history":[{"count":0,"href":"https:\/\/www.alqueria.es\/blogs\/alqueriarojaverde\/wp-json\/wp\/v2\/posts\/3134\/revisions"}],"wp:attachment":[{"href":"https:\/\/www.alqueria.es\/blogs\/alqueriarojaverde\/wp-json\/wp\/v2\/media?parent=3134"}],"wp:term":[{"taxonomy":"category","embeddable":true,"href":"https:\/\/www.alqueria.es\/blogs\/alqueriarojaverde\/wp-json\/wp\/v2\/categories?post=3134"},{"taxonomy":"post_tag","embeddable":true,"href":"https:\/\/www.alqueria.es\/blogs\/alqueriarojaverde\/wp-json\/wp\/v2\/tags?post=3134"}],"curies":[{"name":"wp","href":"https:\/\/api.w.org\/{rel}","templated":true}]}}