{"id":3136,"date":"2013-04-25T17:50:20","date_gmt":"2013-04-25T15:50:20","guid":{"rendered":"http:\/\/alqueriarojaverde.wordpress.com\/?p=3136"},"modified":"2014-02-24T11:51:19","modified_gmt":"2014-02-24T11:51:19","slug":"semana-de-la-lectura-4","status":"publish","type":"post","link":"https:\/\/www.alqueria.es\/blogs\/alqueriarojaverde\/2013\/04\/25\/semana-de-la-lectura-4\/","title":{"rendered":"SEMANA DE LA LECTURA"},"content":{"rendered":"<p><span style=\"text-decoration:underline\"><span style=\"color:#0000ff;text-decoration:underline\">JUEVES 25 DE ABRIL DE 2013<\/span><\/span><\/p>\n<p><span style=\"color:#00ff00\"><em><span style=\"color:#00ffff\">UNA FELIZ CAT\u00c1STROFE<\/span><\/em><\/span><\/p>\n<p><span style=\"color:#00ff00\">A trav\u00e9s de este <span style=\"text-decoration:underline\">cuento audiovisual<\/span>, cuyos protagonistas forman parte de una simp\u00e1tica y numerosa familia de ratoncitos, trabajamos la coeducaci\u00f3n en el aula. <\/span><\/p>\n<p style=\"text-align:left\"><span style=\"color:#00ff00\">Educar en igualdad es un valor que debemos fomentar desde la primera infancia.\u00a0<\/span><\/p>\n<p style=\"text-align:center\">\n<div class=\"a25-CTUOC-hidding-box\" data-original-content=\"&lt;iframe title=&quot;Una feliz cat\u00e1strofe&quot; src=&quot;https:\/\/www.slideshare.net\/slideshow\/embed_code\/key\/df5fRfRqChlDtl&quot; width=&quot;427&quot; height=&quot;356&quot; frameborder=&quot;0&quot; marginwidth=&quot;0&quot; marginheight=&quot;0&quot; scrolling=&quot;no&quot; style=&quot;border:1px solid #CCC; border-width:1px; margin-bottom:5px; max-width: 100%;&quot; allowfullscreen&gt; &lt;\/iframe&gt;\">Esta p\u00e1gina incluye contenido multimedia que requiere aceptar todas las cookies. Pulse aqu\u00ed para abrir la configuraci\u00f3n de cookies.<\/div>\n<div style=\"margin-bottom:5px\"> <strong> <a href=\"https:\/\/es.slideshare.net\/estherjus\/una-feliz-catstrofe\" title=\"Una feliz cat\u00e1strofe\" target=\"_blank\">Una feliz cat\u00e1strofe<\/a> <\/strong> from <strong><a href=\"https:\/\/www.slideshare.net\/estherjus\" target=\"_blank\">Ciclo 3-6 a\u00f1os Colegio Alquer\u00eda<\/a><\/strong> <\/div>\n<\/p>\n<p style=\"text-align:left\"><span style=\"color:#00ff00\">Tras la proyecci\u00f3n y narraci\u00f3n del cuento confeccionamos unas marionetas, tomado como base unas plantillas que nos ha facilitado Carlos, para poder representarlo nosotros.<\/span><\/p>\n<p><span style=\"color:#ffcc00\">CUENTA-CUENTOS <\/span><span style=\"color:#ffcc00\"><strong>\u00abNUESTROS CUENTOS FAVORITOS\u00bb<\/strong>. Los grupos de 5\u00ba y 6\u00ba de E.P.O. han estado trabajando algunos textos (de entre una selecci\u00f3n de cuentos favoritos de las aulas naranja, roja y verde) para deleitarnos con su narraci\u00f3n, en una divertida \u00abRueda de cuentos\u00bb que han organizado en el jard\u00edn y con la que hemos disfrutado much\u00edsimo. Los t\u00edtulos han sido: \u00abChivos, chivones\u00bb, \u00abDonde vive los monstruos\u00bb, \u00abSiete ratones ciegos\u00bb, \u00abElmer\u00bb, \u00abPomelo crece\u00bb, \u00abEl Conejo Blanco\u00bb, \u00abDe verdad que no pod\u00eda\u00bb, \u00abEl pollito de la avalleneda\u00bb, \u00abSiempre te querr\u00e9\u00bb, \u00abSin rumbo por el mundo, Catalina y el oso\u00bb, \u00abLa ratita presumida\u00bb, \u00abLas habichuelas m\u00e1gicas\u00bb, \u00abLos tres cerditos\u00bb, \u00ab\u00bfQu\u00e9 ocurre en la oscuridad?\u00bb, \u00ab\u00bfD\u00f3nde perdi\u00f3 Luna la risa?\u00bb y \u00abEl topo que quer\u00eda saber qui\u00e9n se hab\u00eda hecho eso sobre su cabeza\u00bb.<\/span><\/p>\n<p><a href=\"https:\/\/i0.wp.com\/cloud.alqueria.es\/wp-content\/uploads\/sites\/8\/2013\/04\/abuela-contando-un-cuento11.jpg?ssl=1\"><img data-recalc-dims=\"1\" decoding=\"async\" data-attachment-id=\"3219\" data-permalink=\"https:\/\/www.alqueria.es\/blogs\/alqueriarojaverde\/abuela-contando-un-cuento-2\/\" data-orig-file=\"https:\/\/i0.wp.com\/www.alqueria.es\/blogs\/alqueriarojaverde\/wp-content\/uploads\/sites\/8\/2013\/04\/abuela-contando-un-cuento1.jpg?fit=225%2C225&amp;ssl=1\" data-orig-size=\"225,225\" data-comments-opened=\"1\" data-image-meta=\"{&quot;aperture&quot;:&quot;0&quot;,&quot;credit&quot;:&quot;&quot;,&quot;camera&quot;:&quot;&quot;,&quot;caption&quot;:&quot;&quot;,&quot;created_timestamp&quot;:&quot;0&quot;,&quot;copyright&quot;:&quot;&quot;,&quot;focal_length&quot;:&quot;0&quot;,&quot;iso&quot;:&quot;0&quot;,&quot;shutter_speed&quot;:&quot;0&quot;,&quot;title&quot;:&quot;&quot;}\" data-image-title=\"abuela contando un cuento\" data-image-description=\"\" data-image-caption=\"\" data-large-file=\"https:\/\/i0.wp.com\/www.alqueria.es\/blogs\/alqueriarojaverde\/wp-content\/uploads\/sites\/8\/2013\/04\/abuela-contando-un-cuento1.jpg?fit=225%2C225&amp;ssl=1\" class=\" wp-image-3219 alignleft\" alt=\"abuela contando un cuento\" src=\"https:\/\/i0.wp.com\/cloud.alqueria.es\/wp-content\/uploads\/sites\/8\/2013\/04\/abuela-contando-un-cuento11.jpg?resize=180%2C180&#038;ssl=1\" width=\"180\" height=\"180\" \/><\/a><span style=\"color:#ff0000\">Por la tarde el grupo Rojo disfruta de unas entra\u00f1ables historias:<\/span><\/p>\n<p><span style=\"color:#ff0000\"> <span style=\"color:#00ffff\">\u00abLA ESTRELLA DE LAURA\u00bb<\/span>, de la mano de la abuela de Candela de la T. (Mariela)<br \/>\n<\/span><\/p>\n<p><span style=\"color:#00ffff\">\u00abCAPERUCITA ROJA\u00bb Y \u00abQU\u00c9 HACE UN COCODRILO POR LA NOCHE\u00bb<\/span><span style=\"color:#ff0000\">, de la mano del abuelo de Elena (Antonio)<\/span><\/p>\n<p><span style=\"color:#ff0000\">Para ello nos desplazamos hasta nuestra biblioteca en la que tenemos preparado un rinconcito especial y muy acogedor que nos traslada al mundo de los sue\u00f1os y la fantas\u00eda.<\/span><\/p>\n<p><span style=\"color:#ff0000\">\u00a1No perd\u00e1is la ilusi\u00f3n y el placer de leer y escuchar cuentos!.<\/span><\/p>\n<p><span style=\"color:#800080\"><span style=\"color:#00ff00\">El grupo Verde ultima y expone su proyecto de aula.<\/span><br \/>\n<\/span><\/p>\n<p>Rosario y Esther<\/p>\n","protected":false},"excerpt":{"rendered":"<p>JUEVES 25 DE ABRIL DE 2013 UNA FELIZ CAT\u00c1STROFE A trav\u00e9s de este cuento audiovisual, cuyos protagonistas forman parte de una simp\u00e1tica y numerosa familia de ratoncitos, trabajamos la coeducaci\u00f3n en el aula. Educar en igualdad es un valor que debemos fomentar desde la primera infancia.\u00a0 Esta p\u00e1gina incluye contenido multimedia que requiere aceptar todas &hellip; <a href=\"https:\/\/www.alqueria.es\/blogs\/alqueriarojaverde\/2013\/04\/25\/semana-de-la-lectura-4\/\" class=\"more-link\">Seguir leyendo <span class=\"screen-reader-text\">SEMANA DE LA LECTURA<\/span> <span class=\"meta-nav\">&rarr;<\/span><\/a><\/p>\n","protected":false},"author":19,"featured_media":0,"comment_status":"open","ping_status":"open","sticky":false,"template":"","format":"standard","meta":{"jetpack_post_was_ever_published":false,"_jetpack_newsletter_access":"","_jetpack_dont_email_post_to_subs":false,"_jetpack_newsletter_tier_id":0,"_jetpack_memberships_contains_paywalled_content":false,"_jetpack_memberships_contains_paid_content":false,"footnotes":"","jetpack_publicize_message":"","jetpack_publicize_feature_enabled":true,"jetpack_social_post_already_shared":false,"jetpack_social_options":{"image_generator_settings":{"template":"highway","default_image_id":0,"font":"","enabled":false},"version":2}},"categories":[22,23,6,7,13],"tags":[],"class_list":["post-3136","post","type-post","status-publish","format-standard","hentry","category-actividades-especiales-y-salidas-clase-roja","category-actividades-especiales-y-salidas-clase-verde","category-clase-roja-4-5-anos","category-clase-verde-5-6-anos","category-inicio"],"jetpack_publicize_connections":[],"jetpack_featured_media_url":"","jetpack_sharing_enabled":true,"jetpack_shortlink":"https:\/\/wp.me\/p4lFbP-OA","_links":{"self":[{"href":"https:\/\/www.alqueria.es\/blogs\/alqueriarojaverde\/wp-json\/wp\/v2\/posts\/3136","targetHints":{"allow":["GET"]}}],"collection":[{"href":"https:\/\/www.alqueria.es\/blogs\/alqueriarojaverde\/wp-json\/wp\/v2\/posts"}],"about":[{"href":"https:\/\/www.alqueria.es\/blogs\/alqueriarojaverde\/wp-json\/wp\/v2\/types\/post"}],"author":[{"embeddable":true,"href":"https:\/\/www.alqueria.es\/blogs\/alqueriarojaverde\/wp-json\/wp\/v2\/users\/19"}],"replies":[{"embeddable":true,"href":"https:\/\/www.alqueria.es\/blogs\/alqueriarojaverde\/wp-json\/wp\/v2\/comments?post=3136"}],"version-history":[{"count":0,"href":"https:\/\/www.alqueria.es\/blogs\/alqueriarojaverde\/wp-json\/wp\/v2\/posts\/3136\/revisions"}],"wp:attachment":[{"href":"https:\/\/www.alqueria.es\/blogs\/alqueriarojaverde\/wp-json\/wp\/v2\/media?parent=3136"}],"wp:term":[{"taxonomy":"category","embeddable":true,"href":"https:\/\/www.alqueria.es\/blogs\/alqueriarojaverde\/wp-json\/wp\/v2\/categories?post=3136"},{"taxonomy":"post_tag","embeddable":true,"href":"https:\/\/www.alqueria.es\/blogs\/alqueriarojaverde\/wp-json\/wp\/v2\/tags?post=3136"}],"curies":[{"name":"wp","href":"https:\/\/api.w.org\/{rel}","templated":true}]}}