{"id":3138,"date":"2013-04-26T15:58:03","date_gmt":"2013-04-26T13:58:03","guid":{"rendered":"http:\/\/alqueriarojaverde.wordpress.com\/?p=3138"},"modified":"2014-02-24T11:51:23","modified_gmt":"2014-02-24T11:51:23","slug":"semana-de-la-lectura-5","status":"publish","type":"post","link":"https:\/\/www.alqueria.es\/blogs\/alqueriarojaverde\/2013\/04\/26\/semana-de-la-lectura-5\/","title":{"rendered":"SEMANA DE LA LECTURA"},"content":{"rendered":"<p><span style=\"text-decoration:underline\"><span style=\"color:#0000ff;text-decoration:underline\">VIERNES 26 DE ABRIL DE 2013<\/span><\/span><\/p>\n<p><span style=\"color:#ff00ff\">Para clausurar esta estupenda y m\u00e1gica Semana de la Lectura, en la que hemos escuchado y disfrutado de multitud de cuentos e historias, a trav\u00e9s de diversos soportes y medios; asistimos a un teatro de sombras a cargo de las alumnas de pr\u00e1cticas, titulado<span style=\"color:#00ffff\"> \u00bb MAM\u00c1, \u00bfDE QU\u00c9 COLOR SON LOS BESOS?\u00bb<\/span><\/span><br \/>\n<span class=\"embed-youtube\" style=\"text-align:center; display: block;\"><div class=\"a25-CTUOC-hidding-box\" data-original-content=\"&lt;iframe loading=&quot;lazy&quot; class=&quot;youtube-player&quot; width=&quot;474&quot; height=&quot;267&quot; src=&quot;https:\/\/www.youtube.com\/embed\/WXRouw9IQ8I?version=3&amp;#038;rel=1&amp;#038;showsearch=0&amp;#038;showinfo=1&amp;#038;iv_load_policy=1&amp;#038;fs=1&amp;#038;hl=es-ES&amp;#038;autohide=2&amp;#038;wmode=transparent&quot; allowfullscreen=&quot;true&quot; style=&quot;border:0;&quot; sandbox=&quot;allow-scripts allow-same-origin allow-popups allow-presentation allow-popups-to-escape-sandbox&quot;&gt;&lt;\/iframe&gt;\">Esta p\u00e1gina incluye contenido multimedia que requiere aceptar todas las cookies. Pulse aqu\u00ed para abrir la configuraci\u00f3n de cookies.<\/div><\/span><\/p>\n<p><a href=\"https:\/\/i0.wp.com\/cloud.alqueria.es\/wp-content\/uploads\/sites\/8\/2013\/04\/abuela-contando-un-cuento12.jpg?ssl=1\"><img data-recalc-dims=\"1\" decoding=\"async\" data-attachment-id=\"3219\" data-permalink=\"https:\/\/www.alqueria.es\/blogs\/alqueriarojaverde\/abuela-contando-un-cuento-2\/\" data-orig-file=\"https:\/\/i0.wp.com\/www.alqueria.es\/blogs\/alqueriarojaverde\/wp-content\/uploads\/sites\/8\/2013\/04\/abuela-contando-un-cuento1.jpg?fit=225%2C225&amp;ssl=1\" data-orig-size=\"225,225\" data-comments-opened=\"1\" data-image-meta=\"{&quot;aperture&quot;:&quot;0&quot;,&quot;credit&quot;:&quot;&quot;,&quot;camera&quot;:&quot;&quot;,&quot;caption&quot;:&quot;&quot;,&quot;created_timestamp&quot;:&quot;0&quot;,&quot;copyright&quot;:&quot;&quot;,&quot;focal_length&quot;:&quot;0&quot;,&quot;iso&quot;:&quot;0&quot;,&quot;shutter_speed&quot;:&quot;0&quot;,&quot;title&quot;:&quot;&quot;}\" data-image-title=\"abuela contando un cuento\" data-image-description=\"\" data-image-caption=\"\" data-large-file=\"https:\/\/i0.wp.com\/www.alqueria.es\/blogs\/alqueriarojaverde\/wp-content\/uploads\/sites\/8\/2013\/04\/abuela-contando-un-cuento1.jpg?fit=225%2C225&amp;ssl=1\" class=\"size-full wp-image-3219 alignright\" alt=\"abuela contando un cuento\" src=\"https:\/\/i0.wp.com\/cloud.alqueria.es\/wp-content\/uploads\/sites\/8\/2013\/04\/abuela-contando-un-cuento12.jpg?resize=171%2C171&#038;ssl=1\" width=\"171\" height=\"171\" \/><\/a><span style=\"color:#339966\">Por la tarde el grupo verde disfruta, en al biblioteca, de unas entra\u00f1ables historias:<\/span><\/p>\n<p><span style=\"color:#339966\"><span style=\"color:#00ffff\">\u00abLOS TRES CERDITOS,<\/span> de la mano del abuelo de Esther (Antonio)<\/span><\/p>\n<p><span style=\"color:#339966\"><span style=\"color:#00ffff\">\u00abGUS\u00bb<\/span>, de la mano de\u00a0 la abuela de Daniela (Amparo)<\/span><\/p>\n<p><span style=\"color:#339966\"><span style=\"color:#00ffff\">\u00abEL DRAG\u00d3N DE LAS TRES CABEZAS\u00bb<\/span> de la mano de la abuela de Francisco (Pepita)<\/span><\/p>\n<p><span style=\"color:#339966\">Todas ellas envueltas de un ambiente preparado especialmente para la ocasi\u00f3n: sof\u00e1, mantita y hasta una lamparita que alumbra la penumbra de la estancia.<\/span><\/p>\n<p><span style=\"color:#ff0000\">El grupo ROJO\u00a0 expone su proyecto de aula, que pueden llevar a casa: LOS C\u00d3MICS.<br \/>\n<\/span><\/p>\n<p><span style=\"color:#0000ff\">Os nformamos que con la recaudaci\u00f3n de la venta de plantas en el vivero, vamos a adquirir dos colecciones de libros, destinados a nuestros rinconcitos de emociones (recientemente instalados en las aulas). En una de ellas, se trabajan los diferentes estados de \u00e1nimo, sentimientos y emociones que cada individuo puede tener en un momento determinado. La otra facilita historias con las que aprender a pensar, entender el mundo y convivir. Ambas est\u00e1n dirigidas al alumnado de 3-6 a\u00f1os.<\/span><\/p>\n<p><span style=\"color:#800080\">Por \u00faltimo, nos gustar\u00eda agradeceros a todos y todas los que hab\u00e9is participado en este \u00abproyecto\u00bb, que se ha hecho realidad, en parte gracias a vuestras colaboraciones. \u00a1GRACIAS!<\/span><\/p>\n<p>Rosario y Esther<\/p>\n","protected":false},"excerpt":{"rendered":"<p>VIERNES 26 DE ABRIL DE 2013 Para clausurar esta estupenda y m\u00e1gica Semana de la Lectura, en la que hemos escuchado y disfrutado de multitud de cuentos e historias, a trav\u00e9s de diversos soportes y medios; asistimos a un teatro de sombras a cargo de las alumnas de pr\u00e1cticas, titulado \u00bb MAM\u00c1, \u00bfDE QU\u00c9 COLOR &hellip; <a href=\"https:\/\/www.alqueria.es\/blogs\/alqueriarojaverde\/2013\/04\/26\/semana-de-la-lectura-5\/\" class=\"more-link\">Seguir leyendo <span class=\"screen-reader-text\">SEMANA DE LA LECTURA<\/span> <span class=\"meta-nav\">&rarr;<\/span><\/a><\/p>\n","protected":false},"author":19,"featured_media":0,"comment_status":"open","ping_status":"open","sticky":false,"template":"","format":"standard","meta":{"jetpack_post_was_ever_published":false,"_jetpack_newsletter_access":"","_jetpack_dont_email_post_to_subs":false,"_jetpack_newsletter_tier_id":0,"_jetpack_memberships_contains_paywalled_content":false,"_jetpack_memberships_contains_paid_content":false,"footnotes":"","jetpack_publicize_message":"","jetpack_publicize_feature_enabled":true,"jetpack_social_post_already_shared":false,"jetpack_social_options":{"image_generator_settings":{"template":"highway","default_image_id":0,"font":"","enabled":false},"version":2}},"categories":[22,23,6,7,13],"tags":[],"class_list":["post-3138","post","type-post","status-publish","format-standard","hentry","category-actividades-especiales-y-salidas-clase-roja","category-actividades-especiales-y-salidas-clase-verde","category-clase-roja-4-5-anos","category-clase-verde-5-6-anos","category-inicio"],"jetpack_publicize_connections":[],"jetpack_featured_media_url":"","jetpack_sharing_enabled":true,"jetpack_shortlink":"https:\/\/wp.me\/p4lFbP-OC","_links":{"self":[{"href":"https:\/\/www.alqueria.es\/blogs\/alqueriarojaverde\/wp-json\/wp\/v2\/posts\/3138","targetHints":{"allow":["GET"]}}],"collection":[{"href":"https:\/\/www.alqueria.es\/blogs\/alqueriarojaverde\/wp-json\/wp\/v2\/posts"}],"about":[{"href":"https:\/\/www.alqueria.es\/blogs\/alqueriarojaverde\/wp-json\/wp\/v2\/types\/post"}],"author":[{"embeddable":true,"href":"https:\/\/www.alqueria.es\/blogs\/alqueriarojaverde\/wp-json\/wp\/v2\/users\/19"}],"replies":[{"embeddable":true,"href":"https:\/\/www.alqueria.es\/blogs\/alqueriarojaverde\/wp-json\/wp\/v2\/comments?post=3138"}],"version-history":[{"count":0,"href":"https:\/\/www.alqueria.es\/blogs\/alqueriarojaverde\/wp-json\/wp\/v2\/posts\/3138\/revisions"}],"wp:attachment":[{"href":"https:\/\/www.alqueria.es\/blogs\/alqueriarojaverde\/wp-json\/wp\/v2\/media?parent=3138"}],"wp:term":[{"taxonomy":"category","embeddable":true,"href":"https:\/\/www.alqueria.es\/blogs\/alqueriarojaverde\/wp-json\/wp\/v2\/categories?post=3138"},{"taxonomy":"post_tag","embeddable":true,"href":"https:\/\/www.alqueria.es\/blogs\/alqueriarojaverde\/wp-json\/wp\/v2\/tags?post=3138"}],"curies":[{"name":"wp","href":"https:\/\/api.w.org\/{rel}","templated":true}]}}