{"id":33926,"date":"2022-03-07T16:30:22","date_gmt":"2022-03-07T15:30:22","guid":{"rendered":"https:\/\/www.alqueria.es\/blogs\/alqueriarojaverde\/?p=33926"},"modified":"2022-03-07T16:30:22","modified_gmt":"2022-03-07T15:30:22","slug":"comenzamos-el-proyecto-de-trabajo-el-vivero","status":"publish","type":"post","link":"https:\/\/www.alqueria.es\/blogs\/alqueriarojaverde\/2022\/03\/07\/comenzamos-el-proyecto-de-trabajo-el-vivero\/","title":{"rendered":"COMENZAMOS EL PROYECTO DE TRABAJO \u00abEL VIVERO\u00bb"},"content":{"rendered":"<p>Hoy <em><strong><span style=\"color: #008000\">iniciamos este proyecto de ciclo<\/span> <\/strong><\/em>(adaptado a cada uno de los niveles del mismo) que se lleva acometiendo desde hace m\u00e1s de 20 a\u00f1os en nuestro colegio, siempre encuadrado dentro de la programaci\u00f3n medioambiental, pero \u00edntimamente conectado con todas las \u00e1reas de desarrollo y otros \u00e1mbitos de conocimiento.<\/p>\n<p>Un proyecto que abarca aproximadamente dos meses completos de duraci\u00f3n, en los que la <em><span style=\"color: #008000\">experimentaci\u00f3n e investigaci\u00f3n est\u00e1n muy presentes<\/span><\/em>. El <em><span style=\"color: #008000\">juego de compra-venta<\/span><\/em> como hilo conductor del mismo ser\u00e1 la propuesta que prevalezca en los tiempos de juego simb\u00f3lico y de manera paralela iremos trabajando con el objetivo de alcanzar muchas de las competencias clave (conocimientos, capacidades y actitudes) marcadas para la Educaci\u00f3n Infantil.<\/p>\n<p>El <em><span style=\"color: #008000\">producto final de este proyecto de trabajo ser\u00e1 el montaje de una tienda-vivero<\/span><\/em>, que vendr\u00e1 a poner el colof\u00f3n a todo el trabajo realizado en este tiempo y cuyos beneficios econ\u00f3micos (simb\u00f3licos en cualquier caso) revertir\u00e1n en la compra de nuevos ejemplares de lectura para la biblioteca del colegio.<\/p>\n<p><img data-recalc-dims=\"1\" decoding=\"async\" data-attachment-id=\"33944\" data-permalink=\"https:\/\/www.alqueria.es\/blogs\/alqueriarojaverde\/2022\/03\/07\/comenzamos-el-proyecto-de-trabajo-el-vivero\/vivero-infantil\/\" data-orig-file=\"https:\/\/i0.wp.com\/cloud.alqueria.es\/wp-content\/uploads\/sites\/8\/2022\/03\/Vivero-infantil.jpg?fit=1024%2C768&amp;ssl=1\" data-orig-size=\"1024,768\" data-comments-opened=\"1\" data-image-meta=\"{&quot;aperture&quot;:&quot;0&quot;,&quot;credit&quot;:&quot;&quot;,&quot;camera&quot;:&quot;&quot;,&quot;caption&quot;:&quot;&quot;,&quot;created_timestamp&quot;:&quot;0&quot;,&quot;copyright&quot;:&quot;&quot;,&quot;focal_length&quot;:&quot;0&quot;,&quot;iso&quot;:&quot;0&quot;,&quot;shutter_speed&quot;:&quot;0&quot;,&quot;title&quot;:&quot;&quot;,&quot;orientation&quot;:&quot;0&quot;}\" data-image-title=\"Vivero infantil\" data-image-description=\"\" data-image-caption=\"\" data-large-file=\"https:\/\/i0.wp.com\/cloud.alqueria.es\/wp-content\/uploads\/sites\/8\/2022\/03\/Vivero-infantil.jpg?fit=474%2C356&amp;ssl=1\" class=\"aligncenter size-medium wp-image-33944\" src=\"https:\/\/i0.wp.com\/cloud.alqueria.es\/wp-content\/uploads\/sites\/8\/2022\/03\/Vivero-infantil-300x225.jpg?resize=300%2C225&#038;ssl=1\" alt=\"\" width=\"300\" height=\"225\" srcset=\"https:\/\/cloud.alqueria.es\/wp-content\/uploads\/sites\/8\/2022\/03\/Vivero-infantil.jpg 300w, https:\/\/cloud.alqueria.es\/wp-content\/uploads\/sites\/8\/2022\/03\/Vivero-infantil.jpg 768w, https:\/\/cloud.alqueria.es\/wp-content\/uploads\/sites\/8\/2022\/03\/Vivero-infantil.jpg 1024w, https:\/\/cloud.alqueria.es\/wp-content\/uploads\/sites\/8\/2022\/03\/Vivero-infantil.jpg 948w\" sizes=\"(max-width: 300px) 100vw, 300px\" \/><\/p>\n<p>En cada una de las entradas de este blog, a partir de ahora, os ir\u00e9 relatando en qu\u00e9 fase del proyecto nos encontramos, por d\u00f3nde van nuestras averiguaciones, cu\u00e1les son nuestros aprendizajes y por supuesto os demandar\u00e9 colaboraci\u00f3n en uno u otro sentido.<\/p>\n<p>Hoy hemos llevado a cabo una <em><strong><span style=\"color: #ff6600\">\u00ablluvia de ideas\u00bb<\/span><\/strong><\/em> acerca de lo que es un vivero, su diferencia con una florister\u00eda y tambi\u00e9n qu\u00e9 sabemos acerca de las plantas, a nivel general. Hemos tenido oportunidad de hablar sobre algunas de las partes m\u00e1s reconocibles de una planta, sobre las utilidades de las plantas (ornamentales, culinarias, medicinales&#8230;) y tambi\u00e9n sobre las distintas formas de obtener una nueva planta, a partir de una \u00abplanta madre\u00bb (semillas, esquejes o divisi\u00f3n). Aprovechamos para volver a poner en pr\u00e1ctica esta \u00faltima con una maceta de or\u00e9gano que nos ha tra\u00eddo nuestro compa\u00f1ero Andr\u00e9s y un gran aloe que nos ha regalado Isabel (tutora de quinto).<\/p>\n<div class=\"tiled-gallery type-square tiled-gallery-unresized\" data-original-width=\"474\" data-carousel-extra='{&quot;blog_id&quot;:8,&quot;permalink&quot;:&quot;https:\\\/\\\/www.alqueria.es\\\/blogs\\\/alqueriarojaverde\\\/2022\\\/03\\\/07\\\/comenzamos-el-proyecto-de-trabajo-el-vivero\\\/&quot;,&quot;likes_blog_id&quot;:64268569}' itemscope itemtype=\"http:\/\/schema.org\/ImageGallery\" > <div class=\"gallery-row\" style=\"width: 474px; height: 237px;\" data-original-width=\"474\" data-original-height=\"237\" > <div class=\"gallery-group\" style=\"width: 237px; height: 237px;\" data-original-width=\"237\" data-original-height=\"237\" > <div class=\"tiled-gallery-item \" itemprop=\"associatedMedia\" itemscope itemtype=\"http:\/\/schema.org\/ImageObject\"> <a href=\"https:\/\/www.alqueria.es\/blogs\/alqueriarojaverde\/2022\/03\/07\/comenzamos-el-proyecto-de-trabajo-el-vivero\/20220307_120300\/\" border=\"0\" itemprop=\"url\"> <meta itemprop=\"width\" content=\"233\"> <meta itemprop=\"height\" content=\"233\"> <img decoding=\"async\" class=\"\" data-attachment-id=\"33942\" data-orig-file=\"https:\/\/cloud.alqueria.es\/wp-content\/uploads\/sites\/8\/2022\/03\/20220307_120300.jpg\" data-orig-size=\"2000,1500\" data-comments-opened=\"1\" data-image-meta=\"{&quot;aperture&quot;:&quot;0&quot;,&quot;credit&quot;:&quot;&quot;,&quot;camera&quot;:&quot;&quot;,&quot;caption&quot;:&quot;&quot;,&quot;created_timestamp&quot;:&quot;0&quot;,&quot;copyright&quot;:&quot;&quot;,&quot;focal_length&quot;:&quot;0&quot;,&quot;iso&quot;:&quot;0&quot;,&quot;shutter_speed&quot;:&quot;0&quot;,&quot;title&quot;:&quot;&quot;,&quot;orientation&quot;:&quot;1&quot;}\" data-image-title=\"20220307_120300\" data-image-description=\"\" data-medium-file=\"https:\/\/i0.wp.com\/cloud.alqueria.es\/wp-content\/uploads\/sites\/8\/2022\/03\/20220307_120300.jpg?fit=300%2C225&#038;ssl=1\" data-large-file=\"https:\/\/i0.wp.com\/cloud.alqueria.es\/wp-content\/uploads\/sites\/8\/2022\/03\/20220307_120300.jpg?fit=474%2C356&#038;ssl=1\" src=\"https:\/\/i0.wp.com\/cloud.alqueria.es\/wp-content\/uploads\/sites\/8\/2022\/03\/20220307_120300.jpg?w=233&#038;h=233&#038;crop=1&#038;ssl=1\" srcset=\"https:\/\/cloud.alqueria.es\/wp-content\/uploads\/sites\/8\/2022\/03\/20220307_120300.jpg 150w, https:\/\/cloud.alqueria.es\/wp-content\/uploads\/sites\/8\/2022\/03\/20220307_120300.jpg 466w, https:\/\/cloud.alqueria.es\/wp-content\/uploads\/sites\/8\/2022\/03\/20220307_120300.jpg 699w\" width=\"233\" height=\"233\" loading=\"lazy\" data-original-width=\"233\" data-original-height=\"233\" itemprop=\"http:\/\/schema.org\/image\" title=\"20220307_120300\" alt=\"20220307_120300\" style=\"width: 233px; height: 233px;\" \/> <\/a> <\/div> <\/div> <div class=\"gallery-group\" style=\"width: 237px; height: 237px;\" data-original-width=\"237\" data-original-height=\"237\" > <div class=\"tiled-gallery-item \" itemprop=\"associatedMedia\" itemscope itemtype=\"http:\/\/schema.org\/ImageObject\"> <a href=\"https:\/\/www.alqueria.es\/blogs\/alqueriarojaverde\/2022\/03\/07\/comenzamos-el-proyecto-de-trabajo-el-vivero\/20220307_120331\/\" border=\"0\" itemprop=\"url\"> <meta itemprop=\"width\" content=\"233\"> <meta itemprop=\"height\" content=\"233\"> <img decoding=\"async\" class=\"\" data-attachment-id=\"33943\" data-orig-file=\"https:\/\/cloud.alqueria.es\/wp-content\/uploads\/sites\/8\/2022\/03\/20220307_120331.jpg\" data-orig-size=\"2000,1500\" data-comments-opened=\"1\" data-image-meta=\"{&quot;aperture&quot;:&quot;0&quot;,&quot;credit&quot;:&quot;&quot;,&quot;camera&quot;:&quot;&quot;,&quot;caption&quot;:&quot;&quot;,&quot;created_timestamp&quot;:&quot;0&quot;,&quot;copyright&quot;:&quot;&quot;,&quot;focal_length&quot;:&quot;0&quot;,&quot;iso&quot;:&quot;0&quot;,&quot;shutter_speed&quot;:&quot;0&quot;,&quot;title&quot;:&quot;&quot;,&quot;orientation&quot;:&quot;1&quot;}\" data-image-title=\"20220307_120331\" data-image-description=\"\" data-medium-file=\"https:\/\/i0.wp.com\/cloud.alqueria.es\/wp-content\/uploads\/sites\/8\/2022\/03\/20220307_120331.jpg?fit=300%2C225&#038;ssl=1\" data-large-file=\"https:\/\/i0.wp.com\/cloud.alqueria.es\/wp-content\/uploads\/sites\/8\/2022\/03\/20220307_120331.jpg?fit=474%2C356&#038;ssl=1\" src=\"https:\/\/i0.wp.com\/cloud.alqueria.es\/wp-content\/uploads\/sites\/8\/2022\/03\/20220307_120331.jpg?w=233&#038;h=233&#038;crop=1&#038;ssl=1\" srcset=\"https:\/\/cloud.alqueria.es\/wp-content\/uploads\/sites\/8\/2022\/03\/20220307_120331.jpg 150w, https:\/\/cloud.alqueria.es\/wp-content\/uploads\/sites\/8\/2022\/03\/20220307_120331.jpg 466w, https:\/\/cloud.alqueria.es\/wp-content\/uploads\/sites\/8\/2022\/03\/20220307_120331.jpg 699w\" width=\"233\" height=\"233\" loading=\"lazy\" data-original-width=\"233\" data-original-height=\"233\" itemprop=\"http:\/\/schema.org\/image\" title=\"20220307_120331\" alt=\"20220307_120331\" style=\"width: 233px; height: 233px;\" \/> <\/a> <\/div> <\/div> <\/div> <\/div>\n<p>En clase el<em><strong><span style=\"color: #ff6600\"> juego<\/span><\/strong><\/em> ha girado en torno a las tiendas de juguetes, ropa y complementos de beb\u00e9 y ultramarinos (para ellos comida, je). El empleo de f\u00f3rmulas de cortes\u00eda para atender a la clientela, el establecimiento de turnos de juego, la organizaci\u00f3n espacial y la pr\u00e1ctica de sumas y restas, necesaria para ajustar la cuenta y dar la vuelta, han sido nuestros principales objetivos. En esta sesi\u00f3n no he participado ni influido en ninguno de los aspectos anteriormente mencionados, con intenci\u00f3n de ir ajustando mi gu\u00eda a las necesidades reales del grupo.<\/p>\n<p class=\"jetpack-slideshow-noscript robots-nocontent\">El pase de diapositivas requiere JavaScript.<\/p><div id=\"gallery-33926-1-slideshow\" class=\"jetpack-slideshow-window jetpack-slideshow jetpack-slideshow-black\" data-trans=\"fade\" data-autostart=\"1\" data-gallery=\"[{&quot;src&quot;:&quot;https:\\\/\\\/i0.wp.com\\\/cloud.alqueria.es\\\/wp-content\\\/uploads\\\/sites\\\/8\\\/2022\\\/03\\\/20220307_095553.jpg?fit=2000%2C1500\\u0026ssl=1&quot;,&quot;id&quot;:&quot;33932&quot;,&quot;title&quot;:&quot;20220307_095553&quot;,&quot;alt&quot;:&quot;&quot;,&quot;caption&quot;:&quot;&quot;,&quot;itemprop&quot;:&quot;image&quot;},{&quot;src&quot;:&quot;https:\\\/\\\/i0.wp.com\\\/cloud.alqueria.es\\\/wp-content\\\/uploads\\\/sites\\\/8\\\/2022\\\/03\\\/20220307_095640.jpg?fit=2000%2C1500\\u0026ssl=1&quot;,&quot;id&quot;:&quot;33933&quot;,&quot;title&quot;:&quot;20220307_095640&quot;,&quot;alt&quot;:&quot;&quot;,&quot;caption&quot;:&quot;&quot;,&quot;itemprop&quot;:&quot;image&quot;},{&quot;src&quot;:&quot;https:\\\/\\\/i0.wp.com\\\/cloud.alqueria.es\\\/wp-content\\\/uploads\\\/sites\\\/8\\\/2022\\\/03\\\/20220307_095723.jpg?fit=2000%2C1500\\u0026ssl=1&quot;,&quot;id&quot;:&quot;33934&quot;,&quot;title&quot;:&quot;20220307_095723&quot;,&quot;alt&quot;:&quot;&quot;,&quot;caption&quot;:&quot;&quot;,&quot;itemprop&quot;:&quot;image&quot;},{&quot;src&quot;:&quot;https:\\\/\\\/i0.wp.com\\\/cloud.alqueria.es\\\/wp-content\\\/uploads\\\/sites\\\/8\\\/2022\\\/03\\\/20220307_095729.jpg?fit=2000%2C1500\\u0026ssl=1&quot;,&quot;id&quot;:&quot;33935&quot;,&quot;title&quot;:&quot;20220307_095729&quot;,&quot;alt&quot;:&quot;&quot;,&quot;caption&quot;:&quot;&quot;,&quot;itemprop&quot;:&quot;image&quot;},{&quot;src&quot;:&quot;https:\\\/\\\/i0.wp.com\\\/cloud.alqueria.es\\\/wp-content\\\/uploads\\\/sites\\\/8\\\/2022\\\/03\\\/20220307_095732.jpg?fit=2000%2C1500\\u0026ssl=1&quot;,&quot;id&quot;:&quot;33936&quot;,&quot;title&quot;:&quot;20220307_095732&quot;,&quot;alt&quot;:&quot;&quot;,&quot;caption&quot;:&quot;&quot;,&quot;itemprop&quot;:&quot;image&quot;}]\" itemscope itemtype=\"https:\/\/schema.org\/ImageGallery\"><\/div>\n<p><img data-recalc-dims=\"1\" decoding=\"async\" data-attachment-id=\"33946\" data-permalink=\"https:\/\/www.alqueria.es\/blogs\/alqueriarojaverde\/2022\/03\/07\/comenzamos-el-proyecto-de-trabajo-el-vivero\/20220307_162048\/\" data-orig-file=\"https:\/\/i0.wp.com\/cloud.alqueria.es\/wp-content\/uploads\/sites\/8\/2022\/03\/20220307_162048.jpg?fit=2000%2C1500&amp;ssl=1\" data-orig-size=\"2000,1500\" data-comments-opened=\"1\" data-image-meta=\"{&quot;aperture&quot;:&quot;0&quot;,&quot;credit&quot;:&quot;&quot;,&quot;camera&quot;:&quot;&quot;,&quot;caption&quot;:&quot;&quot;,&quot;created_timestamp&quot;:&quot;0&quot;,&quot;copyright&quot;:&quot;&quot;,&quot;focal_length&quot;:&quot;0&quot;,&quot;iso&quot;:&quot;0&quot;,&quot;shutter_speed&quot;:&quot;0&quot;,&quot;title&quot;:&quot;&quot;,&quot;orientation&quot;:&quot;1&quot;}\" data-image-title=\"20220307_162048\" data-image-description=\"\" data-image-caption=\"\" data-large-file=\"https:\/\/i0.wp.com\/cloud.alqueria.es\/wp-content\/uploads\/sites\/8\/2022\/03\/20220307_162048.jpg?fit=474%2C356&amp;ssl=1\" class=\"alignleft size-medium wp-image-33946\" src=\"https:\/\/i0.wp.com\/cloud.alqueria.es\/wp-content\/uploads\/sites\/8\/2022\/03\/20220307_162048-300x225.jpg?resize=300%2C225&#038;ssl=1\" alt=\"\" width=\"300\" height=\"225\" srcset=\"https:\/\/cloud.alqueria.es\/wp-content\/uploads\/sites\/8\/2022\/03\/20220307_162048.jpg 300w, https:\/\/cloud.alqueria.es\/wp-content\/uploads\/sites\/8\/2022\/03\/20220307_162048.jpg 1024w, https:\/\/cloud.alqueria.es\/wp-content\/uploads\/sites\/8\/2022\/03\/20220307_162048.jpg 768w, https:\/\/cloud.alqueria.es\/wp-content\/uploads\/sites\/8\/2022\/03\/20220307_162048.jpg 1536w, https:\/\/cloud.alqueria.es\/wp-content\/uploads\/sites\/8\/2022\/03\/20220307_162048.jpg 2000w, https:\/\/cloud.alqueria.es\/wp-content\/uploads\/sites\/8\/2022\/03\/20220307_162048.jpg 948w, https:\/\/cloud.alqueria.es\/wp-content\/uploads\/sites\/8\/2022\/03\/20220307_162048.jpg 1422w\" sizes=\"(max-width: 300px) 100vw, 300px\" \/>La semana pasada, a modo de introducci\u00f3n, dimos <em><strong><span style=\"color: #0000ff\">lectura a estos tres ejemplares de consulta.<\/span><\/strong><\/em> El de la planta de haba dado que nuestras habas han florecido y no nos ven\u00eda mal recordar el proceso de crecimiento de la misma. El de la mariquita ven\u00eda a colaci\u00f3n ya que muchos de ellos se acordaron de los tan temidos pulgones que suelen visitar estas plantas y de esta forma aprendimos cosas s\u00faper curiosas acerca de este peque\u00f1o insecto. Pod\u00e9is preguntarles cu\u00e1ntas veces mudan su piel, de qu\u00e9 color son los huevos al principio o c\u00f3mo es una mariquita reci\u00e9n nacida, entre otras muchas curiosidades. Por \u00faltimo dimos lectura al de la planta de la fresa, ya que Sergio nos envi\u00f3 por correo unas fotos de sus fresas en casa. Sus tallos rastreros, las semillas externas o cu\u00e1ntos p\u00e9talos tienen las flores son algunos de los datos que pudimos aprender.<\/p>\n<div class=\"tiled-gallery type-square tiled-gallery-unresized\" data-original-width=\"474\" data-carousel-extra='{&quot;blog_id&quot;:8,&quot;permalink&quot;:&quot;https:\\\/\\\/www.alqueria.es\\\/blogs\\\/alqueriarojaverde\\\/2022\\\/03\\\/07\\\/comenzamos-el-proyecto-de-trabajo-el-vivero\\\/&quot;,&quot;likes_blog_id&quot;:64268569}' itemscope itemtype=\"http:\/\/schema.org\/ImageGallery\" > <div class=\"gallery-row\" style=\"width: 474px; height: 237px;\" data-original-width=\"474\" data-original-height=\"237\" > <div class=\"gallery-group\" style=\"width: 237px; height: 237px;\" data-original-width=\"237\" data-original-height=\"237\" > <div class=\"tiled-gallery-item \" itemprop=\"associatedMedia\" itemscope itemtype=\"http:\/\/schema.org\/ImageObject\"> <a href=\"https:\/\/www.alqueria.es\/blogs\/alqueriarojaverde\/2022\/03\/07\/comenzamos-el-proyecto-de-trabajo-el-vivero\/ciclo-vital-de-la-fresa\/\" border=\"0\" itemprop=\"url\"> <meta itemprop=\"width\" content=\"233\"> <meta itemprop=\"height\" content=\"233\"> <img decoding=\"async\" class=\"\" data-attachment-id=\"33937\" data-orig-file=\"https:\/\/cloud.alqueria.es\/wp-content\/uploads\/sites\/8\/2022\/03\/ciclo-vital-de-la-fresa.jpg\" data-orig-size=\"750,617\" data-comments-opened=\"1\" data-image-meta=\"{&quot;aperture&quot;:&quot;0&quot;,&quot;credit&quot;:&quot;&quot;,&quot;camera&quot;:&quot;&quot;,&quot;caption&quot;:&quot;&quot;,&quot;created_timestamp&quot;:&quot;0&quot;,&quot;copyright&quot;:&quot;&quot;,&quot;focal_length&quot;:&quot;0&quot;,&quot;iso&quot;:&quot;0&quot;,&quot;shutter_speed&quot;:&quot;0&quot;,&quot;title&quot;:&quot;&quot;,&quot;orientation&quot;:&quot;0&quot;}\" data-image-title=\"ciclo vital de la fresa\" data-image-description=\"\" data-medium-file=\"https:\/\/i0.wp.com\/cloud.alqueria.es\/wp-content\/uploads\/sites\/8\/2022\/03\/ciclo-vital-de-la-fresa.jpg?fit=300%2C247&#038;ssl=1\" data-large-file=\"https:\/\/i0.wp.com\/cloud.alqueria.es\/wp-content\/uploads\/sites\/8\/2022\/03\/ciclo-vital-de-la-fresa.jpg?fit=474%2C390&#038;ssl=1\" src=\"https:\/\/i0.wp.com\/cloud.alqueria.es\/wp-content\/uploads\/sites\/8\/2022\/03\/ciclo-vital-de-la-fresa.jpg?w=233&#038;h=233&#038;crop=1&#038;ssl=1\" srcset=\"https:\/\/cloud.alqueria.es\/wp-content\/uploads\/sites\/8\/2022\/03\/ciclo-vital-de-la-fresa.jpg 150w, https:\/\/cloud.alqueria.es\/wp-content\/uploads\/sites\/8\/2022\/03\/ciclo-vital-de-la-fresa.jpg 466w, https:\/\/cloud.alqueria.es\/wp-content\/uploads\/sites\/8\/2022\/03\/ciclo-vital-de-la-fresa.jpg 699w\" width=\"233\" height=\"233\" loading=\"lazy\" data-original-width=\"233\" data-original-height=\"233\" itemprop=\"http:\/\/schema.org\/image\" title=\"ciclo vital de la fresa\" alt=\"ciclo vital de la fresa\" style=\"width: 233px; height: 233px;\" \/> <\/a> <\/div> <\/div> <div class=\"gallery-group\" style=\"width: 237px; height: 237px;\" data-original-width=\"237\" data-original-height=\"237\" > <div class=\"tiled-gallery-item \" itemprop=\"associatedMedia\" itemscope itemtype=\"http:\/\/schema.org\/ImageObject\"> <a href=\"https:\/\/www.alqueria.es\/blogs\/alqueriarojaverde\/2022\/03\/07\/comenzamos-el-proyecto-de-trabajo-el-vivero\/ciclo-vital-la-mariquita\/\" border=\"0\" itemprop=\"url\"> <meta itemprop=\"width\" content=\"233\"> <meta itemprop=\"height\" content=\"233\"> <img decoding=\"async\" class=\"\" data-attachment-id=\"33938\" data-orig-file=\"https:\/\/cloud.alqueria.es\/wp-content\/uploads\/sites\/8\/2022\/03\/ciclo-vital-la-mariquita.jpg\" data-orig-size=\"300,225\" data-comments-opened=\"1\" data-image-meta=\"{&quot;aperture&quot;:&quot;0&quot;,&quot;credit&quot;:&quot;&quot;,&quot;camera&quot;:&quot;&quot;,&quot;caption&quot;:&quot;&quot;,&quot;created_timestamp&quot;:&quot;0&quot;,&quot;copyright&quot;:&quot;&quot;,&quot;focal_length&quot;:&quot;0&quot;,&quot;iso&quot;:&quot;0&quot;,&quot;shutter_speed&quot;:&quot;0&quot;,&quot;title&quot;:&quot;&quot;,&quot;orientation&quot;:&quot;0&quot;}\" data-image-title=\"ciclo vital la mariquita\" data-image-description=\"\" data-medium-file=\"https:\/\/i0.wp.com\/cloud.alqueria.es\/wp-content\/uploads\/sites\/8\/2022\/03\/ciclo-vital-la-mariquita.jpg?fit=300%2C225&#038;ssl=1\" data-large-file=\"https:\/\/i0.wp.com\/cloud.alqueria.es\/wp-content\/uploads\/sites\/8\/2022\/03\/ciclo-vital-la-mariquita.jpg?fit=300%2C225&#038;ssl=1\" src=\"https:\/\/i0.wp.com\/cloud.alqueria.es\/wp-content\/uploads\/sites\/8\/2022\/03\/ciclo-vital-la-mariquita.jpg?w=233&#038;h=233&#038;crop=1&#038;ssl=1\" width=\"233\" height=\"233\" loading=\"lazy\" data-original-width=\"233\" data-original-height=\"233\" itemprop=\"http:\/\/schema.org\/image\" title=\"ciclo vital la mariquita\" alt=\"ciclo vital la mariquita\" style=\"width: 233px; height: 233px;\" \/> <\/a> <\/div> <\/div> <\/div> <\/div>\n<p>Os dejo tambi\u00e9n un cortito v\u00eddeo que muestra el ciclo de vida de la mariquita y que nos ayud\u00f3 a comprender el paso que va desde ser pupa a ser mariquita. Tambi\u00e9n nos dej\u00f3 comprobar como debajo de los quel\u00edceros se encuentran unas alargadas alas y la gran variedad de mariquitas que existen.<\/p>\n<p><span class=\"embed-youtube\" style=\"text-align:center; display: block;\"><div class=\"a25-CTUOC-hidding-box\" data-original-content=\"&lt;iframe loading=&quot;lazy&quot; class=&quot;youtube-player&quot; width=&quot;474&quot; height=&quot;267&quot; src=&quot;https:\/\/www.youtube.com\/embed\/GdIr48Fnumo?version=3&amp;#038;rel=1&amp;#038;showsearch=0&amp;#038;showinfo=1&amp;#038;iv_load_policy=1&amp;#038;fs=1&amp;#038;hl=es-ES&amp;#038;autohide=2&amp;#038;wmode=transparent&quot; allowfullscreen=&quot;true&quot; style=&quot;border:0;&quot; sandbox=&quot;allow-scripts allow-same-origin allow-popups allow-presentation allow-popups-to-escape-sandbox&quot;&gt;&lt;\/iframe&gt;\">Esta p\u00e1gina incluye contenido multimedia que requiere aceptar todas las cookies. Pulse aqu\u00ed para abrir la configuraci\u00f3n de cookies.<\/div><\/span><\/p>\n<p><img data-recalc-dims=\"1\" decoding=\"async\" data-attachment-id=\"33939\" data-permalink=\"https:\/\/www.alqueria.es\/blogs\/alqueriarojaverde\/2022\/03\/07\/comenzamos-el-proyecto-de-trabajo-el-vivero\/mirabilis-jalapa\/\" data-orig-file=\"https:\/\/i0.wp.com\/cloud.alqueria.es\/wp-content\/uploads\/sites\/8\/2022\/03\/mirabilis-jalapa.jpg?fit=347%2C270&amp;ssl=1\" data-orig-size=\"347,270\" data-comments-opened=\"1\" data-image-meta=\"{&quot;aperture&quot;:&quot;0&quot;,&quot;credit&quot;:&quot;&quot;,&quot;camera&quot;:&quot;&quot;,&quot;caption&quot;:&quot;&quot;,&quot;created_timestamp&quot;:&quot;0&quot;,&quot;copyright&quot;:&quot;&quot;,&quot;focal_length&quot;:&quot;0&quot;,&quot;iso&quot;:&quot;0&quot;,&quot;shutter_speed&quot;:&quot;0&quot;,&quot;title&quot;:&quot;&quot;,&quot;orientation&quot;:&quot;0&quot;}\" data-image-title=\"mirabilis-jalapa\" data-image-description=\"\" data-image-caption=\"\" data-large-file=\"https:\/\/i0.wp.com\/cloud.alqueria.es\/wp-content\/uploads\/sites\/8\/2022\/03\/mirabilis-jalapa.jpg?fit=347%2C270&amp;ssl=1\" class=\"alignright size-medium wp-image-33939\" src=\"https:\/\/i0.wp.com\/cloud.alqueria.es\/wp-content\/uploads\/sites\/8\/2022\/03\/mirabilis-jalapa-300x233.jpg?resize=300%2C233&#038;ssl=1\" alt=\"\" width=\"300\" height=\"233\" srcset=\"https:\/\/cloud.alqueria.es\/wp-content\/uploads\/sites\/8\/2022\/03\/mirabilis-jalapa.jpg 300w, https:\/\/cloud.alqueria.es\/wp-content\/uploads\/sites\/8\/2022\/03\/mirabilis-jalapa.jpg 347w\" sizes=\"(max-width: 300px) 100vw, 300px\" \/>Como la climatolog\u00eda no nos permiti\u00f3 celebrar nuestra tarde cooperativa en el exterior, llevamos a cabo una <em><strong><span style=\"color: #0000ff\">sesi\u00f3n de siembra en clase.<\/span><\/strong><\/em> Escogimos las semillas de don pedros ya que la \u00e9poca de siembra es precisamente ahora (a finales del invierno o principios de la primavera). Los cuidaremos en clase para ver si crecen con \u00e9xito, aunque tendremos que tener paciencia.<\/p>\n<p class=\"jetpack-slideshow-noscript robots-nocontent\">El pase de diapositivas requiere JavaScript.<\/p><div id=\"gallery-33926-2-slideshow\" class=\"jetpack-slideshow-window jetpack-slideshow jetpack-slideshow-black\" data-trans=\"fade\" data-autostart=\"1\" data-gallery=\"[{&quot;src&quot;:&quot;https:\\\/\\\/i0.wp.com\\\/cloud.alqueria.es\\\/wp-content\\\/uploads\\\/sites\\\/8\\\/2022\\\/03\\\/20220304_151347.jpg?fit=2000%2C1500\\u0026ssl=1&quot;,&quot;id&quot;:&quot;33927&quot;,&quot;title&quot;:&quot;20220304_151347&quot;,&quot;alt&quot;:&quot;&quot;,&quot;caption&quot;:&quot;&quot;,&quot;itemprop&quot;:&quot;image&quot;},{&quot;src&quot;:&quot;https:\\\/\\\/i0.wp.com\\\/cloud.alqueria.es\\\/wp-content\\\/uploads\\\/sites\\\/8\\\/2022\\\/03\\\/20220304_151518.jpg?fit=2000%2C1500\\u0026ssl=1&quot;,&quot;id&quot;:&quot;33928&quot;,&quot;title&quot;:&quot;20220304_151518&quot;,&quot;alt&quot;:&quot;&quot;,&quot;caption&quot;:&quot;&quot;,&quot;itemprop&quot;:&quot;image&quot;},{&quot;src&quot;:&quot;https:\\\/\\\/i0.wp.com\\\/cloud.alqueria.es\\\/wp-content\\\/uploads\\\/sites\\\/8\\\/2022\\\/03\\\/20220304_151539.jpg?fit=2000%2C1500\\u0026ssl=1&quot;,&quot;id&quot;:&quot;33929&quot;,&quot;title&quot;:&quot;20220304_151539&quot;,&quot;alt&quot;:&quot;&quot;,&quot;caption&quot;:&quot;&quot;,&quot;itemprop&quot;:&quot;image&quot;},{&quot;src&quot;:&quot;https:\\\/\\\/i0.wp.com\\\/cloud.alqueria.es\\\/wp-content\\\/uploads\\\/sites\\\/8\\\/2022\\\/03\\\/20220304_151630.jpg?fit=2000%2C1500\\u0026ssl=1&quot;,&quot;id&quot;:&quot;33930&quot;,&quot;title&quot;:&quot;20220304_151630&quot;,&quot;alt&quot;:&quot;&quot;,&quot;caption&quot;:&quot;&quot;,&quot;itemprop&quot;:&quot;image&quot;},{&quot;src&quot;:&quot;https:\\\/\\\/i0.wp.com\\\/cloud.alqueria.es\\\/wp-content\\\/uploads\\\/sites\\\/8\\\/2022\\\/03\\\/20220304_151725.jpg?fit=2000%2C1500\\u0026ssl=1&quot;,&quot;id&quot;:&quot;33931&quot;,&quot;title&quot;:&quot;20220304_151725&quot;,&quot;alt&quot;:&quot;&quot;,&quot;caption&quot;:&quot;&quot;,&quot;itemprop&quot;:&quot;image&quot;}]\" itemscope itemtype=\"https:\/\/schema.org\/ImageGallery\"><\/div>\n<p>Seguiremos investigando acerca de las plantas y por supuesto, interaccionando de manera vivencial y significativa.<\/p>\n<p>\u00a1Hasta pronto!<\/p>\n<p>Esther Justicia.<\/p>\n","protected":false},"excerpt":{"rendered":"<p>Hoy iniciamos este proyecto de ciclo (adaptado a cada uno de los niveles del mismo) que se lleva acometiendo desde hace m\u00e1s de 20 a\u00f1os en nuestro colegio, siempre encuadrado dentro de la programaci\u00f3n medioambiental, pero \u00edntimamente conectado con todas las \u00e1reas de desarrollo y otros \u00e1mbitos de conocimiento. Un proyecto que abarca aproximadamente dos &hellip; <a href=\"https:\/\/www.alqueria.es\/blogs\/alqueriarojaverde\/2022\/03\/07\/comenzamos-el-proyecto-de-trabajo-el-vivero\/\" class=\"more-link\">Seguir leyendo <span class=\"screen-reader-text\">COMENZAMOS EL PROYECTO DE TRABAJO \u00abEL VIVERO\u00bb<\/span> <span class=\"meta-nav\">&rarr;<\/span><\/a><\/p>\n","protected":false},"author":19,"featured_media":0,"comment_status":"open","ping_status":"open","sticky":false,"template":"","format":"standard","meta":{"jetpack_post_was_ever_published":false,"_jetpack_newsletter_access":"","_jetpack_dont_email_post_to_subs":false,"_jetpack_newsletter_tier_id":0,"_jetpack_memberships_contains_paywalled_content":false,"_jetpack_memberships_contains_paid_content":false,"footnotes":"","jetpack_publicize_message":"","jetpack_publicize_feature_enabled":true,"jetpack_social_post_already_shared":true,"jetpack_social_options":{"image_generator_settings":{"template":"highway","default_image_id":0,"font":"","enabled":false},"version":2}},"categories":[7,13,1],"tags":[1370,1369,390,1371,144],"class_list":["post-33926","post","type-post","status-publish","format-standard","hentry","category-clase-verde-5-6-anos","category-inicio","category-sin-categoria","tag-abp-para-infantil-el-vivero","tag-educacion-mediambiental","tag-partes-de-una-planta","tag-propiedades-de-las-plantas","tag-vivero-infantil"],"jetpack_publicize_connections":[],"jetpack_featured_media_url":"","jetpack_sharing_enabled":true,"jetpack_shortlink":"https:\/\/wp.me\/p4lFbP-8Pc","_links":{"self":[{"href":"https:\/\/www.alqueria.es\/blogs\/alqueriarojaverde\/wp-json\/wp\/v2\/posts\/33926","targetHints":{"allow":["GET"]}}],"collection":[{"href":"https:\/\/www.alqueria.es\/blogs\/alqueriarojaverde\/wp-json\/wp\/v2\/posts"}],"about":[{"href":"https:\/\/www.alqueria.es\/blogs\/alqueriarojaverde\/wp-json\/wp\/v2\/types\/post"}],"author":[{"embeddable":true,"href":"https:\/\/www.alqueria.es\/blogs\/alqueriarojaverde\/wp-json\/wp\/v2\/users\/19"}],"replies":[{"embeddable":true,"href":"https:\/\/www.alqueria.es\/blogs\/alqueriarojaverde\/wp-json\/wp\/v2\/comments?post=33926"}],"version-history":[{"count":4,"href":"https:\/\/www.alqueria.es\/blogs\/alqueriarojaverde\/wp-json\/wp\/v2\/posts\/33926\/revisions"}],"predecessor-version":[{"id":33948,"href":"https:\/\/www.alqueria.es\/blogs\/alqueriarojaverde\/wp-json\/wp\/v2\/posts\/33926\/revisions\/33948"}],"wp:attachment":[{"href":"https:\/\/www.alqueria.es\/blogs\/alqueriarojaverde\/wp-json\/wp\/v2\/media?parent=33926"}],"wp:term":[{"taxonomy":"category","embeddable":true,"href":"https:\/\/www.alqueria.es\/blogs\/alqueriarojaverde\/wp-json\/wp\/v2\/categories?post=33926"},{"taxonomy":"post_tag","embeddable":true,"href":"https:\/\/www.alqueria.es\/blogs\/alqueriarojaverde\/wp-json\/wp\/v2\/tags?post=33926"}],"curies":[{"name":"wp","href":"https:\/\/api.w.org\/{rel}","templated":true}]}}