{"id":34752,"date":"2022-04-25T17:20:17","date_gmt":"2022-04-25T15:20:17","guid":{"rendered":"https:\/\/www.alqueria.es\/blogs\/alqueriarojaverde\/?p=34752"},"modified":"2022-04-25T17:28:00","modified_gmt":"2022-04-25T15:28:00","slug":"inauguracion-semana-de-la-lectura-2","status":"publish","type":"post","link":"https:\/\/www.alqueria.es\/blogs\/alqueriarojaverde\/2022\/04\/25\/inauguracion-semana-de-la-lectura-2\/","title":{"rendered":"INAUGURACI\u00d3N SEMANA DE LA LECTURA"},"content":{"rendered":"<p><em><strong><span style=\"color: #ff00ff\"><img data-recalc-dims=\"1\" decoding=\"async\" data-attachment-id=\"34843\" data-permalink=\"https:\/\/www.alqueria.es\/blogs\/alqueriarojaverde\/2022\/04\/25\/inauguracion-semana-de-la-lectura-2\/091ccd5f8899394f47b95773362c97a2\/\" data-orig-file=\"https:\/\/i0.wp.com\/cloud.alqueria.es\/wp-content\/uploads\/sites\/8\/2022\/04\/091ccd5f8899394f47b95773362c97a2.jpg?fit=606%2C1554&amp;ssl=1\" data-orig-size=\"606,1554\" data-comments-opened=\"1\" data-image-meta=\"{&quot;aperture&quot;:&quot;0&quot;,&quot;credit&quot;:&quot;&quot;,&quot;camera&quot;:&quot;&quot;,&quot;caption&quot;:&quot;&quot;,&quot;created_timestamp&quot;:&quot;0&quot;,&quot;copyright&quot;:&quot;&quot;,&quot;focal_length&quot;:&quot;0&quot;,&quot;iso&quot;:&quot;0&quot;,&quot;shutter_speed&quot;:&quot;0&quot;,&quot;title&quot;:&quot;&quot;,&quot;orientation&quot;:&quot;0&quot;}\" data-image-title=\"091ccd5f8899394f47b95773362c97a2\" data-image-description=\"\" data-image-caption=\"\" data-large-file=\"https:\/\/i0.wp.com\/cloud.alqueria.es\/wp-content\/uploads\/sites\/8\/2022\/04\/091ccd5f8899394f47b95773362c97a2.jpg?fit=399%2C1024&amp;ssl=1\" class=\"alignleft size-medium wp-image-34843\" src=\"https:\/\/i0.wp.com\/cloud.alqueria.es\/wp-content\/uploads\/sites\/8\/2022\/04\/091ccd5f8899394f47b95773362c97a2-117x300.jpg?resize=117%2C300&#038;ssl=1\" alt=\"\" width=\"117\" height=\"300\" srcset=\"https:\/\/cloud.alqueria.es\/wp-content\/uploads\/sites\/8\/2022\/04\/091ccd5f8899394f47b95773362c97a2.jpg 117w, https:\/\/cloud.alqueria.es\/wp-content\/uploads\/sites\/8\/2022\/04\/091ccd5f8899394f47b95773362c97a2.jpg 399w, https:\/\/cloud.alqueria.es\/wp-content\/uploads\/sites\/8\/2022\/04\/091ccd5f8899394f47b95773362c97a2.jpg 599w, https:\/\/cloud.alqueria.es\/wp-content\/uploads\/sites\/8\/2022\/04\/091ccd5f8899394f47b95773362c97a2.jpg 606w\" sizes=\"(max-width: 117px) 100vw, 117px\" \/>Damos comienzo hoy a una celebraci\u00f3n muy especial; <span style=\"color: #0000ff\">\u00abLA SEMANA DE LA LECTURA EN INFANTIL\u00bb. <\/span><\/span><\/strong><\/em><\/p>\n<p>A lo largo de estos cinco d\u00edas, dedicados exclusivamente a fomentar al acercamiento y gusto por la lectura (en su acepci\u00f3n m\u00e1s amplia), viajaremos a trav\u00e9s de los cuentos, historias y leyendas hasta lugares rec\u00f3nditos de nuestra imaginaci\u00f3n.<\/p>\n<p>Disfrutaremos, junto a toda la etapa, de numerosas actividades con intenci\u00f3n de crear un ambiente\u00a0 generador de actitudes lectoras, que invite al desarrollo de un pensamiento creativo, que aumente la imaginaci\u00f3n y sobre todo, que haga disfrutar al alumnado. Acercaremos al alumnado a ella por medio de distintos formatos y\/o medios como el yoga, la escenificaci\u00f3n, el movimiento, los medios audio-visuales, la emoci\u00f3n, la m\u00fasica y, como no, las entra\u00f1ables narraciones de nuestros abuelos y abuelas.\u00a0 \u00a0Para ello hemos preparado un programa muy completo de experiencias basadas mayoritariamente en colaboraciones familiares y que tambi\u00e9n incluye un proyecto alfab\u00e9tico espec\u00edfico y diferente en cada aula.<\/p>\n<p><img data-recalc-dims=\"1\" decoding=\"async\" data-attachment-id=\"34844\" data-permalink=\"https:\/\/www.alqueria.es\/blogs\/alqueriarojaverde\/2022\/04\/25\/inauguracion-semana-de-la-lectura-2\/e3fa84e759fc949983bd28bc90707500\/\" data-orig-file=\"https:\/\/i0.wp.com\/cloud.alqueria.es\/wp-content\/uploads\/sites\/8\/2022\/04\/e3fa84e759fc949983bd28bc90707500.jpg?fit=735%2C439&amp;ssl=1\" data-orig-size=\"735,439\" data-comments-opened=\"1\" data-image-meta=\"{&quot;aperture&quot;:&quot;0&quot;,&quot;credit&quot;:&quot;&quot;,&quot;camera&quot;:&quot;&quot;,&quot;caption&quot;:&quot;&quot;,&quot;created_timestamp&quot;:&quot;0&quot;,&quot;copyright&quot;:&quot;&quot;,&quot;focal_length&quot;:&quot;0&quot;,&quot;iso&quot;:&quot;0&quot;,&quot;shutter_speed&quot;:&quot;0&quot;,&quot;title&quot;:&quot;&quot;,&quot;orientation&quot;:&quot;0&quot;}\" data-image-title=\"e3fa84e759fc949983bd28bc90707500\" data-image-description=\"\" data-image-caption=\"\" data-large-file=\"https:\/\/i0.wp.com\/cloud.alqueria.es\/wp-content\/uploads\/sites\/8\/2022\/04\/e3fa84e759fc949983bd28bc90707500.jpg?fit=474%2C283&amp;ssl=1\" class=\"aligncenter size-medium wp-image-34844\" src=\"https:\/\/i0.wp.com\/cloud.alqueria.es\/wp-content\/uploads\/sites\/8\/2022\/04\/e3fa84e759fc949983bd28bc90707500-300x179.jpg?resize=300%2C179&#038;ssl=1\" alt=\"\" width=\"300\" height=\"179\" srcset=\"https:\/\/cloud.alqueria.es\/wp-content\/uploads\/sites\/8\/2022\/04\/e3fa84e759fc949983bd28bc90707500.jpg 300w, https:\/\/cloud.alqueria.es\/wp-content\/uploads\/sites\/8\/2022\/04\/e3fa84e759fc949983bd28bc90707500.jpg 735w\" sizes=\"(max-width: 300px) 100vw, 300px\" \/><\/p>\n<p><img data-recalc-dims=\"1\" decoding=\"async\" data-attachment-id=\"34828\" data-permalink=\"https:\/\/www.alqueria.es\/blogs\/alqueriarojaverde\/2022\/04\/25\/inauguracion-semana-de-la-lectura-2\/img-20220425-wa0005\/\" data-orig-file=\"https:\/\/i0.wp.com\/cloud.alqueria.es\/wp-content\/uploads\/sites\/8\/2022\/04\/IMG-20220425-WA0005.jpg?fit=2000%2C1500&amp;ssl=1\" data-orig-size=\"2000,1500\" data-comments-opened=\"1\" data-image-meta=\"{&quot;aperture&quot;:&quot;0&quot;,&quot;credit&quot;:&quot;&quot;,&quot;camera&quot;:&quot;&quot;,&quot;caption&quot;:&quot;&quot;,&quot;created_timestamp&quot;:&quot;0&quot;,&quot;copyright&quot;:&quot;&quot;,&quot;focal_length&quot;:&quot;0&quot;,&quot;iso&quot;:&quot;0&quot;,&quot;shutter_speed&quot;:&quot;0&quot;,&quot;title&quot;:&quot;&quot;,&quot;orientation&quot;:&quot;0&quot;}\" data-image-title=\"IMG-20220425-WA0005\" data-image-description=\"\" data-image-caption=\"\" data-large-file=\"https:\/\/i0.wp.com\/cloud.alqueria.es\/wp-content\/uploads\/sites\/8\/2022\/04\/IMG-20220425-WA0005.jpg?fit=474%2C356&amp;ssl=1\" class=\"alignright size-medium wp-image-34828\" src=\"https:\/\/i0.wp.com\/cloud.alqueria.es\/wp-content\/uploads\/sites\/8\/2022\/04\/IMG-20220425-WA0005-300x225.jpg?resize=300%2C225&#038;ssl=1\" alt=\"\" width=\"300\" height=\"225\" srcset=\"https:\/\/cloud.alqueria.es\/wp-content\/uploads\/sites\/8\/2022\/04\/IMG-20220425-WA0005.jpg 300w, https:\/\/cloud.alqueria.es\/wp-content\/uploads\/sites\/8\/2022\/04\/IMG-20220425-WA0005.jpg 1024w, https:\/\/cloud.alqueria.es\/wp-content\/uploads\/sites\/8\/2022\/04\/IMG-20220425-WA0005.jpg 768w, https:\/\/cloud.alqueria.es\/wp-content\/uploads\/sites\/8\/2022\/04\/IMG-20220425-WA0005.jpg 1536w, https:\/\/cloud.alqueria.es\/wp-content\/uploads\/sites\/8\/2022\/04\/IMG-20220425-WA0005.jpg 2000w, https:\/\/cloud.alqueria.es\/wp-content\/uploads\/sites\/8\/2022\/04\/IMG-20220425-WA0005.jpg 948w, https:\/\/cloud.alqueria.es\/wp-content\/uploads\/sites\/8\/2022\/04\/IMG-20220425-WA0005.jpg 1422w\" sizes=\"(max-width: 300px) 100vw, 300px\" \/>La actividad elegida para<span style=\"color: #ff6600\"><strong> inaugurar<\/strong><\/span> esta inolvidable semana ha sido un <span style=\"color: #ff6600\"><em>YOGA-CUENTO,<\/em><\/span> a cargo de nuestra profesora especialista de esta disciplina en el centro, Isabel. El cuento tiene por t\u00edtulo<span style=\"color: #ff6600\"> <em><strong>\u00abLa tribu de los butanix, los habitantes de But\u00e1n\u00bb\u00a0<\/strong><\/em><\/span><\/p>\n<p>De manera paralela a la narraci\u00f3n, que comienza con el despertar de los habitantes de la tribu, Isabel va realizando distintas<em><span style=\"color: #000000\"><strong> \u00abasanas\u00bb<\/strong><\/span><\/em> (posturas de yoga) para ir despertando los sentidos, volvi\u00e9ndonos algo m\u00e1s flexibles, ir tomando conciencia de nuestro cuerpo, y finalmente , a trav\u00e9s de los <em><strong><span style=\"color: #000000\">\u00abpranayamas\u00bb<\/span><\/strong><\/em> (ejercicios de respiraci\u00f3n que inducen a la concentraci\u00f3n) centrarnos en nuestra respiraci\u00f3n. Nosotros vamos siguiendo la trama mientras imitamos todas las posturas que hace Isabel (saludo al sol, el guerrero, la cobra, la serpiente, la rana, perro boca abajo, el \u00e1rbol&#8230;) En algunos momentos del cuento, ha incluido peque\u00f1as canciones a modo de <em><strong><span style=\"color: #000000\">\u00abmantras\u00bb<\/span><\/strong><\/em> para captar toda la energ\u00eda del saludo al sol, recordar posturas e incluso para ahuyentar miedos.<\/p>\n<p class=\"jetpack-slideshow-noscript robots-nocontent\">El pase de diapositivas requiere JavaScript.<\/p><div id=\"gallery-34752-1-slideshow\" class=\"jetpack-slideshow-window jetpack-slideshow jetpack-slideshow-black\" data-trans=\"fade\" data-autostart=\"1\" data-gallery=\"[{&quot;src&quot;:&quot;https:\\\/\\\/i0.wp.com\\\/cloud.alqueria.es\\\/wp-content\\\/uploads\\\/sites\\\/8\\\/2022\\\/04\\\/IMG-20220425-WA0006.jpg?fit=2000%2C1500\\u0026ssl=1&quot;,&quot;id&quot;:&quot;34831&quot;,&quot;title&quot;:&quot;IMG-20220425-WA0006&quot;,&quot;alt&quot;:&quot;&quot;,&quot;caption&quot;:&quot;&quot;,&quot;itemprop&quot;:&quot;image&quot;},{&quot;src&quot;:&quot;https:\\\/\\\/i0.wp.com\\\/cloud.alqueria.es\\\/wp-content\\\/uploads\\\/sites\\\/8\\\/2022\\\/04\\\/IMG_20220425_105522.jpg?fit=1877%2C2500\\u0026ssl=1&quot;,&quot;id&quot;:&quot;34834&quot;,&quot;title&quot;:&quot;IMG_20220425_105522&quot;,&quot;alt&quot;:&quot;&quot;,&quot;caption&quot;:&quot;&quot;,&quot;itemprop&quot;:&quot;image&quot;},{&quot;src&quot;:&quot;https:\\\/\\\/i0.wp.com\\\/cloud.alqueria.es\\\/wp-content\\\/uploads\\\/sites\\\/8\\\/2022\\\/04\\\/IMG-20220425-WA0013.jpg?fit=1600%2C1200\\u0026ssl=1&quot;,&quot;id&quot;:&quot;34838&quot;,&quot;title&quot;:&quot;IMG-20220425-WA0013&quot;,&quot;alt&quot;:&quot;&quot;,&quot;caption&quot;:&quot;&quot;,&quot;itemprop&quot;:&quot;image&quot;},{&quot;src&quot;:&quot;https:\\\/\\\/i0.wp.com\\\/cloud.alqueria.es\\\/wp-content\\\/uploads\\\/sites\\\/8\\\/2022\\\/04\\\/IMG-20220425-WA0004.jpg?fit=2000%2C1500\\u0026ssl=1&quot;,&quot;id&quot;:&quot;34829&quot;,&quot;title&quot;:&quot;IMG-20220425-WA0004&quot;,&quot;alt&quot;:&quot;&quot;,&quot;caption&quot;:&quot;&quot;,&quot;itemprop&quot;:&quot;image&quot;},{&quot;src&quot;:&quot;https:\\\/\\\/i0.wp.com\\\/cloud.alqueria.es\\\/wp-content\\\/uploads\\\/sites\\\/8\\\/2022\\\/04\\\/IMG-20220425-WA0010.jpg?fit=1600%2C1200\\u0026ssl=1&quot;,&quot;id&quot;:&quot;34839&quot;,&quot;title&quot;:&quot;IMG-20220425-WA0010&quot;,&quot;alt&quot;:&quot;&quot;,&quot;caption&quot;:&quot;&quot;,&quot;itemprop&quot;:&quot;image&quot;},{&quot;src&quot;:&quot;https:\\\/\\\/i0.wp.com\\\/cloud.alqueria.es\\\/wp-content\\\/uploads\\\/sites\\\/8\\\/2022\\\/04\\\/IMG_20220425_104841.jpg?fit=1877%2C2500\\u0026ssl=1&quot;,&quot;id&quot;:&quot;34833&quot;,&quot;title&quot;:&quot;IMG_20220425_104841&quot;,&quot;alt&quot;:&quot;&quot;,&quot;caption&quot;:&quot;&quot;,&quot;itemprop&quot;:&quot;image&quot;},{&quot;src&quot;:&quot;https:\\\/\\\/i0.wp.com\\\/cloud.alqueria.es\\\/wp-content\\\/uploads\\\/sites\\\/8\\\/2022\\\/04\\\/IMG-20220425-WA0011.jpg?fit=1600%2C1200\\u0026ssl=1&quot;,&quot;id&quot;:&quot;34837&quot;,&quot;title&quot;:&quot;IMG-20220425-WA0011&quot;,&quot;alt&quot;:&quot;&quot;,&quot;caption&quot;:&quot;&quot;,&quot;itemprop&quot;:&quot;image&quot;},{&quot;src&quot;:&quot;https:\\\/\\\/i0.wp.com\\\/cloud.alqueria.es\\\/wp-content\\\/uploads\\\/sites\\\/8\\\/2022\\\/04\\\/IMG_20220425_110212.jpg?fit=1877%2C2500\\u0026ssl=1&quot;,&quot;id&quot;:&quot;34832&quot;,&quot;title&quot;:&quot;IMG_20220425_110212&quot;,&quot;alt&quot;:&quot;&quot;,&quot;caption&quot;:&quot;&quot;,&quot;itemprop&quot;:&quot;image&quot;},{&quot;src&quot;:&quot;https:\\\/\\\/i0.wp.com\\\/cloud.alqueria.es\\\/wp-content\\\/uploads\\\/sites\\\/8\\\/2022\\\/04\\\/IMG-20220425-WA0012.jpg?fit=1600%2C1200\\u0026ssl=1&quot;,&quot;id&quot;:&quot;34836&quot;,&quot;title&quot;:&quot;IMG-20220425-WA0012&quot;,&quot;alt&quot;:&quot;&quot;,&quot;caption&quot;:&quot;&quot;,&quot;itemprop&quot;:&quot;image&quot;},{&quot;src&quot;:&quot;https:\\\/\\\/i0.wp.com\\\/cloud.alqueria.es\\\/wp-content\\\/uploads\\\/sites\\\/8\\\/2022\\\/04\\\/IMG-20220425-WA0007.jpg?fit=2000%2C1500\\u0026ssl=1&quot;,&quot;id&quot;:&quot;34830&quot;,&quot;title&quot;:&quot;IMG-20220425-WA0007&quot;,&quot;alt&quot;:&quot;&quot;,&quot;caption&quot;:&quot;&quot;,&quot;itemprop&quot;:&quot;image&quot;}]\" itemscope itemtype=\"https:\/\/schema.org\/ImageGallery\"><\/div>\n<p>A ver qu\u00e9 tal recuerdan vuestros peques la historia esta tarde, estamos seguras que bastante bien \u00a1invitadlos a leer el blog con vosotros!<\/p>\n<p>De todas formas os dejamos estos peque\u00f1os fragmentos, para que os hag\u00e1is una idea del transcurso de la actividad.<\/p>\n<p><div class=\"a25-CTUOC-hidding-box\" data-original-content=\"&lt;iframe loading=&quot;lazy&quot; title=&quot;La tribu de los butanix, los habitantes de But\u00e1n&quot; src=&quot;https:\/\/player.vimeo.com\/video\/702828881?dnt=1&amp;amp;app_id=122963&quot; width=&quot;474&quot; height=&quot;267&quot; frameborder=&quot;0&quot; allow=&quot;autoplay; fullscreen; picture-in-picture; clipboard-write&quot;&gt;&lt;\/iframe&gt;\">Esta p\u00e1gina incluye contenido multimedia que requiere aceptar todas las cookies. Pulse aqu\u00ed para abrir la configuraci\u00f3n de cookies.<\/div><\/p>\n<p>&nbsp;<\/p>\n<p><div class=\"a25-CTUOC-hidding-box\" data-original-content=\"&lt;iframe loading=&quot;lazy&quot; title=&quot;Yoga-cuento&quot; src=&quot;https:\/\/player.vimeo.com\/video\/702822833?dnt=1&amp;amp;app_id=122963&quot; width=&quot;474&quot; height=&quot;261&quot; frameborder=&quot;0&quot; allow=&quot;autoplay; fullscreen; picture-in-picture; clipboard-write&quot;&gt;&lt;\/iframe&gt;\">Esta p\u00e1gina incluye contenido multimedia que requiere aceptar todas las cookies. Pulse aqu\u00ed para abrir la configuraci\u00f3n de cookies.<\/div><\/p>\n<p><img data-recalc-dims=\"1\" decoding=\"async\" data-attachment-id=\"34842\" data-permalink=\"https:\/\/www.alqueria.es\/blogs\/alqueriarojaverde\/2022\/04\/25\/inauguracion-semana-de-la-lectura-2\/4ee06da0a77991fcb9599853d330731c\/\" data-orig-file=\"https:\/\/i0.wp.com\/cloud.alqueria.es\/wp-content\/uploads\/sites\/8\/2022\/04\/4ee06da0a77991fcb9599853d330731c.jpg?fit=440%2C446&amp;ssl=1\" data-orig-size=\"440,446\" data-comments-opened=\"1\" data-image-meta=\"{&quot;aperture&quot;:&quot;0&quot;,&quot;credit&quot;:&quot;&quot;,&quot;camera&quot;:&quot;&quot;,&quot;caption&quot;:&quot;&quot;,&quot;created_timestamp&quot;:&quot;0&quot;,&quot;copyright&quot;:&quot;&quot;,&quot;focal_length&quot;:&quot;0&quot;,&quot;iso&quot;:&quot;0&quot;,&quot;shutter_speed&quot;:&quot;0&quot;,&quot;title&quot;:&quot;&quot;,&quot;orientation&quot;:&quot;0&quot;}\" data-image-title=\"4ee06da0a77991fcb9599853d330731c\" data-image-description=\"\" data-image-caption=\"\" data-large-file=\"https:\/\/i0.wp.com\/cloud.alqueria.es\/wp-content\/uploads\/sites\/8\/2022\/04\/4ee06da0a77991fcb9599853d330731c.jpg?fit=440%2C446&amp;ssl=1\" class=\"alignleft size-medium wp-image-34842\" src=\"https:\/\/i0.wp.com\/cloud.alqueria.es\/wp-content\/uploads\/sites\/8\/2022\/04\/4ee06da0a77991fcb9599853d330731c-296x300.jpg?resize=296%2C300&#038;ssl=1\" alt=\"\" width=\"296\" height=\"300\" srcset=\"https:\/\/cloud.alqueria.es\/wp-content\/uploads\/sites\/8\/2022\/04\/4ee06da0a77991fcb9599853d330731c.jpg 296w, https:\/\/cloud.alqueria.es\/wp-content\/uploads\/sites\/8\/2022\/04\/4ee06da0a77991fcb9599853d330731c.jpg 440w\" sizes=\"(max-width: 296px) 100vw, 296px\" \/>Por la tarde, el <em><span style=\"color: #ff0000\">grupo rojo<\/span> <\/em>asiste a las especiales <strong><span style=\"color: #ff0000\">narraciones familiares<\/span><\/strong> de varios abuelos del grupo y una tita.<\/p>\n<p>Ni que decir tiene la alta significatividad que tiene para nuestros peques el ver a sus familiares colaborar en el colegio y poder compartir con el resto del grupo estas bonitas historias \u00a1son experiencias para el recuerdo! Estos han sido los t\u00edtulos escogidos para hoy:<\/p>\n<ul>\n<li style=\"text-align: left\"><em><span style=\"color: #ff0000\">\u00abCosas de bruja\u00bb.\u00a0<\/span><\/em><\/li>\n<li><em><span style=\"color: #ff0000\">\u00abIntrusos\u00bb.<\/span><\/em><\/li>\n<li><em><span style=\"color: #ff0000\">\u00abEl hilo invisible\u00bb.<\/span><\/em><\/li>\n<\/ul>\n<div class=\"tiled-gallery type-circle tiled-gallery-unresized\" data-original-width=\"474\" data-carousel-extra='{&quot;blog_id&quot;:8,&quot;permalink&quot;:&quot;https:\\\/\\\/www.alqueria.es\\\/blogs\\\/alqueriarojaverde\\\/2022\\\/04\\\/25\\\/inauguracion-semana-de-la-lectura-2\\\/&quot;,&quot;likes_blog_id&quot;:64268569}' itemscope itemtype=\"http:\/\/schema.org\/ImageGallery\" > <div class=\"gallery-row\" style=\"width: 474px; height: 158px;\" data-original-width=\"474\" data-original-height=\"158\" > <div class=\"gallery-group\" style=\"width: 158px; height: 158px;\" data-original-width=\"158\" data-original-height=\"158\" > <div class=\"tiled-gallery-item \" itemprop=\"associatedMedia\" itemscope itemtype=\"http:\/\/schema.org\/ImageObject\"> <a href=\"https:\/\/www.alqueria.es\/blogs\/alqueriarojaverde\/2022\/04\/25\/inauguracion-semana-de-la-lectura-2\/img-20220425-wa0020\/\" border=\"0\" itemprop=\"url\"> <meta itemprop=\"width\" content=\"154\"> <meta itemprop=\"height\" content=\"154\"> <img decoding=\"async\" class=\"\" data-attachment-id=\"34852\" data-orig-file=\"https:\/\/cloud.alqueria.es\/wp-content\/uploads\/sites\/8\/2022\/04\/IMG-20220425-WA0020.jpg\" data-orig-size=\"1201,1600\" data-comments-opened=\"1\" data-image-meta=\"{&quot;aperture&quot;:&quot;0&quot;,&quot;credit&quot;:&quot;&quot;,&quot;camera&quot;:&quot;&quot;,&quot;caption&quot;:&quot;&quot;,&quot;created_timestamp&quot;:&quot;0&quot;,&quot;copyright&quot;:&quot;&quot;,&quot;focal_length&quot;:&quot;0&quot;,&quot;iso&quot;:&quot;0&quot;,&quot;shutter_speed&quot;:&quot;0&quot;,&quot;title&quot;:&quot;&quot;,&quot;orientation&quot;:&quot;0&quot;}\" data-image-title=\"IMG-20220425-WA0020\" data-image-description=\"\" data-medium-file=\"https:\/\/i0.wp.com\/cloud.alqueria.es\/wp-content\/uploads\/sites\/8\/2022\/04\/IMG-20220425-WA0020.jpg?fit=225%2C300&#038;ssl=1\" data-large-file=\"https:\/\/i0.wp.com\/cloud.alqueria.es\/wp-content\/uploads\/sites\/8\/2022\/04\/IMG-20220425-WA0020.jpg?fit=474%2C631&#038;ssl=1\" src=\"https:\/\/i0.wp.com\/cloud.alqueria.es\/wp-content\/uploads\/sites\/8\/2022\/04\/IMG-20220425-WA0020.jpg?w=154&#038;h=154&#038;crop=1&#038;ssl=1\" srcset=\"https:\/\/cloud.alqueria.es\/wp-content\/uploads\/sites\/8\/2022\/04\/IMG-20220425-WA0020.jpg 150w, https:\/\/cloud.alqueria.es\/wp-content\/uploads\/sites\/8\/2022\/04\/IMG-20220425-WA0020.jpg 308w, https:\/\/cloud.alqueria.es\/wp-content\/uploads\/sites\/8\/2022\/04\/IMG-20220425-WA0020.jpg 462w\" width=\"154\" height=\"154\" loading=\"lazy\" data-original-width=\"154\" data-original-height=\"154\" itemprop=\"http:\/\/schema.org\/image\" title=\"IMG-20220425-WA0020\" alt=\"IMG-20220425-WA0020\" style=\"width: 154px; height: 154px;\" \/> <\/a> <\/div> <\/div> <div class=\"gallery-group\" style=\"width: 158px; height: 158px;\" data-original-width=\"158\" data-original-height=\"158\" > <div class=\"tiled-gallery-item \" itemprop=\"associatedMedia\" itemscope itemtype=\"http:\/\/schema.org\/ImageObject\"> <a href=\"https:\/\/www.alqueria.es\/blogs\/alqueriarojaverde\/2022\/04\/25\/inauguracion-semana-de-la-lectura-2\/img-20220425-wa0018\/\" border=\"0\" itemprop=\"url\"> <meta itemprop=\"width\" content=\"154\"> <meta itemprop=\"height\" content=\"154\"> <img decoding=\"async\" class=\"\" data-attachment-id=\"34854\" data-orig-file=\"https:\/\/cloud.alqueria.es\/wp-content\/uploads\/sites\/8\/2022\/04\/IMG-20220425-WA0018.jpg\" data-orig-size=\"915,1600\" data-comments-opened=\"1\" data-image-meta=\"{&quot;aperture&quot;:&quot;0&quot;,&quot;credit&quot;:&quot;&quot;,&quot;camera&quot;:&quot;&quot;,&quot;caption&quot;:&quot;&quot;,&quot;created_timestamp&quot;:&quot;0&quot;,&quot;copyright&quot;:&quot;&quot;,&quot;focal_length&quot;:&quot;0&quot;,&quot;iso&quot;:&quot;0&quot;,&quot;shutter_speed&quot;:&quot;0&quot;,&quot;title&quot;:&quot;&quot;,&quot;orientation&quot;:&quot;0&quot;}\" data-image-title=\"IMG-20220425-WA0018\" data-image-description=\"\" data-medium-file=\"https:\/\/i0.wp.com\/cloud.alqueria.es\/wp-content\/uploads\/sites\/8\/2022\/04\/IMG-20220425-WA0018.jpg?fit=172%2C300&#038;ssl=1\" data-large-file=\"https:\/\/i0.wp.com\/cloud.alqueria.es\/wp-content\/uploads\/sites\/8\/2022\/04\/IMG-20220425-WA0018.jpg?fit=474%2C828&#038;ssl=1\" src=\"https:\/\/i0.wp.com\/cloud.alqueria.es\/wp-content\/uploads\/sites\/8\/2022\/04\/IMG-20220425-WA0018.jpg?w=154&#038;h=154&#038;crop=1&#038;ssl=1\" srcset=\"https:\/\/cloud.alqueria.es\/wp-content\/uploads\/sites\/8\/2022\/04\/IMG-20220425-WA0018.jpg 150w, https:\/\/cloud.alqueria.es\/wp-content\/uploads\/sites\/8\/2022\/04\/IMG-20220425-WA0018.jpg 308w, https:\/\/cloud.alqueria.es\/wp-content\/uploads\/sites\/8\/2022\/04\/IMG-20220425-WA0018.jpg 462w\" width=\"154\" height=\"154\" loading=\"lazy\" data-original-width=\"154\" data-original-height=\"154\" itemprop=\"http:\/\/schema.org\/image\" title=\"IMG-20220425-WA0018\" alt=\"IMG-20220425-WA0018\" style=\"width: 154px; height: 154px;\" \/> <\/a> <\/div> <\/div> <div class=\"gallery-group\" style=\"width: 158px; height: 158px;\" data-original-width=\"158\" data-original-height=\"158\" > <div class=\"tiled-gallery-item \" itemprop=\"associatedMedia\" itemscope itemtype=\"http:\/\/schema.org\/ImageObject\"> <a href=\"https:\/\/www.alqueria.es\/blogs\/alqueriarojaverde\/2022\/04\/25\/inauguracion-semana-de-la-lectura-2\/img-20220425-wa0022\/\" border=\"0\" itemprop=\"url\"> <meta itemprop=\"width\" content=\"154\"> <meta itemprop=\"height\" content=\"154\"> <img decoding=\"async\" class=\"\" data-attachment-id=\"34850\" data-orig-file=\"https:\/\/cloud.alqueria.es\/wp-content\/uploads\/sites\/8\/2022\/04\/IMG-20220425-WA0022.jpg\" data-orig-size=\"840,1600\" data-comments-opened=\"1\" data-image-meta=\"{&quot;aperture&quot;:&quot;0&quot;,&quot;credit&quot;:&quot;&quot;,&quot;camera&quot;:&quot;&quot;,&quot;caption&quot;:&quot;&quot;,&quot;created_timestamp&quot;:&quot;0&quot;,&quot;copyright&quot;:&quot;&quot;,&quot;focal_length&quot;:&quot;0&quot;,&quot;iso&quot;:&quot;0&quot;,&quot;shutter_speed&quot;:&quot;0&quot;,&quot;title&quot;:&quot;&quot;,&quot;orientation&quot;:&quot;0&quot;}\" data-image-title=\"IMG-20220425-WA0022\" data-image-description=\"\" data-medium-file=\"https:\/\/i0.wp.com\/cloud.alqueria.es\/wp-content\/uploads\/sites\/8\/2022\/04\/IMG-20220425-WA0022.jpg?fit=158%2C300&#038;ssl=1\" data-large-file=\"https:\/\/i0.wp.com\/cloud.alqueria.es\/wp-content\/uploads\/sites\/8\/2022\/04\/IMG-20220425-WA0022.jpg?fit=474%2C902&#038;ssl=1\" src=\"https:\/\/i0.wp.com\/cloud.alqueria.es\/wp-content\/uploads\/sites\/8\/2022\/04\/IMG-20220425-WA0022.jpg?w=154&#038;h=154&#038;crop=1&#038;ssl=1\" srcset=\"https:\/\/cloud.alqueria.es\/wp-content\/uploads\/sites\/8\/2022\/04\/IMG-20220425-WA0022.jpg 150w, https:\/\/cloud.alqueria.es\/wp-content\/uploads\/sites\/8\/2022\/04\/IMG-20220425-WA0022.jpg 308w, https:\/\/cloud.alqueria.es\/wp-content\/uploads\/sites\/8\/2022\/04\/IMG-20220425-WA0022.jpg 462w\" width=\"154\" height=\"154\" loading=\"lazy\" data-original-width=\"154\" data-original-height=\"154\" itemprop=\"http:\/\/schema.org\/image\" title=\"IMG-20220425-WA0022\" alt=\"IMG-20220425-WA0022\" style=\"width: 154px; height: 154px;\" \/> <\/a> <\/div> <\/div> <\/div> <\/div>\n<div class=\"tiled-gallery type-square tiled-gallery-unresized\" data-original-width=\"474\" data-carousel-extra='{&quot;blog_id&quot;:8,&quot;permalink&quot;:&quot;https:\\\/\\\/www.alqueria.es\\\/blogs\\\/alqueriarojaverde\\\/2022\\\/04\\\/25\\\/inauguracion-semana-de-la-lectura-2\\\/&quot;,&quot;likes_blog_id&quot;:64268569}' itemscope itemtype=\"http:\/\/schema.org\/ImageGallery\" > <div class=\"gallery-row\" style=\"width: 474px; height: 237px;\" data-original-width=\"474\" data-original-height=\"237\" > <div class=\"gallery-group\" style=\"width: 237px; height: 237px;\" data-original-width=\"237\" data-original-height=\"237\" > <div class=\"tiled-gallery-item \" itemprop=\"associatedMedia\" itemscope itemtype=\"http:\/\/schema.org\/ImageObject\"> <a href=\"https:\/\/www.alqueria.es\/blogs\/alqueriarojaverde\/2022\/04\/25\/inauguracion-semana-de-la-lectura-2\/img-20220425-wa0024\/\" border=\"0\" itemprop=\"url\"> <meta itemprop=\"width\" content=\"233\"> <meta itemprop=\"height\" content=\"233\"> <img decoding=\"async\" class=\"\" data-attachment-id=\"34848\" data-orig-file=\"https:\/\/cloud.alqueria.es\/wp-content\/uploads\/sites\/8\/2022\/04\/IMG-20220425-WA0024.jpg\" data-orig-size=\"1201,1600\" data-comments-opened=\"1\" data-image-meta=\"{&quot;aperture&quot;:&quot;0&quot;,&quot;credit&quot;:&quot;&quot;,&quot;camera&quot;:&quot;&quot;,&quot;caption&quot;:&quot;&quot;,&quot;created_timestamp&quot;:&quot;0&quot;,&quot;copyright&quot;:&quot;&quot;,&quot;focal_length&quot;:&quot;0&quot;,&quot;iso&quot;:&quot;0&quot;,&quot;shutter_speed&quot;:&quot;0&quot;,&quot;title&quot;:&quot;&quot;,&quot;orientation&quot;:&quot;0&quot;}\" data-image-title=\"IMG-20220425-WA0024\" data-image-description=\"\" data-medium-file=\"https:\/\/i0.wp.com\/cloud.alqueria.es\/wp-content\/uploads\/sites\/8\/2022\/04\/IMG-20220425-WA0024.jpg?fit=225%2C300&#038;ssl=1\" data-large-file=\"https:\/\/i0.wp.com\/cloud.alqueria.es\/wp-content\/uploads\/sites\/8\/2022\/04\/IMG-20220425-WA0024.jpg?fit=474%2C631&#038;ssl=1\" src=\"https:\/\/i0.wp.com\/cloud.alqueria.es\/wp-content\/uploads\/sites\/8\/2022\/04\/IMG-20220425-WA0024.jpg?w=233&#038;h=233&#038;crop=1&#038;ssl=1\" srcset=\"https:\/\/cloud.alqueria.es\/wp-content\/uploads\/sites\/8\/2022\/04\/IMG-20220425-WA0024.jpg 150w, https:\/\/cloud.alqueria.es\/wp-content\/uploads\/sites\/8\/2022\/04\/IMG-20220425-WA0024.jpg 466w, https:\/\/cloud.alqueria.es\/wp-content\/uploads\/sites\/8\/2022\/04\/IMG-20220425-WA0024.jpg 699w\" width=\"233\" height=\"233\" loading=\"lazy\" data-original-width=\"233\" data-original-height=\"233\" itemprop=\"http:\/\/schema.org\/image\" title=\"IMG-20220425-WA0024\" alt=\"IMG-20220425-WA0024\" style=\"width: 233px; height: 233px;\" \/> <\/a> <\/div> <\/div> <div class=\"gallery-group\" style=\"width: 237px; height: 237px;\" data-original-width=\"237\" data-original-height=\"237\" > <div class=\"tiled-gallery-item \" itemprop=\"associatedMedia\" itemscope itemtype=\"http:\/\/schema.org\/ImageObject\"> <a href=\"https:\/\/www.alqueria.es\/blogs\/alqueriarojaverde\/2022\/04\/25\/inauguracion-semana-de-la-lectura-2\/img-20220425-wa0023\/\" border=\"0\" itemprop=\"url\"> <meta itemprop=\"width\" content=\"233\"> <meta itemprop=\"height\" content=\"233\"> <img decoding=\"async\" class=\"\" data-attachment-id=\"34849\" data-orig-file=\"https:\/\/cloud.alqueria.es\/wp-content\/uploads\/sites\/8\/2022\/04\/IMG-20220425-WA0023.jpg\" data-orig-size=\"1201,1600\" data-comments-opened=\"1\" data-image-meta=\"{&quot;aperture&quot;:&quot;0&quot;,&quot;credit&quot;:&quot;&quot;,&quot;camera&quot;:&quot;&quot;,&quot;caption&quot;:&quot;&quot;,&quot;created_timestamp&quot;:&quot;0&quot;,&quot;copyright&quot;:&quot;&quot;,&quot;focal_length&quot;:&quot;0&quot;,&quot;iso&quot;:&quot;0&quot;,&quot;shutter_speed&quot;:&quot;0&quot;,&quot;title&quot;:&quot;&quot;,&quot;orientation&quot;:&quot;0&quot;}\" data-image-title=\"IMG-20220425-WA0023\" data-image-description=\"\" data-medium-file=\"https:\/\/i0.wp.com\/cloud.alqueria.es\/wp-content\/uploads\/sites\/8\/2022\/04\/IMG-20220425-WA0023.jpg?fit=225%2C300&#038;ssl=1\" data-large-file=\"https:\/\/i0.wp.com\/cloud.alqueria.es\/wp-content\/uploads\/sites\/8\/2022\/04\/IMG-20220425-WA0023.jpg?fit=474%2C631&#038;ssl=1\" src=\"https:\/\/i0.wp.com\/cloud.alqueria.es\/wp-content\/uploads\/sites\/8\/2022\/04\/IMG-20220425-WA0023.jpg?w=233&#038;h=233&#038;crop=1&#038;ssl=1\" srcset=\"https:\/\/cloud.alqueria.es\/wp-content\/uploads\/sites\/8\/2022\/04\/IMG-20220425-WA0023.jpg 150w, https:\/\/cloud.alqueria.es\/wp-content\/uploads\/sites\/8\/2022\/04\/IMG-20220425-WA0023.jpg 466w, https:\/\/cloud.alqueria.es\/wp-content\/uploads\/sites\/8\/2022\/04\/IMG-20220425-WA0023.jpg 699w\" width=\"233\" height=\"233\" loading=\"lazy\" data-original-width=\"233\" data-original-height=\"233\" itemprop=\"http:\/\/schema.org\/image\" title=\"IMG-20220425-WA0023\" alt=\"IMG-20220425-WA0023\" style=\"width: 233px; height: 233px;\" \/> <\/a> <\/div> <\/div> <\/div> <div class=\"gallery-row\" style=\"width: 474px; height: 237px;\" data-original-width=\"474\" data-original-height=\"237\" > <div class=\"gallery-group\" style=\"width: 237px; height: 237px;\" data-original-width=\"237\" data-original-height=\"237\" > <div class=\"tiled-gallery-item \" itemprop=\"associatedMedia\" itemscope itemtype=\"http:\/\/schema.org\/ImageObject\"> <a href=\"https:\/\/www.alqueria.es\/blogs\/alqueriarojaverde\/2022\/04\/25\/inauguracion-semana-de-la-lectura-2\/img-20220425-wa0021\/\" border=\"0\" itemprop=\"url\"> <meta itemprop=\"width\" content=\"233\"> <meta itemprop=\"height\" content=\"233\"> <img decoding=\"async\" class=\"\" data-attachment-id=\"34851\" data-orig-file=\"https:\/\/cloud.alqueria.es\/wp-content\/uploads\/sites\/8\/2022\/04\/IMG-20220425-WA0021.jpg\" data-orig-size=\"1600,1201\" data-comments-opened=\"1\" data-image-meta=\"{&quot;aperture&quot;:&quot;0&quot;,&quot;credit&quot;:&quot;&quot;,&quot;camera&quot;:&quot;&quot;,&quot;caption&quot;:&quot;&quot;,&quot;created_timestamp&quot;:&quot;0&quot;,&quot;copyright&quot;:&quot;&quot;,&quot;focal_length&quot;:&quot;0&quot;,&quot;iso&quot;:&quot;0&quot;,&quot;shutter_speed&quot;:&quot;0&quot;,&quot;title&quot;:&quot;&quot;,&quot;orientation&quot;:&quot;0&quot;}\" data-image-title=\"IMG-20220425-WA0021\" data-image-description=\"\" data-medium-file=\"https:\/\/i0.wp.com\/cloud.alqueria.es\/wp-content\/uploads\/sites\/8\/2022\/04\/IMG-20220425-WA0021.jpg?fit=300%2C225&#038;ssl=1\" data-large-file=\"https:\/\/i0.wp.com\/cloud.alqueria.es\/wp-content\/uploads\/sites\/8\/2022\/04\/IMG-20220425-WA0021.jpg?fit=474%2C356&#038;ssl=1\" src=\"https:\/\/i0.wp.com\/cloud.alqueria.es\/wp-content\/uploads\/sites\/8\/2022\/04\/IMG-20220425-WA0021.jpg?w=233&#038;h=233&#038;crop=1&#038;ssl=1\" srcset=\"https:\/\/cloud.alqueria.es\/wp-content\/uploads\/sites\/8\/2022\/04\/IMG-20220425-WA0021.jpg 150w, https:\/\/cloud.alqueria.es\/wp-content\/uploads\/sites\/8\/2022\/04\/IMG-20220425-WA0021.jpg 466w, https:\/\/cloud.alqueria.es\/wp-content\/uploads\/sites\/8\/2022\/04\/IMG-20220425-WA0021.jpg 699w\" width=\"233\" height=\"233\" loading=\"lazy\" data-original-width=\"233\" data-original-height=\"233\" itemprop=\"http:\/\/schema.org\/image\" title=\"IMG-20220425-WA0021\" alt=\"IMG-20220425-WA0021\" style=\"width: 233px; height: 233px;\" \/> <\/a> <\/div> <\/div> <div class=\"gallery-group\" style=\"width: 237px; height: 237px;\" data-original-width=\"237\" data-original-height=\"237\" > <div class=\"tiled-gallery-item \" itemprop=\"associatedMedia\" itemscope itemtype=\"http:\/\/schema.org\/ImageObject\"> <a href=\"https:\/\/www.alqueria.es\/blogs\/alqueriarojaverde\/2022\/04\/25\/inauguracion-semana-de-la-lectura-2\/img-20220425-wa0019\/\" border=\"0\" itemprop=\"url\"> <meta itemprop=\"width\" content=\"233\"> <meta itemprop=\"height\" content=\"233\"> <img decoding=\"async\" class=\"\" data-attachment-id=\"34853\" data-orig-file=\"https:\/\/cloud.alqueria.es\/wp-content\/uploads\/sites\/8\/2022\/04\/IMG-20220425-WA0019.jpg\" data-orig-size=\"1600,1201\" data-comments-opened=\"1\" data-image-meta=\"{&quot;aperture&quot;:&quot;0&quot;,&quot;credit&quot;:&quot;&quot;,&quot;camera&quot;:&quot;&quot;,&quot;caption&quot;:&quot;&quot;,&quot;created_timestamp&quot;:&quot;0&quot;,&quot;copyright&quot;:&quot;&quot;,&quot;focal_length&quot;:&quot;0&quot;,&quot;iso&quot;:&quot;0&quot;,&quot;shutter_speed&quot;:&quot;0&quot;,&quot;title&quot;:&quot;&quot;,&quot;orientation&quot;:&quot;0&quot;}\" data-image-title=\"IMG-20220425-WA0019\" data-image-description=\"\" data-medium-file=\"https:\/\/i0.wp.com\/cloud.alqueria.es\/wp-content\/uploads\/sites\/8\/2022\/04\/IMG-20220425-WA0019.jpg?fit=300%2C225&#038;ssl=1\" data-large-file=\"https:\/\/i0.wp.com\/cloud.alqueria.es\/wp-content\/uploads\/sites\/8\/2022\/04\/IMG-20220425-WA0019.jpg?fit=474%2C356&#038;ssl=1\" src=\"https:\/\/i0.wp.com\/cloud.alqueria.es\/wp-content\/uploads\/sites\/8\/2022\/04\/IMG-20220425-WA0019.jpg?w=233&#038;h=233&#038;crop=1&#038;ssl=1\" srcset=\"https:\/\/cloud.alqueria.es\/wp-content\/uploads\/sites\/8\/2022\/04\/IMG-20220425-WA0019.jpg 150w, https:\/\/cloud.alqueria.es\/wp-content\/uploads\/sites\/8\/2022\/04\/IMG-20220425-WA0019.jpg 466w, https:\/\/cloud.alqueria.es\/wp-content\/uploads\/sites\/8\/2022\/04\/IMG-20220425-WA0019.jpg 699w\" width=\"233\" height=\"233\" loading=\"lazy\" data-original-width=\"233\" data-original-height=\"233\" itemprop=\"http:\/\/schema.org\/image\" title=\"IMG-20220425-WA0019\" alt=\"IMG-20220425-WA0019\" style=\"width: 233px; height: 233px;\" \/> <\/a> <\/div> <\/div> <\/div> <\/div>\n<p style=\"text-align: center\"><span style=\"color: #000000\"><strong>\u00a1Os esperamos ma\u00f1ana con muchas m\u00e1s cosas que contar!<\/strong><\/span><\/p>\n<p>P.D: Recordad que esta semana las entradas del blog ser\u00e1n diarias.<\/p>\n<p>Silvia Ram\u00edrez y Esther Justicia.<\/p>\n","protected":false},"excerpt":{"rendered":"<p>Damos comienzo hoy a una celebraci\u00f3n muy especial; \u00abLA SEMANA DE LA LECTURA EN INFANTIL\u00bb. A lo largo de estos cinco d\u00edas, dedicados exclusivamente a fomentar al acercamiento y gusto por la lectura (en su acepci\u00f3n m\u00e1s amplia), viajaremos a trav\u00e9s de los cuentos, historias y leyendas hasta lugares rec\u00f3nditos de nuestra imaginaci\u00f3n. Disfrutaremos, junto &hellip; <a href=\"https:\/\/www.alqueria.es\/blogs\/alqueriarojaverde\/2022\/04\/25\/inauguracion-semana-de-la-lectura-2\/\" class=\"more-link\">Seguir leyendo <span class=\"screen-reader-text\">INAUGURACI\u00d3N SEMANA DE LA LECTURA<\/span> <span class=\"meta-nav\">&rarr;<\/span><\/a><\/p>\n","protected":false},"author":19,"featured_media":0,"comment_status":"open","ping_status":"open","sticky":false,"template":"","format":"standard","meta":{"jetpack_post_was_ever_published":false,"_jetpack_newsletter_access":"","_jetpack_dont_email_post_to_subs":false,"_jetpack_newsletter_tier_id":0,"_jetpack_memberships_contains_paywalled_content":false,"_jetpack_memberships_contains_paid_content":false,"footnotes":"","jetpack_publicize_message":"","jetpack_publicize_feature_enabled":true,"jetpack_social_post_already_shared":true,"jetpack_social_options":{"image_generator_settings":{"template":"highway","default_image_id":0,"font":"","enabled":false},"version":2}},"categories":[23,6,7,13],"tags":[146,1411,1410,316],"class_list":["post-34752","post","type-post","status-publish","format-standard","hentry","category-actividades-especiales-y-salidas-clase-verde","category-clase-roja-4-5-anos","category-clase-verde-5-6-anos","category-inicio","tag-animacion-a-la-lectura","tag-lecturas-en-familia","tag-semana-lectura-infantil-2022","tag-yoga-infantil"],"jetpack_publicize_connections":[],"jetpack_featured_media_url":"","jetpack_sharing_enabled":true,"jetpack_shortlink":"https:\/\/wp.me\/p4lFbP-92w","_links":{"self":[{"href":"https:\/\/www.alqueria.es\/blogs\/alqueriarojaverde\/wp-json\/wp\/v2\/posts\/34752","targetHints":{"allow":["GET"]}}],"collection":[{"href":"https:\/\/www.alqueria.es\/blogs\/alqueriarojaverde\/wp-json\/wp\/v2\/posts"}],"about":[{"href":"https:\/\/www.alqueria.es\/blogs\/alqueriarojaverde\/wp-json\/wp\/v2\/types\/post"}],"author":[{"embeddable":true,"href":"https:\/\/www.alqueria.es\/blogs\/alqueriarojaverde\/wp-json\/wp\/v2\/users\/19"}],"replies":[{"embeddable":true,"href":"https:\/\/www.alqueria.es\/blogs\/alqueriarojaverde\/wp-json\/wp\/v2\/comments?post=34752"}],"version-history":[{"count":8,"href":"https:\/\/www.alqueria.es\/blogs\/alqueriarojaverde\/wp-json\/wp\/v2\/posts\/34752\/revisions"}],"predecessor-version":[{"id":34856,"href":"https:\/\/www.alqueria.es\/blogs\/alqueriarojaverde\/wp-json\/wp\/v2\/posts\/34752\/revisions\/34856"}],"wp:attachment":[{"href":"https:\/\/www.alqueria.es\/blogs\/alqueriarojaverde\/wp-json\/wp\/v2\/media?parent=34752"}],"wp:term":[{"taxonomy":"category","embeddable":true,"href":"https:\/\/www.alqueria.es\/blogs\/alqueriarojaverde\/wp-json\/wp\/v2\/categories?post=34752"},{"taxonomy":"post_tag","embeddable":true,"href":"https:\/\/www.alqueria.es\/blogs\/alqueriarojaverde\/wp-json\/wp\/v2\/tags?post=34752"}],"curies":[{"name":"wp","href":"https:\/\/api.w.org\/{rel}","templated":true}]}}