{"id":3476,"date":"2013-05-28T12:15:48","date_gmt":"2013-05-28T10:15:48","guid":{"rendered":"http:\/\/alqueriarojaverde.wordpress.com\/?p=3476"},"modified":"2014-02-24T11:52:06","modified_gmt":"2014-02-24T11:52:06","slug":"semanario-clase-roja-dias-27-y-28-de-mayo-de-2013","status":"publish","type":"post","link":"https:\/\/www.alqueria.es\/blogs\/alqueriarojaverde\/2013\/05\/28\/semanario-clase-roja-dias-27-y-28-de-mayo-de-2013\/","title":{"rendered":"SEMANARIO CLASE ROJA. D\u00edas 27 y 28 de mayo de 2013"},"content":{"rendered":"<p>Estimadas familias, a pesar de haber tenido tan s\u00f3lo dos d\u00edas de clase esta semana, debido a la festividad del Corpus Christi, os escribo unas l\u00edneas para contaros algunas cosas acerca de las propuestas de trabajo que se est\u00e1n llevando a cabo en el aula. Para no extenderme demasiado, las enumero brevemente:<\/p>\n<ul>\n<li><span style=\"color:#00ff00\"><em><strong><span style=\"text-decoration:underline\">LA GRANJA<\/span><\/strong><\/em>:<\/span> Esta propuesta la dimos por finalizada con nuestra excursi\u00f3n a Huerto Alegre y el posterior dibujo de la salida. Tenemos pendiente, sin embargo, la exposici\u00f3n de la profesi\u00f3n del pap\u00e1 de Candela de la T., que nos hablar\u00e1 acerca de los animales salvajes, como contrapunto a los trabajados en el aula con motivo de esta propuesta. Las fotos de la salida se encuentran en proceso de \u00abmaquetaci\u00f3n\u00bb, (\u00a1Je!), en breve las colgar\u00e9 en el blog para que las disfrut\u00e9is.<\/li>\n<\/ul>\n<p><a href=\"https:\/\/i0.wp.com\/cloud.alqueria.es\/wp-content\/uploads\/sites\/8\/2013\/05\/la-granja1.png?ssl=1\"><img data-recalc-dims=\"1\" decoding=\"async\" data-attachment-id=\"3480\" data-permalink=\"https:\/\/www.alqueria.es\/blogs\/alqueriarojaverde\/la-granja-2\/\" data-orig-file=\"https:\/\/i0.wp.com\/www.alqueria.es\/blogs\/alqueriarojaverde\/wp-content\/uploads\/sites\/8\/2013\/05\/la-granja.png?fit=258%2C195&amp;ssl=1\" data-orig-size=\"258,195\" data-comments-opened=\"1\" data-image-meta=\"{&quot;aperture&quot;:&quot;0&quot;,&quot;credit&quot;:&quot;&quot;,&quot;camera&quot;:&quot;&quot;,&quot;caption&quot;:&quot;&quot;,&quot;created_timestamp&quot;:&quot;0&quot;,&quot;copyright&quot;:&quot;&quot;,&quot;focal_length&quot;:&quot;0&quot;,&quot;iso&quot;:&quot;0&quot;,&quot;shutter_speed&quot;:&quot;0&quot;,&quot;title&quot;:&quot;&quot;}\" data-image-title=\"la granja\" data-image-description=\"\" data-image-caption=\"\" data-large-file=\"https:\/\/i0.wp.com\/www.alqueria.es\/blogs\/alqueriarojaverde\/wp-content\/uploads\/sites\/8\/2013\/05\/la-granja.png?fit=258%2C195&amp;ssl=1\" class=\"aligncenter size-full wp-image-3480\" alt=\"la granja\" src=\"https:\/\/i0.wp.com\/cloud.alqueria.es\/wp-content\/uploads\/sites\/8\/2013\/05\/la-granja1.png?resize=258%2C195&#038;ssl=1\" width=\"258\" height=\"195\" \/><\/a><\/p>\n<ul>\n<li><em><strong><span style=\"text-decoration:underline\"><span style=\"color:#3366ff;text-decoration:underline\">EL CUERPO HUMANO<\/span><\/span><\/strong><\/em>: Como bien sab\u00e9is, el pr\u00f3ximo mes realizamos nuestra actividad de nataci\u00f3n y en relaci\u00f3n a ella estamos trabajando esta propuesta, son varias las profesiones relacionadas de una u otra forma con ella y por tanto diversas las colaboraciones\u00a0de familias que hemos tenido y vamos a tener en torno a la misma. De momento el\u00a0pap\u00e1 de Gonzalo nos introdujo\u00a0de forma general en el conocimiento y conciencia corporal de las diferentes partes de nuestro cuerpo, tanto visibles como no. Con las mam\u00e1s de Miguel e Ignacio trabajamos el tema de la prevenci\u00f3n de accidentes en relaci\u00f3n al cuidado de uno mismo. A\u00fan nos quedan dos intervenciones m\u00e1s que completar\u00e1n los contenidos referidos a esta propuesta.<\/li>\n<\/ul>\n<p><a href=\"https:\/\/i0.wp.com\/cloud.alqueria.es\/wp-content\/uploads\/sites\/8\/2013\/05\/el-cuerpo-humano1.jpg?ssl=1\"><img data-recalc-dims=\"1\" decoding=\"async\" data-attachment-id=\"3479\" data-permalink=\"https:\/\/www.alqueria.es\/blogs\/alqueriarojaverde\/el-cuerpo-humano\/\" data-orig-file=\"https:\/\/i0.wp.com\/www.alqueria.es\/blogs\/alqueriarojaverde\/wp-content\/uploads\/sites\/8\/2013\/05\/el-cuerpo-humano.jpg?fit=228%2C222&amp;ssl=1\" data-orig-size=\"228,222\" data-comments-opened=\"1\" data-image-meta=\"{&quot;aperture&quot;:&quot;0&quot;,&quot;credit&quot;:&quot;&quot;,&quot;camera&quot;:&quot;&quot;,&quot;caption&quot;:&quot;&quot;,&quot;created_timestamp&quot;:&quot;0&quot;,&quot;copyright&quot;:&quot;&quot;,&quot;focal_length&quot;:&quot;0&quot;,&quot;iso&quot;:&quot;0&quot;,&quot;shutter_speed&quot;:&quot;0&quot;,&quot;title&quot;:&quot;&quot;}\" data-image-title=\"el cuerpo humano\" data-image-description=\"\" data-image-caption=\"\" data-large-file=\"https:\/\/i0.wp.com\/www.alqueria.es\/blogs\/alqueriarojaverde\/wp-content\/uploads\/sites\/8\/2013\/05\/el-cuerpo-humano.jpg?fit=228%2C222&amp;ssl=1\" class=\"aligncenter size-full wp-image-3479\" alt=\"el cuerpo humano\" src=\"https:\/\/i0.wp.com\/cloud.alqueria.es\/wp-content\/uploads\/sites\/8\/2013\/05\/el-cuerpo-humano1.jpg?resize=228%2C222&#038;ssl=1\" width=\"228\" height=\"222\" \/><\/a><\/p>\n<ul>\n<li><span style=\"text-decoration:underline\"><em><strong><span style=\"color:#ff0000;text-decoration:underline\">LA EDAD MEDIA<\/span><\/strong><\/em><\/span>: Este es el tema de nuestra Fiesta de la Primavera. De momento, en estos dos d\u00edas, tan s\u00f3lo hemos introducido a nivel general en qu\u00e9 \u00e9poca cronol\u00f3gica se encuentra, hacemos referencia\u00a0 a la <span style=\"color:#ff6600\">Prehistoria<\/span> y la<span style=\"color:#993366\"> Edad Antigua<\/span> (referida a los romanos y egipcios b\u00e1sicamente) y\u00a0 aprendemos que una vez que cay\u00f3 el Imperio Romano, lleg\u00f3 la <span style=\"color:#cc99ff\">Edad Media<\/span>. Hemos hablado de c\u00f3mo se viv\u00eda en esa \u00e9poca y claro est\u00e1 de los caballeros, princesas, torneos, artesanos, banquetes, mercaderes, trovadoes, juglares, etc. De un modo algo m\u00e1s detallado hablamos acerca de los castillos, aprendemos que eran antiguas fortalezas constru\u00eddas en un sitio elevado, como una cima por ejemplo, las distintas partes que lo componen y su funci\u00f3n o utilidad. Seguiremos con este tema a lo largo de la semana pr\u00f3xima.<\/li>\n<\/ul>\n<p><a href=\"https:\/\/i0.wp.com\/cloud.alqueria.es\/wp-content\/uploads\/sites\/8\/2013\/05\/edad-media1.jpg?ssl=1\"><img data-recalc-dims=\"1\" decoding=\"async\" data-attachment-id=\"3478\" data-permalink=\"https:\/\/www.alqueria.es\/blogs\/alqueriarojaverde\/edad-media\/\" data-orig-file=\"https:\/\/i0.wp.com\/www.alqueria.es\/blogs\/alqueriarojaverde\/wp-content\/uploads\/sites\/8\/2013\/05\/edad-media.jpg?fit=345%2C146&amp;ssl=1\" data-orig-size=\"345,146\" data-comments-opened=\"1\" data-image-meta=\"{&quot;aperture&quot;:&quot;0&quot;,&quot;credit&quot;:&quot;&quot;,&quot;camera&quot;:&quot;&quot;,&quot;caption&quot;:&quot;&quot;,&quot;created_timestamp&quot;:&quot;0&quot;,&quot;copyright&quot;:&quot;&quot;,&quot;focal_length&quot;:&quot;0&quot;,&quot;iso&quot;:&quot;0&quot;,&quot;shutter_speed&quot;:&quot;0&quot;,&quot;title&quot;:&quot;&quot;}\" data-image-title=\"edad media\" data-image-description=\"\" data-image-caption=\"\" data-large-file=\"https:\/\/i0.wp.com\/www.alqueria.es\/blogs\/alqueriarojaverde\/wp-content\/uploads\/sites\/8\/2013\/05\/edad-media.jpg?fit=345%2C146&amp;ssl=1\" class=\"aligncenter size-full wp-image-3478\" alt=\"edad media\" src=\"https:\/\/i0.wp.com\/cloud.alqueria.es\/wp-content\/uploads\/sites\/8\/2013\/05\/edad-media1.jpg?resize=345%2C146&#038;ssl=1\" width=\"345\" height=\"146\" \/><\/a><\/p>\n<p>Al igual que cada a\u00f1o, pedimos vuestra<span style=\"color:#ffcc00\"><em> colaboraci\u00f3n con el tema de la confecci\u00f3n de las banderitas<\/em><\/span> que adornar\u00e1n el patio ese d\u00eda, ten\u00e9is una muestra en la puerta de la clase.<\/p>\n<p>Espero que disfrut\u00e9is de estos d\u00edas, nos vemos a la vuelta de las fiestas.<\/p>\n<p>Esther<\/p>\n","protected":false},"excerpt":{"rendered":"<p>Estimadas familias, a pesar de haber tenido tan s\u00f3lo dos d\u00edas de clase esta semana, debido a la festividad del Corpus Christi, os escribo unas l\u00edneas para contaros algunas cosas acerca de las propuestas de trabajo que se est\u00e1n llevando a cabo en el aula. Para no extenderme demasiado, las enumero brevemente: LA GRANJA: Esta &hellip; <a href=\"https:\/\/www.alqueria.es\/blogs\/alqueriarojaverde\/2013\/05\/28\/semanario-clase-roja-dias-27-y-28-de-mayo-de-2013\/\" class=\"more-link\">Seguir leyendo <span class=\"screen-reader-text\">SEMANARIO CLASE ROJA. D\u00edas 27 y 28 de mayo de 2013<\/span> <span class=\"meta-nav\">&rarr;<\/span><\/a><\/p>\n","protected":false},"author":19,"featured_media":0,"comment_status":"open","ping_status":"open","sticky":false,"template":"","format":"standard","meta":{"jetpack_post_was_ever_published":false,"_jetpack_newsletter_access":"","_jetpack_dont_email_post_to_subs":false,"_jetpack_newsletter_tier_id":0,"_jetpack_memberships_contains_paywalled_content":false,"_jetpack_memberships_contains_paid_content":false,"footnotes":"","jetpack_publicize_message":"","jetpack_publicize_feature_enabled":true,"jetpack_social_post_already_shared":false,"jetpack_social_options":{"image_generator_settings":{"template":"highway","default_image_id":0,"font":"","enabled":false},"version":2}},"categories":[6,13,20],"tags":[],"class_list":["post-3476","post","type-post","status-publish","format-standard","hentry","category-clase-roja-4-5-anos","category-inicio","category-semanario-clase-roja"],"jetpack_publicize_connections":[],"jetpack_featured_media_url":"","jetpack_sharing_enabled":true,"jetpack_shortlink":"https:\/\/wp.me\/p4lFbP-U4","_links":{"self":[{"href":"https:\/\/www.alqueria.es\/blogs\/alqueriarojaverde\/wp-json\/wp\/v2\/posts\/3476","targetHints":{"allow":["GET"]}}],"collection":[{"href":"https:\/\/www.alqueria.es\/blogs\/alqueriarojaverde\/wp-json\/wp\/v2\/posts"}],"about":[{"href":"https:\/\/www.alqueria.es\/blogs\/alqueriarojaverde\/wp-json\/wp\/v2\/types\/post"}],"author":[{"embeddable":true,"href":"https:\/\/www.alqueria.es\/blogs\/alqueriarojaverde\/wp-json\/wp\/v2\/users\/19"}],"replies":[{"embeddable":true,"href":"https:\/\/www.alqueria.es\/blogs\/alqueriarojaverde\/wp-json\/wp\/v2\/comments?post=3476"}],"version-history":[{"count":0,"href":"https:\/\/www.alqueria.es\/blogs\/alqueriarojaverde\/wp-json\/wp\/v2\/posts\/3476\/revisions"}],"wp:attachment":[{"href":"https:\/\/www.alqueria.es\/blogs\/alqueriarojaverde\/wp-json\/wp\/v2\/media?parent=3476"}],"wp:term":[{"taxonomy":"category","embeddable":true,"href":"https:\/\/www.alqueria.es\/blogs\/alqueriarojaverde\/wp-json\/wp\/v2\/categories?post=3476"},{"taxonomy":"post_tag","embeddable":true,"href":"https:\/\/www.alqueria.es\/blogs\/alqueriarojaverde\/wp-json\/wp\/v2\/tags?post=3476"}],"curies":[{"name":"wp","href":"https:\/\/api.w.org\/{rel}","templated":true}]}}