{"id":3634,"date":"2013-06-20T19:06:35","date_gmt":"2013-06-20T17:06:35","guid":{"rendered":"http:\/\/alqueriarojaverde.wordpress.com\/?p=3634"},"modified":"2014-02-24T11:52:18","modified_gmt":"2014-02-24T11:52:18","slug":"semanario-clase-verde-36","status":"publish","type":"post","link":"https:\/\/www.alqueria.es\/blogs\/alqueriarojaverde\/2013\/06\/20\/semanario-clase-verde-36\/","title":{"rendered":"SEMANARIO CLASE VERDE"},"content":{"rendered":"<p style=\"text-align:left\"><a href=\"http:\/\/alqueriarojaverde.files.wordpress.com\/2013\/06\/graduacion_infantil.jpg\"><img data-recalc-dims=\"1\" decoding=\"async\" data-attachment-id=\"3635\" data-permalink=\"https:\/\/www.alqueria.es\/blogs\/alqueriarojaverde\/graduacion_infantil\/\" data-orig-file=\"https:\/\/i0.wp.com\/www.alqueria.es\/blogs\/alqueriarojaverde\/wp-content\/uploads\/sites\/8\/2013\/06\/graduacion_infantil.jpg?fit=400%2C147&amp;ssl=1\" data-orig-size=\"400,147\" data-comments-opened=\"1\" data-image-meta=\"{&quot;aperture&quot;:&quot;0&quot;,&quot;credit&quot;:&quot;&quot;,&quot;camera&quot;:&quot;&quot;,&quot;caption&quot;:&quot;&quot;,&quot;created_timestamp&quot;:&quot;0&quot;,&quot;copyright&quot;:&quot;&quot;,&quot;focal_length&quot;:&quot;0&quot;,&quot;iso&quot;:&quot;0&quot;,&quot;shutter_speed&quot;:&quot;0&quot;,&quot;title&quot;:&quot;&quot;}\" data-image-title=\"graduacion_infantil\" data-image-description=\"\" data-image-caption=\"\" data-large-file=\"https:\/\/i0.wp.com\/www.alqueria.es\/blogs\/alqueriarojaverde\/wp-content\/uploads\/sites\/8\/2013\/06\/graduacion_infantil.jpg?fit=400%2C147&amp;ssl=1\" class=\"size-thumbnail wp-image-3635 alignright\" alt=\"graduacion_infantil\" src=\"https:\/\/i0.wp.com\/cloud.alqueria.es\/wp-content\/uploads\/sites\/8\/2013\/06\/graduacion_infantil1.jpg?resize=233%2C86&#038;ssl=1\" width=\"233\" height=\"86\" \/><\/a><\/p>\n<p style=\"margin-bottom:0\"><span style=\"color:#ff0000\"><span style=\"font-family:Apple Casual\">SEMANA DEL 17 AL 21 DE JUNIO<\/span><\/span><\/p>\n<p style=\"margin-bottom:0\"><span style=\"color:#ff0000\"><span style=\"font-family:Apple Casual\"><span style=\"font-size:large\">\u00a1Bueno familias!<\/span><\/span><\/span><\/p>\n<p style=\"margin-bottom:0\"><span style=\"color:#ff0000\"><span style=\"font-family:Apple Casual\">LLeg\u00f3 el momento de despedirnos de este curso 2012-2013<\/span><\/span><\/p>\n<p style=\"margin-bottom:0\"><span style=\"color:#ff0000\"><span style=\"font-family:Apple Casual\">Este magn\u00edfico a\u00f1o en el que hemos disfrutado de ser los mayores de la etapa de infantil, y en el que hemos crecido a\u00fan m\u00e1s.<\/span><\/span><\/p>\n<p style=\"margin-bottom:0\"><span style=\"color:#eb613d\"><span style=\"font-family:Apple Casual\">En las asambleas Hemos seguido con mucha ilusi\u00f3n la lista de asistencia para ver cuando nos tocaba ser el o la \u201cSUPER\u201d y los miembros de la patrulla verde. Tambi\u00e9n un gran momento para contar nuestras cosas de casa u otras de nuestro inter\u00e9s.<\/span><\/span><\/p>\n<p style=\"margin-bottom:0\"><span style=\"color:#6b4794\"><span style=\"font-family:Apple Casual\">Con los expertos cada uno de nosotros\/as hemos demostrado de lo que somos capaces, <\/span><\/span><\/p>\n<p style=\"margin-bottom:0\"><span style=\"color:#6b4794\"><span style=\"font-family:Apple Casual\">de prepararnos un tema y exponerlos a nuestros compa\u00f1eros\/as, y todos hemos aprendido un mont\u00f3n sobre los temas de los 20 alumnos\/as.<\/span><\/span><\/p>\n<p style=\"margin-bottom:0\"><span style=\"color:#ff00ff\"><span style=\"font-family:Apple Casual\">Con las propuestas de juego ,hemos aprendido a conocer mejor el mundo que nos rodea y a compartirlo con nuestros compa\u00f1eros\/as.<\/span><\/span><\/p>\n<p style=\"margin-bottom:0\"><span style=\"color:#9966cc\"><span style=\"font-family:Apple Casual\">Han disfrutado mucho con los maratones de matem\u00e1ticas, y muchos se est\u00e1n desenvolviendo muy bien con la alfabetizaci\u00f3n. Cada uno a su ritmo ha ido descodificando el sistema de escritura y lectura. <\/span><\/span><\/p>\n<p style=\"margin-bottom:0\"><span style=\"color:#0000ff\"><span style=\"font-family:Apple Casual\">Es un grupo muy creativo en muchos aspectos, para proponer, para idear, para inventarse canciones o rimas, y sobre todo para dibujar, pintar y demostrar mucha creatividad a la hora de los talleres de pl\u00e1stica.<\/span><\/span><\/p>\n<p style=\"margin-bottom:0\"><span style=\"color:#00ae00\"><span style=\"font-family:Apple Casual\">Las salida a la granja y la nataci\u00f3n han sido el colof\u00f3n de este curso.<\/span><\/span><\/p>\n<p style=\"margin-bottom:0\"><span style=\"color:#ff0000\"><span style=\"font-family:Apple Casual\"><span style=\"font-size:large\">Deberes:<\/span><span style=\"font-size:medium\">, Dormir todo lo que nos apetezca, jugar, re\u00edr, Ba\u00f1arnos, tomar mucho el sol, y disfrutar de la familia y amigos.<\/span><\/span><\/span><\/p>\n<p style=\"margin-bottom:0\"><span style=\"color:#ff0000\"><span style=\"font-family:Apple Casual\"><span style=\"font-size:medium\">Como mucho mantener algunas rutinas importantes como; colaborar en casa, ayudar, tener algunas responsabilidades y dedicar un tiempo a leer, dibujar y escribir.<\/span><\/span><\/span><\/p>\n<p style=\"margin-bottom:0\"><span style=\"color:#00ff00\"><span style=\"font-family:Apple Casual\">Siempre se han mostrado muy motivados en participar en todo aquello que se les propusiera. <\/span><\/span><\/p>\n<p style=\"margin-bottom:0\"><span style=\"color:#00ff00\"><span style=\"font-family:Apple Casual\">Estoy segura que van ha disfrutar mucho en la siguiente etapa se primaria, aunque los primeros d\u00edas comiencen con mariposillas en el est\u00f3mago.<\/span><\/span><\/p>\n<p style=\"margin-bottom:0\">\n<p class=\"jetpack-slideshow-noscript robots-nocontent\">El pase de diapositivas requiere JavaScript.<\/p><div id=\"gallery-3634-1-slideshow\" class=\"jetpack-slideshow-window jetpack-slideshow jetpack-slideshow-black\" data-trans=\"fade\" data-autostart=\"1\" data-gallery=\"[{&quot;src&quot;:&quot;https:\\\/\\\/i0.wp.com\\\/www.alqueria.es\\\/blogs\\\/alqueriarojaverde\\\/wp-content\\\/uploads\\\/sites\\\/8\\\/2013\\\/06\\\/limpieza.jpg?fit=1024%2C768\\u0026ssl=1&quot;,&quot;id&quot;:&quot;3645&quot;,&quot;title&quot;:&quot;limpieza&quot;,&quot;alt&quot;:&quot;&quot;,&quot;caption&quot;:&quot;&quot;,&quot;itemprop&quot;:&quot;image&quot;},{&quot;src&quot;:&quot;https:\\\/\\\/i0.wp.com\\\/www.alqueria.es\\\/blogs\\\/alqueriarojaverde\\\/wp-content\\\/uploads\\\/sites\\\/8\\\/2013\\\/06\\\/risas.jpg?fit=1024%2C768\\u0026ssl=1&quot;,&quot;id&quot;:&quot;3646&quot;,&quot;title&quot;:&quot;risas&quot;,&quot;alt&quot;:&quot;&quot;,&quot;caption&quot;:&quot;&quot;,&quot;itemprop&quot;:&quot;image&quot;},{&quot;src&quot;:&quot;https:\\\/\\\/i0.wp.com\\\/www.alqueria.es\\\/blogs\\\/alqueriarojaverde\\\/wp-content\\\/uploads\\\/sites\\\/8\\\/2013\\\/06\\\/grupo-2.jpg?fit=1024%2C768\\u0026ssl=1&quot;,&quot;id&quot;:&quot;3644&quot;,&quot;title&quot;:&quot;grupo 2&quot;,&quot;alt&quot;:&quot;&quot;,&quot;caption&quot;:&quot;&quot;,&quot;itemprop&quot;:&quot;image&quot;},{&quot;src&quot;:&quot;https:\\\/\\\/i0.wp.com\\\/www.alqueria.es\\\/blogs\\\/alqueriarojaverde\\\/wp-content\\\/uploads\\\/sites\\\/8\\\/2013\\\/06\\\/grupo-1.jpg?fit=1024%2C768\\u0026ssl=1&quot;,&quot;id&quot;:&quot;3643&quot;,&quot;title&quot;:&quot;grupo 1&quot;,&quot;alt&quot;:&quot;&quot;,&quot;caption&quot;:&quot;&quot;,&quot;itemprop&quot;:&quot;image&quot;},{&quot;src&quot;:&quot;https:\\\/\\\/i0.wp.com\\\/www.alqueria.es\\\/blogs\\\/alqueriarojaverde\\\/wp-content\\\/uploads\\\/sites\\\/8\\\/2013\\\/06\\\/gracias.jpg?fit=320%2C304\\u0026ssl=1&quot;,&quot;id&quot;:&quot;3641&quot;,&quot;title&quot;:&quot;gracias&quot;,&quot;alt&quot;:&quot;&quot;,&quot;caption&quot;:&quot;&quot;,&quot;itemprop&quot;:&quot;image&quot;},{&quot;src&quot;:&quot;https:\\\/\\\/i0.wp.com\\\/www.alqueria.es\\\/blogs\\\/alqueriarojaverde\\\/wp-content\\\/uploads\\\/sites\\\/8\\\/2013\\\/06\\\/feliz-verano.jpg?fit=380%2C314\\u0026ssl=1&quot;,&quot;id&quot;:&quot;3638&quot;,&quot;title&quot;:&quot;feliz-verano&quot;,&quot;alt&quot;:&quot;&quot;,&quot;caption&quot;:&quot;&quot;,&quot;itemprop&quot;:&quot;image&quot;},{&quot;src&quot;:&quot;https:\\\/\\\/i0.wp.com\\\/www.alqueria.es\\\/blogs\\\/alqueriarojaverde\\\/wp-content\\\/uploads\\\/sites\\\/8\\\/2013\\\/06\\\/charlando.jpg?fit=1024%2C768\\u0026ssl=1&quot;,&quot;id&quot;:&quot;3637&quot;,&quot;title&quot;:&quot;charlando&quot;,&quot;alt&quot;:&quot;&quot;,&quot;caption&quot;:&quot;&quot;,&quot;itemprop&quot;:&quot;image&quot;},{&quot;src&quot;:&quot;https:\\\/\\\/i0.wp.com\\\/www.alqueria.es\\\/blogs\\\/alqueriarojaverde\\\/wp-content\\\/uploads\\\/sites\\\/8\\\/2013\\\/06\\\/boletines.jpg?fit=1024%2C768\\u0026ssl=1&quot;,&quot;id&quot;:&quot;3636&quot;,&quot;title&quot;:&quot;boletines&quot;,&quot;alt&quot;:&quot;&quot;,&quot;caption&quot;:&quot;&quot;,&quot;itemprop&quot;:&quot;image&quot;}]\" itemscope itemtype=\"https:\/\/schema.org\/ImageGallery\"><\/div>\n<p style=\"margin-bottom:0\"><span style=\"color:#ff0000\"><span style=\"font-family:Apple Casual\">Solo me queda agradeceros vuestra confianza y colaboraci\u00f3n siempre que os la he pedido. Me ten\u00e9is para lo que necesit\u00e1is.<\/span><\/span><\/p>\n<p style=\"margin-bottom:0\"><span style=\"color:#ff0000\"><span style=\"font-family:Apple Casual\">Un abrazo muy fuerte, y que disfrut\u00e9is mucho con vuestros hijos\/as en estas vacaciones. <\/span><\/span><\/p>\n<p style=\"margin-bottom:0\"><a href=\"http:\/\/alqueriarojaverde.files.wordpress.com\/2013\/06\/foto-cubos-patio.jpg\"><img data-recalc-dims=\"1\" decoding=\"async\" data-attachment-id=\"3640\" data-permalink=\"https:\/\/www.alqueria.es\/blogs\/alqueriarojaverde\/foto-cubos-patio-2\/\" data-orig-file=\"https:\/\/i0.wp.com\/www.alqueria.es\/blogs\/alqueriarojaverde\/wp-content\/uploads\/sites\/8\/2013\/06\/foto-cubos-patio.jpg?fit=1024%2C767&amp;ssl=1\" data-orig-size=\"1024,767\" data-comments-opened=\"1\" data-image-meta=\"{&quot;aperture&quot;:&quot;0&quot;,&quot;credit&quot;:&quot;&quot;,&quot;camera&quot;:&quot;&quot;,&quot;caption&quot;:&quot;&quot;,&quot;created_timestamp&quot;:&quot;0&quot;,&quot;copyright&quot;:&quot;&quot;,&quot;focal_length&quot;:&quot;0&quot;,&quot;iso&quot;:&quot;0&quot;,&quot;shutter_speed&quot;:&quot;0&quot;,&quot;title&quot;:&quot;&quot;}\" data-image-title=\"foto cubos patio\" data-image-description=\"\" data-image-caption=\"\" data-large-file=\"https:\/\/i0.wp.com\/www.alqueria.es\/blogs\/alqueriarojaverde\/wp-content\/uploads\/sites\/8\/2013\/06\/foto-cubos-patio.jpg?fit=474%2C355&amp;ssl=1\" class=\"size-thumbnail wp-image-3640 aligncenter\" alt=\"foto cubos patio\" src=\"https:\/\/i0.wp.com\/cloud.alqueria.es\/wp-content\/uploads\/sites\/8\/2013\/06\/foto-cubos-patio1.jpg?resize=223%2C167&#038;ssl=1\" width=\"223\" height=\"167\" \/><\/a><\/p>\n<p style=\"margin-bottom:0\"><span style=\"color:#ff0000\"><span style=\"font-family:Apple Casual\"><span style=\"font-size:medium\">Rosario Garc\u00eda-Valenzuela Morell<\/span><\/span><\/span><\/p>\n","protected":false},"excerpt":{"rendered":"<p>SEMANA DEL 17 AL 21 DE JUNIO \u00a1Bueno familias! LLeg\u00f3 el momento de despedirnos de este curso 2012-2013 Este magn\u00edfico a\u00f1o en el que hemos disfrutado de ser los mayores de la etapa de infantil, y en el que hemos crecido a\u00fan m\u00e1s. En las asambleas Hemos seguido con mucha ilusi\u00f3n la lista de asistencia &hellip; <a href=\"https:\/\/www.alqueria.es\/blogs\/alqueriarojaverde\/2013\/06\/20\/semanario-clase-verde-36\/\" class=\"more-link\">Seguir leyendo <span class=\"screen-reader-text\">SEMANARIO CLASE VERDE<\/span> <span class=\"meta-nav\">&rarr;<\/span><\/a><\/p>\n","protected":false},"author":19,"featured_media":0,"comment_status":"open","ping_status":"open","sticky":false,"template":"","format":"standard","meta":{"jetpack_post_was_ever_published":false,"_jetpack_newsletter_access":"","_jetpack_dont_email_post_to_subs":false,"_jetpack_newsletter_tier_id":0,"_jetpack_memberships_contains_paywalled_content":false,"_jetpack_memberships_contains_paid_content":false,"footnotes":"","jetpack_publicize_message":"","jetpack_publicize_feature_enabled":true,"jetpack_social_post_already_shared":false,"jetpack_social_options":{"image_generator_settings":{"template":"highway","default_image_id":0,"font":"","enabled":false},"version":2}},"categories":[7,13,15,21],"tags":[],"class_list":["post-3634","post","type-post","status-publish","format-standard","hentry","category-clase-verde-5-6-anos","category-inicio","category-noticias","category-semanario-clase-verde"],"jetpack_publicize_connections":[],"jetpack_featured_media_url":"","jetpack_sharing_enabled":true,"jetpack_shortlink":"https:\/\/wp.me\/p4lFbP-WC","_links":{"self":[{"href":"https:\/\/www.alqueria.es\/blogs\/alqueriarojaverde\/wp-json\/wp\/v2\/posts\/3634","targetHints":{"allow":["GET"]}}],"collection":[{"href":"https:\/\/www.alqueria.es\/blogs\/alqueriarojaverde\/wp-json\/wp\/v2\/posts"}],"about":[{"href":"https:\/\/www.alqueria.es\/blogs\/alqueriarojaverde\/wp-json\/wp\/v2\/types\/post"}],"author":[{"embeddable":true,"href":"https:\/\/www.alqueria.es\/blogs\/alqueriarojaverde\/wp-json\/wp\/v2\/users\/19"}],"replies":[{"embeddable":true,"href":"https:\/\/www.alqueria.es\/blogs\/alqueriarojaverde\/wp-json\/wp\/v2\/comments?post=3634"}],"version-history":[{"count":0,"href":"https:\/\/www.alqueria.es\/blogs\/alqueriarojaverde\/wp-json\/wp\/v2\/posts\/3634\/revisions"}],"wp:attachment":[{"href":"https:\/\/www.alqueria.es\/blogs\/alqueriarojaverde\/wp-json\/wp\/v2\/media?parent=3634"}],"wp:term":[{"taxonomy":"category","embeddable":true,"href":"https:\/\/www.alqueria.es\/blogs\/alqueriarojaverde\/wp-json\/wp\/v2\/categories?post=3634"},{"taxonomy":"post_tag","embeddable":true,"href":"https:\/\/www.alqueria.es\/blogs\/alqueriarojaverde\/wp-json\/wp\/v2\/tags?post=3634"}],"curies":[{"name":"wp","href":"https:\/\/api.w.org\/{rel}","templated":true}]}}