{"id":37016,"date":"2022-11-06T11:26:43","date_gmt":"2022-11-06T10:26:43","guid":{"rendered":"https:\/\/www.alqueria.es\/blogs\/alqueriarojaverde\/?p=37016"},"modified":"2022-11-06T11:26:43","modified_gmt":"2022-11-06T10:26:43","slug":"conferencia-experto-de-francisco-animales-del-bosque","status":"publish","type":"post","link":"https:\/\/www.alqueria.es\/blogs\/alqueriarojaverde\/2022\/11\/06\/conferencia-experto-de-francisco-animales-del-bosque\/","title":{"rendered":"Conferencia-experto de Francisco (Animales del bosque)"},"content":{"rendered":"<p><img data-recalc-dims=\"1\" decoding=\"async\" data-attachment-id=\"37064\" data-permalink=\"https:\/\/www.alqueria.es\/blogs\/alqueriarojaverde\/2022\/11\/06\/conferencia-experto-de-francisco-animales-del-bosque\/animal-del-bosque\/\" data-orig-file=\"https:\/\/i0.wp.com\/cloud.alqueria.es\/wp-content\/uploads\/sites\/8\/2022\/11\/animal-del-bosque.jpg?fit=262%2C193&amp;ssl=1\" data-orig-size=\"262,193\" data-comments-opened=\"1\" data-image-meta=\"{&quot;aperture&quot;:&quot;0&quot;,&quot;credit&quot;:&quot;&quot;,&quot;camera&quot;:&quot;&quot;,&quot;caption&quot;:&quot;&quot;,&quot;created_timestamp&quot;:&quot;0&quot;,&quot;copyright&quot;:&quot;&quot;,&quot;focal_length&quot;:&quot;0&quot;,&quot;iso&quot;:&quot;0&quot;,&quot;shutter_speed&quot;:&quot;0&quot;,&quot;title&quot;:&quot;&quot;,&quot;orientation&quot;:&quot;0&quot;}\" data-image-title=\"animal del bosque\" data-image-description=\"\" data-image-caption=\"\" data-large-file=\"https:\/\/i0.wp.com\/cloud.alqueria.es\/wp-content\/uploads\/sites\/8\/2022\/11\/animal-del-bosque.jpg?fit=262%2C193&amp;ssl=1\" class=\"alignleft size-full wp-image-37064\" src=\"https:\/\/i0.wp.com\/cloud.alqueria.es\/wp-content\/uploads\/sites\/8\/2022\/11\/animal-del-bosque.jpg?resize=262%2C193&#038;ssl=1\" alt=\"\" width=\"262\" height=\"193\" \/>Nueva conferencia-experto, en esta ocasi\u00f3n a cargo de <em><strong><span style=\"color: #ff00ff\">Francisco<\/span><\/strong><\/em>, sobre los <em><strong><span style=\"color: #ff00ff\">animales del bosque.<\/span><\/strong><\/em><\/p>\n<p>A continuaci\u00f3n os dejo la transcripci\u00f3n (que por supuesto he realizado sobre el gui\u00f3n aportado por su familia) del discurso que Francisco ofreci\u00f3 a sus compa\u00f1eros\/as el pasado jueves. Se me ha hecho imposible transcribir literalmente todas sus \u00abocurrencias\u00bb y \u00abchascarrillos\u00bb, que fue a\u00f1adiendo durante la exposici\u00f3n, ya que fueron muy numerosos. En todo momento nos transmiti\u00f3 su emoci\u00f3n, su seguridad y su elocuencia. Interaccion\u00f3 con los oyentes mediante la formulaci\u00f3n de preguntas, aclar\u00f3 o profundiz\u00f3 de manera espont\u00e1nea sobre aquellas cuestiones que le parecieron de m\u00e1s dif\u00edcil comprensi\u00f3n y dio respuesta a todos los interrogantes que le plantearon, tras la exposici\u00f3n, con bastante originalidad.<\/p>\n<p style=\"text-align: center\"><strong>\u00a1Enhorabuena por este excelente trabajo!<\/strong><\/p>\n<p><img data-recalc-dims=\"1\" decoding=\"async\" data-attachment-id=\"37065\" data-permalink=\"https:\/\/www.alqueria.es\/blogs\/alqueriarojaverde\/2022\/11\/06\/conferencia-experto-de-francisco-animales-del-bosque\/20221103_092400-2\/\" data-orig-file=\"https:\/\/i0.wp.com\/cloud.alqueria.es\/wp-content\/uploads\/sites\/8\/2022\/11\/20221103_092400-1.jpg?fit=1488%2C2000&amp;ssl=1\" data-orig-size=\"1488,2000\" data-comments-opened=\"1\" data-image-meta=\"{&quot;aperture&quot;:&quot;0&quot;,&quot;credit&quot;:&quot;&quot;,&quot;camera&quot;:&quot;&quot;,&quot;caption&quot;:&quot;&quot;,&quot;created_timestamp&quot;:&quot;0&quot;,&quot;copyright&quot;:&quot;&quot;,&quot;focal_length&quot;:&quot;0&quot;,&quot;iso&quot;:&quot;0&quot;,&quot;shutter_speed&quot;:&quot;0&quot;,&quot;title&quot;:&quot;&quot;,&quot;orientation&quot;:&quot;1&quot;}\" data-image-title=\"20221103_092400\" data-image-description=\"\" data-image-caption=\"\" data-large-file=\"https:\/\/i0.wp.com\/cloud.alqueria.es\/wp-content\/uploads\/sites\/8\/2022\/11\/20221103_092400-1.jpg?fit=474%2C637&amp;ssl=1\" class=\"aligncenter size-large wp-image-37065\" src=\"https:\/\/i0.wp.com\/cloud.alqueria.es\/wp-content\/uploads\/sites\/8\/2022\/11\/20221103_092400-1-762x1024.jpg?resize=474%2C637&#038;ssl=1\" alt=\"\" width=\"474\" height=\"637\" srcset=\"https:\/\/cloud.alqueria.es\/wp-content\/uploads\/sites\/8\/2022\/11\/20221103_092400-1.jpg 762w, https:\/\/cloud.alqueria.es\/wp-content\/uploads\/sites\/8\/2022\/11\/20221103_092400-1.jpg 223w, https:\/\/cloud.alqueria.es\/wp-content\/uploads\/sites\/8\/2022\/11\/20221103_092400-1.jpg 768w, https:\/\/cloud.alqueria.es\/wp-content\/uploads\/sites\/8\/2022\/11\/20221103_092400-1.jpg 1143w, https:\/\/cloud.alqueria.es\/wp-content\/uploads\/sites\/8\/2022\/11\/20221103_092400-1.jpg 1488w, https:\/\/cloud.alqueria.es\/wp-content\/uploads\/sites\/8\/2022\/11\/20221103_092400-1.jpg 948w, https:\/\/cloud.alqueria.es\/wp-content\/uploads\/sites\/8\/2022\/11\/20221103_092400-1.jpg 1422w\" sizes=\"(max-width: 474px) 100vw, 474px\" \/><\/p>\n<p><img data-recalc-dims=\"1\" decoding=\"async\" data-attachment-id=\"37080\" data-permalink=\"https:\/\/www.alqueria.es\/blogs\/alqueriarojaverde\/2022\/11\/06\/conferencia-experto-de-francisco-animales-del-bosque\/20221103_100308\/\" data-orig-file=\"https:\/\/i0.wp.com\/cloud.alqueria.es\/wp-content\/uploads\/sites\/8\/2022\/11\/20221103_100308.jpg?fit=2000%2C1500&amp;ssl=1\" data-orig-size=\"2000,1500\" data-comments-opened=\"1\" data-image-meta=\"{&quot;aperture&quot;:&quot;0&quot;,&quot;credit&quot;:&quot;&quot;,&quot;camera&quot;:&quot;&quot;,&quot;caption&quot;:&quot;&quot;,&quot;created_timestamp&quot;:&quot;0&quot;,&quot;copyright&quot;:&quot;&quot;,&quot;focal_length&quot;:&quot;0&quot;,&quot;iso&quot;:&quot;0&quot;,&quot;shutter_speed&quot;:&quot;0&quot;,&quot;title&quot;:&quot;&quot;,&quot;orientation&quot;:&quot;1&quot;}\" data-image-title=\"20221103_100308\" data-image-description=\"\" data-image-caption=\"\" data-large-file=\"https:\/\/i0.wp.com\/cloud.alqueria.es\/wp-content\/uploads\/sites\/8\/2022\/11\/20221103_100308.jpg?fit=474%2C356&amp;ssl=1\" class=\"alignleft size-medium wp-image-37080\" src=\"https:\/\/i0.wp.com\/cloud.alqueria.es\/wp-content\/uploads\/sites\/8\/2022\/11\/20221103_100308-300x225.jpg?resize=300%2C225&#038;ssl=1\" alt=\"\" width=\"300\" height=\"225\" srcset=\"https:\/\/cloud.alqueria.es\/wp-content\/uploads\/sites\/8\/2022\/11\/20221103_100308.jpg 300w, https:\/\/cloud.alqueria.es\/wp-content\/uploads\/sites\/8\/2022\/11\/20221103_100308.jpg 1024w, https:\/\/cloud.alqueria.es\/wp-content\/uploads\/sites\/8\/2022\/11\/20221103_100308.jpg 768w, https:\/\/cloud.alqueria.es\/wp-content\/uploads\/sites\/8\/2022\/11\/20221103_100308.jpg 1536w, https:\/\/cloud.alqueria.es\/wp-content\/uploads\/sites\/8\/2022\/11\/20221103_100308.jpg 2000w, https:\/\/cloud.alqueria.es\/wp-content\/uploads\/sites\/8\/2022\/11\/20221103_100308.jpg 948w, https:\/\/cloud.alqueria.es\/wp-content\/uploads\/sites\/8\/2022\/11\/20221103_100308.jpg 1422w\" sizes=\"(max-width: 300px) 100vw, 300px\" \/><\/p>\n<p><em>\u00abHola, me llamo Francisco y voy a explicaros los animales del bosque\u00bb\u00bb<\/em><\/p>\n<p><em>\u00ab\u00bfSab\u00e9is lo que es un bosque?\u00bb<\/em> (pausa dram\u00e1tica)<\/p>\n<p><em>\u00ab\u00bfNo?, pues os lo voy a explicar.\u00bb<\/em><\/p>\n<p><em>\u00abUn bosque es un lugar con muchos \u00e1rboles y plantas diferentes, y tambi\u00e9n hay muchas especies de animales. Son much\u00edsimos los animales que viven en el bosque, pero no puedo hablar de todos, yo he elegido tres\u00bb<\/em><\/p>\n<p><img data-recalc-dims=\"1\" decoding=\"async\" data-attachment-id=\"37081\" data-permalink=\"https:\/\/www.alqueria.es\/blogs\/alqueriarojaverde\/2022\/11\/06\/conferencia-experto-de-francisco-animales-del-bosque\/20221103_100326\/\" data-orig-file=\"https:\/\/i0.wp.com\/cloud.alqueria.es\/wp-content\/uploads\/sites\/8\/2022\/11\/20221103_100326.jpg?fit=2000%2C1500&amp;ssl=1\" data-orig-size=\"2000,1500\" data-comments-opened=\"1\" data-image-meta=\"{&quot;aperture&quot;:&quot;0&quot;,&quot;credit&quot;:&quot;&quot;,&quot;camera&quot;:&quot;&quot;,&quot;caption&quot;:&quot;&quot;,&quot;created_timestamp&quot;:&quot;0&quot;,&quot;copyright&quot;:&quot;&quot;,&quot;focal_length&quot;:&quot;0&quot;,&quot;iso&quot;:&quot;0&quot;,&quot;shutter_speed&quot;:&quot;0&quot;,&quot;title&quot;:&quot;&quot;,&quot;orientation&quot;:&quot;1&quot;}\" data-image-title=\"20221103_100326\" data-image-description=\"\" data-image-caption=\"\" data-large-file=\"https:\/\/i0.wp.com\/cloud.alqueria.es\/wp-content\/uploads\/sites\/8\/2022\/11\/20221103_100326.jpg?fit=474%2C356&amp;ssl=1\" class=\"alignright size-medium wp-image-37081\" src=\"https:\/\/i0.wp.com\/cloud.alqueria.es\/wp-content\/uploads\/sites\/8\/2022\/11\/20221103_100326-300x225.jpg?resize=300%2C225&#038;ssl=1\" alt=\"\" width=\"300\" height=\"225\" srcset=\"https:\/\/cloud.alqueria.es\/wp-content\/uploads\/sites\/8\/2022\/11\/20221103_100326.jpg 300w, https:\/\/cloud.alqueria.es\/wp-content\/uploads\/sites\/8\/2022\/11\/20221103_100326.jpg 1024w, https:\/\/cloud.alqueria.es\/wp-content\/uploads\/sites\/8\/2022\/11\/20221103_100326.jpg 768w, https:\/\/cloud.alqueria.es\/wp-content\/uploads\/sites\/8\/2022\/11\/20221103_100326.jpg 1536w, https:\/\/cloud.alqueria.es\/wp-content\/uploads\/sites\/8\/2022\/11\/20221103_100326.jpg 2000w, https:\/\/cloud.alqueria.es\/wp-content\/uploads\/sites\/8\/2022\/11\/20221103_100326.jpg 948w, https:\/\/cloud.alqueria.es\/wp-content\/uploads\/sites\/8\/2022\/11\/20221103_100326.jpg 1422w\" sizes=\"(max-width: 300px) 100vw, 300px\" \/><\/p>\n<p><strong>LOBO IB\u00c9RICO<\/strong><\/p>\n<ul>\n<li><em>\u00abEs un lobo que vive principalmente en el Norte de Espa\u00f1a y Portugal, aunque hay algunos ejemplares tambi\u00e9n en Andaluc\u00eda\u00bb.<\/em><\/li>\n<li><em>\u00abEs un mam\u00edfero \u00bfsab\u00e9is que es un mam\u00edfero? pues los mam\u00edferos nacen de la barriga de su mam\u00e1 y cuando son peque\u00f1os toman leche de su mam\u00e1. A la barriga tambi\u00e9n se le suele llamar vientre, pero yo le llamo barriga mejor\u00bb.<\/em><\/li>\n<li><em>\u00abEs carn\u00edvoro. Come ciervos, zorros, ovejas, ratones, conejos, tambi\u00e9n animales muertos y algunos frutos silvestres, incluso hay algunas hierbas, que les ayudan a hacer la digesti\u00f3n\u00bb.<\/em><\/li>\n<li><em>\u00abViven en manadas \u00bfa que no sab\u00e9is c\u00f3mo marcan su territorio? pues con orina y con ara\u00f1azos que hacen en las piedras que tienen alrededor\u00bb.\u00a0<\/em><\/li>\n<li><em>Se comunican aullando.<\/em><\/li>\n<li><em>Los sentidos m\u00e1s desarrollados son la vista, el olfato y el o\u00eddo. Aunque tambi\u00e9n sus bigotes.\u00a0<\/em><\/li>\n<\/ul>\n<p>&#8211; <em>Cazan al anochecer, cuando hay poca luz porque pueden ver muy bien en la oscuridad.\u00a0<\/em><\/p>\n<p><em>&#8211; Si nos estamos comiendo un bocadillo aqu\u00ed, son capaces de olerlo desde la puerta del cole, tienen muy buen olfato.\u00a0<\/em><\/p>\n<p><em>&#8211; Escuchan muy bien, los pasos de un rat\u00f3n y hasta las hojas caer de los \u00e1rboles.\u00a0<\/em><\/p>\n<p><em>-Tambi\u00e9n tienen mucha sensibilidad en sus bigotes, les permiten cazar animales peque\u00f1os y no tropezarse en la oscuridad.\u00a0<\/em><\/p>\n<ul>\n<li>\u00bfEst\u00e1n en peligro de extinci\u00f3n, porqu\u00e9?<\/li>\n<\/ul>\n<ol>\n<li><em>Por la destrucci\u00f3n de los bosques donde viven, por un lado, por los incendios, por otro lado por los seres humanos, que destruyen los bosques para construir casas y carreteras.<\/em><\/li>\n<li><em>Como se quedan sin bosques y sin animales para cazar, se acercan a las zonas donde viven los hombres y atacan a sus reba\u00f1os, sus ovejas, gallinas\u2026.entonces los seres humanos los persiguen y los cazan, tambi\u00e9n les ponen ratoneras de animales muertos con productos t\u00f3xicos para envenenar a los lobos.<\/em><\/li>\n<\/ol>\n<ul>\n<li><em>Curiosidad: Hay casos de ni\u00f1os criados por lobos.<\/em><\/li>\n<\/ul>\n<p>Aqu\u00ed nos cuenta un caso ocurrido en Espa\u00f1a, de un ni\u00f1o llamado Marcos que se qued\u00f3 sin familia y de c\u00f3mo una loba lo encontr\u00f3 y cri\u00f3 como si fuera uno de sus cachorros. Nos ofrece todo lo lujo de detalles de la historia, ya que primero fue encontrado por un pastor&#8230; y al final nos dice que hay una pel\u00edcula que cuenta esta historia \u00abEntre lobos\u00bb.<\/p>\n<p><img data-recalc-dims=\"1\" decoding=\"async\" data-attachment-id=\"37082\" data-permalink=\"https:\/\/www.alqueria.es\/blogs\/alqueriarojaverde\/2022\/11\/06\/conferencia-experto-de-francisco-animales-del-bosque\/20221103_100339\/\" data-orig-file=\"https:\/\/i0.wp.com\/cloud.alqueria.es\/wp-content\/uploads\/sites\/8\/2022\/11\/20221103_100339.jpg?fit=2000%2C1500&amp;ssl=1\" data-orig-size=\"2000,1500\" data-comments-opened=\"1\" data-image-meta=\"{&quot;aperture&quot;:&quot;0&quot;,&quot;credit&quot;:&quot;&quot;,&quot;camera&quot;:&quot;&quot;,&quot;caption&quot;:&quot;&quot;,&quot;created_timestamp&quot;:&quot;0&quot;,&quot;copyright&quot;:&quot;&quot;,&quot;focal_length&quot;:&quot;0&quot;,&quot;iso&quot;:&quot;0&quot;,&quot;shutter_speed&quot;:&quot;0&quot;,&quot;title&quot;:&quot;&quot;,&quot;orientation&quot;:&quot;1&quot;}\" data-image-title=\"20221103_100339\" data-image-description=\"\" data-image-caption=\"\" data-large-file=\"https:\/\/i0.wp.com\/cloud.alqueria.es\/wp-content\/uploads\/sites\/8\/2022\/11\/20221103_100339.jpg?fit=474%2C356&amp;ssl=1\" class=\"alignleft size-medium wp-image-37082\" src=\"https:\/\/i0.wp.com\/cloud.alqueria.es\/wp-content\/uploads\/sites\/8\/2022\/11\/20221103_100339-300x225.jpg?resize=300%2C225&#038;ssl=1\" alt=\"\" width=\"300\" height=\"225\" srcset=\"https:\/\/cloud.alqueria.es\/wp-content\/uploads\/sites\/8\/2022\/11\/20221103_100339.jpg 300w, https:\/\/cloud.alqueria.es\/wp-content\/uploads\/sites\/8\/2022\/11\/20221103_100339.jpg 1024w, https:\/\/cloud.alqueria.es\/wp-content\/uploads\/sites\/8\/2022\/11\/20221103_100339.jpg 768w, https:\/\/cloud.alqueria.es\/wp-content\/uploads\/sites\/8\/2022\/11\/20221103_100339.jpg 1536w, https:\/\/cloud.alqueria.es\/wp-content\/uploads\/sites\/8\/2022\/11\/20221103_100339.jpg 2000w, https:\/\/cloud.alqueria.es\/wp-content\/uploads\/sites\/8\/2022\/11\/20221103_100339.jpg 948w, https:\/\/cloud.alqueria.es\/wp-content\/uploads\/sites\/8\/2022\/11\/20221103_100339.jpg 1422w\" sizes=\"(max-width: 300px) 100vw, 300px\" \/><strong>LINCE IB\u00c9RICO<\/strong><\/p>\n<ul>\n<li><em>\u00abEs un felino de tama\u00f1o mediano, es m\u00e1s peque\u00f1o que por ejemplo los tigres y leones, pero m\u00e1s grande que los gatos\u00bb.<\/em><\/li>\n<li><em>\u00abEs un mam\u00edfero. \u00bfYa sab\u00e9is lo que es un mam\u00edfero no?, de antes cuando lo he explicado de los lobos. Bueno pues tambi\u00e9n nace de la barriga de su\u00a0mam\u00e1 y toma leche de su mam\u00e1\u00bb.<\/em><\/li>\n<li><em>Vive en el sur de Espa\u00f1a y Portugal.<\/em><\/li>\n<li><em>\u00abTiene manchas negras en el cuerpo, unas orejas con pelos negros en las puntas, que les aumentan su sentido del o\u00eddo, una barbilla muy larga. Ah y es de color as\u00ed como un poco anaranjado o algo as\u00ed\u00bb.<\/em><\/li>\n<li><em>Tiene el sentido de la visi\u00f3n muy desarrollado, que les permite cazar por la noche.<\/em><\/li>\n<li><em>Son carn\u00edvoros, comen principalmente conejos, pero tambi\u00e9n se alimentan de liebres y ratones.<\/em><\/li>\n<li><em>Est\u00e1n m\u00e1s en peligro de extinci\u00f3n, porque han estado a punto de desaparecer. \u00bfPorqu\u00e9?<\/em><\/li>\n<\/ul>\n<ol>\n<li><em>Porque hay menos conejos, que han desaparecido por dos enfermedades infecciosas (por dos virus), entonces enfermaron y el lince se qued\u00f3 sin su alimento principal. \u00a0<\/em><\/li>\n<li><em>Porque se han destruido mucho bosques por los incendios y por los hombres que construyen casas y carreteras, muchos linces tambi\u00e9n mueren atropellados en carreteras cercanas al bosque.<\/em><\/li>\n<li><em>Por los cazadores que los persiguen y cazan.<\/em><\/li>\n<\/ol>\n<ul>\n<li><em>\u00abPero en algunas partes de Europa hay unas personas que son especialistas en animales que los protegen. Los vigilan, les dan animales para que se alimenten, no dejan que los cacen, ayudan a las mam\u00e1s a tener sus cr\u00edas, los ayudan cuando son peque\u00f1os y cuando son grandes los dejan en los bosques\u00bb. \u00a0<\/em><\/li>\n<\/ul>\n<p><img data-recalc-dims=\"1\" decoding=\"async\" data-attachment-id=\"37083\" data-permalink=\"https:\/\/www.alqueria.es\/blogs\/alqueriarojaverde\/2022\/11\/06\/conferencia-experto-de-francisco-animales-del-bosque\/20221103_100351\/\" data-orig-file=\"https:\/\/i0.wp.com\/cloud.alqueria.es\/wp-content\/uploads\/sites\/8\/2022\/11\/20221103_100351.jpg?fit=2000%2C1500&amp;ssl=1\" data-orig-size=\"2000,1500\" data-comments-opened=\"1\" data-image-meta=\"{&quot;aperture&quot;:&quot;0&quot;,&quot;credit&quot;:&quot;&quot;,&quot;camera&quot;:&quot;&quot;,&quot;caption&quot;:&quot;&quot;,&quot;created_timestamp&quot;:&quot;0&quot;,&quot;copyright&quot;:&quot;&quot;,&quot;focal_length&quot;:&quot;0&quot;,&quot;iso&quot;:&quot;0&quot;,&quot;shutter_speed&quot;:&quot;0&quot;,&quot;title&quot;:&quot;&quot;,&quot;orientation&quot;:&quot;1&quot;}\" data-image-title=\"20221103_100351\" data-image-description=\"\" data-image-caption=\"\" data-large-file=\"https:\/\/i0.wp.com\/cloud.alqueria.es\/wp-content\/uploads\/sites\/8\/2022\/11\/20221103_100351.jpg?fit=474%2C356&amp;ssl=1\" class=\"alignright size-medium wp-image-37083\" src=\"https:\/\/i0.wp.com\/cloud.alqueria.es\/wp-content\/uploads\/sites\/8\/2022\/11\/20221103_100351-300x225.jpg?resize=300%2C225&#038;ssl=1\" alt=\"\" width=\"300\" height=\"225\" srcset=\"https:\/\/cloud.alqueria.es\/wp-content\/uploads\/sites\/8\/2022\/11\/20221103_100351.jpg 300w, https:\/\/cloud.alqueria.es\/wp-content\/uploads\/sites\/8\/2022\/11\/20221103_100351.jpg 1024w, https:\/\/cloud.alqueria.es\/wp-content\/uploads\/sites\/8\/2022\/11\/20221103_100351.jpg 768w, https:\/\/cloud.alqueria.es\/wp-content\/uploads\/sites\/8\/2022\/11\/20221103_100351.jpg 1536w, https:\/\/cloud.alqueria.es\/wp-content\/uploads\/sites\/8\/2022\/11\/20221103_100351.jpg 2000w, https:\/\/cloud.alqueria.es\/wp-content\/uploads\/sites\/8\/2022\/11\/20221103_100351.jpg 948w, https:\/\/cloud.alqueria.es\/wp-content\/uploads\/sites\/8\/2022\/11\/20221103_100351.jpg 1422w\" sizes=\"(max-width: 300px) 100vw, 300px\" \/><strong>EL MOCHUELO<\/strong><\/p>\n<ul>\n<li><em>Es un b\u00faho tan peque\u00f1o que cabe en la palma de una mano.<\/em><\/li>\n<li><em>No tiene orejas de plumas, tiene la cabeza desmochada, por eso se llama mochuelo. Es plana.<\/em><\/li>\n<li><em>Les gusta vivir en pareja.<\/em><\/li>\n<li><em>No construyen sus nidos, se aprovechan de los nidos de otros animales, o de los huecos de los \u00e1rboles para vivir.<\/em><\/li>\n<li><em>Tiene unas garras y un pico fuerte para cazar.<\/em><\/li>\n<li><em>Cazan principalmente con poca luz, son aves nocturnas.<\/em><\/li>\n<li><em>Sus \u00e1rboles preferidos son los olivos.<\/em><\/li>\n<li><em>Cazan gorriones, ratones, serpientes, insectos.<\/em><\/li>\n<\/ul>\n<p><strong>Curiosidades de los animales en oto\u00f1o:<\/strong><\/p>\n<ol>\n<li><em>El oso como y bebe mucho en oto\u00f1o, para poder hibernar todo el invierno.<\/em><\/li>\n<li><em>Las ardillas recolectan muchos alimentos, como nueces, bellotas&#8230;.y los entierran bajo tierra o los esconden en sus madrigueras, para tener alimento en invierno.<\/em><\/li>\n<li><em>Las cig\u00fce\u00f1as y otras aves que ahora no me acuerdo su nombre (golondrinas), \u00a0en oto\u00f1o se van a lugares donde haga m\u00e1s calor. Por ejemplo a Australia, Am\u00e9rica del Sur y \u00c1frica.<\/em><\/li>\n<li><em>Las liebres de las monta\u00f1as, van cambiando su pelaje de marr\u00f3n a blanco, para cuando venga la nieve. As\u00ed se camuflan y no las cazan.<\/em><\/li>\n<\/ol>\n<p class=\"jetpack-slideshow-noscript robots-nocontent\">El pase de diapositivas requiere JavaScript.<\/p><div id=\"gallery-37016-1-slideshow\" class=\"jetpack-slideshow-window jetpack-slideshow jetpack-slideshow-black\" data-trans=\"fade\" data-autostart=\"1\" data-gallery=\"[{&quot;src&quot;:&quot;https:\\\/\\\/i0.wp.com\\\/cloud.alqueria.es\\\/wp-content\\\/uploads\\\/sites\\\/8\\\/2022\\\/11\\\/20221103_092448.jpg?fit=1488%2C2000\\u0026ssl=1&quot;,&quot;id&quot;:&quot;37066&quot;,&quot;title&quot;:&quot;20221103_092448&quot;,&quot;alt&quot;:&quot;&quot;,&quot;caption&quot;:&quot;&quot;,&quot;itemprop&quot;:&quot;image&quot;},{&quot;src&quot;:&quot;https:\\\/\\\/i0.wp.com\\\/cloud.alqueria.es\\\/wp-content\\\/uploads\\\/sites\\\/8\\\/2022\\\/11\\\/20221103_092543.jpg?fit=2000%2C1500\\u0026ssl=1&quot;,&quot;id&quot;:&quot;37067&quot;,&quot;title&quot;:&quot;20221103_092543&quot;,&quot;alt&quot;:&quot;&quot;,&quot;caption&quot;:&quot;&quot;,&quot;itemprop&quot;:&quot;image&quot;},{&quot;src&quot;:&quot;https:\\\/\\\/i0.wp.com\\\/cloud.alqueria.es\\\/wp-content\\\/uploads\\\/sites\\\/8\\\/2022\\\/11\\\/20221103_092620.jpg?fit=2000%2C1500\\u0026ssl=1&quot;,&quot;id&quot;:&quot;37068&quot;,&quot;title&quot;:&quot;20221103_092620&quot;,&quot;alt&quot;:&quot;&quot;,&quot;caption&quot;:&quot;&quot;,&quot;itemprop&quot;:&quot;image&quot;},{&quot;src&quot;:&quot;https:\\\/\\\/i0.wp.com\\\/cloud.alqueria.es\\\/wp-content\\\/uploads\\\/sites\\\/8\\\/2022\\\/11\\\/20221103_093122.jpg?fit=2000%2C1500\\u0026ssl=1&quot;,&quot;id&quot;:&quot;37069&quot;,&quot;title&quot;:&quot;20221103_093122&quot;,&quot;alt&quot;:&quot;&quot;,&quot;caption&quot;:&quot;&quot;,&quot;itemprop&quot;:&quot;image&quot;},{&quot;src&quot;:&quot;https:\\\/\\\/i0.wp.com\\\/cloud.alqueria.es\\\/wp-content\\\/uploads\\\/sites\\\/8\\\/2022\\\/11\\\/20221103_093203.jpg?fit=1488%2C2000\\u0026ssl=1&quot;,&quot;id&quot;:&quot;37070&quot;,&quot;title&quot;:&quot;20221103_093203&quot;,&quot;alt&quot;:&quot;&quot;,&quot;caption&quot;:&quot;&quot;,&quot;itemprop&quot;:&quot;image&quot;},{&quot;src&quot;:&quot;https:\\\/\\\/i0.wp.com\\\/cloud.alqueria.es\\\/wp-content\\\/uploads\\\/sites\\\/8\\\/2022\\\/11\\\/20221103_093634.jpg?fit=2000%2C1500\\u0026ssl=1&quot;,&quot;id&quot;:&quot;37071&quot;,&quot;title&quot;:&quot;20221103_093634&quot;,&quot;alt&quot;:&quot;&quot;,&quot;caption&quot;:&quot;&quot;,&quot;itemprop&quot;:&quot;image&quot;},{&quot;src&quot;:&quot;https:\\\/\\\/i0.wp.com\\\/cloud.alqueria.es\\\/wp-content\\\/uploads\\\/sites\\\/8\\\/2022\\\/11\\\/20221103_093650.jpg?fit=2000%2C1500\\u0026ssl=1&quot;,&quot;id&quot;:&quot;37072&quot;,&quot;title&quot;:&quot;20221103_093650&quot;,&quot;alt&quot;:&quot;&quot;,&quot;caption&quot;:&quot;&quot;,&quot;itemprop&quot;:&quot;image&quot;}]\" itemscope itemtype=\"https:\/\/schema.org\/ImageGallery\"><\/div>\n<p>En la ronda de preguntas fueron muchas las intervenciones del resto del grupo, que mantuvo una actitud de escucha activa durante todo el tiempo. A modo de ejemplo<em> \u00ab\u00bfLos mochuelos pueden volar muy alto? Pues&#8230; con la temporidad de sus alas&#8230; un poco alto y un poco bajo, as\u00ed que mediano\u00bb o \u00ab\u00bfLos p\u00e1jaros pueden nadar? Pues&#8230; los flamencos me parece que s\u00ed pero otros no, otros solo volar\u00bb.\u00a0<\/em><\/p>\n<div class=\"tiled-gallery type-square tiled-gallery-unresized\" data-original-width=\"474\" data-carousel-extra='{&quot;blog_id&quot;:8,&quot;permalink&quot;:&quot;https:\\\/\\\/www.alqueria.es\\\/blogs\\\/alqueriarojaverde\\\/2022\\\/11\\\/06\\\/conferencia-experto-de-francisco-animales-del-bosque\\\/&quot;,&quot;likes_blog_id&quot;:64268569}' itemscope itemtype=\"http:\/\/schema.org\/ImageGallery\" > <div class=\"gallery-row\" style=\"width: 474px; height: 237px;\" data-original-width=\"474\" data-original-height=\"237\" > <div class=\"gallery-group\" style=\"width: 237px; height: 237px;\" data-original-width=\"237\" data-original-height=\"237\" > <div class=\"tiled-gallery-item \" itemprop=\"associatedMedia\" itemscope itemtype=\"http:\/\/schema.org\/ImageObject\"> <a href=\"https:\/\/www.alqueria.es\/blogs\/alqueriarojaverde\/2022\/11\/06\/conferencia-experto-de-francisco-animales-del-bosque\/20221103_094058\/\" border=\"0\" itemprop=\"url\"> <meta itemprop=\"width\" content=\"233\"> <meta itemprop=\"height\" content=\"233\"> <img decoding=\"async\" class=\"\" data-attachment-id=\"37073\" data-orig-file=\"https:\/\/cloud.alqueria.es\/wp-content\/uploads\/sites\/8\/2022\/11\/20221103_094058.jpg\" data-orig-size=\"2000,1500\" data-comments-opened=\"1\" data-image-meta=\"{&quot;aperture&quot;:&quot;0&quot;,&quot;credit&quot;:&quot;&quot;,&quot;camera&quot;:&quot;&quot;,&quot;caption&quot;:&quot;&quot;,&quot;created_timestamp&quot;:&quot;0&quot;,&quot;copyright&quot;:&quot;&quot;,&quot;focal_length&quot;:&quot;0&quot;,&quot;iso&quot;:&quot;0&quot;,&quot;shutter_speed&quot;:&quot;0&quot;,&quot;title&quot;:&quot;&quot;,&quot;orientation&quot;:&quot;1&quot;}\" data-image-title=\"20221103_094058\" data-image-description=\"\" data-medium-file=\"https:\/\/i0.wp.com\/cloud.alqueria.es\/wp-content\/uploads\/sites\/8\/2022\/11\/20221103_094058.jpg?fit=300%2C225&#038;ssl=1\" data-large-file=\"https:\/\/i0.wp.com\/cloud.alqueria.es\/wp-content\/uploads\/sites\/8\/2022\/11\/20221103_094058.jpg?fit=474%2C356&#038;ssl=1\" src=\"https:\/\/i0.wp.com\/cloud.alqueria.es\/wp-content\/uploads\/sites\/8\/2022\/11\/20221103_094058.jpg?w=233&#038;h=233&#038;crop=1&#038;ssl=1\" srcset=\"https:\/\/cloud.alqueria.es\/wp-content\/uploads\/sites\/8\/2022\/11\/20221103_094058.jpg 150w, https:\/\/cloud.alqueria.es\/wp-content\/uploads\/sites\/8\/2022\/11\/20221103_094058.jpg 466w, https:\/\/cloud.alqueria.es\/wp-content\/uploads\/sites\/8\/2022\/11\/20221103_094058.jpg 699w\" width=\"233\" height=\"233\" loading=\"lazy\" data-original-width=\"233\" data-original-height=\"233\" itemprop=\"http:\/\/schema.org\/image\" title=\"20221103_094058\" alt=\"20221103_094058\" style=\"width: 233px; height: 233px;\" \/> <\/a> <\/div> <\/div> <div class=\"gallery-group\" style=\"width: 237px; height: 237px;\" data-original-width=\"237\" data-original-height=\"237\" > <div class=\"tiled-gallery-item \" itemprop=\"associatedMedia\" itemscope itemtype=\"http:\/\/schema.org\/ImageObject\"> <a href=\"https:\/\/www.alqueria.es\/blogs\/alqueriarojaverde\/2022\/11\/06\/conferencia-experto-de-francisco-animales-del-bosque\/20221103_094108\/\" border=\"0\" itemprop=\"url\"> <meta itemprop=\"width\" content=\"233\"> <meta itemprop=\"height\" content=\"233\"> <img decoding=\"async\" class=\"\" data-attachment-id=\"37074\" data-orig-file=\"https:\/\/cloud.alqueria.es\/wp-content\/uploads\/sites\/8\/2022\/11\/20221103_094108.jpg\" data-orig-size=\"2000,1500\" data-comments-opened=\"1\" data-image-meta=\"{&quot;aperture&quot;:&quot;0&quot;,&quot;credit&quot;:&quot;&quot;,&quot;camera&quot;:&quot;&quot;,&quot;caption&quot;:&quot;&quot;,&quot;created_timestamp&quot;:&quot;0&quot;,&quot;copyright&quot;:&quot;&quot;,&quot;focal_length&quot;:&quot;0&quot;,&quot;iso&quot;:&quot;0&quot;,&quot;shutter_speed&quot;:&quot;0&quot;,&quot;title&quot;:&quot;&quot;,&quot;orientation&quot;:&quot;1&quot;}\" data-image-title=\"20221103_094108\" data-image-description=\"\" data-medium-file=\"https:\/\/i0.wp.com\/cloud.alqueria.es\/wp-content\/uploads\/sites\/8\/2022\/11\/20221103_094108.jpg?fit=300%2C225&#038;ssl=1\" data-large-file=\"https:\/\/i0.wp.com\/cloud.alqueria.es\/wp-content\/uploads\/sites\/8\/2022\/11\/20221103_094108.jpg?fit=474%2C356&#038;ssl=1\" src=\"https:\/\/i0.wp.com\/cloud.alqueria.es\/wp-content\/uploads\/sites\/8\/2022\/11\/20221103_094108.jpg?w=233&#038;h=233&#038;crop=1&#038;ssl=1\" srcset=\"https:\/\/cloud.alqueria.es\/wp-content\/uploads\/sites\/8\/2022\/11\/20221103_094108.jpg 150w, https:\/\/cloud.alqueria.es\/wp-content\/uploads\/sites\/8\/2022\/11\/20221103_094108.jpg 466w, https:\/\/cloud.alqueria.es\/wp-content\/uploads\/sites\/8\/2022\/11\/20221103_094108.jpg 699w\" width=\"233\" height=\"233\" loading=\"lazy\" data-original-width=\"233\" data-original-height=\"233\" itemprop=\"http:\/\/schema.org\/image\" title=\"20221103_094108\" alt=\"20221103_094108\" style=\"width: 233px; height: 233px;\" \/> <\/a> <\/div> <\/div> <\/div> <div class=\"gallery-row\" style=\"width: 474px; height: 237px;\" data-original-width=\"474\" data-original-height=\"237\" > <div class=\"gallery-group\" style=\"width: 237px; height: 237px;\" data-original-width=\"237\" data-original-height=\"237\" > <div class=\"tiled-gallery-item \" itemprop=\"associatedMedia\" itemscope itemtype=\"http:\/\/schema.org\/ImageObject\"> <a href=\"https:\/\/www.alqueria.es\/blogs\/alqueriarojaverde\/2022\/11\/06\/conferencia-experto-de-francisco-animales-del-bosque\/20221103_094238\/\" border=\"0\" itemprop=\"url\"> <meta itemprop=\"width\" content=\"233\"> <meta itemprop=\"height\" content=\"233\"> <img decoding=\"async\" class=\"\" data-attachment-id=\"37075\" data-orig-file=\"https:\/\/cloud.alqueria.es\/wp-content\/uploads\/sites\/8\/2022\/11\/20221103_094238.jpg\" data-orig-size=\"2000,1500\" data-comments-opened=\"1\" data-image-meta=\"{&quot;aperture&quot;:&quot;0&quot;,&quot;credit&quot;:&quot;&quot;,&quot;camera&quot;:&quot;&quot;,&quot;caption&quot;:&quot;&quot;,&quot;created_timestamp&quot;:&quot;0&quot;,&quot;copyright&quot;:&quot;&quot;,&quot;focal_length&quot;:&quot;0&quot;,&quot;iso&quot;:&quot;0&quot;,&quot;shutter_speed&quot;:&quot;0&quot;,&quot;title&quot;:&quot;&quot;,&quot;orientation&quot;:&quot;1&quot;}\" data-image-title=\"20221103_094238\" data-image-description=\"\" data-medium-file=\"https:\/\/i0.wp.com\/cloud.alqueria.es\/wp-content\/uploads\/sites\/8\/2022\/11\/20221103_094238.jpg?fit=300%2C225&#038;ssl=1\" data-large-file=\"https:\/\/i0.wp.com\/cloud.alqueria.es\/wp-content\/uploads\/sites\/8\/2022\/11\/20221103_094238.jpg?fit=474%2C356&#038;ssl=1\" src=\"https:\/\/i0.wp.com\/cloud.alqueria.es\/wp-content\/uploads\/sites\/8\/2022\/11\/20221103_094238.jpg?w=233&#038;h=233&#038;crop=1&#038;ssl=1\" srcset=\"https:\/\/cloud.alqueria.es\/wp-content\/uploads\/sites\/8\/2022\/11\/20221103_094238.jpg 150w, https:\/\/cloud.alqueria.es\/wp-content\/uploads\/sites\/8\/2022\/11\/20221103_094238.jpg 466w, https:\/\/cloud.alqueria.es\/wp-content\/uploads\/sites\/8\/2022\/11\/20221103_094238.jpg 699w\" width=\"233\" height=\"233\" loading=\"lazy\" data-original-width=\"233\" data-original-height=\"233\" itemprop=\"http:\/\/schema.org\/image\" title=\"20221103_094238\" alt=\"20221103_094238\" style=\"width: 233px; height: 233px;\" \/> <\/a> <\/div> <\/div> <div class=\"gallery-group\" style=\"width: 237px; height: 237px;\" data-original-width=\"237\" data-original-height=\"237\" > <div class=\"tiled-gallery-item \" itemprop=\"associatedMedia\" itemscope itemtype=\"http:\/\/schema.org\/ImageObject\"> <a href=\"https:\/\/www.alqueria.es\/blogs\/alqueriarojaverde\/2022\/11\/06\/conferencia-experto-de-francisco-animales-del-bosque\/20221103_094847\/\" border=\"0\" itemprop=\"url\"> <meta itemprop=\"width\" content=\"233\"> <meta itemprop=\"height\" content=\"233\"> <img decoding=\"async\" class=\"\" data-attachment-id=\"37076\" data-orig-file=\"https:\/\/cloud.alqueria.es\/wp-content\/uploads\/sites\/8\/2022\/11\/20221103_094847.jpg\" data-orig-size=\"2000,1500\" data-comments-opened=\"1\" data-image-meta=\"{&quot;aperture&quot;:&quot;0&quot;,&quot;credit&quot;:&quot;&quot;,&quot;camera&quot;:&quot;&quot;,&quot;caption&quot;:&quot;&quot;,&quot;created_timestamp&quot;:&quot;0&quot;,&quot;copyright&quot;:&quot;&quot;,&quot;focal_length&quot;:&quot;0&quot;,&quot;iso&quot;:&quot;0&quot;,&quot;shutter_speed&quot;:&quot;0&quot;,&quot;title&quot;:&quot;&quot;,&quot;orientation&quot;:&quot;1&quot;}\" data-image-title=\"20221103_094847\" data-image-description=\"\" data-medium-file=\"https:\/\/i0.wp.com\/cloud.alqueria.es\/wp-content\/uploads\/sites\/8\/2022\/11\/20221103_094847.jpg?fit=300%2C225&#038;ssl=1\" data-large-file=\"https:\/\/i0.wp.com\/cloud.alqueria.es\/wp-content\/uploads\/sites\/8\/2022\/11\/20221103_094847.jpg?fit=474%2C356&#038;ssl=1\" src=\"https:\/\/i0.wp.com\/cloud.alqueria.es\/wp-content\/uploads\/sites\/8\/2022\/11\/20221103_094847.jpg?w=233&#038;h=233&#038;crop=1&#038;ssl=1\" srcset=\"https:\/\/cloud.alqueria.es\/wp-content\/uploads\/sites\/8\/2022\/11\/20221103_094847.jpg 150w, https:\/\/cloud.alqueria.es\/wp-content\/uploads\/sites\/8\/2022\/11\/20221103_094847.jpg 466w, https:\/\/cloud.alqueria.es\/wp-content\/uploads\/sites\/8\/2022\/11\/20221103_094847.jpg 699w\" width=\"233\" height=\"233\" loading=\"lazy\" data-original-width=\"233\" data-original-height=\"233\" itemprop=\"http:\/\/schema.org\/image\" title=\"20221103_094847\" alt=\"20221103_094847\" style=\"width: 233px; height: 233px;\" \/> <\/a> <\/div> <\/div> <\/div> <\/div>\n<p>Francisco ten\u00eda tantas ganas de poder solucionar las preguntas a los dem\u00e1s, que hasta les dijo \u00ab\u00bf<em>Y del lince ib\u00e9rico nadie tiene preguntas?\u00bb <\/em>Tambi\u00e9n nos mostr\u00f3 c\u00f3mo utilizar el reclamo de su abuelo para atraer a los mochuelos.<\/p>\n<p>Para el juego relacionado con la tem\u00e1tica, aport\u00f3 a la clase unos antifaces de diferentes animales del bosque, as\u00ed que nos caracterizamos de ellos y utilizamos el mobiliario a modo de \u00e1rboles, cuevas, monta\u00f1as&#8230;<\/p>\n<div class=\"tiled-gallery type-square tiled-gallery-unresized\" data-original-width=\"474\" data-carousel-extra='{&quot;blog_id&quot;:8,&quot;permalink&quot;:&quot;https:\\\/\\\/www.alqueria.es\\\/blogs\\\/alqueriarojaverde\\\/2022\\\/11\\\/06\\\/conferencia-experto-de-francisco-animales-del-bosque\\\/&quot;,&quot;likes_blog_id&quot;:64268569}' itemscope itemtype=\"http:\/\/schema.org\/ImageGallery\" > <div class=\"gallery-row\" style=\"width: 474px; height: 158px;\" data-original-width=\"474\" data-original-height=\"158\" > <div class=\"gallery-group\" style=\"width: 158px; height: 158px;\" data-original-width=\"158\" data-original-height=\"158\" > <div class=\"tiled-gallery-item \" itemprop=\"associatedMedia\" itemscope itemtype=\"http:\/\/schema.org\/ImageObject\"> <a href=\"https:\/\/www.alqueria.es\/blogs\/alqueriarojaverde\/2022\/11\/06\/conferencia-experto-de-francisco-animales-del-bosque\/20221103_100116\/\" border=\"0\" itemprop=\"url\"> <meta itemprop=\"width\" content=\"154\"> <meta itemprop=\"height\" content=\"154\"> <img decoding=\"async\" class=\"\" data-attachment-id=\"37079\" data-orig-file=\"https:\/\/cloud.alqueria.es\/wp-content\/uploads\/sites\/8\/2022\/11\/20221103_100116.jpg\" data-orig-size=\"1488,2000\" data-comments-opened=\"1\" data-image-meta=\"{&quot;aperture&quot;:&quot;0&quot;,&quot;credit&quot;:&quot;&quot;,&quot;camera&quot;:&quot;&quot;,&quot;caption&quot;:&quot;&quot;,&quot;created_timestamp&quot;:&quot;0&quot;,&quot;copyright&quot;:&quot;&quot;,&quot;focal_length&quot;:&quot;0&quot;,&quot;iso&quot;:&quot;0&quot;,&quot;shutter_speed&quot;:&quot;0&quot;,&quot;title&quot;:&quot;&quot;,&quot;orientation&quot;:&quot;1&quot;}\" data-image-title=\"20221103_100116\" data-image-description=\"\" data-medium-file=\"https:\/\/i0.wp.com\/cloud.alqueria.es\/wp-content\/uploads\/sites\/8\/2022\/11\/20221103_100116.jpg?fit=223%2C300&#038;ssl=1\" data-large-file=\"https:\/\/i0.wp.com\/cloud.alqueria.es\/wp-content\/uploads\/sites\/8\/2022\/11\/20221103_100116.jpg?fit=474%2C637&#038;ssl=1\" src=\"https:\/\/i0.wp.com\/cloud.alqueria.es\/wp-content\/uploads\/sites\/8\/2022\/11\/20221103_100116.jpg?w=154&#038;h=154&#038;crop=1&#038;ssl=1\" srcset=\"https:\/\/cloud.alqueria.es\/wp-content\/uploads\/sites\/8\/2022\/11\/20221103_100116.jpg 150w, https:\/\/cloud.alqueria.es\/wp-content\/uploads\/sites\/8\/2022\/11\/20221103_100116.jpg 308w, https:\/\/cloud.alqueria.es\/wp-content\/uploads\/sites\/8\/2022\/11\/20221103_100116.jpg 462w\" width=\"154\" height=\"154\" loading=\"lazy\" data-original-width=\"154\" data-original-height=\"154\" itemprop=\"http:\/\/schema.org\/image\" title=\"20221103_100116\" alt=\"20221103_100116\" style=\"width: 154px; height: 154px;\" \/> <\/a> <\/div> <\/div> <div class=\"gallery-group\" style=\"width: 158px; height: 158px;\" data-original-width=\"158\" data-original-height=\"158\" > <div class=\"tiled-gallery-item \" itemprop=\"associatedMedia\" itemscope itemtype=\"http:\/\/schema.org\/ImageObject\"> <a href=\"https:\/\/www.alqueria.es\/blogs\/alqueriarojaverde\/2022\/11\/06\/conferencia-experto-de-francisco-animales-del-bosque\/20221103_100111\/\" border=\"0\" itemprop=\"url\"> <meta itemprop=\"width\" content=\"154\"> <meta itemprop=\"height\" content=\"154\"> <img decoding=\"async\" class=\"\" data-attachment-id=\"37078\" data-orig-file=\"https:\/\/cloud.alqueria.es\/wp-content\/uploads\/sites\/8\/2022\/11\/20221103_100111.jpg\" data-orig-size=\"2000,1500\" data-comments-opened=\"1\" data-image-meta=\"{&quot;aperture&quot;:&quot;0&quot;,&quot;credit&quot;:&quot;&quot;,&quot;camera&quot;:&quot;&quot;,&quot;caption&quot;:&quot;&quot;,&quot;created_timestamp&quot;:&quot;0&quot;,&quot;copyright&quot;:&quot;&quot;,&quot;focal_length&quot;:&quot;0&quot;,&quot;iso&quot;:&quot;0&quot;,&quot;shutter_speed&quot;:&quot;0&quot;,&quot;title&quot;:&quot;&quot;,&quot;orientation&quot;:&quot;1&quot;}\" data-image-title=\"20221103_100111\" data-image-description=\"\" data-medium-file=\"https:\/\/i0.wp.com\/cloud.alqueria.es\/wp-content\/uploads\/sites\/8\/2022\/11\/20221103_100111.jpg?fit=300%2C225&#038;ssl=1\" data-large-file=\"https:\/\/i0.wp.com\/cloud.alqueria.es\/wp-content\/uploads\/sites\/8\/2022\/11\/20221103_100111.jpg?fit=474%2C356&#038;ssl=1\" src=\"https:\/\/i0.wp.com\/cloud.alqueria.es\/wp-content\/uploads\/sites\/8\/2022\/11\/20221103_100111.jpg?w=154&#038;h=154&#038;crop=1&#038;ssl=1\" srcset=\"https:\/\/cloud.alqueria.es\/wp-content\/uploads\/sites\/8\/2022\/11\/20221103_100111.jpg 150w, https:\/\/cloud.alqueria.es\/wp-content\/uploads\/sites\/8\/2022\/11\/20221103_100111.jpg 308w, https:\/\/cloud.alqueria.es\/wp-content\/uploads\/sites\/8\/2022\/11\/20221103_100111.jpg 462w\" width=\"154\" height=\"154\" loading=\"lazy\" data-original-width=\"154\" data-original-height=\"154\" itemprop=\"http:\/\/schema.org\/image\" title=\"20221103_100111\" alt=\"20221103_100111\" style=\"width: 154px; height: 154px;\" \/> <\/a> <\/div> <\/div> <div class=\"gallery-group\" style=\"width: 158px; height: 158px;\" data-original-width=\"158\" data-original-height=\"158\" > <div class=\"tiled-gallery-item \" itemprop=\"associatedMedia\" itemscope itemtype=\"http:\/\/schema.org\/ImageObject\"> <a href=\"https:\/\/www.alqueria.es\/blogs\/alqueriarojaverde\/2022\/11\/06\/conferencia-experto-de-francisco-animales-del-bosque\/20221103_100059\/\" border=\"0\" itemprop=\"url\"> <meta itemprop=\"width\" content=\"154\"> <meta itemprop=\"height\" content=\"154\"> <img decoding=\"async\" class=\"\" data-attachment-id=\"37077\" data-orig-file=\"https:\/\/cloud.alqueria.es\/wp-content\/uploads\/sites\/8\/2022\/11\/20221103_100059.jpg\" data-orig-size=\"2000,1500\" data-comments-opened=\"1\" data-image-meta=\"{&quot;aperture&quot;:&quot;0&quot;,&quot;credit&quot;:&quot;&quot;,&quot;camera&quot;:&quot;&quot;,&quot;caption&quot;:&quot;&quot;,&quot;created_timestamp&quot;:&quot;0&quot;,&quot;copyright&quot;:&quot;&quot;,&quot;focal_length&quot;:&quot;0&quot;,&quot;iso&quot;:&quot;0&quot;,&quot;shutter_speed&quot;:&quot;0&quot;,&quot;title&quot;:&quot;&quot;,&quot;orientation&quot;:&quot;1&quot;}\" data-image-title=\"20221103_100059\" data-image-description=\"\" data-medium-file=\"https:\/\/i0.wp.com\/cloud.alqueria.es\/wp-content\/uploads\/sites\/8\/2022\/11\/20221103_100059.jpg?fit=300%2C225&#038;ssl=1\" data-large-file=\"https:\/\/i0.wp.com\/cloud.alqueria.es\/wp-content\/uploads\/sites\/8\/2022\/11\/20221103_100059.jpg?fit=474%2C356&#038;ssl=1\" src=\"https:\/\/i0.wp.com\/cloud.alqueria.es\/wp-content\/uploads\/sites\/8\/2022\/11\/20221103_100059.jpg?w=154&#038;h=154&#038;crop=1&#038;ssl=1\" srcset=\"https:\/\/cloud.alqueria.es\/wp-content\/uploads\/sites\/8\/2022\/11\/20221103_100059.jpg 150w, https:\/\/cloud.alqueria.es\/wp-content\/uploads\/sites\/8\/2022\/11\/20221103_100059.jpg 308w, https:\/\/cloud.alqueria.es\/wp-content\/uploads\/sites\/8\/2022\/11\/20221103_100059.jpg 462w\" width=\"154\" height=\"154\" loading=\"lazy\" data-original-width=\"154\" data-original-height=\"154\" itemprop=\"http:\/\/schema.org\/image\" title=\"20221103_100059\" alt=\"20221103_100059\" style=\"width: 154px; height: 154px;\" \/> <\/a> <\/div> <\/div> <\/div> <\/div>\n<p>El dibujo de la experiencia est\u00e1 expuesto en el tabl\u00f3n de la clase y tambi\u00e9n parte del material utilizado para su investigaci\u00f3n.<\/p>\n<p style=\"text-align: center\"><span style=\"color: #008000\"><strong>\u00a1Enhorabuena familia y Francisco, por el trabajo realizado en torno a esta \u00a0magn\u00edfica\u00a0<\/strong><\/span><span style=\"color: #008000\"><strong>conferencia-experto!\u00a0<\/strong><\/span><\/p>\n<p style=\"text-align: left\">P.D: Mucho m\u00e1s all\u00e1 de lo atractivo que pueda resultar el amplio contenido expuesto, \u00a0los objetivos individuales marcados espec\u00edficamente para \u00e9l, se han cumplido con creces.<\/p>\n<p>\u00a1Nos vemos ma\u00f1ana!<\/p>\n<p>Esther Justicia.<\/p>\n","protected":false},"excerpt":{"rendered":"<p>Nueva conferencia-experto, en esta ocasi\u00f3n a cargo de Francisco, sobre los animales del bosque. A continuaci\u00f3n os dejo la transcripci\u00f3n (que por supuesto he realizado sobre el gui\u00f3n aportado por su familia) del discurso que Francisco ofreci\u00f3 a sus compa\u00f1eros\/as el pasado jueves. Se me ha hecho imposible transcribir literalmente todas sus \u00abocurrencias\u00bb y \u00abchascarrillos\u00bb, &hellip; <a href=\"https:\/\/www.alqueria.es\/blogs\/alqueriarojaverde\/2022\/11\/06\/conferencia-experto-de-francisco-animales-del-bosque\/\" class=\"more-link\">Seguir leyendo <span class=\"screen-reader-text\">Conferencia-experto de Francisco (Animales del bosque)<\/span> <span class=\"meta-nav\">&rarr;<\/span><\/a><\/p>\n","protected":false},"author":19,"featured_media":0,"comment_status":"open","ping_status":"open","sticky":false,"template":"","format":"standard","meta":{"jetpack_post_was_ever_published":false,"_jetpack_newsletter_access":"","_jetpack_dont_email_post_to_subs":false,"_jetpack_newsletter_tier_id":0,"_jetpack_memberships_contains_paywalled_content":false,"_jetpack_memberships_contains_paid_content":false,"footnotes":"","jetpack_publicize_message":"","jetpack_publicize_feature_enabled":true,"jetpack_social_post_already_shared":true,"jetpack_social_options":{"image_generator_settings":{"template":"highway","default_image_id":0,"font":"","enabled":false},"version":2}},"categories":[7,11,13],"tags":[1235,887,1515],"class_list":["post-37016","post","type-post","status-publish","format-standard","hentry","category-clase-verde-5-6-anos","category-expertosas-clase-verde","category-inicio","tag-actividad-de-expresion-oral-en-infantil","tag-aprendizaje-basado-en-intereses","tag-conferencia-de-expert-en-animales-del-bosque"],"jetpack_publicize_connections":[],"jetpack_featured_media_url":"","jetpack_sharing_enabled":true,"jetpack_shortlink":"https:\/\/wp.me\/p4lFbP-9D2","_links":{"self":[{"href":"https:\/\/www.alqueria.es\/blogs\/alqueriarojaverde\/wp-json\/wp\/v2\/posts\/37016","targetHints":{"allow":["GET"]}}],"collection":[{"href":"https:\/\/www.alqueria.es\/blogs\/alqueriarojaverde\/wp-json\/wp\/v2\/posts"}],"about":[{"href":"https:\/\/www.alqueria.es\/blogs\/alqueriarojaverde\/wp-json\/wp\/v2\/types\/post"}],"author":[{"embeddable":true,"href":"https:\/\/www.alqueria.es\/blogs\/alqueriarojaverde\/wp-json\/wp\/v2\/users\/19"}],"replies":[{"embeddable":true,"href":"https:\/\/www.alqueria.es\/blogs\/alqueriarojaverde\/wp-json\/wp\/v2\/comments?post=37016"}],"version-history":[{"count":4,"href":"https:\/\/www.alqueria.es\/blogs\/alqueriarojaverde\/wp-json\/wp\/v2\/posts\/37016\/revisions"}],"predecessor-version":[{"id":37085,"href":"https:\/\/www.alqueria.es\/blogs\/alqueriarojaverde\/wp-json\/wp\/v2\/posts\/37016\/revisions\/37085"}],"wp:attachment":[{"href":"https:\/\/www.alqueria.es\/blogs\/alqueriarojaverde\/wp-json\/wp\/v2\/media?parent=37016"}],"wp:term":[{"taxonomy":"category","embeddable":true,"href":"https:\/\/www.alqueria.es\/blogs\/alqueriarojaverde\/wp-json\/wp\/v2\/categories?post=37016"},{"taxonomy":"post_tag","embeddable":true,"href":"https:\/\/www.alqueria.es\/blogs\/alqueriarojaverde\/wp-json\/wp\/v2\/tags?post=37016"}],"curies":[{"name":"wp","href":"https:\/\/api.w.org\/{rel}","templated":true}]}}