{"id":40545,"date":"2023-05-08T19:12:04","date_gmt":"2023-05-08T17:12:04","guid":{"rendered":"https:\/\/www.alqueria.es\/blogs\/alqueriarojaverde\/?p=40545"},"modified":"2023-05-08T19:12:04","modified_gmt":"2023-05-08T17:12:04","slug":"semana-de-preparativos-6","status":"publish","type":"post","link":"https:\/\/www.alqueria.es\/blogs\/alqueriarojaverde\/2023\/05\/08\/semana-de-preparativos-6\/","title":{"rendered":"\u00a1Semana de preparativos!"},"content":{"rendered":"<p><img data-recalc-dims=\"1\" decoding=\"async\" class=\"alignleft\" src=\"https:\/\/i0.wp.com\/www.red-ondas.org\/wp-content\/uploads\/logo_granja_escuela_huerto_alegre.jpg?resize=223%2C176&#038;ssl=1\" alt=\"Ondas | Red Andaluza de Centros de Educaci\u00f3n Ambiental\" width=\"223\" height=\"176\" \/><strong>Desde primera hora nuestros rojitos estaban emocionados con la idea de ir a la <span style=\"color: #ff00ff\">granja-escuela.\u00a0<\/span><\/strong><\/p>\n<p><strong>Andan ansiosos por el viaje en bus y por ello ma\u00f1ana estudiaremos el <span style=\"color: #ff00ff\">mapa<\/span> que nos va a orientar hasta la granja-escuela, le daremos color , cada uno como m\u00e1s le guste.<\/strong><\/p>\n<p><strong><img decoding=\"async\" class=\"alignleft\" src=\"https:\/\/th.bing.com\/th\/id\/R.1b2018f062b4b0a09af2a6a572fd2ad9?rik=tkPB4%2bYykkZawA&amp;riu=http%3a%2f%2f4.bp.blogspot.com%2f-NFB3IZ4v6lw%2fUKMO5tMd7kI%2fAAAAAAAAAFg%2fQjda2wHRCXo%2fs1600%2foooo.png&amp;ehk=VMiiUMiJvWwxrHjn9RbP2ATL5A7t1M%2fTnkf9JLzanyM%3d&amp;risl=&amp;pid=ImgRaw&amp;r=0\" alt=\"\u0e2b\u0e25\u0e31\u0e01\u0e01\u0e32\u0e23\u0e1b\u0e0f\u0e34\u0e1a\u0e31\u0e15\u0e34\u0e07\u0e32\u0e19\u0e42\u0e1b\u0e23\u0e41\u0e01\u0e23\u0e21\u0e04\u0e2d\u0e21\u0e1e\u0e34\u0e27\u0e40\u0e15\u0e2d\u0e23\u0e4c\u0e01\u0e23\u0e32\u0e1f\u0e34\u0e01\" width=\"213\" height=\"198\" \/>Hablamos sobre las cosas que haremos en la jornada del jueves y de lo importante que ser\u00e1 mostrarnos tranquilos a la hora de desenvolvernos entre los animales, si estamos nerviosos no nos dejar\u00e1n que los toquemos y se asustar\u00e1n.<\/strong><\/p>\n<p>&nbsp;<\/p>\n<p><strong><span style=\"color: #ff00ff\"><img data-recalc-dims=\"1\" decoding=\"async\" class=\"alignright\" src=\"https:\/\/i0.wp.com\/s-media-cache-ak0.pinimg.com\/originals\/aa\/f4\/45\/aaf445e561677b346fcab048e48a8377.jpg?resize=221%2C152&#038;ssl=1\" alt=\"\u00bfQu\u00e9 productos o alimentos nos dan? :: LOS ANIMALES DE LA GRANJA ...\" width=\"221\" height=\"152\" \/>Martes<\/span> y <span style=\"color: #ff00ff\">mi\u00e9rcoles<\/span> seguiremos profundizando en los productos que obtenemos de los animales de la granja y de los que nos abastecemos para alimentarnos.<\/strong><\/p>\n<p><strong>Poco a poco vamos recopilando ejemplares y disfrutando del <\/strong><strong>material aportado sobre la granja, \u00a1Esperamos mucho m\u00e1s!<\/strong><\/p>\n<div class=\"tiled-gallery type-circle tiled-gallery-unresized\" data-original-width=\"474\" data-carousel-extra='{&quot;blog_id&quot;:8,&quot;permalink&quot;:&quot;https:\\\/\\\/www.alqueria.es\\\/blogs\\\/alqueriarojaverde\\\/2023\\\/05\\\/08\\\/semana-de-preparativos-6\\\/&quot;,&quot;likes_blog_id&quot;:64268569}' itemscope itemtype=\"http:\/\/schema.org\/ImageGallery\" > <div class=\"gallery-row\" style=\"width: 474px; height: 474px;\" data-original-width=\"474\" data-original-height=\"474\" > <div class=\"gallery-group\" style=\"width: 474px; height: 474px;\" data-original-width=\"474\" data-original-height=\"474\" > <div class=\"tiled-gallery-item \" itemprop=\"associatedMedia\" itemscope itemtype=\"http:\/\/schema.org\/ImageObject\"> <a href=\"https:\/\/www.alqueria.es\/blogs\/alqueriarojaverde\/2023\/05\/08\/semana-de-preparativos-6\/img_20230508_103127\/\" border=\"0\" itemprop=\"url\"> <meta itemprop=\"width\" content=\"470\"> <meta itemprop=\"height\" content=\"470\"> <img decoding=\"async\" class=\"\" data-attachment-id=\"40550\" data-orig-file=\"https:\/\/cloud.alqueria.es\/wp-content\/uploads\/sites\/8\/2023\/05\/IMG_20230508_103127.jpg\" data-orig-size=\"2500,1408\" data-comments-opened=\"1\" data-image-meta=\"{&quot;aperture&quot;:&quot;1.89&quot;,&quot;credit&quot;:&quot;&quot;,&quot;camera&quot;:&quot;M2101K6G&quot;,&quot;caption&quot;:&quot;&quot;,&quot;created_timestamp&quot;:&quot;1683541887&quot;,&quot;copyright&quot;:&quot;&quot;,&quot;focal_length&quot;:&quot;5.89&quot;,&quot;iso&quot;:&quot;322&quot;,&quot;shutter_speed&quot;:&quot;0.03030303030303&quot;,&quot;title&quot;:&quot;&quot;,&quot;orientation&quot;:&quot;1&quot;}\" data-image-title=\"IMG_20230508_103127\" data-image-description=\"\" data-medium-file=\"https:\/\/i0.wp.com\/cloud.alqueria.es\/wp-content\/uploads\/sites\/8\/2023\/05\/IMG_20230508_103127.jpg?fit=300%2C169&#038;ssl=1\" data-large-file=\"https:\/\/i0.wp.com\/cloud.alqueria.es\/wp-content\/uploads\/sites\/8\/2023\/05\/IMG_20230508_103127.jpg?fit=474%2C267&#038;ssl=1\" src=\"https:\/\/i0.wp.com\/cloud.alqueria.es\/wp-content\/uploads\/sites\/8\/2023\/05\/IMG_20230508_103127.jpg?w=470&#038;h=470&#038;crop=1&#038;ssl=1\" srcset=\"https:\/\/cloud.alqueria.es\/wp-content\/uploads\/sites\/8\/2023\/05\/IMG_20230508_103127.jpg 150w, https:\/\/cloud.alqueria.es\/wp-content\/uploads\/sites\/8\/2023\/05\/IMG_20230508_103127.jpg 940w, https:\/\/cloud.alqueria.es\/wp-content\/uploads\/sites\/8\/2023\/05\/IMG_20230508_103127.jpg 1410w\" width=\"470\" height=\"470\" loading=\"lazy\" data-original-width=\"470\" data-original-height=\"470\" itemprop=\"http:\/\/schema.org\/image\" title=\"IMG_20230508_103127\" alt=\"IMG_20230508_103127\" style=\"width: 470px; height: 470px;\" \/> <\/a> <\/div> <\/div> <\/div> <\/div>\n<p>&nbsp;<\/p>\n<p><strong>Promovemos el trabajo en equipo y para enriquecer la propuesta llevaremos a cabo entre todos la realizaci\u00f3n de un mural sobre la granja. Se llevar\u00e1 a cabo en varias sesiones y utilizaremos diferentes t\u00e9cnicas pl\u00e1sticas.\u00a0<\/strong><\/p>\n<p><strong><img data-recalc-dims=\"1\" decoding=\"async\" data-attachment-id=\"40549\" data-permalink=\"https:\/\/www.alqueria.es\/blogs\/alqueriarojaverde\/2023\/05\/08\/semana-de-preparativos-6\/img_20230508_151502\/\" data-orig-file=\"https:\/\/i0.wp.com\/cloud.alqueria.es\/wp-content\/uploads\/sites\/8\/2023\/05\/IMG_20230508_151502.jpg?fit=2500%2C1408&amp;ssl=1\" data-orig-size=\"2500,1408\" data-comments-opened=\"1\" data-image-meta=\"{&quot;aperture&quot;:&quot;1.89&quot;,&quot;credit&quot;:&quot;&quot;,&quot;camera&quot;:&quot;M2101K6G&quot;,&quot;caption&quot;:&quot;&quot;,&quot;created_timestamp&quot;:&quot;1683558902&quot;,&quot;copyright&quot;:&quot;&quot;,&quot;focal_length&quot;:&quot;5.89&quot;,&quot;iso&quot;:&quot;157&quot;,&quot;shutter_speed&quot;:&quot;0.02&quot;,&quot;title&quot;:&quot;&quot;,&quot;orientation&quot;:&quot;1&quot;}\" data-image-title=\"IMG_20230508_151502\" data-image-description=\"\" data-image-caption=\"\" data-large-file=\"https:\/\/i0.wp.com\/cloud.alqueria.es\/wp-content\/uploads\/sites\/8\/2023\/05\/IMG_20230508_151502.jpg?fit=474%2C267&amp;ssl=1\" class=\"size-medium wp-image-40549 aligncenter\" src=\"https:\/\/i0.wp.com\/cloud.alqueria.es\/wp-content\/uploads\/sites\/8\/2023\/05\/IMG_20230508_151502-300x169.jpg?resize=300%2C169&#038;ssl=1\" alt=\"\" width=\"300\" height=\"169\" srcset=\"https:\/\/cloud.alqueria.es\/wp-content\/uploads\/sites\/8\/2023\/05\/IMG_20230508_151502.jpg 300w, https:\/\/cloud.alqueria.es\/wp-content\/uploads\/sites\/8\/2023\/05\/IMG_20230508_151502.jpg 1024w, https:\/\/cloud.alqueria.es\/wp-content\/uploads\/sites\/8\/2023\/05\/IMG_20230508_151502.jpg 768w, https:\/\/cloud.alqueria.es\/wp-content\/uploads\/sites\/8\/2023\/05\/IMG_20230508_151502.jpg 1536w, https:\/\/cloud.alqueria.es\/wp-content\/uploads\/sites\/8\/2023\/05\/IMG_20230508_151502.jpg 2048w, https:\/\/cloud.alqueria.es\/wp-content\/uploads\/sites\/8\/2023\/05\/IMG_20230508_151502.jpg 948w, https:\/\/cloud.alqueria.es\/wp-content\/uploads\/sites\/8\/2023\/05\/IMG_20230508_151502.jpg 1422w\" sizes=\"(max-width: 300px) 100vw, 300px\" \/><\/strong><\/p>\n<p><strong>Ma\u00f1ana a primera hora visitaremos la biblioteca y volveremos a retomar nuestro intercambio de libros, \u00a1Puntualidad!<\/strong><\/p>\n<p><strong>Os recuerdo que deb\u00e9is entregar la autorizaci\u00f3n de vuestros peques. Gracias.<\/strong><\/p>\n<p><strong>Espero que pas\u00e9is una feliz semana.<\/strong><\/p>\n<p><strong>Silvia.<\/strong><\/p>\n<p>&nbsp;<\/p>\n","protected":false},"excerpt":{"rendered":"<p>Desde primera hora nuestros rojitos estaban emocionados con la idea de ir a la granja-escuela.\u00a0 Andan ansiosos por el viaje en bus y por ello ma\u00f1ana estudiaremos el mapa que nos va a orientar hasta la granja-escuela, le daremos color , cada uno como m\u00e1s le guste. Hablamos sobre las cosas que haremos en la &hellip; <a href=\"https:\/\/www.alqueria.es\/blogs\/alqueriarojaverde\/2023\/05\/08\/semana-de-preparativos-6\/\" class=\"more-link\">Seguir leyendo <span class=\"screen-reader-text\">\u00a1Semana de preparativos!<\/span> <span class=\"meta-nav\">&rarr;<\/span><\/a><\/p>\n","protected":false},"author":19,"featured_media":0,"comment_status":"open","ping_status":"open","sticky":false,"template":"","format":"standard","meta":{"jetpack_post_was_ever_published":false,"_jetpack_newsletter_access":"","_jetpack_dont_email_post_to_subs":false,"_jetpack_newsletter_tier_id":0,"_jetpack_memberships_contains_paywalled_content":false,"_jetpack_memberships_contains_paid_content":false,"footnotes":"","jetpack_publicize_message":"","jetpack_publicize_feature_enabled":true,"jetpack_social_post_already_shared":true,"jetpack_social_options":{"image_generator_settings":{"template":"highway","default_image_id":0,"font":"","enabled":false},"version":2}},"categories":[6],"tags":[1625,1626],"class_list":["post-40545","post","type-post","status-publish","format-standard","hentry","category-clase-roja-4-5-anos","tag-metodo-de-propuestas-la-granja","tag-taller-cooperativo"],"jetpack_publicize_connections":[],"jetpack_featured_media_url":"","jetpack_sharing_enabled":true,"jetpack_shortlink":"https:\/\/wp.me\/p4lFbP-axX","_links":{"self":[{"href":"https:\/\/www.alqueria.es\/blogs\/alqueriarojaverde\/wp-json\/wp\/v2\/posts\/40545","targetHints":{"allow":["GET"]}}],"collection":[{"href":"https:\/\/www.alqueria.es\/blogs\/alqueriarojaverde\/wp-json\/wp\/v2\/posts"}],"about":[{"href":"https:\/\/www.alqueria.es\/blogs\/alqueriarojaverde\/wp-json\/wp\/v2\/types\/post"}],"author":[{"embeddable":true,"href":"https:\/\/www.alqueria.es\/blogs\/alqueriarojaverde\/wp-json\/wp\/v2\/users\/19"}],"replies":[{"embeddable":true,"href":"https:\/\/www.alqueria.es\/blogs\/alqueriarojaverde\/wp-json\/wp\/v2\/comments?post=40545"}],"version-history":[{"count":2,"href":"https:\/\/www.alqueria.es\/blogs\/alqueriarojaverde\/wp-json\/wp\/v2\/posts\/40545\/revisions"}],"predecessor-version":[{"id":40552,"href":"https:\/\/www.alqueria.es\/blogs\/alqueriarojaverde\/wp-json\/wp\/v2\/posts\/40545\/revisions\/40552"}],"wp:attachment":[{"href":"https:\/\/www.alqueria.es\/blogs\/alqueriarojaverde\/wp-json\/wp\/v2\/media?parent=40545"}],"wp:term":[{"taxonomy":"category","embeddable":true,"href":"https:\/\/www.alqueria.es\/blogs\/alqueriarojaverde\/wp-json\/wp\/v2\/categories?post=40545"},{"taxonomy":"post_tag","embeddable":true,"href":"https:\/\/www.alqueria.es\/blogs\/alqueriarojaverde\/wp-json\/wp\/v2\/tags?post=40545"}],"curies":[{"name":"wp","href":"https:\/\/api.w.org\/{rel}","templated":true}]}}