{"id":4062,"date":"2013-11-16T10:58:17","date_gmt":"2013-11-16T09:58:17","guid":{"rendered":"http:\/\/alqueriarojaverde.wordpress.com\/?p=4062"},"modified":"2013-11-16T10:58:17","modified_gmt":"2013-11-16T09:58:17","slug":"semanario-clase-verde-semana-del-11-al-15-de-noviembre-de-2013","status":"publish","type":"post","link":"https:\/\/www.alqueria.es\/blogs\/alqueriarojaverde\/2013\/11\/16\/semanario-clase-verde-semana-del-11-al-15-de-noviembre-de-2013\/","title":{"rendered":"SEMANARIO CLASE VERDE. Semana del 11 al 15 de noviembre de 2013"},"content":{"rendered":"<p style=\"text-align:justify\"><a href=\"https:\/\/i0.wp.com\/cloud.alqueria.es\/wp-content\/uploads\/sites\/8\/2013\/11\/peric3b3dico-infantil.png?ssl=1\"><img data-recalc-dims=\"1\" decoding=\"async\" data-attachment-id=\"4063\" data-permalink=\"https:\/\/www.alqueria.es\/blogs\/alqueriarojaverde\/2013\/11\/16\/semanario-clase-verde-semana-del-11-al-15-de-noviembre-de-2013\/periodico-infantil\/\" data-orig-file=\"https:\/\/i0.wp.com\/www.alqueria.es\/blogs\/alqueriarojaverde\/wp-content\/uploads\/sites\/8\/2013\/11\/peric3b3dico-infantil.png?fit=211%2C239&amp;ssl=1\" data-orig-size=\"211,239\" data-comments-opened=\"1\" data-image-meta=\"{&quot;aperture&quot;:&quot;0&quot;,&quot;credit&quot;:&quot;&quot;,&quot;camera&quot;:&quot;&quot;,&quot;caption&quot;:&quot;&quot;,&quot;created_timestamp&quot;:&quot;0&quot;,&quot;copyright&quot;:&quot;&quot;,&quot;focal_length&quot;:&quot;0&quot;,&quot;iso&quot;:&quot;0&quot;,&quot;shutter_speed&quot;:&quot;0&quot;,&quot;title&quot;:&quot;&quot;}\" data-image-title=\"peri\u00f3dico infantil\" data-image-description=\"\" data-image-caption=\"\" data-large-file=\"https:\/\/i0.wp.com\/www.alqueria.es\/blogs\/alqueriarojaverde\/wp-content\/uploads\/sites\/8\/2013\/11\/peric3b3dico-infantil.png?fit=211%2C239&amp;ssl=1\" class=\"alignleft size-full wp-image-4063\" alt=\"peri\u00f3dico infantil\" src=\"https:\/\/i0.wp.com\/cloud.alqueria.es\/wp-content\/uploads\/sites\/8\/2013\/11\/peric3b3dico-infantil.png?resize=211%2C239&#038;ssl=1\" width=\"211\" height=\"239\" \/><\/a>Hemos dado comienzo a una nueva propuesta, <span style=\"color:#0000ff\"> \u00abEl peri\u00f3dico\u00bb<span style=\"color:#333333\">. La temporalizaci\u00f3n para la misma ser\u00e1 aproximadamente de tres semanas, hasta la realizaci\u00f3n de la salida prevista para el d\u00eda 27 de noviembre al <span style=\"color:#00ff00\">\u00abMuseo de la prensa\u00bb<\/span>, y que como ya os adelant\u00e9 en la reuni\u00f3n de principio de curso, realizaremos con nuestros compa\u00f1eros y compa\u00f1eras de 6\u00ba EPO.<\/span><\/span><\/p>\n<p style=\"text-align:justify\"><span style=\"color:#0000ff\"><span style=\"color:#333333\">A trav\u00e9s de ella trabajaremos contenidos relacionados con la alfabetizaci\u00f3n y utilizaci\u00f3n de nuevas tecnolog\u00edas, tales como:<\/span><\/span><\/p>\n<ul>\n<li>Los medios y\/o m\u00e1quinas de comunicaci\u00f3n. Breve paseo por su historia y c\u00f3mo han evolucionado.<\/li>\n<li>El peri\u00f3dico: Qu\u00e9 es, partes que lo componen (portada, contraportada, secciones, etc.) y c\u00f3mo se hace.<\/li>\n<li>Estructura de un texto period\u00edstico: Diferenciaci\u00f3n con otro tipo de textos (listados, cartas, etc.)<\/li>\n<li>Las noticias: Qu\u00e9 son y c\u00f3mo se elaboran (la investigaci\u00f3n y contraste de informaci\u00f3n).<\/li>\n<li>Partes de una noticia:Titular,\u00a0texto, ilustraci\u00f3n, pie de foto, etc.<\/li>\n<li>La imprenta.<\/li>\n<li>La fotograf\u00eda.<\/li>\n<\/ul>\n<p style=\"text-align:justify\">En nuestra <span style=\"color:#ff0000\">primera sesi\u00f3n<\/span>, realizamos una lluvia de ideas previas en la asamblea, con el objetivo de introducir la tem\u00e1tica. Dado que falta un poco de informaci\u00f3n, para poder ir profundizando en algunos conceptos, les proporciono una visi\u00f3n general del tema a trabajar.<\/p>\n<p style=\"text-align:justify\"><span style=\"color:#ff0000\">Segunda sesi\u00f3n<\/span>. Trabajamos con nuestros compa\u00f1er@s de 6\u00baEPO, para poner en com\u00fan los conocimientos que cada grupo tiene. El intercambio de opiniones, trae como resultado la realizaci\u00f3n de un proyecto de trabajo com\u00fan: \u00abEl peri\u00f3dico de Alquer\u00eda\u00bb. Establecemos las agrupaciones y realizamos un sondeo acerca de los temas sobre los que cada equipo ha decidido trabajar (basados en las diferentes secciones de un peri\u00f3dico).<\/p>\n<div class=\"tiled-gallery type-circle tiled-gallery-unresized\" data-original-width=\"474\" data-carousel-extra='{&quot;blog_id&quot;:8,&quot;permalink&quot;:&quot;https:\\\/\\\/www.alqueria.es\\\/blogs\\\/alqueriarojaverde\\\/2013\\\/11\\\/16\\\/semanario-clase-verde-semana-del-11-al-15-de-noviembre-de-2013\\\/&quot;,&quot;likes_blog_id&quot;:64268569}' itemscope itemtype=\"http:\/\/schema.org\/ImageGallery\" > <div class=\"gallery-row\" style=\"width: 474px; height: 474px;\" data-original-width=\"474\" data-original-height=\"474\" > <div class=\"gallery-group\" style=\"width: 474px; height: 474px;\" data-original-width=\"474\" data-original-height=\"474\" > <div class=\"tiled-gallery-item \" itemprop=\"associatedMedia\" itemscope itemtype=\"http:\/\/schema.org\/ImageObject\"> <a href=\"https:\/\/www.alqueria.es\/blogs\/alqueriarojaverde\/2013\/11\/16\/semanario-clase-verde-semana-del-11-al-15-de-noviembre-de-2013\/dsc_1375\/\" border=\"0\" itemprop=\"url\"> <meta itemprop=\"width\" content=\"470\"> <meta itemprop=\"height\" content=\"470\"> <img decoding=\"async\" class=\"\" data-attachment-id=\"4066\" data-orig-file=\"https:\/\/www.alqueria.es\/blogs\/alqueriarojaverde\/wp-content\/uploads\/sites\/8\/2013\/11\/dsc_1375.jpg\" data-orig-size=\"1024,768\" data-comments-opened=\"1\" data-image-meta=\"{&quot;aperture&quot;:&quot;0&quot;,&quot;credit&quot;:&quot;&quot;,&quot;camera&quot;:&quot;&quot;,&quot;caption&quot;:&quot;&quot;,&quot;created_timestamp&quot;:&quot;0&quot;,&quot;copyright&quot;:&quot;&quot;,&quot;focal_length&quot;:&quot;0&quot;,&quot;iso&quot;:&quot;0&quot;,&quot;shutter_speed&quot;:&quot;0&quot;,&quot;title&quot;:&quot;&quot;}\" data-image-title=\"DSC_1375\" data-image-description=\"\" data-medium-file=\"https:\/\/i0.wp.com\/www.alqueria.es\/blogs\/alqueriarojaverde\/wp-content\/uploads\/sites\/8\/2013\/11\/dsc_1375.jpg?fit=300%2C225&#038;ssl=1\" data-large-file=\"https:\/\/i0.wp.com\/www.alqueria.es\/blogs\/alqueriarojaverde\/wp-content\/uploads\/sites\/8\/2013\/11\/dsc_1375.jpg?fit=474%2C356&#038;ssl=1\" src=\"https:\/\/i0.wp.com\/www.alqueria.es\/blogs\/alqueriarojaverde\/wp-content\/uploads\/sites\/8\/2013\/11\/dsc_1375.jpg?w=470&#038;h=470&#038;crop=1&#038;ssl=1\" srcset=\"https:\/\/i0.wp.com\/www.alqueria.es\/blogs\/alqueriarojaverde\/wp-content\/uploads\/sites\/8\/2013\/11\/dsc_1375.jpg?resize=150%2C150&amp;ssl=1 150w, https:\/\/i0.wp.com\/www.alqueria.es\/blogs\/alqueriarojaverde\/wp-content\/uploads\/sites\/8\/2013\/11\/dsc_1375.jpg?zoom=2&amp;resize=470%2C470&amp;ssl=1 940w\" width=\"470\" height=\"470\" loading=\"lazy\" data-original-width=\"470\" data-original-height=\"470\" itemprop=\"http:\/\/schema.org\/image\" title=\"DSC_1375\" alt=\"DSC_1375\" style=\"width: 470px; height: 470px;\" \/> <\/a> <\/div> <\/div> <\/div> <div class=\"gallery-row\" style=\"width: 474px; height: 158px;\" data-original-width=\"474\" data-original-height=\"158\" > <div class=\"gallery-group\" style=\"width: 158px; height: 158px;\" data-original-width=\"158\" data-original-height=\"158\" > <div class=\"tiled-gallery-item \" itemprop=\"associatedMedia\" itemscope itemtype=\"http:\/\/schema.org\/ImageObject\"> <a href=\"https:\/\/www.alqueria.es\/blogs\/alqueriarojaverde\/2013\/11\/16\/semanario-clase-verde-semana-del-11-al-15-de-noviembre-de-2013\/dsc_1376\/\" border=\"0\" itemprop=\"url\"> <meta itemprop=\"width\" content=\"154\"> <meta itemprop=\"height\" content=\"154\"> <img decoding=\"async\" class=\"\" data-attachment-id=\"4067\" data-orig-file=\"https:\/\/www.alqueria.es\/blogs\/alqueriarojaverde\/wp-content\/uploads\/sites\/8\/2013\/11\/dsc_1376.jpg\" data-orig-size=\"762,1024\" data-comments-opened=\"1\" data-image-meta=\"{&quot;aperture&quot;:&quot;0&quot;,&quot;credit&quot;:&quot;&quot;,&quot;camera&quot;:&quot;&quot;,&quot;caption&quot;:&quot;&quot;,&quot;created_timestamp&quot;:&quot;0&quot;,&quot;copyright&quot;:&quot;&quot;,&quot;focal_length&quot;:&quot;0&quot;,&quot;iso&quot;:&quot;0&quot;,&quot;shutter_speed&quot;:&quot;0&quot;,&quot;title&quot;:&quot;&quot;}\" data-image-title=\"DSC_1376\" data-image-description=\"\" data-medium-file=\"https:\/\/i0.wp.com\/www.alqueria.es\/blogs\/alqueriarojaverde\/wp-content\/uploads\/sites\/8\/2013\/11\/dsc_1376.jpg?fit=223%2C300&#038;ssl=1\" data-large-file=\"https:\/\/i0.wp.com\/www.alqueria.es\/blogs\/alqueriarojaverde\/wp-content\/uploads\/sites\/8\/2013\/11\/dsc_1376.jpg?fit=474%2C637&#038;ssl=1\" src=\"https:\/\/i0.wp.com\/www.alqueria.es\/blogs\/alqueriarojaverde\/wp-content\/uploads\/sites\/8\/2013\/11\/dsc_1376.jpg?w=154&#038;h=154&#038;crop=1&#038;ssl=1\" srcset=\"https:\/\/i0.wp.com\/www.alqueria.es\/blogs\/alqueriarojaverde\/wp-content\/uploads\/sites\/8\/2013\/11\/dsc_1376.jpg?resize=150%2C150&amp;ssl=1 150w, https:\/\/i0.wp.com\/www.alqueria.es\/blogs\/alqueriarojaverde\/wp-content\/uploads\/sites\/8\/2013\/11\/dsc_1376.jpg?zoom=2&amp;resize=154%2C154&amp;ssl=1 308w, https:\/\/i0.wp.com\/www.alqueria.es\/blogs\/alqueriarojaverde\/wp-content\/uploads\/sites\/8\/2013\/11\/dsc_1376.jpg?zoom=3&amp;resize=154%2C154&amp;ssl=1 462w\" width=\"154\" height=\"154\" loading=\"lazy\" data-original-width=\"154\" data-original-height=\"154\" itemprop=\"http:\/\/schema.org\/image\" title=\"DSC_1376\" alt=\"DSC_1376\" style=\"width: 154px; height: 154px;\" \/> <\/a> <\/div> <\/div> <div class=\"gallery-group\" style=\"width: 158px; height: 158px;\" data-original-width=\"158\" data-original-height=\"158\" > <div class=\"tiled-gallery-item \" itemprop=\"associatedMedia\" itemscope itemtype=\"http:\/\/schema.org\/ImageObject\"> <a href=\"https:\/\/www.alqueria.es\/blogs\/alqueriarojaverde\/2013\/11\/16\/semanario-clase-verde-semana-del-11-al-15-de-noviembre-de-2013\/dsc_1377\/\" border=\"0\" itemprop=\"url\"> <meta itemprop=\"width\" content=\"154\"> <meta itemprop=\"height\" content=\"154\"> <img decoding=\"async\" class=\"\" data-attachment-id=\"4068\" data-orig-file=\"https:\/\/www.alqueria.es\/blogs\/alqueriarojaverde\/wp-content\/uploads\/sites\/8\/2013\/11\/dsc_1377.jpg\" data-orig-size=\"1024,768\" data-comments-opened=\"1\" data-image-meta=\"{&quot;aperture&quot;:&quot;0&quot;,&quot;credit&quot;:&quot;&quot;,&quot;camera&quot;:&quot;&quot;,&quot;caption&quot;:&quot;&quot;,&quot;created_timestamp&quot;:&quot;0&quot;,&quot;copyright&quot;:&quot;&quot;,&quot;focal_length&quot;:&quot;0&quot;,&quot;iso&quot;:&quot;0&quot;,&quot;shutter_speed&quot;:&quot;0&quot;,&quot;title&quot;:&quot;&quot;}\" data-image-title=\"DSC_1377\" data-image-description=\"\" data-medium-file=\"https:\/\/i0.wp.com\/www.alqueria.es\/blogs\/alqueriarojaverde\/wp-content\/uploads\/sites\/8\/2013\/11\/dsc_1377.jpg?fit=300%2C225&#038;ssl=1\" data-large-file=\"https:\/\/i0.wp.com\/www.alqueria.es\/blogs\/alqueriarojaverde\/wp-content\/uploads\/sites\/8\/2013\/11\/dsc_1377.jpg?fit=474%2C356&#038;ssl=1\" src=\"https:\/\/i0.wp.com\/www.alqueria.es\/blogs\/alqueriarojaverde\/wp-content\/uploads\/sites\/8\/2013\/11\/dsc_1377.jpg?w=154&#038;h=154&#038;crop=1&#038;ssl=1\" srcset=\"https:\/\/i0.wp.com\/www.alqueria.es\/blogs\/alqueriarojaverde\/wp-content\/uploads\/sites\/8\/2013\/11\/dsc_1377.jpg?resize=150%2C150&amp;ssl=1 150w, https:\/\/i0.wp.com\/www.alqueria.es\/blogs\/alqueriarojaverde\/wp-content\/uploads\/sites\/8\/2013\/11\/dsc_1377.jpg?zoom=2&amp;resize=154%2C154&amp;ssl=1 308w, https:\/\/i0.wp.com\/www.alqueria.es\/blogs\/alqueriarojaverde\/wp-content\/uploads\/sites\/8\/2013\/11\/dsc_1377.jpg?zoom=3&amp;resize=154%2C154&amp;ssl=1 462w\" width=\"154\" height=\"154\" loading=\"lazy\" data-original-width=\"154\" data-original-height=\"154\" itemprop=\"http:\/\/schema.org\/image\" title=\"DSC_1377\" alt=\"DSC_1377\" style=\"width: 154px; height: 154px;\" \/> <\/a> <\/div> <\/div> <div class=\"gallery-group\" style=\"width: 158px; height: 158px;\" data-original-width=\"158\" data-original-height=\"158\" > <div class=\"tiled-gallery-item \" itemprop=\"associatedMedia\" itemscope itemtype=\"http:\/\/schema.org\/ImageObject\"> <a href=\"https:\/\/www.alqueria.es\/blogs\/alqueriarojaverde\/2013\/11\/16\/semanario-clase-verde-semana-del-11-al-15-de-noviembre-de-2013\/dsc_1378\/\" border=\"0\" itemprop=\"url\"> <meta itemprop=\"width\" content=\"154\"> <meta itemprop=\"height\" content=\"154\"> <img decoding=\"async\" class=\"\" data-attachment-id=\"4069\" data-orig-file=\"https:\/\/www.alqueria.es\/blogs\/alqueriarojaverde\/wp-content\/uploads\/sites\/8\/2013\/11\/dsc_1378.jpg\" data-orig-size=\"1024,768\" data-comments-opened=\"1\" data-image-meta=\"{&quot;aperture&quot;:&quot;0&quot;,&quot;credit&quot;:&quot;&quot;,&quot;camera&quot;:&quot;&quot;,&quot;caption&quot;:&quot;&quot;,&quot;created_timestamp&quot;:&quot;0&quot;,&quot;copyright&quot;:&quot;&quot;,&quot;focal_length&quot;:&quot;0&quot;,&quot;iso&quot;:&quot;0&quot;,&quot;shutter_speed&quot;:&quot;0&quot;,&quot;title&quot;:&quot;&quot;}\" data-image-title=\"DSC_1378\" data-image-description=\"\" data-medium-file=\"https:\/\/i0.wp.com\/www.alqueria.es\/blogs\/alqueriarojaverde\/wp-content\/uploads\/sites\/8\/2013\/11\/dsc_1378.jpg?fit=300%2C225&#038;ssl=1\" data-large-file=\"https:\/\/i0.wp.com\/www.alqueria.es\/blogs\/alqueriarojaverde\/wp-content\/uploads\/sites\/8\/2013\/11\/dsc_1378.jpg?fit=474%2C356&#038;ssl=1\" src=\"https:\/\/i0.wp.com\/www.alqueria.es\/blogs\/alqueriarojaverde\/wp-content\/uploads\/sites\/8\/2013\/11\/dsc_1378.jpg?w=154&#038;h=154&#038;crop=1&#038;ssl=1\" srcset=\"https:\/\/i0.wp.com\/www.alqueria.es\/blogs\/alqueriarojaverde\/wp-content\/uploads\/sites\/8\/2013\/11\/dsc_1378.jpg?resize=150%2C150&amp;ssl=1 150w, https:\/\/i0.wp.com\/www.alqueria.es\/blogs\/alqueriarojaverde\/wp-content\/uploads\/sites\/8\/2013\/11\/dsc_1378.jpg?zoom=2&amp;resize=154%2C154&amp;ssl=1 308w, https:\/\/i0.wp.com\/www.alqueria.es\/blogs\/alqueriarojaverde\/wp-content\/uploads\/sites\/8\/2013\/11\/dsc_1378.jpg?zoom=3&amp;resize=154%2C154&amp;ssl=1 462w\" width=\"154\" height=\"154\" loading=\"lazy\" data-original-width=\"154\" data-original-height=\"154\" itemprop=\"http:\/\/schema.org\/image\" title=\"DSC_1378\" alt=\"DSC_1378\" style=\"width: 154px; height: 154px;\" \/> <\/a> <\/div> <\/div> <\/div> <\/div>\n<p style=\"text-align:justify\"><span style=\"color:#ff0000\">Tercera sesi\u00f3n<\/span>. Manipulamos f\u00edsicamente un peri\u00f3dico, orientado al p\u00fablico infantil y juvenil y al que nuestro centro est\u00e1 suscrito. Hablamos acerca de las distintas secciones que lo componen y nos llevamos uno a casa para leerlo en familia. Posteriormente hablamos acerca de qu\u00e9 nos ha gustado m\u00e1s y porqu\u00e9. Hay una versi\u00f3n digital del mismo, que os enlazo para que lo disfrut\u00e9is cada mes en casa.<\/p>\n<p style=\"text-align:justify\"><a href=\"https:\/\/i0.wp.com\/cloud.alqueria.es\/wp-content\/uploads\/sites\/8\/2013\/11\/lecutura-gancho.jpg?ssl=1\"><img data-recalc-dims=\"1\" decoding=\"async\" data-attachment-id=\"4070\" data-permalink=\"https:\/\/www.alqueria.es\/blogs\/alqueriarojaverde\/2013\/11\/16\/semanario-clase-verde-semana-del-11-al-15-de-noviembre-de-2013\/lecutura-gancho\/\" data-orig-file=\"https:\/\/i0.wp.com\/www.alqueria.es\/blogs\/alqueriarojaverde\/wp-content\/uploads\/sites\/8\/2013\/11\/lecutura-gancho.jpg?fit=1024%2C768&amp;ssl=1\" data-orig-size=\"1024,768\" data-comments-opened=\"1\" data-image-meta=\"{&quot;aperture&quot;:&quot;0&quot;,&quot;credit&quot;:&quot;&quot;,&quot;camera&quot;:&quot;&quot;,&quot;caption&quot;:&quot;&quot;,&quot;created_timestamp&quot;:&quot;0&quot;,&quot;copyright&quot;:&quot;&quot;,&quot;focal_length&quot;:&quot;0&quot;,&quot;iso&quot;:&quot;0&quot;,&quot;shutter_speed&quot;:&quot;0&quot;,&quot;title&quot;:&quot;&quot;}\" data-image-title=\"Lecutura gancho\" data-image-description=\"\" data-image-caption=\"\" data-large-file=\"https:\/\/i0.wp.com\/www.alqueria.es\/blogs\/alqueriarojaverde\/wp-content\/uploads\/sites\/8\/2013\/11\/lecutura-gancho.jpg?fit=474%2C356&amp;ssl=1\" class=\"aligncenter size-full wp-image-4070\" alt=\"Lecutura gancho\" src=\"https:\/\/i0.wp.com\/cloud.alqueria.es\/wp-content\/uploads\/sites\/8\/2013\/11\/lecutura-gancho.jpg?resize=474%2C356&#038;ssl=1\" width=\"474\" height=\"356\" srcset=\"https:\/\/i0.wp.com\/www.alqueria.es\/blogs\/alqueriarojaverde\/wp-content\/uploads\/sites\/8\/2013\/11\/lecutura-gancho.jpg?w=1024&amp;ssl=1 1024w, https:\/\/i0.wp.com\/www.alqueria.es\/blogs\/alqueriarojaverde\/wp-content\/uploads\/sites\/8\/2013\/11\/lecutura-gancho.jpg?resize=300%2C225&amp;ssl=1 300w, https:\/\/i0.wp.com\/www.alqueria.es\/blogs\/alqueriarojaverde\/wp-content\/uploads\/sites\/8\/2013\/11\/lecutura-gancho.jpg?w=948&amp;ssl=1 948w\" sizes=\"(max-width: 474px) 100vw, 474px\" \/><\/a><\/p>\n<p style=\"text-align:justify\"><span style=\"color:#ff0000\">Cuarta sesi\u00f3n<\/span>. Fabricamos un peri\u00f3dico con noticias aportadas por el alumnado, en torno a temas cercanos o significativos en alguna u otra forma para ellos\/as. Esta actividad se ampl\u00eda a la semana pr\u00f3xima, dado que algunas noticias a\u00fan no han llegado al aula, y vamos a realizar un trabajo de identificaci\u00f3n real de las partes de una noticia.<\/p>\n<p style=\"text-align:justify\"><a href=\"https:\/\/i0.wp.com\/cloud.alqueria.es\/wp-content\/uploads\/sites\/8\/2013\/11\/noticias-casa.jpg?ssl=1\"><img data-recalc-dims=\"1\" decoding=\"async\" data-attachment-id=\"4071\" data-permalink=\"https:\/\/www.alqueria.es\/blogs\/alqueriarojaverde\/2013\/11\/16\/semanario-clase-verde-semana-del-11-al-15-de-noviembre-de-2013\/noticias-casa\/\" data-orig-file=\"https:\/\/i0.wp.com\/www.alqueria.es\/blogs\/alqueriarojaverde\/wp-content\/uploads\/sites\/8\/2013\/11\/noticias-casa.jpg?fit=1024%2C768&amp;ssl=1\" data-orig-size=\"1024,768\" data-comments-opened=\"1\" data-image-meta=\"{&quot;aperture&quot;:&quot;0&quot;,&quot;credit&quot;:&quot;&quot;,&quot;camera&quot;:&quot;&quot;,&quot;caption&quot;:&quot;&quot;,&quot;created_timestamp&quot;:&quot;0&quot;,&quot;copyright&quot;:&quot;&quot;,&quot;focal_length&quot;:&quot;0&quot;,&quot;iso&quot;:&quot;0&quot;,&quot;shutter_speed&quot;:&quot;0&quot;,&quot;title&quot;:&quot;&quot;}\" data-image-title=\"Noticias casa\" data-image-description=\"\" data-image-caption=\"\" data-large-file=\"https:\/\/i0.wp.com\/www.alqueria.es\/blogs\/alqueriarojaverde\/wp-content\/uploads\/sites\/8\/2013\/11\/noticias-casa.jpg?fit=474%2C356&amp;ssl=1\" class=\"aligncenter size-full wp-image-4071\" alt=\"Noticias casa\" src=\"https:\/\/i0.wp.com\/cloud.alqueria.es\/wp-content\/uploads\/sites\/8\/2013\/11\/noticias-casa.jpg?resize=474%2C356&#038;ssl=1\" width=\"474\" height=\"356\" srcset=\"https:\/\/i0.wp.com\/www.alqueria.es\/blogs\/alqueriarojaverde\/wp-content\/uploads\/sites\/8\/2013\/11\/noticias-casa.jpg?w=1024&amp;ssl=1 1024w, https:\/\/i0.wp.com\/www.alqueria.es\/blogs\/alqueriarojaverde\/wp-content\/uploads\/sites\/8\/2013\/11\/noticias-casa.jpg?resize=300%2C225&amp;ssl=1 300w, https:\/\/i0.wp.com\/www.alqueria.es\/blogs\/alqueriarojaverde\/wp-content\/uploads\/sites\/8\/2013\/11\/noticias-casa.jpg?w=948&amp;ssl=1 948w\" sizes=\"(max-width: 474px) 100vw, 474px\" \/><\/a><\/p>\n<p style=\"text-align:justify\">Nuestra principal funci\u00f3n, en el trabajo colaborativo con el grupo de 6\u00baEPO va a ser aprender a ser reporter@s o periodistas. Realizaremos preguntas, encuestas, recogeremos datos, investigaremos y haremos el reportaje fotogr\u00e1fico de cada secci\u00f3n. Para ello, si dispon\u00e9is de c\u00e1maras digitales que sean de uso infantil (es decir, no traig\u00e1is las vuestras), pod\u00e9is aportarlas al aula. Nosotros disponemos del material necesario, pero ser\u00eda intersante y significativo que los que tengan puedan utilizar la suya.<\/p>\n<p style=\"text-align:justify\">Adem\u00e1s del trabajo del peri\u00f3dico, que ocupa la mayor parte de la semana, realizamos otras actividades como:<\/p>\n<p style=\"text-align:justify\"><span style=\"color:#ff9900\">Taller creativo<\/span>. Recordamos nuestra <strong>Fiesta de Oto\u00f1o<\/strong> y dibujamos lo que m\u00e1s nos gust\u00f3. En esta ocasi\u00f3n empleamos acuarealas para darle color.<\/p>\n<p style=\"text-align:justify\"><span style=\"color:#ff9900\">Tarde cooperativa<\/span>. Revisi\u00f3n y <strong>limpieza de nuestro patio<\/strong>, tras la celebraci\u00f3n de la fiesta. <strong>Reconocimiento\u00a0 al alumnado<\/strong>, por un mejor cumplimiento de las normas establecidad en los momentos de patio.<\/p>\n<p style=\"text-align:justify\"><span style=\"color:#ff9900\">Cumplea\u00f1os de Elena<\/span>. Nuestra compa\u00f1era cumple cinco a\u00f1os y nos invita a una deliciosa tarta. Nosotros confeccionamos un bloc de dibujos para regalarle.<\/p>\n<p style=\"text-align:justify\"><span style=\"color:#ff9900\">Taller de inform\u00e1tica<\/span>. En esta ocasi\u00f3n trabajamos con un recurso multimedia orientado a la lectura y que posee una entrada espec\u00edfica en el blog, <strong>\u00abLa cueva de Tragapalabras\u00bb.<\/strong><\/p>\n<p style=\"text-align:justify\"><span style=\"color:#ff9900\">Taller de alfabetizaci\u00f3n<\/span>. <strong>\u00abBingo alfab\u00e9tico\u00bb<\/strong>. Introducimos otra nueva forma de jugar al bingo, con el objetivo de aprender el nombre de todas las letras que componen el alfabeto.<\/p>\n<p style=\"text-align:justify\"><span style=\"color:#ff9900\">Taller de expresi\u00f3n gr\u00e1fica<\/span>. Realizamos un dibujo de nuestro <strong>esquema corporal<\/strong>, intentando representar todas aquellas partes que lo componen y que son visibles. Como hab\u00e9is podido comprobar, la cohesi\u00f3n en sus dibujos y la estructuraci\u00f3n espacial ha ido en aumento significativamente desde principio de curso. Est\u00e1n hechos unos artistas.<\/p>\n<p style=\"text-align:justify\"><span style=\"color:#ff9900\">Taller de experto<\/span>. <strong>Gonzalo<\/strong> nos muestra su trabajo acerca de <strong>\u00abLos dinosaurios\u00bb<\/strong> y realizamos la expresion gr\u00e1fica de la experiencia. Trabajo que requiere una alta capacidad de s\u00edntesis.<\/p>\n<p style=\"text-align:justify\"><span style=\"color:#ff9900\">Taller de biblioteca<\/span>. Como cada semana, llevamos nuestro ejemplar en pr\u00e9stamo para casa.<\/p>\n<p style=\"text-align:justify\">Espero que este resumen, de todo cuanto ha acontecido en nuestro aula, a lo largo de esta semana, os proporcione suficiente informaci\u00f3n como para poder compartir con vuestro peques sus vivencias.<\/p>\n<p style=\"text-align:justify\">Esther.<\/p>\n","protected":false},"excerpt":{"rendered":"<p>Hemos dado comienzo a una nueva propuesta, \u00abEl peri\u00f3dico\u00bb. La temporalizaci\u00f3n para la misma ser\u00e1 aproximadamente de tres semanas, hasta la realizaci\u00f3n de la salida prevista para el d\u00eda 27 de noviembre al \u00abMuseo de la prensa\u00bb, y que como ya os adelant\u00e9 en la reuni\u00f3n de principio de curso, realizaremos con nuestros compa\u00f1eros y &hellip; <a href=\"https:\/\/www.alqueria.es\/blogs\/alqueriarojaverde\/2013\/11\/16\/semanario-clase-verde-semana-del-11-al-15-de-noviembre-de-2013\/\" class=\"more-link\">Seguir leyendo <span class=\"screen-reader-text\">SEMANARIO CLASE VERDE. Semana del 11 al 15 de noviembre de 2013<\/span> <span class=\"meta-nav\">&rarr;<\/span><\/a><\/p>\n","protected":false},"author":19,"featured_media":0,"comment_status":"open","ping_status":"open","sticky":false,"template":"","format":"standard","meta":{"jetpack_post_was_ever_published":false,"_jetpack_newsletter_access":"","_jetpack_dont_email_post_to_subs":false,"_jetpack_newsletter_tier_id":0,"_jetpack_memberships_contains_paywalled_content":false,"_jetpack_memberships_contains_paid_content":false,"footnotes":"","jetpack_publicize_message":"","jetpack_publicize_feature_enabled":true,"jetpack_social_post_already_shared":false,"jetpack_social_options":{"image_generator_settings":{"template":"highway","default_image_id":0,"font":"","enabled":false},"version":2}},"categories":[7,13,21],"tags":[],"class_list":["post-4062","post","type-post","status-publish","format-standard","hentry","category-clase-verde-5-6-anos","category-inicio","category-semanario-clase-verde"],"jetpack_publicize_connections":[],"jetpack_featured_media_url":"","jetpack_sharing_enabled":true,"jetpack_shortlink":"https:\/\/wp.me\/p4lFbP-13w","_links":{"self":[{"href":"https:\/\/www.alqueria.es\/blogs\/alqueriarojaverde\/wp-json\/wp\/v2\/posts\/4062","targetHints":{"allow":["GET"]}}],"collection":[{"href":"https:\/\/www.alqueria.es\/blogs\/alqueriarojaverde\/wp-json\/wp\/v2\/posts"}],"about":[{"href":"https:\/\/www.alqueria.es\/blogs\/alqueriarojaverde\/wp-json\/wp\/v2\/types\/post"}],"author":[{"embeddable":true,"href":"https:\/\/www.alqueria.es\/blogs\/alqueriarojaverde\/wp-json\/wp\/v2\/users\/19"}],"replies":[{"embeddable":true,"href":"https:\/\/www.alqueria.es\/blogs\/alqueriarojaverde\/wp-json\/wp\/v2\/comments?post=4062"}],"version-history":[{"count":0,"href":"https:\/\/www.alqueria.es\/blogs\/alqueriarojaverde\/wp-json\/wp\/v2\/posts\/4062\/revisions"}],"wp:attachment":[{"href":"https:\/\/www.alqueria.es\/blogs\/alqueriarojaverde\/wp-json\/wp\/v2\/media?parent=4062"}],"wp:term":[{"taxonomy":"category","embeddable":true,"href":"https:\/\/www.alqueria.es\/blogs\/alqueriarojaverde\/wp-json\/wp\/v2\/categories?post=4062"},{"taxonomy":"post_tag","embeddable":true,"href":"https:\/\/www.alqueria.es\/blogs\/alqueriarojaverde\/wp-json\/wp\/v2\/tags?post=4062"}],"curies":[{"name":"wp","href":"https:\/\/api.w.org\/{rel}","templated":true}]}}