{"id":41374,"date":"2023-09-18T19:05:40","date_gmt":"2023-09-18T17:05:40","guid":{"rendered":"https:\/\/www.alqueria.es\/blogs\/alqueriarojaverde\/?p=41374"},"modified":"2023-09-18T19:05:40","modified_gmt":"2023-09-18T17:05:40","slug":"alfabetizacion-a-traves-de-los-dias-de-la-semana","status":"publish","type":"post","link":"https:\/\/www.alqueria.es\/blogs\/alqueriarojaverde\/2023\/09\/18\/alfabetizacion-a-traves-de-los-dias-de-la-semana\/","title":{"rendered":"Alfabetizaci\u00f3n a trav\u00e9s de los d\u00edas de la semana"},"content":{"rendered":"<p><img data-recalc-dims=\"1\" decoding=\"async\" data-attachment-id=\"41376\" data-permalink=\"https:\/\/www.alqueria.es\/blogs\/alqueriarojaverde\/2023\/09\/18\/alfabetizacion-a-traves-de-los-dias-de-la-semana\/a2c657af4fae627fc3c665a78cb26620\/\" data-orig-file=\"https:\/\/i0.wp.com\/cloud.alqueria.es\/wp-content\/uploads\/sites\/8\/2023\/09\/a2c657af4fae627fc3c665a78cb26620.jpg?fit=513%2C640&amp;ssl=1\" data-orig-size=\"513,640\" data-comments-opened=\"1\" data-image-meta=\"{&quot;aperture&quot;:&quot;0&quot;,&quot;credit&quot;:&quot;&quot;,&quot;camera&quot;:&quot;&quot;,&quot;caption&quot;:&quot;&quot;,&quot;created_timestamp&quot;:&quot;0&quot;,&quot;copyright&quot;:&quot;&quot;,&quot;focal_length&quot;:&quot;0&quot;,&quot;iso&quot;:&quot;0&quot;,&quot;shutter_speed&quot;:&quot;0&quot;,&quot;title&quot;:&quot;&quot;,&quot;orientation&quot;:&quot;0&quot;}\" data-image-title=\"a2c657af4fae627fc3c665a78cb26620\" data-image-description=\"\" data-image-caption=\"\" data-large-file=\"https:\/\/i0.wp.com\/cloud.alqueria.es\/wp-content\/uploads\/sites\/8\/2023\/09\/a2c657af4fae627fc3c665a78cb26620.jpg?fit=474%2C591&amp;ssl=1\" class=\"alignleft size-medium wp-image-41376\" src=\"https:\/\/i0.wp.com\/cloud.alqueria.es\/wp-content\/uploads\/sites\/8\/2023\/09\/a2c657af4fae627fc3c665a78cb26620-240x300.jpg?resize=240%2C300&#038;ssl=1\" alt=\"\" width=\"240\" height=\"300\" srcset=\"https:\/\/cloud.alqueria.es\/wp-content\/uploads\/sites\/8\/2023\/09\/a2c657af4fae627fc3c665a78cb26620.jpg 240w, https:\/\/cloud.alqueria.es\/wp-content\/uploads\/sites\/8\/2023\/09\/a2c657af4fae627fc3c665a78cb26620.jpg 513w\" sizes=\"(max-width: 240px) 100vw, 240px\" \/><strong>Comenzamos una nueva semana y con ella nuevas responsabilidades para nuestro\/a s\u00faper-ayudante del d\u00eda.<\/strong><\/p>\n<p>Averiguar <strong><span style=\"color: #ffcc00\">en qu\u00e9 d\u00eda de la semana estamos<\/span><\/strong>, es algo que vienen realizando desde el curso pasado. Sin embargo las nociones de temporalidad a\u00fan no est\u00e1n bien asentadas, siendo esto propio de la edad, as\u00ed que es algo que debemos seguir practicando a diario. Normalmente quien no recuerda muy bien la secuencia, recurre a la canci\u00f3n que aprendemos desde el grupo naranja. A continuaci\u00f3n os dejo un enlace que se acerca bastante a nuestra versi\u00f3n, aunque utiliza otra melod\u00eda.<\/p>\n<p><span class=\"embed-youtube\" style=\"text-align:center; display: block;\"><div class=\"a25-CTUOC-hidding-box\" data-original-content=\"&lt;iframe loading=&quot;lazy&quot; class=&quot;youtube-player&quot; width=&quot;474&quot; height=&quot;267&quot; src=&quot;https:\/\/www.youtube.com\/embed\/v7mm8MC1MgY?version=3&amp;#038;rel=1&amp;#038;showsearch=0&amp;#038;showinfo=1&amp;#038;iv_load_policy=1&amp;#038;fs=1&amp;#038;hl=es-ES&amp;#038;autohide=2&amp;#038;wmode=transparent&quot; allowfullscreen=&quot;true&quot; style=&quot;border:0;&quot; sandbox=&quot;allow-scripts allow-same-origin allow-popups allow-presentation allow-popups-to-escape-sandbox&quot;&gt;&lt;\/iframe&gt;\">Esta p\u00e1gina incluye contenido multimedia que requiere aceptar todas las cookies. Pulse aqu\u00ed para abrir la configuraci\u00f3n de cookies.<\/div><\/span><\/p>\n<p><img data-recalc-dims=\"1\" decoding=\"async\" data-attachment-id=\"41375\" data-permalink=\"https:\/\/www.alqueria.es\/blogs\/alqueriarojaverde\/2023\/09\/18\/alfabetizacion-a-traves-de-los-dias-de-la-semana\/858677773819f06d06281fa47ad44a03\/\" data-orig-file=\"https:\/\/i0.wp.com\/cloud.alqueria.es\/wp-content\/uploads\/sites\/8\/2023\/09\/858677773819f06d06281fa47ad44a03.jpg?fit=356%2C512&amp;ssl=1\" data-orig-size=\"356,512\" data-comments-opened=\"1\" data-image-meta=\"{&quot;aperture&quot;:&quot;0&quot;,&quot;credit&quot;:&quot;&quot;,&quot;camera&quot;:&quot;&quot;,&quot;caption&quot;:&quot;&quot;,&quot;created_timestamp&quot;:&quot;0&quot;,&quot;copyright&quot;:&quot;&quot;,&quot;focal_length&quot;:&quot;0&quot;,&quot;iso&quot;:&quot;0&quot;,&quot;shutter_speed&quot;:&quot;0&quot;,&quot;title&quot;:&quot;&quot;,&quot;orientation&quot;:&quot;0&quot;}\" data-image-title=\"858677773819f06d06281fa47ad44a03\" data-image-description=\"\" data-image-caption=\"\" data-large-file=\"https:\/\/i0.wp.com\/cloud.alqueria.es\/wp-content\/uploads\/sites\/8\/2023\/09\/858677773819f06d06281fa47ad44a03.jpg?fit=356%2C512&amp;ssl=1\" class=\"alignright size-medium wp-image-41375\" src=\"https:\/\/i0.wp.com\/cloud.alqueria.es\/wp-content\/uploads\/sites\/8\/2023\/09\/858677773819f06d06281fa47ad44a03-209x300.jpg?resize=209%2C300&#038;ssl=1\" alt=\"\" width=\"209\" height=\"300\" srcset=\"https:\/\/cloud.alqueria.es\/wp-content\/uploads\/sites\/8\/2023\/09\/858677773819f06d06281fa47ad44a03.jpg 209w, https:\/\/cloud.alqueria.es\/wp-content\/uploads\/sites\/8\/2023\/09\/858677773819f06d06281fa47ad44a03.jpg 356w\" sizes=\"(max-width: 209px) 100vw, 209px\" \/>Hoy sin embargo hemos incluido nuestros <em><strong><span style=\"color: #ffcc00\">\u00abpollitos de la semana\u00bb<\/span> <\/strong><\/em>en la pizarra, mediante un ejercicio de <em><strong><span style=\"color: #339966\">alfabetizaci\u00f3n grupal<\/span><\/strong><\/em>. A trav\u00e9s del an\u00e1lisis sil\u00e1bico y fonol\u00f3gico, hemos ido descubriendo c\u00f3mo podemos identificar qu\u00e9 pollito correspond\u00eda con cada uno de los d\u00edas, si todav\u00eda no sabemos leer. Para ello hemos ido nombrando cada uno de los d\u00edas e identificando el sonido por el que comenzaban, asociando \u00e9ste a los nombres de ni\u00f1os o ni\u00f1as de la clase. As\u00ed hemos encontrado el lunes, que sonaba \/l\/ igual que nuestro compa\u00f1ero Luis, as\u00ed que hemos buscado la L. Al llegar al martes se ha complicado el asunto ya que dos comenzaban por la M, que ese s\u00ed que lo ten\u00edan claro. Pues bien, dividimos las palabras en s\u00edlabas mediante palmadas y descubrimos cu\u00e1l es el vocablo m\u00e1s largo (primera pista), despu\u00e9s intentamos reconocer fonol\u00f3gicamente el fonema que le sigue a \/m\/ para saber si era MARTES O MI\u00c9RCOLES y claro est\u00e1, la correspondencia con su grafema. Y as\u00ed con todos y cada uno de ellos.<\/p>\n<p>Como veis introducimos en nuestras rutinas diarias buena parte de las competencias que se trabajan en cada una de las \u00e1reas, en este caso la alfab\u00e9tica, sin necesidad de realizar un taller espec\u00edfico, aunque \u00e9stos completen y complementen estas experiencias.<\/p>\n<p>Para el <em><strong><span style=\"color: #339966\">juego simb\u00f3lico<\/span> <\/strong><\/em>hemos escogido <strong><span style=\"color: #00ff00\">\u00abLOS DISFRACES\u00bb,<\/span><\/strong> un material con el que a\u00fan no hab\u00edamos interaccionado este curso.<\/p>\n<p><img data-recalc-dims=\"1\" decoding=\"async\" data-attachment-id=\"41379\" data-permalink=\"https:\/\/www.alqueria.es\/blogs\/alqueriarojaverde\/2023\/09\/18\/alfabetizacion-a-traves-de-los-dias-de-la-semana\/2f6adf61970af3f13b13cb099c4657d7\/\" data-orig-file=\"https:\/\/i0.wp.com\/cloud.alqueria.es\/wp-content\/uploads\/sites\/8\/2023\/09\/2f6adf61970af3f13b13cb099c4657d7.jpg?fit=563%2C432&amp;ssl=1\" data-orig-size=\"563,432\" data-comments-opened=\"1\" data-image-meta=\"{&quot;aperture&quot;:&quot;0&quot;,&quot;credit&quot;:&quot;&quot;,&quot;camera&quot;:&quot;&quot;,&quot;caption&quot;:&quot;&quot;,&quot;created_timestamp&quot;:&quot;0&quot;,&quot;copyright&quot;:&quot;&quot;,&quot;focal_length&quot;:&quot;0&quot;,&quot;iso&quot;:&quot;0&quot;,&quot;shutter_speed&quot;:&quot;0&quot;,&quot;title&quot;:&quot;&quot;,&quot;orientation&quot;:&quot;0&quot;}\" data-image-title=\"2f6adf61970af3f13b13cb099c4657d7\" data-image-description=\"\" data-image-caption=\"\" data-large-file=\"https:\/\/i0.wp.com\/cloud.alqueria.es\/wp-content\/uploads\/sites\/8\/2023\/09\/2f6adf61970af3f13b13cb099c4657d7.jpg?fit=474%2C364&amp;ssl=1\" class=\"aligncenter size-medium wp-image-41379\" src=\"https:\/\/i0.wp.com\/cloud.alqueria.es\/wp-content\/uploads\/sites\/8\/2023\/09\/2f6adf61970af3f13b13cb099c4657d7-300x230.jpg?resize=300%2C230&#038;ssl=1\" alt=\"\" width=\"300\" height=\"230\" srcset=\"https:\/\/cloud.alqueria.es\/wp-content\/uploads\/sites\/8\/2023\/09\/2f6adf61970af3f13b13cb099c4657d7.jpg 300w, https:\/\/cloud.alqueria.es\/wp-content\/uploads\/sites\/8\/2023\/09\/2f6adf61970af3f13b13cb099c4657d7.jpg 563w\" sizes=\"(max-width: 300px) 100vw, 300px\" \/><\/p>\n<p>Muchos han escogido los s\u00faper-h\u00e9roes, aunque tambi\u00e9n hemos tenido dinosaurios, leopardos, medusas, princesas, etc. Con ellos han inventado distintos escenarios de juego y por supuesto tramas. Han intercambiado personajes, solucionado conflictos, resuelto \u00absituaciones problema\u00bb, etc.<\/p>\n<p>Seguimos trabajando en fomentar la escucha activa en la asamblea, as\u00ed que aprovechamos el momento de la fruta para ir contando a qu\u00e9 ha jugado cada uno\/a, con qui\u00e9n y todos los detalles de lo acontecido, que les resultan significativos. Hoy focalizamos nuestro objetivo en saber esperar el turno para hablar, no interrumpir al compa\u00f1ero\/a y prestar atenci\u00f3n cuando est\u00e1 hablando alguien. No hemos realizado dibujo alusivo al juego, pero lo haremos en pr\u00f3ximas sesiones <strong>\u00a1estamos priorizando objetivos!<\/strong><\/p>\n<p><img data-recalc-dims=\"1\" decoding=\"async\" data-attachment-id=\"41380\" data-permalink=\"https:\/\/www.alqueria.es\/blogs\/alqueriarojaverde\/2023\/09\/18\/alfabetizacion-a-traves-de-los-dias-de-la-semana\/unknown-10\/\" data-orig-file=\"https:\/\/i0.wp.com\/cloud.alqueria.es\/wp-content\/uploads\/sites\/8\/2023\/09\/Unknown.jpg?fit=326%2C155&amp;ssl=1\" data-orig-size=\"326,155\" data-comments-opened=\"1\" data-image-meta=\"{&quot;aperture&quot;:&quot;0&quot;,&quot;credit&quot;:&quot;&quot;,&quot;camera&quot;:&quot;&quot;,&quot;caption&quot;:&quot;&quot;,&quot;created_timestamp&quot;:&quot;0&quot;,&quot;copyright&quot;:&quot;&quot;,&quot;focal_length&quot;:&quot;0&quot;,&quot;iso&quot;:&quot;0&quot;,&quot;shutter_speed&quot;:&quot;0&quot;,&quot;title&quot;:&quot;&quot;,&quot;orientation&quot;:&quot;0&quot;}\" data-image-title=\"Unknown\" data-image-description=\"\" data-image-caption=\"\" data-large-file=\"https:\/\/i0.wp.com\/cloud.alqueria.es\/wp-content\/uploads\/sites\/8\/2023\/09\/Unknown.jpg?fit=326%2C155&amp;ssl=1\" class=\"alignleft size-medium wp-image-41380\" src=\"https:\/\/i0.wp.com\/cloud.alqueria.es\/wp-content\/uploads\/sites\/8\/2023\/09\/Unknown-300x143.jpg?resize=300%2C143&#038;ssl=1\" alt=\"\" width=\"300\" height=\"143\" srcset=\"https:\/\/cloud.alqueria.es\/wp-content\/uploads\/sites\/8\/2023\/09\/Unknown.jpg 300w, https:\/\/cloud.alqueria.es\/wp-content\/uploads\/sites\/8\/2023\/09\/Unknown.jpg 326w\" sizes=\"(max-width: 300px) 100vw, 300px\" \/>En el <em><strong><span style=\"color: #ff0000\">comedor<\/span> <\/strong><\/em>hemos avanzado mucho en cuanto a la postura correcta para comer y la utilizaci\u00f3n de los cubiertos. Aspectos que debemos seguir practicando a diario, junto con mantener un ambiente relativamente relajado durante la ingesta, que es lo que m\u00e1s les cuesta. \u00a0A lo largo de todo el trimestre iremos centr\u00e1ndonos en aspectos relativos al comportamiento en este espacio ya que a la vuelta de Navidad el cuchillo estar\u00e1 presente en nuestra mesa.<\/p>\n<p>Por la tarde disfrutamos nuevamente de una sesi\u00f3n de Ingl\u00e9s con teacher B\u00e1rbara.<\/p>\n<p><strong>\u00a1Hasta pronto!<\/strong><\/p>\n<p>Esther Justicia.<\/p>\n<p>&nbsp;<\/p>\n","protected":false},"excerpt":{"rendered":"<p>Comenzamos una nueva semana y con ella nuevas responsabilidades para nuestro\/a s\u00faper-ayudante del d\u00eda. Averiguar en qu\u00e9 d\u00eda de la semana estamos, es algo que vienen realizando desde el curso pasado. Sin embargo las nociones de temporalidad a\u00fan no est\u00e1n bien asentadas, siendo esto propio de la edad, as\u00ed que es algo que debemos seguir &hellip; <a href=\"https:\/\/www.alqueria.es\/blogs\/alqueriarojaverde\/2023\/09\/18\/alfabetizacion-a-traves-de-los-dias-de-la-semana\/\" class=\"more-link\">Seguir leyendo <span class=\"screen-reader-text\">Alfabetizaci\u00f3n a trav\u00e9s de los d\u00edas de la semana<\/span> <span class=\"meta-nav\">&rarr;<\/span><\/a><\/p>\n","protected":false},"author":19,"featured_media":0,"comment_status":"open","ping_status":"open","sticky":false,"template":"","format":"standard","meta":{"jetpack_post_was_ever_published":false,"_jetpack_newsletter_access":"","_jetpack_dont_email_post_to_subs":false,"_jetpack_newsletter_tier_id":0,"_jetpack_memberships_contains_paywalled_content":false,"_jetpack_memberships_contains_paid_content":false,"footnotes":"","jetpack_publicize_message":"","jetpack_publicize_feature_enabled":true,"jetpack_social_post_already_shared":true,"jetpack_social_options":{"image_generator_settings":{"template":"highway","default_image_id":0,"font":"","enabled":false},"version":2}},"categories":[7,13],"tags":[395,1643,1644],"class_list":["post-41374","post","type-post","status-publish","format-standard","hentry","category-clase-verde-5-6-anos","category-inicio","tag-alfabetizacion-en-infantil","tag-los-dias-de-la-semana","tag-los-disfraces"],"jetpack_publicize_connections":[],"jetpack_featured_media_url":"","jetpack_sharing_enabled":true,"jetpack_shortlink":"https:\/\/wp.me\/p4lFbP-aLk","_links":{"self":[{"href":"https:\/\/www.alqueria.es\/blogs\/alqueriarojaverde\/wp-json\/wp\/v2\/posts\/41374","targetHints":{"allow":["GET"]}}],"collection":[{"href":"https:\/\/www.alqueria.es\/blogs\/alqueriarojaverde\/wp-json\/wp\/v2\/posts"}],"about":[{"href":"https:\/\/www.alqueria.es\/blogs\/alqueriarojaverde\/wp-json\/wp\/v2\/types\/post"}],"author":[{"embeddable":true,"href":"https:\/\/www.alqueria.es\/blogs\/alqueriarojaverde\/wp-json\/wp\/v2\/users\/19"}],"replies":[{"embeddable":true,"href":"https:\/\/www.alqueria.es\/blogs\/alqueriarojaverde\/wp-json\/wp\/v2\/comments?post=41374"}],"version-history":[{"count":1,"href":"https:\/\/www.alqueria.es\/blogs\/alqueriarojaverde\/wp-json\/wp\/v2\/posts\/41374\/revisions"}],"predecessor-version":[{"id":41381,"href":"https:\/\/www.alqueria.es\/blogs\/alqueriarojaverde\/wp-json\/wp\/v2\/posts\/41374\/revisions\/41381"}],"wp:attachment":[{"href":"https:\/\/www.alqueria.es\/blogs\/alqueriarojaverde\/wp-json\/wp\/v2\/media?parent=41374"}],"wp:term":[{"taxonomy":"category","embeddable":true,"href":"https:\/\/www.alqueria.es\/blogs\/alqueriarojaverde\/wp-json\/wp\/v2\/categories?post=41374"},{"taxonomy":"post_tag","embeddable":true,"href":"https:\/\/www.alqueria.es\/blogs\/alqueriarojaverde\/wp-json\/wp\/v2\/tags?post=41374"}],"curies":[{"name":"wp","href":"https:\/\/api.w.org\/{rel}","templated":true}]}}