{"id":41421,"date":"2023-09-20T20:34:25","date_gmt":"2023-09-20T18:34:25","guid":{"rendered":"https:\/\/www.alqueria.es\/blogs\/alqueriarojaverde\/?p=41421"},"modified":"2023-09-20T20:40:21","modified_gmt":"2023-09-20T18:40:21","slug":"el-pensamiento-logico-matematico-en-la-clase-rojita","status":"publish","type":"post","link":"https:\/\/www.alqueria.es\/blogs\/alqueriarojaverde\/2023\/09\/20\/el-pensamiento-logico-matematico-en-la-clase-rojita\/","title":{"rendered":"El pensamiento logico-matem\u00e1tico en la clase rojita"},"content":{"rendered":"<p><img data-recalc-dims=\"1\" decoding=\"async\" class=\"alignleft\" src=\"https:\/\/i0.wp.com\/1.bp.blogspot.com\/-QwwXIs5--zI\/VqgN75VyycI\/AAAAAAAAAD8\/1LUssp5EgVE\/s400\/mate1.jpg?resize=231%2C173\" width=\"231\" height=\"173\" \/><em><strong>\u00bfPara qu\u00e9 les sirve el pensamiento l\u00f3gico matem\u00e1tico a nuestros peques?\u00a0<\/strong><\/em><\/p>\n<p><strong>El desarrollo del pensamiento l\u00f3gico matem\u00e1tico no solo es la base para la construcci\u00f3n de las nociones matem\u00e1ticas, sino que lo es para el proceso de comprensi\u00f3n de su propio yo, para comprender la relaci\u00f3n con el resto del mundo, con su entorno, el tiempo, el espacio, las cantidades. Para el desarrollo de su razonamiento, la resoluci\u00f3n de conflictos, y para afrontar dificultades y problemas. \u00a1Cu\u00e1ntas cosas!<\/strong><\/p>\n<p><strong>Nuestros rojitos van a ir adquiriendo esta capacidad de forma progresiva. <span style=\"color: #ff00ff\">Jean Piaget<\/span>, clasific\u00f3 en varias las etapas de la evoluci\u00f3n\u00a0 del pensamiento l\u00f3gico de los ni\u00f1os. En cada una de estas fases <span style=\"color: #ff00ff\"><em>las vivencias del d\u00eda a d\u00eda<\/em> <\/span>y las adquiridas <span style=\"color: #ff00ff\">a trav\u00e9s del<\/span> <em><span style=\"color: #ff00ff\">juego<\/span><\/em> van a contribuir a su proceso de pensamiento l\u00f3gico, todo a su tiempo y acorde a su momento evolutivo.<\/strong><\/p>\n<p><strong>Nuestra misi\u00f3n para este curso es proporcionar a nuestros peques juegos adecuados , y dejarles jugar y experimentar con ellos.<\/strong><\/p>\n<p><strong>Para aprender a relacionar las cantidades con los n\u00fameros escritos(graf\u00eda), hoy hemos llevado a cabo una actividad muy visual y divertida.<\/strong><\/p>\n<p><strong>Se trataba de contar los elementos (pinzas, anillas de cortina, piezas<\/strong> <strong>redondas de madera) que corresponden al n\u00famero que les he dado:<\/strong><\/p>\n<p><img data-recalc-dims=\"1\" decoding=\"async\" data-attachment-id=\"41447\" data-permalink=\"https:\/\/www.alqueria.es\/blogs\/alqueriarojaverde\/2023\/09\/20\/el-pensamiento-logico-matematico-en-la-clase-rojita\/img_20230920_185110\/\" data-orig-file=\"https:\/\/i0.wp.com\/cloud.alqueria.es\/wp-content\/uploads\/sites\/8\/2023\/09\/IMG_20230920_185110.jpg?fit=2500%2C1408&amp;ssl=1\" data-orig-size=\"2500,1408\" data-comments-opened=\"1\" data-image-meta=\"{&quot;aperture&quot;:&quot;1.89&quot;,&quot;credit&quot;:&quot;&quot;,&quot;camera&quot;:&quot;M2101K6G&quot;,&quot;caption&quot;:&quot;&quot;,&quot;created_timestamp&quot;:&quot;1695227607&quot;,&quot;copyright&quot;:&quot;&quot;,&quot;focal_length&quot;:&quot;5.89&quot;,&quot;iso&quot;:&quot;192&quot;,&quot;shutter_speed&quot;:&quot;0.03030303030303&quot;,&quot;title&quot;:&quot;&quot;,&quot;orientation&quot;:&quot;1&quot;}\" data-image-title=\"IMG_20230920_185110\" data-image-description=\"\" data-image-caption=\"\" data-large-file=\"https:\/\/i0.wp.com\/cloud.alqueria.es\/wp-content\/uploads\/sites\/8\/2023\/09\/IMG_20230920_185110.jpg?fit=474%2C267&amp;ssl=1\" class=\"alignleft size-full wp-image-41447\" src=\"https:\/\/i0.wp.com\/cloud.alqueria.es\/wp-content\/uploads\/sites\/8\/2023\/09\/IMG_20230920_185110.jpg?resize=474%2C267&#038;ssl=1\" alt=\"\" width=\"474\" height=\"267\" srcset=\"https:\/\/cloud.alqueria.es\/wp-content\/uploads\/sites\/8\/2023\/09\/IMG_20230920_185110.jpg 2500w, https:\/\/cloud.alqueria.es\/wp-content\/uploads\/sites\/8\/2023\/09\/IMG_20230920_185110.jpg 300w, https:\/\/cloud.alqueria.es\/wp-content\/uploads\/sites\/8\/2023\/09\/IMG_20230920_185110.jpg 1024w, https:\/\/cloud.alqueria.es\/wp-content\/uploads\/sites\/8\/2023\/09\/IMG_20230920_185110.jpg 768w, https:\/\/cloud.alqueria.es\/wp-content\/uploads\/sites\/8\/2023\/09\/IMG_20230920_185110.jpg 1536w, https:\/\/cloud.alqueria.es\/wp-content\/uploads\/sites\/8\/2023\/09\/IMG_20230920_185110.jpg 2048w, https:\/\/cloud.alqueria.es\/wp-content\/uploads\/sites\/8\/2023\/09\/IMG_20230920_185110.jpg 948w, https:\/\/cloud.alqueria.es\/wp-content\/uploads\/sites\/8\/2023\/09\/IMG_20230920_185110.jpg 1422w\" sizes=\"(max-width: 474px) 100vw, 474px\" \/><\/p>\n<p>&nbsp;<\/p>\n<p>&nbsp;<\/p>\n<p>&nbsp;<\/p>\n<p>&nbsp;<\/p>\n<p><strong>El aprendizaje de contar a esta edad es muy progresivo, nos encontramos en la fase de conteo desordenado:<\/strong><\/p>\n<div class=\"tiled-gallery type-rectangular tiled-gallery-unresized\" data-original-width=\"474\" data-carousel-extra='{&quot;blog_id&quot;:8,&quot;permalink&quot;:&quot;https:\\\/\\\/www.alqueria.es\\\/blogs\\\/alqueriarojaverde\\\/2023\\\/09\\\/20\\\/el-pensamiento-logico-matematico-en-la-clase-rojita\\\/&quot;,&quot;likes_blog_id&quot;:64268569}' itemscope itemtype=\"http:\/\/schema.org\/ImageGallery\" > <div class=\"gallery-row\" style=\"width: 474px; height: 203px;\" data-original-width=\"474\" data-original-height=\"203\" > <div class=\"gallery-group images-1\" style=\"width: 358px; height: 203px;\" data-original-width=\"358\" data-original-height=\"203\" > <div class=\"tiled-gallery-item tiled-gallery-item-large\" itemprop=\"associatedMedia\" itemscope itemtype=\"http:\/\/schema.org\/ImageObject\"> <a href=\"https:\/\/www.alqueria.es\/blogs\/alqueriarojaverde\/2023\/09\/20\/el-pensamiento-logico-matematico-en-la-clase-rojita\/img_20230920_151659\/\" border=\"0\" itemprop=\"url\"> <meta itemprop=\"width\" content=\"354\"> <meta itemprop=\"height\" content=\"199\"> <img decoding=\"async\" class=\"\" data-attachment-id=\"41449\" data-orig-file=\"https:\/\/cloud.alqueria.es\/wp-content\/uploads\/sites\/8\/2023\/09\/IMG_20230920_151659.jpg\" data-orig-size=\"2500,1408\" data-comments-opened=\"1\" data-image-meta=\"{&quot;aperture&quot;:&quot;1.89&quot;,&quot;credit&quot;:&quot;&quot;,&quot;camera&quot;:&quot;M2101K6G&quot;,&quot;caption&quot;:&quot;&quot;,&quot;created_timestamp&quot;:&quot;1695223019&quot;,&quot;copyright&quot;:&quot;&quot;,&quot;focal_length&quot;:&quot;5.89&quot;,&quot;iso&quot;:&quot;161&quot;,&quot;shutter_speed&quot;:&quot;0.03030303030303&quot;,&quot;title&quot;:&quot;&quot;,&quot;orientation&quot;:&quot;1&quot;}\" data-image-title=\"IMG_20230920_151659\" data-image-description=\"\" data-medium-file=\"https:\/\/i0.wp.com\/cloud.alqueria.es\/wp-content\/uploads\/sites\/8\/2023\/09\/IMG_20230920_151659.jpg?fit=300%2C169&#038;ssl=1\" data-large-file=\"https:\/\/i0.wp.com\/cloud.alqueria.es\/wp-content\/uploads\/sites\/8\/2023\/09\/IMG_20230920_151659.jpg?fit=474%2C267&#038;ssl=1\" src=\"https:\/\/i0.wp.com\/cloud.alqueria.es\/wp-content\/uploads\/sites\/8\/2023\/09\/IMG_20230920_151659.jpg?w=354&#038;h=199&#038;ssl=1\" srcset=\"https:\/\/cloud.alqueria.es\/wp-content\/uploads\/sites\/8\/2023\/09\/IMG_20230920_151659.jpg 2500w, https:\/\/cloud.alqueria.es\/wp-content\/uploads\/sites\/8\/2023\/09\/IMG_20230920_151659.jpg 300w, https:\/\/cloud.alqueria.es\/wp-content\/uploads\/sites\/8\/2023\/09\/IMG_20230920_151659.jpg 1024w, https:\/\/cloud.alqueria.es\/wp-content\/uploads\/sites\/8\/2023\/09\/IMG_20230920_151659.jpg 768w, https:\/\/cloud.alqueria.es\/wp-content\/uploads\/sites\/8\/2023\/09\/IMG_20230920_151659.jpg 1536w, https:\/\/cloud.alqueria.es\/wp-content\/uploads\/sites\/8\/2023\/09\/IMG_20230920_151659.jpg 2048w, https:\/\/cloud.alqueria.es\/wp-content\/uploads\/sites\/8\/2023\/09\/IMG_20230920_151659.jpg 948w, https:\/\/cloud.alqueria.es\/wp-content\/uploads\/sites\/8\/2023\/09\/IMG_20230920_151659.jpg 1422w\" width=\"354\" height=\"199\" loading=\"lazy\" data-original-width=\"354\" data-original-height=\"199\" itemprop=\"http:\/\/schema.org\/image\" title=\"IMG_20230920_151659\" alt=\"IMG_20230920_151659\" style=\"width: 354px; height: 199px;\" \/> <\/a> <\/div> <\/div> <!-- close group --> <div class=\"gallery-group images-1\" style=\"width: 116px; height: 203px;\" data-original-width=\"116\" data-original-height=\"203\" > <div class=\"tiled-gallery-item tiled-gallery-item-small\" itemprop=\"associatedMedia\" itemscope itemtype=\"http:\/\/schema.org\/ImageObject\"> <a href=\"https:\/\/www.alqueria.es\/blogs\/alqueriarojaverde\/2023\/09\/20\/el-pensamiento-logico-matematico-en-la-clase-rojita\/img_20230920_151826\/\" border=\"0\" itemprop=\"url\"> <meta itemprop=\"width\" content=\"112\"> <meta itemprop=\"height\" content=\"199\"> <img decoding=\"async\" class=\"\" data-attachment-id=\"41451\" data-orig-file=\"https:\/\/cloud.alqueria.es\/wp-content\/uploads\/sites\/8\/2023\/09\/IMG_20230920_151826.jpg\" data-orig-size=\"1408,2500\" data-comments-opened=\"1\" data-image-meta=\"{&quot;aperture&quot;:&quot;1.89&quot;,&quot;credit&quot;:&quot;&quot;,&quot;camera&quot;:&quot;M2101K6G&quot;,&quot;caption&quot;:&quot;&quot;,&quot;created_timestamp&quot;:&quot;1695223106&quot;,&quot;copyright&quot;:&quot;&quot;,&quot;focal_length&quot;:&quot;5.89&quot;,&quot;iso&quot;:&quot;154&quot;,&quot;shutter_speed&quot;:&quot;0.03030303030303&quot;,&quot;title&quot;:&quot;&quot;,&quot;orientation&quot;:&quot;1&quot;}\" data-image-title=\"IMG_20230920_151826\" data-image-description=\"\" data-medium-file=\"https:\/\/i0.wp.com\/cloud.alqueria.es\/wp-content\/uploads\/sites\/8\/2023\/09\/IMG_20230920_151826.jpg?fit=169%2C300&#038;ssl=1\" data-large-file=\"https:\/\/i0.wp.com\/cloud.alqueria.es\/wp-content\/uploads\/sites\/8\/2023\/09\/IMG_20230920_151826.jpg?fit=474%2C841&#038;ssl=1\" src=\"https:\/\/i0.wp.com\/cloud.alqueria.es\/wp-content\/uploads\/sites\/8\/2023\/09\/IMG_20230920_151826.jpg?w=112&#038;h=199&#038;ssl=1\" srcset=\"https:\/\/cloud.alqueria.es\/wp-content\/uploads\/sites\/8\/2023\/09\/IMG_20230920_151826.jpg 1408w, https:\/\/cloud.alqueria.es\/wp-content\/uploads\/sites\/8\/2023\/09\/IMG_20230920_151826.jpg 169w, https:\/\/cloud.alqueria.es\/wp-content\/uploads\/sites\/8\/2023\/09\/IMG_20230920_151826.jpg 577w, https:\/\/cloud.alqueria.es\/wp-content\/uploads\/sites\/8\/2023\/09\/IMG_20230920_151826.jpg 768w, https:\/\/cloud.alqueria.es\/wp-content\/uploads\/sites\/8\/2023\/09\/IMG_20230920_151826.jpg 865w, https:\/\/cloud.alqueria.es\/wp-content\/uploads\/sites\/8\/2023\/09\/IMG_20230920_151826.jpg 1153w, https:\/\/cloud.alqueria.es\/wp-content\/uploads\/sites\/8\/2023\/09\/IMG_20230920_151826.jpg 948w\" width=\"112\" height=\"199\" loading=\"lazy\" data-original-width=\"112\" data-original-height=\"199\" itemprop=\"http:\/\/schema.org\/image\" title=\"IMG_20230920_151826\" alt=\"IMG_20230920_151826\" style=\"width: 112px; height: 199px;\" \/> <\/a> <\/div> <\/div> <!-- close group --> <\/div> <!-- close row --> <\/div>\n<p><strong>En las im\u00e1genes pod\u00e9is observar que estamos tambi\u00e9n clasificando, agrupando y entrenando la percepci\u00f3n diferencial. Adem\u00e1s de favorecer la psicomotricidad fina\u00a0 y la capacidad de concentraci\u00f3n:<\/strong><\/p>\n<div class=\"tiled-gallery type-rectangular tiled-gallery-unresized\" data-original-width=\"474\" data-carousel-extra='{&quot;blog_id&quot;:8,&quot;permalink&quot;:&quot;https:\\\/\\\/www.alqueria.es\\\/blogs\\\/alqueriarojaverde\\\/2023\\\/09\\\/20\\\/el-pensamiento-logico-matematico-en-la-clase-rojita\\\/&quot;,&quot;likes_blog_id&quot;:64268569}' itemscope itemtype=\"http:\/\/schema.org\/ImageGallery\" > <div class=\"gallery-row\" style=\"width: 474px; height: 119px;\" data-original-width=\"474\" data-original-height=\"119\" > <div class=\"gallery-group images-1\" style=\"width: 208px; height: 119px;\" data-original-width=\"208\" data-original-height=\"119\" > <div class=\"tiled-gallery-item tiled-gallery-item-small\" itemprop=\"associatedMedia\" itemscope itemtype=\"http:\/\/schema.org\/ImageObject\"> <a href=\"https:\/\/www.alqueria.es\/blogs\/alqueriarojaverde\/2023\/09\/20\/el-pensamiento-logico-matematico-en-la-clase-rojita\/img_20230920_152333\/\" border=\"0\" itemprop=\"url\"> <meta itemprop=\"width\" content=\"204\"> <meta itemprop=\"height\" content=\"115\"> <img decoding=\"async\" class=\"\" data-attachment-id=\"41439\" data-orig-file=\"https:\/\/cloud.alqueria.es\/wp-content\/uploads\/sites\/8\/2023\/09\/IMG_20230920_152333.jpg\" data-orig-size=\"2500,1408\" data-comments-opened=\"1\" data-image-meta=\"{&quot;aperture&quot;:&quot;1.89&quot;,&quot;credit&quot;:&quot;&quot;,&quot;camera&quot;:&quot;M2101K6G&quot;,&quot;caption&quot;:&quot;&quot;,&quot;created_timestamp&quot;:&quot;1695223414&quot;,&quot;copyright&quot;:&quot;&quot;,&quot;focal_length&quot;:&quot;5.89&quot;,&quot;iso&quot;:&quot;181&quot;,&quot;shutter_speed&quot;:&quot;0.03030303030303&quot;,&quot;title&quot;:&quot;&quot;,&quot;orientation&quot;:&quot;1&quot;}\" data-image-title=\"IMG_20230920_152333\" data-image-description=\"\" data-medium-file=\"https:\/\/i0.wp.com\/cloud.alqueria.es\/wp-content\/uploads\/sites\/8\/2023\/09\/IMG_20230920_152333.jpg?fit=300%2C169&#038;ssl=1\" data-large-file=\"https:\/\/i0.wp.com\/cloud.alqueria.es\/wp-content\/uploads\/sites\/8\/2023\/09\/IMG_20230920_152333.jpg?fit=474%2C267&#038;ssl=1\" src=\"https:\/\/i0.wp.com\/cloud.alqueria.es\/wp-content\/uploads\/sites\/8\/2023\/09\/IMG_20230920_152333.jpg?w=204&#038;h=115&#038;ssl=1\" srcset=\"https:\/\/cloud.alqueria.es\/wp-content\/uploads\/sites\/8\/2023\/09\/IMG_20230920_152333.jpg 2500w, https:\/\/cloud.alqueria.es\/wp-content\/uploads\/sites\/8\/2023\/09\/IMG_20230920_152333.jpg 300w, https:\/\/cloud.alqueria.es\/wp-content\/uploads\/sites\/8\/2023\/09\/IMG_20230920_152333.jpg 1024w, https:\/\/cloud.alqueria.es\/wp-content\/uploads\/sites\/8\/2023\/09\/IMG_20230920_152333.jpg 768w, https:\/\/cloud.alqueria.es\/wp-content\/uploads\/sites\/8\/2023\/09\/IMG_20230920_152333.jpg 1536w, https:\/\/cloud.alqueria.es\/wp-content\/uploads\/sites\/8\/2023\/09\/IMG_20230920_152333.jpg 2048w, https:\/\/cloud.alqueria.es\/wp-content\/uploads\/sites\/8\/2023\/09\/IMG_20230920_152333.jpg 948w, https:\/\/cloud.alqueria.es\/wp-content\/uploads\/sites\/8\/2023\/09\/IMG_20230920_152333.jpg 1422w\" width=\"204\" height=\"115\" loading=\"lazy\" data-original-width=\"204\" data-original-height=\"115\" itemprop=\"http:\/\/schema.org\/image\" title=\"IMG_20230920_152333\" alt=\"IMG_20230920_152333\" style=\"width: 204px; height: 115px;\" \/> <\/a> <\/div> <\/div> <!-- close group --> <div class=\"gallery-group images-1\" style=\"width: 207px; height: 119px;\" data-original-width=\"207\" data-original-height=\"119\" > <div class=\"tiled-gallery-item tiled-gallery-item-small\" itemprop=\"associatedMedia\" itemscope itemtype=\"http:\/\/schema.org\/ImageObject\"> <a href=\"https:\/\/www.alqueria.es\/blogs\/alqueriarojaverde\/2023\/09\/20\/el-pensamiento-logico-matematico-en-la-clase-rojita\/img_20230920_152027\/\" border=\"0\" itemprop=\"url\"> <meta itemprop=\"width\" content=\"203\"> <meta itemprop=\"height\" content=\"115\"> <img decoding=\"async\" class=\"\" data-attachment-id=\"41452\" data-orig-file=\"https:\/\/cloud.alqueria.es\/wp-content\/uploads\/sites\/8\/2023\/09\/IMG_20230920_152027.jpg\" data-orig-size=\"2500,1408\" data-comments-opened=\"1\" data-image-meta=\"{&quot;aperture&quot;:&quot;1.89&quot;,&quot;credit&quot;:&quot;&quot;,&quot;camera&quot;:&quot;M2101K6G&quot;,&quot;caption&quot;:&quot;&quot;,&quot;created_timestamp&quot;:&quot;1695223227&quot;,&quot;copyright&quot;:&quot;&quot;,&quot;focal_length&quot;:&quot;5.89&quot;,&quot;iso&quot;:&quot;158&quot;,&quot;shutter_speed&quot;:&quot;0.03030303030303&quot;,&quot;title&quot;:&quot;&quot;,&quot;orientation&quot;:&quot;1&quot;}\" data-image-title=\"IMG_20230920_152027\" data-image-description=\"\" data-medium-file=\"https:\/\/i0.wp.com\/cloud.alqueria.es\/wp-content\/uploads\/sites\/8\/2023\/09\/IMG_20230920_152027.jpg?fit=300%2C169&#038;ssl=1\" data-large-file=\"https:\/\/i0.wp.com\/cloud.alqueria.es\/wp-content\/uploads\/sites\/8\/2023\/09\/IMG_20230920_152027.jpg?fit=474%2C267&#038;ssl=1\" src=\"https:\/\/i0.wp.com\/cloud.alqueria.es\/wp-content\/uploads\/sites\/8\/2023\/09\/IMG_20230920_152027.jpg?w=203&#038;h=115&#038;ssl=1\" srcset=\"https:\/\/cloud.alqueria.es\/wp-content\/uploads\/sites\/8\/2023\/09\/IMG_20230920_152027.jpg 2500w, https:\/\/cloud.alqueria.es\/wp-content\/uploads\/sites\/8\/2023\/09\/IMG_20230920_152027.jpg 300w, https:\/\/cloud.alqueria.es\/wp-content\/uploads\/sites\/8\/2023\/09\/IMG_20230920_152027.jpg 1024w, https:\/\/cloud.alqueria.es\/wp-content\/uploads\/sites\/8\/2023\/09\/IMG_20230920_152027.jpg 768w, https:\/\/cloud.alqueria.es\/wp-content\/uploads\/sites\/8\/2023\/09\/IMG_20230920_152027.jpg 1536w, https:\/\/cloud.alqueria.es\/wp-content\/uploads\/sites\/8\/2023\/09\/IMG_20230920_152027.jpg 2048w, https:\/\/cloud.alqueria.es\/wp-content\/uploads\/sites\/8\/2023\/09\/IMG_20230920_152027.jpg 948w, https:\/\/cloud.alqueria.es\/wp-content\/uploads\/sites\/8\/2023\/09\/IMG_20230920_152027.jpg 1422w\" width=\"203\" height=\"115\" loading=\"lazy\" data-original-width=\"203\" data-original-height=\"115\" itemprop=\"http:\/\/schema.org\/image\" title=\"IMG_20230920_152027\" alt=\"IMG_20230920_152027\" style=\"width: 203px; height: 115px;\" \/> <\/a> <\/div> <\/div> <!-- close group --> <div class=\"gallery-group images-1\" style=\"width: 59px; height: 119px;\" data-original-width=\"59\" data-original-height=\"119\" > <div class=\"tiled-gallery-item tiled-gallery-item-small\" itemprop=\"associatedMedia\" itemscope itemtype=\"http:\/\/schema.org\/ImageObject\"> <a href=\"https:\/\/www.alqueria.es\/blogs\/alqueriarojaverde\/2023\/09\/20\/el-pensamiento-logico-matematico-en-la-clase-rojita\/img_20230920_185306\/\" border=\"0\" itemprop=\"url\"> <meta itemprop=\"width\" content=\"55\"> <meta itemprop=\"height\" content=\"115\"> <img decoding=\"async\" class=\"\" data-attachment-id=\"41438\" data-orig-file=\"https:\/\/cloud.alqueria.es\/wp-content\/uploads\/sites\/8\/2023\/09\/IMG_20230920_185306.jpg\" data-orig-size=\"1194,2500\" data-comments-opened=\"1\" data-image-meta=\"{&quot;aperture&quot;:&quot;1.89&quot;,&quot;credit&quot;:&quot;&quot;,&quot;camera&quot;:&quot;M2101K6G&quot;,&quot;caption&quot;:&quot;&quot;,&quot;created_timestamp&quot;:&quot;1695223339&quot;,&quot;copyright&quot;:&quot;&quot;,&quot;focal_length&quot;:&quot;5.89&quot;,&quot;iso&quot;:&quot;181&quot;,&quot;shutter_speed&quot;:&quot;0.03030303030303&quot;,&quot;title&quot;:&quot;&quot;,&quot;orientation&quot;:&quot;1&quot;}\" data-image-title=\"IMG_20230920_185306\" data-image-description=\"\" data-medium-file=\"https:\/\/i0.wp.com\/cloud.alqueria.es\/wp-content\/uploads\/sites\/8\/2023\/09\/IMG_20230920_185306.jpg?fit=143%2C300&#038;ssl=1\" data-large-file=\"https:\/\/i0.wp.com\/cloud.alqueria.es\/wp-content\/uploads\/sites\/8\/2023\/09\/IMG_20230920_185306.jpg?fit=474%2C993&#038;ssl=1\" src=\"https:\/\/i0.wp.com\/cloud.alqueria.es\/wp-content\/uploads\/sites\/8\/2023\/09\/IMG_20230920_185306.jpg?w=55&#038;h=115&#038;ssl=1\" srcset=\"https:\/\/cloud.alqueria.es\/wp-content\/uploads\/sites\/8\/2023\/09\/IMG_20230920_185306.jpg 1194w, https:\/\/cloud.alqueria.es\/wp-content\/uploads\/sites\/8\/2023\/09\/IMG_20230920_185306.jpg 143w, https:\/\/cloud.alqueria.es\/wp-content\/uploads\/sites\/8\/2023\/09\/IMG_20230920_185306.jpg 489w, https:\/\/cloud.alqueria.es\/wp-content\/uploads\/sites\/8\/2023\/09\/IMG_20230920_185306.jpg 768w, https:\/\/cloud.alqueria.es\/wp-content\/uploads\/sites\/8\/2023\/09\/IMG_20230920_185306.jpg 734w, https:\/\/cloud.alqueria.es\/wp-content\/uploads\/sites\/8\/2023\/09\/IMG_20230920_185306.jpg 978w\" width=\"55\" height=\"115\" loading=\"lazy\" data-original-width=\"55\" data-original-height=\"115\" itemprop=\"http:\/\/schema.org\/image\" title=\"IMG_20230920_185306\" alt=\"IMG_20230920_185306\" style=\"width: 55px; height: 115px;\" \/> <\/a> <\/div> <\/div> <!-- close group --> <\/div> <!-- close row --> <\/div>\n<p><strong>Una vez finalizado la actividad con las graf\u00edas, la imaginaci\u00f3n ha sido su mejor aliado y han salido verdaderas composiciones:<\/strong><\/p>\n<p class=\"jetpack-slideshow-noscript robots-nocontent\">El pase de diapositivas requiere JavaScript.<\/p><div id=\"gallery-41421-1-slideshow\" class=\"jetpack-slideshow-window jetpack-slideshow jetpack-slideshow-black\" data-trans=\"fade\" data-autostart=\"1\" data-gallery=\"[{&quot;src&quot;:&quot;https:\\\/\\\/i0.wp.com\\\/cloud.alqueria.es\\\/wp-content\\\/uploads\\\/sites\\\/8\\\/2023\\\/09\\\/IMG_20230920_152819.jpg?fit=2500%2C1408\\u0026ssl=1&quot;,&quot;id&quot;:&quot;41454&quot;,&quot;title&quot;:&quot;IMG_20230920_152819&quot;,&quot;alt&quot;:&quot;&quot;,&quot;caption&quot;:&quot;&quot;,&quot;itemprop&quot;:&quot;image&quot;},{&quot;src&quot;:&quot;https:\\\/\\\/i0.wp.com\\\/cloud.alqueria.es\\\/wp-content\\\/uploads\\\/sites\\\/8\\\/2023\\\/09\\\/IMG_20230920_152705.jpg?fit=2500%2C1408\\u0026ssl=1&quot;,&quot;id&quot;:&quot;41453&quot;,&quot;title&quot;:&quot;IMG_20230920_152705&quot;,&quot;alt&quot;:&quot;&quot;,&quot;caption&quot;:&quot;&quot;,&quot;itemprop&quot;:&quot;image&quot;},{&quot;src&quot;:&quot;https:\\\/\\\/i0.wp.com\\\/cloud.alqueria.es\\\/wp-content\\\/uploads\\\/sites\\\/8\\\/2023\\\/09\\\/IMG_20230920_153727.jpg?fit=2500%2C1408\\u0026ssl=1&quot;,&quot;id&quot;:&quot;41446&quot;,&quot;title&quot;:&quot;IMG_20230920_153727&quot;,&quot;alt&quot;:&quot;&quot;,&quot;caption&quot;:&quot;&quot;,&quot;itemprop&quot;:&quot;image&quot;},{&quot;src&quot;:&quot;https:\\\/\\\/i0.wp.com\\\/cloud.alqueria.es\\\/wp-content\\\/uploads\\\/sites\\\/8\\\/2023\\\/09\\\/IMG_20230920_153016.jpg?fit=2500%2C1408\\u0026ssl=1&quot;,&quot;id&quot;:&quot;41442&quot;,&quot;title&quot;:&quot;IMG_20230920_153016&quot;,&quot;alt&quot;:&quot;&quot;,&quot;caption&quot;:&quot;&quot;,&quot;itemprop&quot;:&quot;image&quot;},{&quot;src&quot;:&quot;https:\\\/\\\/i0.wp.com\\\/cloud.alqueria.es\\\/wp-content\\\/uploads\\\/sites\\\/8\\\/2023\\\/09\\\/IMG_20230920_153028.jpg?fit=2500%2C1408\\u0026ssl=1&quot;,&quot;id&quot;:&quot;41441&quot;,&quot;title&quot;:&quot;IMG_20230920_153028&quot;,&quot;alt&quot;:&quot;&quot;,&quot;caption&quot;:&quot;&quot;,&quot;itemprop&quot;:&quot;image&quot;},{&quot;src&quot;:&quot;https:\\\/\\\/i0.wp.com\\\/cloud.alqueria.es\\\/wp-content\\\/uploads\\\/sites\\\/8\\\/2023\\\/09\\\/IMG_20230920_153757.jpg?fit=2500%2C1408\\u0026ssl=1&quot;,&quot;id&quot;:&quot;41437&quot;,&quot;title&quot;:&quot;IMG_20230920_153757&quot;,&quot;alt&quot;:&quot;&quot;,&quot;caption&quot;:&quot;&quot;,&quot;itemprop&quot;:&quot;image&quot;},{&quot;src&quot;:&quot;https:\\\/\\\/i0.wp.com\\\/cloud.alqueria.es\\\/wp-content\\\/uploads\\\/sites\\\/8\\\/2023\\\/09\\\/IMG_20230920_152704.jpg?fit=2500%2C1408\\u0026ssl=1&quot;,&quot;id&quot;:&quot;41440&quot;,&quot;title&quot;:&quot;IMG_20230920_152704&quot;,&quot;alt&quot;:&quot;&quot;,&quot;caption&quot;:&quot;&quot;,&quot;itemprop&quot;:&quot;image&quot;},{&quot;src&quot;:&quot;https:\\\/\\\/i0.wp.com\\\/cloud.alqueria.es\\\/wp-content\\\/uploads\\\/sites\\\/8\\\/2023\\\/09\\\/IMG_20230920_152900.jpg?fit=1408%2C2500\\u0026ssl=1&quot;,&quot;id&quot;:&quot;41436&quot;,&quot;title&quot;:&quot;IMG_20230920_152900&quot;,&quot;alt&quot;:&quot;&quot;,&quot;caption&quot;:&quot;&quot;,&quot;itemprop&quot;:&quot;image&quot;},{&quot;src&quot;:&quot;https:\\\/\\\/i0.wp.com\\\/cloud.alqueria.es\\\/wp-content\\\/uploads\\\/sites\\\/8\\\/2023\\\/09\\\/IMG_20230920_152913.jpg?fit=1408%2C2500\\u0026ssl=1&quot;,&quot;id&quot;:&quot;41435&quot;,&quot;title&quot;:&quot;IMG_20230920_152913&quot;,&quot;alt&quot;:&quot;&quot;,&quot;caption&quot;:&quot;&quot;,&quot;itemprop&quot;:&quot;image&quot;}]\" itemscope itemtype=\"https:\/\/schema.org\/ImageGallery\"><\/div>\n<p style=\"text-align: center\"><strong><em><span style=\"color: #ff00ff\">\u00abLos ni\u00f1os y ni\u00f1as no juegan para aprender, pero aprenden porque juegan\u00bb<\/span><\/em> Jean Piaget.<\/strong><\/p>\n<p><strong>Silvia.<\/strong><\/p>\n","protected":false},"excerpt":{"rendered":"<p>\u00bfPara qu\u00e9 les sirve el pensamiento l\u00f3gico matem\u00e1tico a nuestros peques?\u00a0 El desarrollo del pensamiento l\u00f3gico matem\u00e1tico no solo es la base para la construcci\u00f3n de las nociones matem\u00e1ticas, sino que lo es para el proceso de comprensi\u00f3n de su propio yo, para comprender la relaci\u00f3n con el resto del mundo, con su entorno, el &hellip; <a href=\"https:\/\/www.alqueria.es\/blogs\/alqueriarojaverde\/2023\/09\/20\/el-pensamiento-logico-matematico-en-la-clase-rojita\/\" class=\"more-link\">Seguir leyendo <span class=\"screen-reader-text\">El pensamiento logico-matem\u00e1tico en la clase rojita<\/span> <span class=\"meta-nav\">&rarr;<\/span><\/a><\/p>\n","protected":false},"author":19,"featured_media":0,"comment_status":"open","ping_status":"open","sticky":false,"template":"","format":"standard","meta":{"jetpack_post_was_ever_published":false,"_jetpack_newsletter_access":"","_jetpack_dont_email_post_to_subs":false,"_jetpack_newsletter_tier_id":0,"_jetpack_memberships_contains_paywalled_content":false,"_jetpack_memberships_contains_paid_content":false,"footnotes":"","jetpack_publicize_message":"","jetpack_publicize_feature_enabled":true,"jetpack_social_post_already_shared":true,"jetpack_social_options":{"image_generator_settings":{"template":"highway","default_image_id":0,"font":"","enabled":false},"version":2}},"categories":[6,13],"tags":[1648],"class_list":["post-41421","post","type-post","status-publish","format-standard","hentry","category-clase-roja-4-5-anos","category-inicio","tag-pensamiento-logico-matematico-en-infantil"],"jetpack_publicize_connections":[],"jetpack_featured_media_url":"","jetpack_sharing_enabled":true,"jetpack_shortlink":"https:\/\/wp.me\/p4lFbP-aM5","_links":{"self":[{"href":"https:\/\/www.alqueria.es\/blogs\/alqueriarojaverde\/wp-json\/wp\/v2\/posts\/41421","targetHints":{"allow":["GET"]}}],"collection":[{"href":"https:\/\/www.alqueria.es\/blogs\/alqueriarojaverde\/wp-json\/wp\/v2\/posts"}],"about":[{"href":"https:\/\/www.alqueria.es\/blogs\/alqueriarojaverde\/wp-json\/wp\/v2\/types\/post"}],"author":[{"embeddable":true,"href":"https:\/\/www.alqueria.es\/blogs\/alqueriarojaverde\/wp-json\/wp\/v2\/users\/19"}],"replies":[{"embeddable":true,"href":"https:\/\/www.alqueria.es\/blogs\/alqueriarojaverde\/wp-json\/wp\/v2\/comments?post=41421"}],"version-history":[{"count":2,"href":"https:\/\/www.alqueria.es\/blogs\/alqueriarojaverde\/wp-json\/wp\/v2\/posts\/41421\/revisions"}],"predecessor-version":[{"id":41468,"href":"https:\/\/www.alqueria.es\/blogs\/alqueriarojaverde\/wp-json\/wp\/v2\/posts\/41421\/revisions\/41468"}],"wp:attachment":[{"href":"https:\/\/www.alqueria.es\/blogs\/alqueriarojaverde\/wp-json\/wp\/v2\/media?parent=41421"}],"wp:term":[{"taxonomy":"category","embeddable":true,"href":"https:\/\/www.alqueria.es\/blogs\/alqueriarojaverde\/wp-json\/wp\/v2\/categories?post=41421"},{"taxonomy":"post_tag","embeddable":true,"href":"https:\/\/www.alqueria.es\/blogs\/alqueriarojaverde\/wp-json\/wp\/v2\/tags?post=41421"}],"curies":[{"name":"wp","href":"https:\/\/api.w.org\/{rel}","templated":true}]}}