{"id":4197,"date":"2013-11-30T22:38:36","date_gmt":"2013-11-30T21:38:36","guid":{"rendered":"http:\/\/alqueriarojaverde.wordpress.com\/?p=4197"},"modified":"2014-02-24T11:53:44","modified_gmt":"2014-02-24T11:53:44","slug":"banco-de-alimentos-de-granada","status":"publish","type":"post","link":"https:\/\/www.alqueria.es\/blogs\/alqueriarojaverde\/2013\/11\/30\/banco-de-alimentos-de-granada\/","title":{"rendered":"Banco de alimentos de Granada"},"content":{"rendered":"<p style=\"text-align:justify\">Una propuesta nueva comenzamos a llevar a cabo relacionada con el Banco de alimentos con la ayuda de una familia que colabora\u00a0<span style=\"line-height:1.5\">como voluntaria. En esta ocasi\u00f3n implicamos a toda la\u00a0<\/span>comunidad escolar para despertar el esp\u00edritu solidario, colaboraci\u00f3n voluntaria y redistribuci\u00f3n de alimentos para aquellas personas en riesgo de exclusi\u00f3n social y\/o parte de la sociedad a la que afecta.<\/p>\n<p style=\"text-align:center\"><a href=\"http:\/\/www.bancodealimentos.es\/\"><img data-recalc-dims=\"1\" decoding=\"async\" class=\"size-medium wp-image-1573 aligncenter\" alt=\"banco-alimentos\" src=\"https:\/\/i0.wp.com\/cloud.alqueria.es\/wp-content\/uploads\/sites\/8\/2013\/11\/banco-alimentos.png?resize=300%2C222&#038;ssl=1\" width=\"300\" height=\"222\" \/><\/a><\/p>\n<p style=\"text-align:justify\">Como colegio hemos puesto en marcha una actividad de concienciaci\u00f3n para recoger alimentos no perecederos durante un par de semanas, del 2 al 13 de diciembre, d\u00eda en el que la Organizaci\u00f3n Banco de alimentos de Granada llegar\u00e1 al colegio para desplazar la recogida de esos d\u00edas.<\/p>\n","protected":false},"excerpt":{"rendered":"<p>Una propuesta nueva comenzamos a llevar a cabo relacionada con el Banco de alimentos con la ayuda de una familia que colabora\u00a0como voluntaria. En esta ocasi\u00f3n implicamos a toda la\u00a0comunidad escolar para despertar el esp\u00edritu solidario, colaboraci\u00f3n voluntaria y redistribuci\u00f3n de alimentos para aquellas personas en riesgo de exclusi\u00f3n social y\/o parte de la sociedad &hellip; <a href=\"https:\/\/www.alqueria.es\/blogs\/alqueriarojaverde\/2013\/11\/30\/banco-de-alimentos-de-granada\/\" class=\"more-link\">Seguir leyendo <span class=\"screen-reader-text\">Banco de alimentos de Granada<\/span> <span class=\"meta-nav\">&rarr;<\/span><\/a><\/p>\n","protected":false},"author":3,"featured_media":0,"comment_status":"open","ping_status":"open","sticky":false,"template":"","format":"standard","meta":{"jetpack_post_was_ever_published":false,"_jetpack_newsletter_access":"","_jetpack_dont_email_post_to_subs":false,"_jetpack_newsletter_tier_id":0,"_jetpack_memberships_contains_paywalled_content":false,"_jetpack_memberships_contains_paid_content":false,"footnotes":"","jetpack_publicize_message":"","jetpack_publicize_feature_enabled":true,"jetpack_social_post_already_shared":false,"jetpack_social_options":{"image_generator_settings":{"template":"highway","default_image_id":0,"font":"","enabled":false},"version":2}},"categories":[6,7,15],"tags":[41],"class_list":["post-4197","post","type-post","status-publish","format-standard","hentry","category-clase-roja-4-5-anos","category-clase-verde-5-6-anos","category-noticias","tag-banco-de-alimentos"],"jetpack_publicize_connections":[],"jetpack_featured_media_url":"","jetpack_sharing_enabled":true,"jetpack_shortlink":"https:\/\/wp.me\/p4lFbP-15H","_links":{"self":[{"href":"https:\/\/www.alqueria.es\/blogs\/alqueriarojaverde\/wp-json\/wp\/v2\/posts\/4197","targetHints":{"allow":["GET"]}}],"collection":[{"href":"https:\/\/www.alqueria.es\/blogs\/alqueriarojaverde\/wp-json\/wp\/v2\/posts"}],"about":[{"href":"https:\/\/www.alqueria.es\/blogs\/alqueriarojaverde\/wp-json\/wp\/v2\/types\/post"}],"author":[{"embeddable":true,"href":"https:\/\/www.alqueria.es\/blogs\/alqueriarojaverde\/wp-json\/wp\/v2\/users\/3"}],"replies":[{"embeddable":true,"href":"https:\/\/www.alqueria.es\/blogs\/alqueriarojaverde\/wp-json\/wp\/v2\/comments?post=4197"}],"version-history":[{"count":0,"href":"https:\/\/www.alqueria.es\/blogs\/alqueriarojaverde\/wp-json\/wp\/v2\/posts\/4197\/revisions"}],"wp:attachment":[{"href":"https:\/\/www.alqueria.es\/blogs\/alqueriarojaverde\/wp-json\/wp\/v2\/media?parent=4197"}],"wp:term":[{"taxonomy":"category","embeddable":true,"href":"https:\/\/www.alqueria.es\/blogs\/alqueriarojaverde\/wp-json\/wp\/v2\/categories?post=4197"},{"taxonomy":"post_tag","embeddable":true,"href":"https:\/\/www.alqueria.es\/blogs\/alqueriarojaverde\/wp-json\/wp\/v2\/tags?post=4197"}],"curies":[{"name":"wp","href":"https:\/\/api.w.org\/{rel}","templated":true}]}}